{"id":969,"date":"2017-11-23T22:41:54","date_gmt":"2017-11-23T21:41:54","guid":{"rendered":"http:\/\/www.dorstener-tafel.de\/?p=969"},"modified":"2017-12-06T12:29:10","modified_gmt":"2017-12-06T11:29:10","slug":"weihnachtsaktion-2017froehliche-weihnachtenfuer-alle","status":"publish","type":"post","link":"https:\/\/www.dorstener-tafel.de\/?p=969","title":{"rendered":"Weihnachtsaktion 2017:<br>Fr\u00f6hliche Weihnachten!<br>F\u00fcr alle!"},"content":{"rendered":"<p><a href=\"http:\/\/www.kvg-dorsten.de\/dorstener-tafel\/wordpress\/wp-content\/uploads\/2017\/11\/Kopf-WEIHNACHTSAKTION-2017-7-600.jpg\"><img loading=\"lazy\" decoding=\"async\" class=\"alignnone wp-image-972 size-full\" src=\"http:\/\/www.kvg-dorsten.de\/dorstener-tafel\/wordpress\/wp-content\/uploads\/2017\/11\/Kopf-WEIHNACHTSAKTION-2017-7-600.jpg\" alt=\"\" width=\"1496\" height=\"341\" srcset=\"https:\/\/www.kvg-dorsten.de\/dorstener-tafel\/wordpress\/wp-content\/uploads\/2017\/11\/Kopf-WEIHNACHTSAKTION-2017-7-600.jpg 1496w, https:\/\/www.kvg-dorsten.de\/dorstener-tafel\/wordpress\/wp-content\/uploads\/2017\/11\/Kopf-WEIHNACHTSAKTION-2017-7-600-300x68.jpg 300w, https:\/\/www.kvg-dorsten.de\/dorstener-tafel\/wordpress\/wp-content\/uploads\/2017\/11\/Kopf-WEIHNACHTSAKTION-2017-7-600-768x175.jpg 768w, https:\/\/www.kvg-dorsten.de\/dorstener-tafel\/wordpress\/wp-content\/uploads\/2017\/11\/Kopf-WEIHNACHTSAKTION-2017-7-600-1024x233.jpg 1024w\" sizes=\"auto, (max-width: 1496px) 100vw, 1496px\" \/><\/a><\/p>\n<p><strong>Liebe Mitb\u00fcrgerinnen und Mitb\u00fcrger!<\/strong><\/p>\n<p>Schon am 20. Dezember wird es eine ganz besondere Bescherung geben.<\/p>\n<p>Machen Sie doch bed\u00fcrftigen Familien, Mitb\u00fcrgerinnen und Mitb\u00fcrgern zu Weihnachten eine gro\u00dfe Freude! Packen Sie ein P\u00e4ckchen mit haltbaren Lebensmitteln, also mit allem, was nicht gek\u00fchlt werden muss und nicht rasch verderben kann!<\/p>\n<p>Gut geeignet sind zum Beispiel Konserven, Nudeln, Reis, Dosenfleischprodukte, Kaffee, Tee, Konfit\u00fcre, N\u00fcsse, Pl\u00e4tzchen, S\u00e4fte, S\u00fc\u00dfigkeiten, Suppen &#8230;<\/p>\n<p>Ebenso freuen sich die Menschen \u00fcber Drogerie-Artikel wie Shampoo, Duschgel, Seife, Deodorants, Cremes usw.<\/p>\n<p>Nat\u00fcrlich k\u00f6nnen Sie auch andere kleine\u00a0 Geschenke mit ins Paket legen, zum Beispiel Stofftiere, Bilderb\u00fccher und Spielzeug oder Tannenzweige und Weihnachtsschmuck.<\/p>\n<p><strong>Bitte verzichten Sie auf Alkohol, Tabakwaren, Medikamente und geben Sie keinen Absender an.<\/strong><\/p>\n<p><strong>Denken Sie einfach daran: Zu Weihnachten soll es etwas Besonderes sein!<\/strong><\/p>\n<p>Bitte lassen Sie das P\u00e4ckchen oben offen, damit Lebensmittel (etwa f\u00fcr muslimische Familien) ausgetauscht werden k\u00f6nnen.<\/p>\n<h3>Folgende Sammelstellen nehmen<br \/>\nvom 27.11. bis zum 16.12.2017<br \/>\nIhre Weihnachtsp\u00e4ckchen an:<\/h3>\n<p><strong>Gesamtstadt:<\/strong>Stadtinformation, Recklingh\u00e4user Str. 20, Mo \u2013 Fr\u00a0\u00a0 9.00 Uhr \u2013 18.00 Uhr,\u00a0Sa\u00a0\u00a0 9.00 Uhr \u2013 14.00 Uhr<\/p>\n<p><strong>\u00a0<\/strong><strong>Rhade:<\/strong>Pfarrb\u00fcro St. Urbanus, Urbanusring 19,Mo, Mi und Do\u00a0\u00a0 9.00 Uhr \u2013 11.30 Uhr,\u00a0Fr\u00a0\u00a0 15.00 Uhr \u2013 17.00 Uhr<\/p>\n<p><strong>Rhade:\u00a0<\/strong>Familienzentrum St. Urbanus, Fr\u00f6belweg 4, Mo bis Do\u00a0\u00a0 9.00 Uhr \u2013 16.00 Uhr,\u00a0Fr\u00a0\u00a0 9.00 Uhr \u2013 15.00 Uhr<\/p>\n<p><strong>Lembeck:\u00a0<\/strong>Pfarrb\u00fcro St. Laurentius, Am Pastorat 3,\u00a0Mo, Mi und Fr\u00a0\u00a0 8.00 Uhr \u2013 11.30 Uhr, Di und Mi\u00a0\u00a0 15.00 Uhr \u2013 17.00 Uhr<\/p>\n<p><strong>Holsterhausen:\u00a0<\/strong>Pfarrb\u00fcro St. Bonifatius, Annettestr. 11,\u00a0\u00a0Mo, Mi und Fr\u00a0\u00a0 9.00 Uhr \u2013 11.30 Uhr<\/p>\n<p><strong>Hervest:<\/strong>\u00a0Gemeindeb\u00fcro Paul-Gerhardt-Haus, An der Landwehr 63,\u00a0Mo &#8211; Fr\u00a0\u00a0 9.00 Uhr \u2013 12.00 Uhr,\u00a0Di und Do\u00a0\u00a0 15.00 Uhr \u2013 17.00 Uhr<\/p>\n<p><strong>Wulfen:\u00a0<\/strong>Dorstener Tafel, Dimker Allee 20,\u00a0Di und Fr\u00a0\u00a0 14.00 Uhr \u2013 17.00 Uhr,\u00a0Do\u00a0\u00a0 15:00 Uhr \u2013 17.30 Uhr<\/p>\n<p><strong>Altstadt\/Hardt:\u00a0<\/strong>Pfarrb\u00fcro St. Agatha, An der Vehme 3,\u00a0Mo &#8211; Fr\u00a0\u00a0 10.00 Uhr \u2013 12.00 Uhr,\u00a0Mo\u00a0\u00a0 15.00 Uhr \u2013 16.30 Uhr,\u00a0\u00a0Do\u00a0\u00a0 16.00 Uhr \u2013 18.00 Uhr<\/p>\n<p><strong>Altendorf- Ulfkotte:\u00a0<\/strong>Kardinal-von-Galen-Grundschule, Im P\u00e4sken 14,\u00a0Schulsekretariat,\u00a0Di\u00a0\u00a0 8.00 \u2013 12.00 Uhr, Mi\u00a0\u00a0 8.00 \u2013 10.00 Uhr<\/p>\n<figure id=\"attachment_977\" aria-describedby=\"caption-attachment-977\" style=\"width: 474px\" class=\"wp-caption alignnone\"><a href=\"http:\/\/www.kvg-dorsten.de\/dorstener-tafel\/wordpress\/wp-content\/uploads\/2017\/11\/Kulessa-Dsc00266.jpg\"><img loading=\"lazy\" decoding=\"async\" class=\"wp-image-977 size-large\" src=\"http:\/\/www.kvg-dorsten.de\/dorstener-tafel\/wordpress\/wp-content\/uploads\/2017\/11\/Kulessa-Dsc00266-1024x768.jpg\" alt=\"\" width=\"474\" height=\"356\" srcset=\"https:\/\/www.kvg-dorsten.de\/dorstener-tafel\/wordpress\/wp-content\/uploads\/2017\/11\/Kulessa-Dsc00266-1024x768.jpg 1024w, https:\/\/www.kvg-dorsten.de\/dorstener-tafel\/wordpress\/wp-content\/uploads\/2017\/11\/Kulessa-Dsc00266-300x225.jpg 300w, https:\/\/www.kvg-dorsten.de\/dorstener-tafel\/wordpress\/wp-content\/uploads\/2017\/11\/Kulessa-Dsc00266-768x576.jpg 768w\" sizes=\"auto, (max-width: 474px) 100vw, 474px\" \/><\/a><figcaption id=\"caption-attachment-977\" class=\"wp-caption-text\">Thomas Kulessa, einer unserer ehrenamtlichen Fahrer, der sich schon darauf freut, zus\u00e4tzlich zum &#8218;Alltagsgesch\u00e4ft&#8216; in den n\u00e4chsten Wochen Ihre P\u00e4ckchen von den Sammelstellen abzuholen<\/figcaption><\/figure>\n<p><a href=\"http:\/\/www.kvg-dorsten.de\/dorstener-tafel\/wordpress\/wp-content\/uploads\/2017\/11\/Kopf-WEIHNACHTSAKTION-2017-7-600-Danke.jpg\"><img loading=\"lazy\" decoding=\"async\" class=\"alignnone size-large wp-image-971\" src=\"http:\/\/www.kvg-dorsten.de\/dorstener-tafel\/wordpress\/wp-content\/uploads\/2017\/11\/Kopf-WEIHNACHTSAKTION-2017-7-600-Danke-1024x354.jpg\" alt=\"\" width=\"474\" height=\"164\" srcset=\"https:\/\/www.kvg-dorsten.de\/dorstener-tafel\/wordpress\/wp-content\/uploads\/2017\/11\/Kopf-WEIHNACHTSAKTION-2017-7-600-Danke-1024x354.jpg 1024w, https:\/\/www.kvg-dorsten.de\/dorstener-tafel\/wordpress\/wp-content\/uploads\/2017\/11\/Kopf-WEIHNACHTSAKTION-2017-7-600-Danke-300x104.jpg 300w, https:\/\/www.kvg-dorsten.de\/dorstener-tafel\/wordpress\/wp-content\/uploads\/2017\/11\/Kopf-WEIHNACHTSAKTION-2017-7-600-Danke-768x265.jpg 768w, https:\/\/www.kvg-dorsten.de\/dorstener-tafel\/wordpress\/wp-content\/uploads\/2017\/11\/Kopf-WEIHNACHTSAKTION-2017-7-600-Danke.jpg 1523w\" sizes=\"auto, (max-width: 474px) 100vw, 474px\" \/><\/a><\/p>\n","protected":false},"excerpt":{"rendered":"<p>Liebe Mitb\u00fcrgerinnen und Mitb\u00fcrger! Schon am 20. Dezember wird es eine ganz besondere Bescherung geben. Machen Sie doch bed\u00fcrftigen Familien, [&hellip;]<\/p>\n","protected":false},"author":1,"featured_media":984,"comment_status":"open","ping_status":"closed","sticky":false,"template":"","format":"standard","meta":{"footnotes":""},"categories":[1],"tags":[21,20,19],"class_list":["post-969","post","type-post","status-publish","format-standard","has-post-thumbnail","hentry","category-allgemein","tag-aktion","tag-paeckchen","tag-weihnachten"],"yoast_head":"<!-- This site is optimized with the Yoast SEO plugin v26.8 - https:\/\/yoast.com\/product\/yoast-seo-wordpress\/ -->\n<title>Weihnachtsaktion 2017:Fr\u00f6hliche Weihnachten!F\u00fcr alle! - Home | Tafel Dorsten<\/title>\n<meta name=\"robots\" content=\"index, follow, max-snippet:-1, max-image-preview:large, max-video-preview:-1\" \/>\n<link rel=\"canonical\" href=\"https:\/\/www.dorstener-tafel.de\/?p=969\" \/>\n<meta property=\"og:locale\" content=\"de_DE\" \/>\n<meta property=\"og:type\" content=\"article\" \/>\n<meta property=\"og:title\" content=\"Weihnachtsaktion 2017:Fr\u00f6hliche Weihnachten!F\u00fcr alle! - Home | Tafel Dorsten\" \/>\n<meta property=\"og:description\" content=\"Liebe Mitb\u00fcrgerinnen und Mitb\u00fcrger! Schon am 20. Dezember wird es eine ganz besondere Bescherung geben. Machen Sie doch bed\u00fcrftigen Familien, [&hellip;]\" \/>\n<meta property=\"og:url\" content=\"https:\/\/www.dorstener-tafel.de\/?p=969\" \/>\n<meta property=\"og:site_name\" content=\"Home | Tafel Dorsten\" \/>\n<meta property=\"article:publisher\" content=\"https:\/\/www.facebook.com\/Dorstener-Tafel-eV-710109832448127\/\" \/>\n<meta property=\"article:published_time\" content=\"2017-11-23T21:41:54+00:00\" \/>\n<meta property=\"article:modified_time\" content=\"2017-12-06T11:29:10+00:00\" \/>\n<meta property=\"og:image\" content=\"https:\/\/www.kvg-dorsten.de\/dorstener-tafel\/wordpress\/wp-content\/uploads\/2017\/11\/DorstenerTafelWeihnachtsp\u00e4ckchenAufruf24_11_2017_A-1024x681.jpg\" \/>\n\t<meta property=\"og:image:width\" content=\"1024\" \/>\n\t<meta property=\"og:image:height\" content=\"681\" \/>\n\t<meta property=\"og:image:type\" content=\"image\/jpeg\" \/>\n<meta name=\"author\" content=\"jotw\" \/>\n<meta name=\"twitter:card\" content=\"summary_large_image\" \/>\n<meta name=\"twitter:label1\" content=\"Verfasst von\" \/>\n\t<meta name=\"twitter:data1\" content=\"jotw\" \/>\n\t<meta name=\"twitter:label2\" content=\"Gesch\u00e4tzte Lesezeit\" \/>\n\t<meta name=\"twitter:data2\" content=\"2\u00a0Minuten\" \/>\n<script type=\"application\/ld+json\" class=\"yoast-schema-graph\">{\"@context\":\"https:\/\/schema.org\",\"@graph\":[{\"@type\":\"Article\",\"@id\":\"https:\/\/www.dorstener-tafel.de\/?p=969#article\",\"isPartOf\":{\"@id\":\"https:\/\/www.dorstener-tafel.de\/?p=969\"},\"author\":{\"name\":\"jotw\",\"@id\":\"https:\/\/www.dorstener-tafel.de\/#\/schema\/person\/c9a6797db5c21dbeb0851056380dcb01\"},\"headline\":\"Weihnachtsaktion 2017: Fr\u00f6hliche Weihnachten! F\u00fcr alle!\",\"datePublished\":\"2017-11-23T21:41:54+00:00\",\"dateModified\":\"2017-12-06T11:29:10+00:00\",\"mainEntityOfPage\":{\"@id\":\"https:\/\/www.dorstener-tafel.de\/?p=969\"},\"wordCount\":342,\"commentCount\":0,\"image\":{\"@id\":\"https:\/\/www.dorstener-tafel.de\/?p=969#primaryimage\"},\"thumbnailUrl\":\"https:\/\/www.kvg-dorsten.de\/dorstener-tafel\/wordpress\/wp-content\/uploads\/2017\/11\/DorstenerTafelWeihnachtsp\u00e4ckchenAufruf24_11_2017_A.jpg\",\"keywords\":[\"Aktion\",\"P\u00e4ckchen\",\"Weihnachten\"],\"articleSection\":[\"Aktuelles\"],\"inLanguage\":\"de\",\"potentialAction\":[{\"@type\":\"CommentAction\",\"name\":\"Comment\",\"target\":[\"https:\/\/www.dorstener-tafel.de\/?p=969#respond\"]}]},{\"@type\":\"WebPage\",\"@id\":\"https:\/\/www.dorstener-tafel.de\/?p=969\",\"url\":\"https:\/\/www.dorstener-tafel.de\/?p=969\",\"name\":\"Weihnachtsaktion 2017: Fr\u00f6hliche Weihnachten! F\u00fcr alle! - Home | Tafel Dorsten\",\"isPartOf\":{\"@id\":\"https:\/\/www.dorstener-tafel.de\/#website\"},\"primaryImageOfPage\":{\"@id\":\"https:\/\/www.dorstener-tafel.de\/?p=969#primaryimage\"},\"image\":{\"@id\":\"https:\/\/www.dorstener-tafel.de\/?p=969#primaryimage\"},\"thumbnailUrl\":\"https:\/\/www.kvg-dorsten.de\/dorstener-tafel\/wordpress\/wp-content\/uploads\/2017\/11\/DorstenerTafelWeihnachtsp\u00e4ckchenAufruf24_11_2017_A.jpg\",\"datePublished\":\"2017-11-23T21:41:54+00:00\",\"dateModified\":\"2017-12-06T11:29:10+00:00\",\"author\":{\"@id\":\"https:\/\/www.dorstener-tafel.de\/#\/schema\/person\/c9a6797db5c21dbeb0851056380dcb01\"},\"breadcrumb\":{\"@id\":\"https:\/\/www.dorstener-tafel.de\/?p=969#breadcrumb\"},\"inLanguage\":\"de\",\"potentialAction\":[{\"@type\":\"ReadAction\",\"target\":[\"https:\/\/www.dorstener-tafel.de\/?p=969\"]}]},{\"@type\":\"ImageObject\",\"inLanguage\":\"de\",\"@id\":\"https:\/\/www.dorstener-tafel.de\/?p=969#primaryimage\",\"url\":\"https:\/\/www.kvg-dorsten.de\/dorstener-tafel\/wordpress\/wp-content\/uploads\/2017\/11\/DorstenerTafelWeihnachtsp\u00e4ckchenAufruf24_11_2017_A.jpg\",\"contentUrl\":\"https:\/\/www.kvg-dorsten.de\/dorstener-tafel\/wordpress\/wp-content\/uploads\/2017\/11\/DorstenerTafelWeihnachtsp\u00e4ckchenAufruf24_11_2017_A.jpg\",\"width\":2362,\"height\":1571,\"caption\":\"Foto: Bludau - 24.11.2017 - Dorsten Dorstener Tafel ruft zur Weihnachtsp\u00e4ckchenaktion f\u00fcr Bed\u00fcrftige auf! Damit auch in diesem Jahr wieder bed\u00fcrftige Menschen aus Dorsten ein Weihnachtsp\u00e4ckchen bekommen, ruft die Dorstener Tafel zu ihrer allj\u00e4hrlichen Aktion \u201eFr\u00f6hliche Weihnachten f\u00fcr alle\u201c auf. Schon am 20. Dezember soll es bereits zum zehnten Mal diese besondere Bescherung f\u00fcr bed\u00fcrftige Menschen geben. Aus diesem Grund bitten die Verantwortlichen von der Dorstener Tafel und Dorstens B\u00fcrgermeister Tobias Stockhoff als Schirmherr: \u201eMachen Sie bed\u00fcrftigen Familien, Mitb\u00fcrgerinnen und Mitb\u00fcrgern zu Weihnachten eine besondere Freude! Packen Sie ein P\u00e4ckchen mit haltbaren Lebensmitteln, also mit allem, was nicht gek\u00fchlt werden muss oder rasch verderben kann!\u201c Gut geeignet daf\u00fcr sind zum Beispiel: Konserven, Nudeln, Reis, eingeschwei\u00dfte Fleischprodukte, Kaffee, Tee, Marmeladen, N\u00fcsse, Pl\u00e4tzchen, S\u00fc\u00dfigkeiten, Suppen oder S\u00e4fte. Ebenso freuen sich die Menschen \u00fcber Drogerieartikel wie Shampoo, Seife, Duschgel usw. Nat\u00fcrlich k\u00f6nnen auch andere kleine Geschenke mit ins Paket gelegt werden, zum Beispiel Stofftiere und Spielzeug oder Tannenzweige und Strohsterne. Besonders wichtig dabei ist es den Verantwortlichen, darauf hinzuweisen, dass auf Alkohol, Tabakwaren, Medikamente verzichtet werden soll. Au\u00dferdem wird gebeten, keinen Absender anzugeben und das P\u00e4ckchen oben offen zu lassen. \u201eWir packen die P\u00e4ckchen gegebenenfalls noch mal ein wenig um, damit wir sicherstellen k\u00f6nnen, dass beispielsweise Spielzeug auch nicht an Rentner, sondern an Kinder geht\u201c, erkl\u00e4rt Hedwig Schnatmann. \u201eWir hoffen auch in diesem Jahr wieder auf eine gute Spendenbereitschaft\u201c, sagt Johannes Wulf, der 2. Vorsitzende der Dorstener Tafel. Und weiter: \u201eWeihnachten soll etwas Besonderes sein, auch f\u00fcr die, die nicht so viel haben.\u201c Wer Lust auf ehrenamtliche Arbeit hat, kann sich hier gerne engagieren. \u201e\u00dcber diese Weihnachtsaktion hinaus haben wi\"},{\"@type\":\"BreadcrumbList\",\"@id\":\"https:\/\/www.dorstener-tafel.de\/?p=969#breadcrumb\",\"itemListElement\":[{\"@type\":\"ListItem\",\"position\":1,\"name\":\"Home\",\"item\":\"https:\/\/www.dorstener-tafel.de\/\"},{\"@type\":\"ListItem\",\"position\":2,\"name\":\"Weihnachtsaktion 2017:Fr\u00f6hliche Weihnachten!F\u00fcr alle!\"}]},{\"@type\":\"WebSite\",\"@id\":\"https:\/\/www.dorstener-tafel.de\/#website\",\"url\":\"https:\/\/www.dorstener-tafel.de\/\",\"name\":\"Home | Tafel Dorsten\",\"description\":\"\",\"potentialAction\":[{\"@type\":\"SearchAction\",\"target\":{\"@type\":\"EntryPoint\",\"urlTemplate\":\"https:\/\/www.dorstener-tafel.de\/?s={search_term_string}\"},\"query-input\":{\"@type\":\"PropertyValueSpecification\",\"valueRequired\":true,\"valueName\":\"search_term_string\"}}],\"inLanguage\":\"de\"},{\"@type\":\"Person\",\"@id\":\"https:\/\/www.dorstener-tafel.de\/#\/schema\/person\/c9a6797db5c21dbeb0851056380dcb01\",\"name\":\"jotw\",\"image\":{\"@type\":\"ImageObject\",\"inLanguage\":\"de\",\"@id\":\"https:\/\/www.dorstener-tafel.de\/#\/schema\/person\/image\/\",\"url\":\"https:\/\/secure.gravatar.com\/avatar\/225c6088c3bfecfbb42a2a0d5c9556b6?s=96&d=retro&r=g\",\"contentUrl\":\"https:\/\/secure.gravatar.com\/avatar\/225c6088c3bfecfbb42a2a0d5c9556b6?s=96&d=retro&r=g\",\"caption\":\"jotw\"},\"url\":\"https:\/\/www.dorstener-tafel.de\/?author=1\"}]}<\/script>\n<!-- \/ Yoast SEO plugin. -->","yoast_head_json":{"title":"Weihnachtsaktion 2017:Fr\u00f6hliche Weihnachten!F\u00fcr alle! - Home | Tafel Dorsten","robots":{"index":"index","follow":"follow","max-snippet":"max-snippet:-1","max-image-preview":"max-image-preview:large","max-video-preview":"max-video-preview:-1"},"canonical":"https:\/\/www.dorstener-tafel.de\/?p=969","og_locale":"de_DE","og_type":"article","og_title":"Weihnachtsaktion 2017:Fr\u00f6hliche Weihnachten!F\u00fcr alle! - Home | Tafel Dorsten","og_description":"Liebe Mitb\u00fcrgerinnen und Mitb\u00fcrger! Schon am 20. Dezember wird es eine ganz besondere Bescherung geben. Machen Sie doch bed\u00fcrftigen Familien, [&hellip;]","og_url":"https:\/\/www.dorstener-tafel.de\/?p=969","og_site_name":"Home | Tafel Dorsten","article_publisher":"https:\/\/www.facebook.com\/Dorstener-Tafel-eV-710109832448127\/","article_published_time":"2017-11-23T21:41:54+00:00","article_modified_time":"2017-12-06T11:29:10+00:00","og_image":[{"width":1024,"height":681,"url":"https:\/\/www.kvg-dorsten.de\/dorstener-tafel\/wordpress\/wp-content\/uploads\/2017\/11\/DorstenerTafelWeihnachtsp\u00e4ckchenAufruf24_11_2017_A-1024x681.jpg","type":"image\/jpeg"}],"author":"jotw","twitter_card":"summary_large_image","twitter_misc":{"Verfasst von":"jotw","Gesch\u00e4tzte Lesezeit":"2\u00a0Minuten"},"schema":{"@context":"https:\/\/schema.org","@graph":[{"@type":"Article","@id":"https:\/\/www.dorstener-tafel.de\/?p=969#article","isPartOf":{"@id":"https:\/\/www.dorstener-tafel.de\/?p=969"},"author":{"name":"jotw","@id":"https:\/\/www.dorstener-tafel.de\/#\/schema\/person\/c9a6797db5c21dbeb0851056380dcb01"},"headline":"Weihnachtsaktion 2017: Fr\u00f6hliche Weihnachten! F\u00fcr alle!","datePublished":"2017-11-23T21:41:54+00:00","dateModified":"2017-12-06T11:29:10+00:00","mainEntityOfPage":{"@id":"https:\/\/www.dorstener-tafel.de\/?p=969"},"wordCount":342,"commentCount":0,"image":{"@id":"https:\/\/www.dorstener-tafel.de\/?p=969#primaryimage"},"thumbnailUrl":"https:\/\/www.kvg-dorsten.de\/dorstener-tafel\/wordpress\/wp-content\/uploads\/2017\/11\/DorstenerTafelWeihnachtsp\u00e4ckchenAufruf24_11_2017_A.jpg","keywords":["Aktion","P\u00e4ckchen","Weihnachten"],"articleSection":["Aktuelles"],"inLanguage":"de","potentialAction":[{"@type":"CommentAction","name":"Comment","target":["https:\/\/www.dorstener-tafel.de\/?p=969#respond"]}]},{"@type":"WebPage","@id":"https:\/\/www.dorstener-tafel.de\/?p=969","url":"https:\/\/www.dorstener-tafel.de\/?p=969","name":"Weihnachtsaktion 2017: Fr\u00f6hliche Weihnachten! F\u00fcr alle! - Home | Tafel Dorsten","isPartOf":{"@id":"https:\/\/www.dorstener-tafel.de\/#website"},"primaryImageOfPage":{"@id":"https:\/\/www.dorstener-tafel.de\/?p=969#primaryimage"},"image":{"@id":"https:\/\/www.dorstener-tafel.de\/?p=969#primaryimage"},"thumbnailUrl":"https:\/\/www.kvg-dorsten.de\/dorstener-tafel\/wordpress\/wp-content\/uploads\/2017\/11\/DorstenerTafelWeihnachtsp\u00e4ckchenAufruf24_11_2017_A.jpg","datePublished":"2017-11-23T21:41:54+00:00","dateModified":"2017-12-06T11:29:10+00:00","author":{"@id":"https:\/\/www.dorstener-tafel.de\/#\/schema\/person\/c9a6797db5c21dbeb0851056380dcb01"},"breadcrumb":{"@id":"https:\/\/www.dorstener-tafel.de\/?p=969#breadcrumb"},"inLanguage":"de","potentialAction":[{"@type":"ReadAction","target":["https:\/\/www.dorstener-tafel.de\/?p=969"]}]},{"@type":"ImageObject","inLanguage":"de","@id":"https:\/\/www.dorstener-tafel.de\/?p=969#primaryimage","url":"https:\/\/www.kvg-dorsten.de\/dorstener-tafel\/wordpress\/wp-content\/uploads\/2017\/11\/DorstenerTafelWeihnachtsp\u00e4ckchenAufruf24_11_2017_A.jpg","contentUrl":"https:\/\/www.kvg-dorsten.de\/dorstener-tafel\/wordpress\/wp-content\/uploads\/2017\/11\/DorstenerTafelWeihnachtsp\u00e4ckchenAufruf24_11_2017_A.jpg","width":2362,"height":1571,"caption":"Foto: Bludau - 24.11.2017 - Dorsten Dorstener Tafel ruft zur Weihnachtsp\u00e4ckchenaktion f\u00fcr Bed\u00fcrftige auf! Damit auch in diesem Jahr wieder bed\u00fcrftige Menschen aus Dorsten ein Weihnachtsp\u00e4ckchen bekommen, ruft die Dorstener Tafel zu ihrer allj\u00e4hrlichen Aktion \u201eFr\u00f6hliche Weihnachten f\u00fcr alle\u201c auf. Schon am 20. Dezember soll es bereits zum zehnten Mal diese besondere Bescherung f\u00fcr bed\u00fcrftige Menschen geben. Aus diesem Grund bitten die Verantwortlichen von der Dorstener Tafel und Dorstens B\u00fcrgermeister Tobias Stockhoff als Schirmherr: \u201eMachen Sie bed\u00fcrftigen Familien, Mitb\u00fcrgerinnen und Mitb\u00fcrgern zu Weihnachten eine besondere Freude! Packen Sie ein P\u00e4ckchen mit haltbaren Lebensmitteln, also mit allem, was nicht gek\u00fchlt werden muss oder rasch verderben kann!\u201c Gut geeignet daf\u00fcr sind zum Beispiel: Konserven, Nudeln, Reis, eingeschwei\u00dfte Fleischprodukte, Kaffee, Tee, Marmeladen, N\u00fcsse, Pl\u00e4tzchen, S\u00fc\u00dfigkeiten, Suppen oder S\u00e4fte. Ebenso freuen sich die Menschen \u00fcber Drogerieartikel wie Shampoo, Seife, Duschgel usw. Nat\u00fcrlich k\u00f6nnen auch andere kleine Geschenke mit ins Paket gelegt werden, zum Beispiel Stofftiere und Spielzeug oder Tannenzweige und Strohsterne. Besonders wichtig dabei ist es den Verantwortlichen, darauf hinzuweisen, dass auf Alkohol, Tabakwaren, Medikamente verzichtet werden soll. Au\u00dferdem wird gebeten, keinen Absender anzugeben und das P\u00e4ckchen oben offen zu lassen. \u201eWir packen die P\u00e4ckchen gegebenenfalls noch mal ein wenig um, damit wir sicherstellen k\u00f6nnen, dass beispielsweise Spielzeug auch nicht an Rentner, sondern an Kinder geht\u201c, erkl\u00e4rt Hedwig Schnatmann. \u201eWir hoffen auch in diesem Jahr wieder auf eine gute Spendenbereitschaft\u201c, sagt Johannes Wulf, der 2. Vorsitzende der Dorstener Tafel. Und weiter: \u201eWeihnachten soll etwas Besonderes sein, auch f\u00fcr die, die nicht so viel haben.\u201c Wer Lust auf ehrenamtliche Arbeit hat, kann sich hier gerne engagieren. \u201e\u00dcber diese Weihnachtsaktion hinaus haben wi"},{"@type":"BreadcrumbList","@id":"https:\/\/www.dorstener-tafel.de\/?p=969#breadcrumb","itemListElement":[{"@type":"ListItem","position":1,"name":"Home","item":"https:\/\/www.dorstener-tafel.de\/"},{"@type":"ListItem","position":2,"name":"Weihnachtsaktion 2017:Fr\u00f6hliche Weihnachten!F\u00fcr alle!"}]},{"@type":"WebSite","@id":"https:\/\/www.dorstener-tafel.de\/#website","url":"https:\/\/www.dorstener-tafel.de\/","name":"Home | Tafel Dorsten","description":"","potentialAction":[{"@type":"SearchAction","target":{"@type":"EntryPoint","urlTemplate":"https:\/\/www.dorstener-tafel.de\/?s={search_term_string}"},"query-input":{"@type":"PropertyValueSpecification","valueRequired":true,"valueName":"search_term_string"}}],"inLanguage":"de"},{"@type":"Person","@id":"https:\/\/www.dorstener-tafel.de\/#\/schema\/person\/c9a6797db5c21dbeb0851056380dcb01","name":"jotw","image":{"@type":"ImageObject","inLanguage":"de","@id":"https:\/\/www.dorstener-tafel.de\/#\/schema\/person\/image\/","url":"https:\/\/secure.gravatar.com\/avatar\/225c6088c3bfecfbb42a2a0d5c9556b6?s=96&d=retro&r=g","contentUrl":"https:\/\/secure.gravatar.com\/avatar\/225c6088c3bfecfbb42a2a0d5c9556b6?s=96&d=retro&r=g","caption":"jotw"},"url":"https:\/\/www.dorstener-tafel.de\/?author=1"}]}},"_links":{"self":[{"href":"https:\/\/www.dorstener-tafel.de\/index.php?rest_route=\/wp\/v2\/posts\/969","targetHints":{"allow":["GET"]}}],"collection":[{"href":"https:\/\/www.dorstener-tafel.de\/index.php?rest_route=\/wp\/v2\/posts"}],"about":[{"href":"https:\/\/www.dorstener-tafel.de\/index.php?rest_route=\/wp\/v2\/types\/post"}],"author":[{"embeddable":true,"href":"https:\/\/www.dorstener-tafel.de\/index.php?rest_route=\/wp\/v2\/users\/1"}],"replies":[{"embeddable":true,"href":"https:\/\/www.dorstener-tafel.de\/index.php?rest_route=%2Fwp%2Fv2%2Fcomments&post=969"}],"version-history":[{"count":6,"href":"https:\/\/www.dorstener-tafel.de\/index.php?rest_route=\/wp\/v2\/posts\/969\/revisions"}],"predecessor-version":[{"id":979,"href":"https:\/\/www.dorstener-tafel.de\/index.php?rest_route=\/wp\/v2\/posts\/969\/revisions\/979"}],"wp:featuredmedia":[{"embeddable":true,"href":"https:\/\/www.dorstener-tafel.de\/index.php?rest_route=\/wp\/v2\/media\/984"}],"wp:attachment":[{"href":"https:\/\/www.dorstener-tafel.de\/index.php?rest_route=%2Fwp%2Fv2%2Fmedia&parent=969"}],"wp:term":[{"taxonomy":"category","embeddable":true,"href":"https:\/\/www.dorstener-tafel.de\/index.php?rest_route=%2Fwp%2Fv2%2Fcategories&post=969"},{"taxonomy":"post_tag","embeddable":true,"href":"https:\/\/www.dorstener-tafel.de\/index.php?rest_route=%2Fwp%2Fv2%2Ftags&post=969"}],"curies":[{"name":"wp","href":"https:\/\/api.w.org\/{rel}","templated":true}]}}