{"id":945,"date":"2017-07-13T00:14:34","date_gmt":"2017-07-12T22:14:34","guid":{"rendered":"http:\/\/www.dorstener-tafel.de\/?p=945"},"modified":"2017-07-13T00:27:08","modified_gmt":"2017-07-12T22:27:08","slug":"neues-von-der-tafel-im-juli-2017","status":"publish","type":"post","link":"https:\/\/www.dorstener-tafel.de\/?p=945","title":{"rendered":"Neues von der TAFEL im Juli 2017"},"content":{"rendered":"<ul>\n<li>Neues Halbjahr &#8211; neue Regelungen<\/li>\n<li>Jahreshauptversammlung<\/li>\n<li>Wichtig f\u00fcr uns: Bundestafeltreffen 2017<\/li>\n<\/ul>\n<p>Liebe TAFEL-Freunde und TAFEL-Kunden, liebe Leser\/innen,<\/p>\n<p>ein neues Halbjahr hat begonnen; das hei\u00dft f\u00fcr uns, neue <strong>Kundenausweise<\/strong> auszugeben, die bis Ende Dezember 2017 zum Einkauf berechtigen.<br \/>\nEtwas versp\u00e4tet, n\u00e4mlich erst heute, haben wir damit begonnen und konnten gleich ca. 140 Ausweise verl\u00e4ngern bzw. neu ausgeben. Die Kundenverwaltungssoftware, die ein Freund der TAFEL, genau auf unsere gewohnten Betriebsabl\u00e4ufe zugeschnitten, programmiert hat, macht das erst m\u00f6glich.<br \/>\nKunden k\u00f6nnen sich nat\u00fcrlich wie immer auch zu den Verkaufszeiten der TAFEL (dienstags und freitags von 15:00 Uhr bis 17:30 Uhr) anmelden bzw. den Ausweis verl\u00e4ngern lassen; sie erhalten den neuen Ausweis dann bei ihrem n\u00e4chsten Einkauf.<br \/>\nUnsere herzliche Bitte, besonders gerichtet an unsere &#8218;Alt-Kunden&#8216;, aber auch an Integrationshelfer und Fl\u00fcchtlingsbetreuer: Bitte legen Sie unbedingt einen g\u00fcltigen blauen bzw. gelben DORSTEN-PASS f\u00fcr sich und Ihre Angeh\u00f6rigen vor; er ist Grundlage f\u00fcr einen Kundenausweis! Das erspart uns Zeit und Ihnen lange Wege.<br \/>\n<strong>Eine erfreuliche \u00c4nderung: Bis auf Weiteres k\u00f6nnen Sie wieder w\u00f6chentlich bei uns einkaufen!<br \/>\n<\/strong>Aktuell erhalten wir sehr viele Waren, die wir nat\u00fcrlich auch gerne weitergeben wollen, und deutlich weniger Kunden kommen regelm\u00e4\u00dfig. Falls sich die Situation im Laufe des Halbjahres &#8218;versch\u00e4rft&#8216;, werden wir Neukunden wieder auf den 14-Tage-Rhythmus setzen m\u00fcssen. Mehr als etwa 75 Kunden schaffen unsere Verk\u00e4uferinnen an einem Nachmittag eben nicht (Hintergrund: Jeder Kunde wird einzeln durch den Laden gef\u00fchrt und bei der Auswahl der Waren &#8211; wenn n\u00f6tig &#8211; beraten. Wir haben &#8211; auch aus Platzgr\u00fcnden &#8211; keine Theke. Hygienebestimmungen verbieten Selbstbedienung.)<\/p>\n<p>Bei der <strong>Jahreshauptversammlung am Freitag, 23. Juni 2017<\/strong> im Caf\u00e9 Pott wurden die Kassenwartin und der Vorstand einstimmig (bei Enthaltung der jeweils Betroffenen) entlastet.<br \/>\nDer komplette Vorstand wird einstimmig (bei Enthaltung der Vorstandsmitglieder) wiedergew\u00e4hlt.<\/p>\n<p>Vorsitzender Herbert Rentmeister<br \/>\n1. stellv. Vorsitzende Hedwig Schnatmann<br \/>\n2. stellv. Vorsitzender Johannes Wulf<br \/>\nKassenwartin Ursula Riedel<br \/>\nstellv. Kassenwartin Veronika Plemper<br \/>\nSchriftf\u00fchrer Hugo Bechter<br \/>\nBeisitzer:<br \/>\n&#8211; \u00a0 Anne Monheim<br \/>\n&#8211; \u00a0 Marlies Terbeck<br \/>\n&#8211; \u00a0 Heidi Lohrke<br \/>\nKassenpr\u00fcfer<br \/>\n&#8211; Ingrid Winkel<br \/>\n&#8211; Werner G\u00fcnther<\/p>\n<p>Der <strong>Kassenbericht<\/strong> musste einen deutlichen R\u00fcckgang an Spenden verzeichnen. Ein wesentlicher Grund: Stiftungen, die uns regelm\u00e4\u00dfig gro\u00dfz\u00fcgig bedenken, fehlen aktuell die notwendigen Zinsertr\u00e4ge. Hoffen wir mal, dass bald wieder gro\u00dfe Steuerstrafverfahren zu einem rechtskr\u00e4ftigen Urteil kommen; davon hat unsere TAFEL in den vergangenen Jahren kr\u00e4ftig profitiert.<br \/>\n<strong>Und wenn hier ein Richter mitliest: Auch kleinere Geldbu\u00dfen sind herzlich willkommen!\u00a0<\/strong><br \/>\nDer Spendenr\u00fcckgang gef\u00e4hrdet aber weder den laufenden Betrieb noch unsere geplanten Investitionen f\u00fcr das kommende Gesch\u00e4ftsjahr: wir haben ein solides Polster. Wichtigstes Vorhaben: ein gro\u00dfz\u00fcgiges Vordach vorm Laden, das den Kunden und &#8211; ganz wichtig &#8211; den anliefernden Fahrern endlich einen Wetterschutz bietet.<\/p>\n<p><strong>Ganz gro\u00dfer Dank gilt &#8211; wie seit Jahren &#8211; den Pfadfindern von St. Barbara in Barkenberg, die die Mitarbeiter der Tafel im Anschluss an die Jahreshauptversammlung beim Dankesch\u00f6n-Essen so herrlich begrillt und bewirtet haben!<\/strong><\/p>\n<p><a href=\"http:\/\/www.kvg-dorsten.de\/dorstener-tafel\/wordpress\/wp-content\/uploads\/2017\/07\/2017-07-12-tafel-news2.jpg\"><img loading=\"lazy\" decoding=\"async\" class=\"alignnone size-large wp-image-946\" src=\"http:\/\/www.kvg-dorsten.de\/dorstener-tafel\/wordpress\/wp-content\/uploads\/2017\/07\/2017-07-12-tafel-news2-1024x521.jpg\" alt=\"\" width=\"474\" height=\"241\" srcset=\"https:\/\/www.kvg-dorsten.de\/dorstener-tafel\/wordpress\/wp-content\/uploads\/2017\/07\/2017-07-12-tafel-news2-1024x521.jpg 1024w, https:\/\/www.kvg-dorsten.de\/dorstener-tafel\/wordpress\/wp-content\/uploads\/2017\/07\/2017-07-12-tafel-news2-300x153.jpg 300w, https:\/\/www.kvg-dorsten.de\/dorstener-tafel\/wordpress\/wp-content\/uploads\/2017\/07\/2017-07-12-tafel-news2-768x391.jpg 768w, https:\/\/www.kvg-dorsten.de\/dorstener-tafel\/wordpress\/wp-content\/uploads\/2017\/07\/2017-07-12-tafel-news2-1038x529.jpg 1038w, https:\/\/www.kvg-dorsten.de\/dorstener-tafel\/wordpress\/wp-content\/uploads\/2017\/07\/2017-07-12-tafel-news2.jpg 1040w\" sizes=\"auto, (max-width: 474px) 100vw, 474px\" \/><\/a><\/p>\n<p>Die aktuell <strong>mehr als 900 deutschen TAFELn<\/strong> sind in Landesverb\u00e4nden und im Bundesverband Deutsche Tafel e.V. organisiert. Bei der diesj\u00e4hrigen <strong>Bundesversammlung in Potsdam<\/strong> stand die Diskussion um einen einheitlichen &#8218;Markenauftritt&#8216; im Vordergrund. Ein Grund f\u00fcr eine gemeinsame &#8218;Marke&#8216; TAFEL ist, zum Beispiel zu verhindern, dass gewerbliche Anbieter unseren &#8218;guten Namen&#8216; TAFEL f\u00fcr ihre kommerziellen Zwecke missbrauchen. Juristen hielten es f\u00fcr unabdingbar, dass dazu alle TAFELn einen einheitlichen Namen und ein einheitliches Logo haben.<br \/>\nAus der DORSTENER TAFEL e.V. h\u00e4tte dann TAFEL DORSTEN e.V. werden sollen. Zum Gl\u00fcck konnte &#8211; nach heftigem Widerspruch und mit Zustimmung der Juristen &#8211; ein kluger Kompromiss gefunden werden: Bundesverband und Landesverb\u00e4nde benennen sich um; die \u00f6rtlichen Tafeln m\u00fcssen dies vorerst nicht! F\u00fcr uns in Dorsten bedeutet dies eine wichtige Ersparnis: \u00c4nderungen im Vereinsregister, neue Aufkleber auf den Fahrzeugen, neue Werbemittel &#8230; h\u00e4tten enorm viel Geld &#8218;verbraten&#8216;; unser Geld, also Ihr Spendengeld, k\u00f6nnen wir deutlich besser und sinnvoller einsetzen als f\u00fcr juristische Feinheiten. Was sich Zug um Zug in unserem Auftritt nach au\u00dfen ver\u00e4ndern wird: Aus &#8222;DIE TAFELN &#8211; Essen, wo es hingeh\u00f6rt&#8220; wird &#8222;DORSTENER TAFEL &#8211; Lebensmittel retten. Menschen helfen.&#8220; oder &#8222;TAFEL DORSTEN &#8211; Lebensmittel retten. Menschen helfen.&#8220;<br \/>\nAuch wenn die DORSTENER TAFEL noch einen Mittagstisch (in der Altstadt) betreibt, in dem zubereitetes Essen angeboten wird, so macht der neue Slogan doch deutlich, dass die Rettung von noch guten, unverdorbenen Lebensmitteln vor der Vernichtung ein wichtiger Bestandteil des TAFEL-Gedankens ist.<\/p>\n<p><strong>Achja, dann war da noch &#8230;&#8230; der eifrige TAFEL-Fahrer<\/strong> (nat\u00fcrlich nicht aus Dorsten &#8230;), der bei der Warenabholung in einem Supermarkt versehentlich eine Menge Kisten gerade frisch gelieferter Waren einpackte. Als der Irrtum auffiel, war es zu sp\u00e4t f\u00fcr eine R\u00fcckabwicklung: fast alles war schon zum TAFEL-Preis (um die 10% des urspr\u00fcnglichen Verkaufspre\u00edses) an die gl\u00fccklichen TAFEL-Kunden gegangen. Dem Vernehmen nach einigten sich Supermarkt und \u00f6rtliche TAFEL auf &#8218;fifty-fifty&#8216; bei der Schadensbegrenzung &#8230;<\/p>\n<p><strong>Nicht lustig, sondern ganz sch\u00f6n ernst: Wir brauchen immer noch dringend Fahrer und Beifahrer ohne gro\u00dfe R\u00fcckenprobleme f\u00fcr den Lebensmitteltransport und ein Team, das n\u00e4hen, waschen und verkaufen kann, f\u00fcr den Freitagsbetrieb im Kinderladen!\u00a0<\/strong><\/p>\n","protected":false},"excerpt":{"rendered":"<p>Neues Halbjahr &#8211; neue Regelungen Jahreshauptversammlung Wichtig f\u00fcr uns: Bundestafeltreffen 2017 Liebe TAFEL-Freunde und TAFEL-Kunden, liebe Leser\/innen, ein neues Halbjahr [&hellip;]<\/p>\n","protected":false},"author":1,"featured_media":947,"comment_status":"open","ping_status":"closed","sticky":false,"template":"","format":"standard","meta":{"footnotes":""},"categories":[1],"tags":[],"class_list":["post-945","post","type-post","status-publish","format-standard","has-post-thumbnail","hentry","category-allgemein"],"yoast_head":"<!-- This site is optimized with the Yoast SEO plugin v26.8 - https:\/\/yoast.com\/product\/yoast-seo-wordpress\/ -->\n<title>Neues von der TAFEL im Juli 2017 - Home | Tafel Dorsten<\/title>\n<meta name=\"robots\" content=\"index, follow, max-snippet:-1, max-image-preview:large, max-video-preview:-1\" \/>\n<link rel=\"canonical\" href=\"https:\/\/www.dorstener-tafel.de\/?p=945\" \/>\n<meta property=\"og:locale\" content=\"de_DE\" \/>\n<meta property=\"og:type\" content=\"article\" \/>\n<meta property=\"og:title\" content=\"Neues von der TAFEL im Juli 2017 - Home | Tafel Dorsten\" \/>\n<meta property=\"og:description\" content=\"Neues Halbjahr &#8211; neue Regelungen Jahreshauptversammlung Wichtig f\u00fcr uns: Bundestafeltreffen 2017 Liebe TAFEL-Freunde und TAFEL-Kunden, liebe Leser\/innen, ein neues Halbjahr [&hellip;]\" \/>\n<meta property=\"og:url\" content=\"https:\/\/www.dorstener-tafel.de\/?p=945\" \/>\n<meta property=\"og:site_name\" content=\"Home | Tafel Dorsten\" \/>\n<meta property=\"article:publisher\" content=\"https:\/\/www.facebook.com\/Dorstener-Tafel-eV-710109832448127\/\" \/>\n<meta property=\"article:published_time\" content=\"2017-07-12T22:14:34+00:00\" \/>\n<meta property=\"article:modified_time\" content=\"2017-07-12T22:27:08+00:00\" \/>\n<meta property=\"og:image\" content=\"https:\/\/www.kvg-dorsten.de\/dorstener-tafel\/wordpress\/wp-content\/uploads\/2017\/07\/2017-07-12-tafel-news.jpg\" \/>\n\t<meta property=\"og:image:width\" content=\"1600\" \/>\n\t<meta property=\"og:image:height\" content=\"1071\" \/>\n\t<meta property=\"og:image:type\" content=\"image\/jpeg\" \/>\n<meta name=\"author\" content=\"jotw\" \/>\n<meta name=\"twitter:card\" content=\"summary_large_image\" \/>\n<meta name=\"twitter:label1\" content=\"Verfasst von\" \/>\n\t<meta name=\"twitter:data1\" content=\"jotw\" \/>\n\t<meta name=\"twitter:label2\" content=\"Gesch\u00e4tzte Lesezeit\" \/>\n\t<meta name=\"twitter:data2\" content=\"4\u00a0Minuten\" \/>\n<script type=\"application\/ld+json\" class=\"yoast-schema-graph\">{\"@context\":\"https:\/\/schema.org\",\"@graph\":[{\"@type\":\"Article\",\"@id\":\"https:\/\/www.dorstener-tafel.de\/?p=945#article\",\"isPartOf\":{\"@id\":\"https:\/\/www.dorstener-tafel.de\/?p=945\"},\"author\":{\"name\":\"jotw\",\"@id\":\"https:\/\/www.dorstener-tafel.de\/#\/schema\/person\/c9a6797db5c21dbeb0851056380dcb01\"},\"headline\":\"Neues von der TAFEL im Juli 2017\",\"datePublished\":\"2017-07-12T22:14:34+00:00\",\"dateModified\":\"2017-07-12T22:27:08+00:00\",\"mainEntityOfPage\":{\"@id\":\"https:\/\/www.dorstener-tafel.de\/?p=945\"},\"wordCount\":873,\"commentCount\":0,\"image\":{\"@id\":\"https:\/\/www.dorstener-tafel.de\/?p=945#primaryimage\"},\"thumbnailUrl\":\"https:\/\/www.kvg-dorsten.de\/dorstener-tafel\/wordpress\/wp-content\/uploads\/2017\/07\/2017-07-12-tafel-news.jpg\",\"articleSection\":[\"Aktuelles\"],\"inLanguage\":\"de\",\"potentialAction\":[{\"@type\":\"CommentAction\",\"name\":\"Comment\",\"target\":[\"https:\/\/www.dorstener-tafel.de\/?p=945#respond\"]}]},{\"@type\":\"WebPage\",\"@id\":\"https:\/\/www.dorstener-tafel.de\/?p=945\",\"url\":\"https:\/\/www.dorstener-tafel.de\/?p=945\",\"name\":\"Neues von der TAFEL im Juli 2017 - Home | Tafel Dorsten\",\"isPartOf\":{\"@id\":\"https:\/\/www.dorstener-tafel.de\/#website\"},\"primaryImageOfPage\":{\"@id\":\"https:\/\/www.dorstener-tafel.de\/?p=945#primaryimage\"},\"image\":{\"@id\":\"https:\/\/www.dorstener-tafel.de\/?p=945#primaryimage\"},\"thumbnailUrl\":\"https:\/\/www.kvg-dorsten.de\/dorstener-tafel\/wordpress\/wp-content\/uploads\/2017\/07\/2017-07-12-tafel-news.jpg\",\"datePublished\":\"2017-07-12T22:14:34+00:00\",\"dateModified\":\"2017-07-12T22:27:08+00:00\",\"author\":{\"@id\":\"https:\/\/www.dorstener-tafel.de\/#\/schema\/person\/c9a6797db5c21dbeb0851056380dcb01\"},\"breadcrumb\":{\"@id\":\"https:\/\/www.dorstener-tafel.de\/?p=945#breadcrumb\"},\"inLanguage\":\"de\",\"potentialAction\":[{\"@type\":\"ReadAction\",\"target\":[\"https:\/\/www.dorstener-tafel.de\/?p=945\"]}]},{\"@type\":\"ImageObject\",\"inLanguage\":\"de\",\"@id\":\"https:\/\/www.dorstener-tafel.de\/?p=945#primaryimage\",\"url\":\"https:\/\/www.kvg-dorsten.de\/dorstener-tafel\/wordpress\/wp-content\/uploads\/2017\/07\/2017-07-12-tafel-news.jpg\",\"contentUrl\":\"https:\/\/www.kvg-dorsten.de\/dorstener-tafel\/wordpress\/wp-content\/uploads\/2017\/07\/2017-07-12-tafel-news.jpg\",\"width\":1600,\"height\":1071,\"caption\":\"SONY DSC\"},{\"@type\":\"BreadcrumbList\",\"@id\":\"https:\/\/www.dorstener-tafel.de\/?p=945#breadcrumb\",\"itemListElement\":[{\"@type\":\"ListItem\",\"position\":1,\"name\":\"Home\",\"item\":\"https:\/\/www.dorstener-tafel.de\/\"},{\"@type\":\"ListItem\",\"position\":2,\"name\":\"Neues von der TAFEL im Juli 2017\"}]},{\"@type\":\"WebSite\",\"@id\":\"https:\/\/www.dorstener-tafel.de\/#website\",\"url\":\"https:\/\/www.dorstener-tafel.de\/\",\"name\":\"Home | Tafel Dorsten\",\"description\":\"\",\"potentialAction\":[{\"@type\":\"SearchAction\",\"target\":{\"@type\":\"EntryPoint\",\"urlTemplate\":\"https:\/\/www.dorstener-tafel.de\/?s={search_term_string}\"},\"query-input\":{\"@type\":\"PropertyValueSpecification\",\"valueRequired\":true,\"valueName\":\"search_term_string\"}}],\"inLanguage\":\"de\"},{\"@type\":\"Person\",\"@id\":\"https:\/\/www.dorstener-tafel.de\/#\/schema\/person\/c9a6797db5c21dbeb0851056380dcb01\",\"name\":\"jotw\",\"image\":{\"@type\":\"ImageObject\",\"inLanguage\":\"de\",\"@id\":\"https:\/\/www.dorstener-tafel.de\/#\/schema\/person\/image\/\",\"url\":\"https:\/\/secure.gravatar.com\/avatar\/225c6088c3bfecfbb42a2a0d5c9556b6?s=96&d=retro&r=g\",\"contentUrl\":\"https:\/\/secure.gravatar.com\/avatar\/225c6088c3bfecfbb42a2a0d5c9556b6?s=96&d=retro&r=g\",\"caption\":\"jotw\"},\"url\":\"https:\/\/www.dorstener-tafel.de\/?author=1\"}]}<\/script>\n<!-- \/ Yoast SEO plugin. -->","yoast_head_json":{"title":"Neues von der TAFEL im Juli 2017 - Home | Tafel Dorsten","robots":{"index":"index","follow":"follow","max-snippet":"max-snippet:-1","max-image-preview":"max-image-preview:large","max-video-preview":"max-video-preview:-1"},"canonical":"https:\/\/www.dorstener-tafel.de\/?p=945","og_locale":"de_DE","og_type":"article","og_title":"Neues von der TAFEL im Juli 2017 - Home | Tafel Dorsten","og_description":"Neues Halbjahr &#8211; neue Regelungen Jahreshauptversammlung Wichtig f\u00fcr uns: Bundestafeltreffen 2017 Liebe TAFEL-Freunde und TAFEL-Kunden, liebe Leser\/innen, ein neues Halbjahr [&hellip;]","og_url":"https:\/\/www.dorstener-tafel.de\/?p=945","og_site_name":"Home | Tafel Dorsten","article_publisher":"https:\/\/www.facebook.com\/Dorstener-Tafel-eV-710109832448127\/","article_published_time":"2017-07-12T22:14:34+00:00","article_modified_time":"2017-07-12T22:27:08+00:00","og_image":[{"width":1600,"height":1071,"url":"https:\/\/www.kvg-dorsten.de\/dorstener-tafel\/wordpress\/wp-content\/uploads\/2017\/07\/2017-07-12-tafel-news.jpg","type":"image\/jpeg"}],"author":"jotw","twitter_card":"summary_large_image","twitter_misc":{"Verfasst von":"jotw","Gesch\u00e4tzte Lesezeit":"4\u00a0Minuten"},"schema":{"@context":"https:\/\/schema.org","@graph":[{"@type":"Article","@id":"https:\/\/www.dorstener-tafel.de\/?p=945#article","isPartOf":{"@id":"https:\/\/www.dorstener-tafel.de\/?p=945"},"author":{"name":"jotw","@id":"https:\/\/www.dorstener-tafel.de\/#\/schema\/person\/c9a6797db5c21dbeb0851056380dcb01"},"headline":"Neues von der TAFEL im Juli 2017","datePublished":"2017-07-12T22:14:34+00:00","dateModified":"2017-07-12T22:27:08+00:00","mainEntityOfPage":{"@id":"https:\/\/www.dorstener-tafel.de\/?p=945"},"wordCount":873,"commentCount":0,"image":{"@id":"https:\/\/www.dorstener-tafel.de\/?p=945#primaryimage"},"thumbnailUrl":"https:\/\/www.kvg-dorsten.de\/dorstener-tafel\/wordpress\/wp-content\/uploads\/2017\/07\/2017-07-12-tafel-news.jpg","articleSection":["Aktuelles"],"inLanguage":"de","potentialAction":[{"@type":"CommentAction","name":"Comment","target":["https:\/\/www.dorstener-tafel.de\/?p=945#respond"]}]},{"@type":"WebPage","@id":"https:\/\/www.dorstener-tafel.de\/?p=945","url":"https:\/\/www.dorstener-tafel.de\/?p=945","name":"Neues von der TAFEL im Juli 2017 - Home | Tafel Dorsten","isPartOf":{"@id":"https:\/\/www.dorstener-tafel.de\/#website"},"primaryImageOfPage":{"@id":"https:\/\/www.dorstener-tafel.de\/?p=945#primaryimage"},"image":{"@id":"https:\/\/www.dorstener-tafel.de\/?p=945#primaryimage"},"thumbnailUrl":"https:\/\/www.kvg-dorsten.de\/dorstener-tafel\/wordpress\/wp-content\/uploads\/2017\/07\/2017-07-12-tafel-news.jpg","datePublished":"2017-07-12T22:14:34+00:00","dateModified":"2017-07-12T22:27:08+00:00","author":{"@id":"https:\/\/www.dorstener-tafel.de\/#\/schema\/person\/c9a6797db5c21dbeb0851056380dcb01"},"breadcrumb":{"@id":"https:\/\/www.dorstener-tafel.de\/?p=945#breadcrumb"},"inLanguage":"de","potentialAction":[{"@type":"ReadAction","target":["https:\/\/www.dorstener-tafel.de\/?p=945"]}]},{"@type":"ImageObject","inLanguage":"de","@id":"https:\/\/www.dorstener-tafel.de\/?p=945#primaryimage","url":"https:\/\/www.kvg-dorsten.de\/dorstener-tafel\/wordpress\/wp-content\/uploads\/2017\/07\/2017-07-12-tafel-news.jpg","contentUrl":"https:\/\/www.kvg-dorsten.de\/dorstener-tafel\/wordpress\/wp-content\/uploads\/2017\/07\/2017-07-12-tafel-news.jpg","width":1600,"height":1071,"caption":"SONY DSC"},{"@type":"BreadcrumbList","@id":"https:\/\/www.dorstener-tafel.de\/?p=945#breadcrumb","itemListElement":[{"@type":"ListItem","position":1,"name":"Home","item":"https:\/\/www.dorstener-tafel.de\/"},{"@type":"ListItem","position":2,"name":"Neues von der TAFEL im Juli 2017"}]},{"@type":"WebSite","@id":"https:\/\/www.dorstener-tafel.de\/#website","url":"https:\/\/www.dorstener-tafel.de\/","name":"Home | Tafel Dorsten","description":"","potentialAction":[{"@type":"SearchAction","target":{"@type":"EntryPoint","urlTemplate":"https:\/\/www.dorstener-tafel.de\/?s={search_term_string}"},"query-input":{"@type":"PropertyValueSpecification","valueRequired":true,"valueName":"search_term_string"}}],"inLanguage":"de"},{"@type":"Person","@id":"https:\/\/www.dorstener-tafel.de\/#\/schema\/person\/c9a6797db5c21dbeb0851056380dcb01","name":"jotw","image":{"@type":"ImageObject","inLanguage":"de","@id":"https:\/\/www.dorstener-tafel.de\/#\/schema\/person\/image\/","url":"https:\/\/secure.gravatar.com\/avatar\/225c6088c3bfecfbb42a2a0d5c9556b6?s=96&d=retro&r=g","contentUrl":"https:\/\/secure.gravatar.com\/avatar\/225c6088c3bfecfbb42a2a0d5c9556b6?s=96&d=retro&r=g","caption":"jotw"},"url":"https:\/\/www.dorstener-tafel.de\/?author=1"}]}},"_links":{"self":[{"href":"https:\/\/www.dorstener-tafel.de\/index.php?rest_route=\/wp\/v2\/posts\/945","targetHints":{"allow":["GET"]}}],"collection":[{"href":"https:\/\/www.dorstener-tafel.de\/index.php?rest_route=\/wp\/v2\/posts"}],"about":[{"href":"https:\/\/www.dorstener-tafel.de\/index.php?rest_route=\/wp\/v2\/types\/post"}],"author":[{"embeddable":true,"href":"https:\/\/www.dorstener-tafel.de\/index.php?rest_route=\/wp\/v2\/users\/1"}],"replies":[{"embeddable":true,"href":"https:\/\/www.dorstener-tafel.de\/index.php?rest_route=%2Fwp%2Fv2%2Fcomments&post=945"}],"version-history":[{"count":5,"href":"https:\/\/www.dorstener-tafel.de\/index.php?rest_route=\/wp\/v2\/posts\/945\/revisions"}],"predecessor-version":[{"id":952,"href":"https:\/\/www.dorstener-tafel.de\/index.php?rest_route=\/wp\/v2\/posts\/945\/revisions\/952"}],"wp:featuredmedia":[{"embeddable":true,"href":"https:\/\/www.dorstener-tafel.de\/index.php?rest_route=\/wp\/v2\/media\/947"}],"wp:attachment":[{"href":"https:\/\/www.dorstener-tafel.de\/index.php?rest_route=%2Fwp%2Fv2%2Fmedia&parent=945"}],"wp:term":[{"taxonomy":"category","embeddable":true,"href":"https:\/\/www.dorstener-tafel.de\/index.php?rest_route=%2Fwp%2Fv2%2Fcategories&post=945"},{"taxonomy":"post_tag","embeddable":true,"href":"https:\/\/www.dorstener-tafel.de\/index.php?rest_route=%2Fwp%2Fv2%2Ftags&post=945"}],"curies":[{"name":"wp","href":"https:\/\/api.w.org\/{rel}","templated":true}]}}