{"id":919,"date":"2017-05-17T14:56:42","date_gmt":"2017-05-17T12:56:42","guid":{"rendered":"http:\/\/www.dorstener-tafel.de\/?p=919"},"modified":"2018-02-27T13:55:35","modified_gmt":"2018-02-27T12:55:35","slug":"ehrennadel-der-stadt-fuer-hedwig-schnatmann","status":"publish","type":"post","link":"https:\/\/www.dorstener-tafel.de\/?p=919","title":{"rendered":"Ehrennadel der Stadt f\u00fcr Hedwig Schnatmann"},"content":{"rendered":"<figure id=\"attachment_920\" aria-describedby=\"caption-attachment-920\" style=\"width: 800px\" class=\"wp-caption alignnone\"><a href=\"http:\/\/www.kvg-dorsten.de\/dorstener-tafel\/wordpress\/wp-content\/uploads\/2017\/05\/2017-05-17-Goldene-Ehrennadel-Schnatmann-503.jpg\"><img loading=\"lazy\" decoding=\"async\" class=\"wp-image-920\" src=\"http:\/\/www.kvg-dorsten.de\/dorstener-tafel\/wordpress\/wp-content\/uploads\/2017\/05\/2017-05-17-Goldene-Ehrennadel-Schnatmann-503-1024x685.jpg\" alt=\"\" width=\"800\" height=\"536\" srcset=\"https:\/\/www.kvg-dorsten.de\/dorstener-tafel\/wordpress\/wp-content\/uploads\/2017\/05\/2017-05-17-Goldene-Ehrennadel-Schnatmann-503-1024x685.jpg 1024w, https:\/\/www.kvg-dorsten.de\/dorstener-tafel\/wordpress\/wp-content\/uploads\/2017\/05\/2017-05-17-Goldene-Ehrennadel-Schnatmann-503-300x201.jpg 300w, https:\/\/www.kvg-dorsten.de\/dorstener-tafel\/wordpress\/wp-content\/uploads\/2017\/05\/2017-05-17-Goldene-Ehrennadel-Schnatmann-503-768x514.jpg 768w\" sizes=\"auto, (max-width: 800px) 100vw, 800px\" \/><\/a><figcaption id=\"caption-attachment-920\" class=\"wp-caption-text\">v.l. Bernd Schwane, Friedhelm Fragemann, Marianne Halm (Tafel), Hedwig Schnatmann, Herbert Rentmeister (Tafel), Veronika Plemper (Tafel) und Tobias Stockhoff, Foto: jotw 2017<\/figcaption><\/figure>\n<p>Damit, dass der B\u00fcrgermeister ihr zu ihrem runden Geburtstag gratuliert, hatte Hedwig Schnatmann ja durchaus gerechnet; schlie\u00dflich ist er auch der Schirmherr der Dorstener Tafel.<\/p>\n<p>Was Tobias\u00a0Stockhoff bei seinem Kommen heute Mittag in der Tafel allerdings &#8218;im Gep\u00e4ck&#8216; hatte, machte sie ein wenig verlegen und sprachlos: Mit ihm kamen die Fraktionsvorsitzenden von CDU und SPD, Bernd Schwane und Friedhelm Fragemann (Susanne Fraund und Tristan Zielinski waren leider verhindert) und eine Urkunde \u00fcber die Verleihung der Goldenen Ehrennadel der Stadt Dorsten.<\/p>\n<figure id=\"attachment_921\" aria-describedby=\"caption-attachment-921\" style=\"width: 800px\" class=\"wp-caption alignnone\"><a href=\"http:\/\/www.kvg-dorsten.de\/dorstener-tafel\/wordpress\/wp-content\/uploads\/2017\/05\/2017-05-17-Goldene-Ehrennadel-Schnatmann-_133337.jpg\"><img loading=\"lazy\" decoding=\"async\" class=\"wp-image-921\" src=\"http:\/\/www.kvg-dorsten.de\/dorstener-tafel\/wordpress\/wp-content\/uploads\/2017\/05\/2017-05-17-Goldene-Ehrennadel-Schnatmann-_133337-e1495025224771-768x1024.jpg\" alt=\"\" width=\"800\" height=\"1067\" srcset=\"https:\/\/www.kvg-dorsten.de\/dorstener-tafel\/wordpress\/wp-content\/uploads\/2017\/05\/2017-05-17-Goldene-Ehrennadel-Schnatmann-_133337-e1495025224771-768x1024.jpg 768w, https:\/\/www.kvg-dorsten.de\/dorstener-tafel\/wordpress\/wp-content\/uploads\/2017\/05\/2017-05-17-Goldene-Ehrennadel-Schnatmann-_133337-e1495025224771-225x300.jpg 225w\" sizes=\"auto, (max-width: 800px) 100vw, 800px\" \/><\/a><figcaption id=\"caption-attachment-921\" class=\"wp-caption-text\">Foto: jotw 2017<\/figcaption><\/figure>\n<p>In einigen Worten betonte Stockhoff die Einstimmigkeit, mit der die Stadtratsfraktionen seinem Vorschlag zur Verleihung der Ehrennadel gefolgt seien, und dankte f\u00fcr\u00a0das au\u00dfergew\u00f6hnliche Engagement der mittlerweile 80-J\u00e4hrigen, die seit dem Start der Tafel im Jahr 2003 den Dorstener Laden leitet und das Tafel-Team organisiert und koordiniert.<\/p>\n<figure id=\"attachment_926\" aria-describedby=\"caption-attachment-926\" style=\"width: 800px\" class=\"wp-caption alignnone\"><a href=\"http:\/\/www.kvg-dorsten.de\/dorstener-tafel\/wordpress\/wp-content\/uploads\/2017\/05\/2017-05-17-Goldene-Ehrennadel-Schnatmann-498-1.jpg\"><img loading=\"lazy\" decoding=\"async\" class=\"wp-image-926\" src=\"http:\/\/www.kvg-dorsten.de\/dorstener-tafel\/wordpress\/wp-content\/uploads\/2017\/05\/2017-05-17-Goldene-Ehrennadel-Schnatmann-498-1-1024x709.jpg\" alt=\"\" width=\"800\" height=\"554\" srcset=\"https:\/\/www.kvg-dorsten.de\/dorstener-tafel\/wordpress\/wp-content\/uploads\/2017\/05\/2017-05-17-Goldene-Ehrennadel-Schnatmann-498-1-1024x709.jpg 1024w, https:\/\/www.kvg-dorsten.de\/dorstener-tafel\/wordpress\/wp-content\/uploads\/2017\/05\/2017-05-17-Goldene-Ehrennadel-Schnatmann-498-1-300x208.jpg 300w, https:\/\/www.kvg-dorsten.de\/dorstener-tafel\/wordpress\/wp-content\/uploads\/2017\/05\/2017-05-17-Goldene-Ehrennadel-Schnatmann-498-1-768x532.jpg 768w\" sizes=\"auto, (max-width: 800px) 100vw, 800px\" \/><\/a><figcaption id=\"caption-attachment-926\" class=\"wp-caption-text\">Am &#8218;Arbeitsplatz \u00fcberrascht: B\u00fcrgermeister Stockhoff \u00fcberreicht Hedwig Schnatmann die Urkunde zur Ehrennadel in Gold; Foto: jotw 2017<\/figcaption><\/figure>\n<p>In ihren Dankesworten zeigte Hedwig Schnatmann ihre Freude \u00fcber die &#8218;offizielle&#8216; Anerkennung \u00a0der ehrenamtlichen Arbeit der Dorstener Tafel; sie sei\u00a0 eine im Team der vielen ehrenamtlichen Helferinnen und Helfer, denen es zu verdanken sei, dass die Tafelarbeit so erfolgreich ist. Im \u00dcbrigen sei sie auch nicht die einzige, die von Anfang an dabei ist.<\/p>\n<p>Dem Gl\u00fcckwunsch von B\u00fcrgermeister und Stadtratsfraktionen schlie\u00dfen wir Mitarbeiterinnen und Mitarbeiter uns gerne an!<\/p>\n<p>Bleib gesund (&#8222;Die Arbeit hier h\u00e4lt mich fit!&#8220;) und munter und:<br \/>\nMach die 20 Jahre noch voll, liebe Hedwig!<\/p>\n<figure id=\"attachment_930\" aria-describedby=\"caption-attachment-930\" style=\"width: 800px\" class=\"wp-caption alignnone\"><a href=\"http:\/\/www.kvg-dorsten.de\/dorstener-tafel\/wordpress\/wp-content\/uploads\/2017\/05\/DorstenerTafel80JahreHedwigSchnatmann17_05_2017_B.jpg\"><img loading=\"lazy\" decoding=\"async\" class=\"wp-image-930\" src=\"http:\/\/www.kvg-dorsten.de\/dorstener-tafel\/wordpress\/wp-content\/uploads\/2017\/05\/DorstenerTafel80JahreHedwigSchnatmann17_05_2017_B-1024x681.jpg\" alt=\"\" width=\"800\" height=\"532\" srcset=\"https:\/\/www.kvg-dorsten.de\/dorstener-tafel\/wordpress\/wp-content\/uploads\/2017\/05\/DorstenerTafel80JahreHedwigSchnatmann17_05_2017_B-1024x681.jpg 1024w, https:\/\/www.kvg-dorsten.de\/dorstener-tafel\/wordpress\/wp-content\/uploads\/2017\/05\/DorstenerTafel80JahreHedwigSchnatmann17_05_2017_B-300x200.jpg 300w, https:\/\/www.kvg-dorsten.de\/dorstener-tafel\/wordpress\/wp-content\/uploads\/2017\/05\/DorstenerTafel80JahreHedwigSchnatmann17_05_2017_B-768x511.jpg 768w\" sizes=\"auto, (max-width: 800px) 100vw, 800px\" \/><\/a><figcaption id=\"caption-attachment-930\" class=\"wp-caption-text\">v.l.: Hedwig Schnatmann, Veronika Plemper (Tafel), Tobias Stockhoff, Johannes Wulf (Tafel), Bernd Schwane, Marianne Halm (Tafel), Friedhelm Fragemann, Herbert Rentmeister (Tafel) Foto: Bludau 17.5.2017 &#8211; Dorsten<\/figcaption><\/figure>\n<div class=\"mceTemp\"><em>Richtlinien<\/em><\/div>\n<p><em>f\u00fcr die Ehrung von Personen,<\/em><br \/>\ndie<em> sich um die Stadt Dorsten verdient gemacht haben<\/em><br \/>\n<em>vom 27.01.2016<\/em><\/p>\n<p><em>Der Rat der Stadt Dorsten hat in seiner Sitzung am 27.01.2016 aufgrund des \u00a7 34 der\u00a0Gemeindeordnung f\u00fcr das Land Nordrhein-Westfalen und des \u00a7 8 der Hauptsatzung f\u00fcr\u00a0die Stadt Dorsten folgende Richtlinien erlassen:<\/em><br \/>\n<em>\u00a7 1<\/em><br \/>\n<em>Art der Ehrungen<\/em><br \/>\n<em>Personen, die sich um das Wohl der Stadt Dorsten verdient gemacht haben, kann als Anerkennung<\/em><\/p>\n<ul>\n<li><em>die Ehrennadel<\/em><\/li>\n<li><em>die Stadtplakette<\/em><\/li>\n<li><em>das Ehrenb\u00fcrgerrecht<\/em><\/li>\n<li><em>die Ehrenbezeichnung \u201eAltb\u00fcrgermeister\/in\u201c<\/em><\/li>\n<\/ul>\n<p><em>verliehen werden.<\/em><\/p>\n<p><em>\u00a7 2<\/em><br \/>\n<em>Ehrennadel<\/em><br \/>\n<em>1. Personen, die sich aus eigener Initiative oder durch langj\u00e4hrige Mitgliedschaft bzw. besonderes\u00a0Engagement in Vereinen und Verb\u00e4nden oder sonstigen Organisationen um\u00a0das Wohl der Stadt Dorsten in allgemeiner Hinsicht verdient gemacht haben, kann die<\/em><br \/>\n<em>Ehrennadel verliehen werden.<\/em><br \/>\n<em>2. Die Ehrennadel wird in Silber (versilbert) oder Gold (vergoldet) verliehen. Sie zeigt das\u00a0Wappen der Stadt Dorsten.<\/em><br \/>\n<em>3. \u00dcber die Vergabe der Ehrennadel entscheidet der B\u00fcrgermeister nach eigenem Ermessen\u00a0in Abstimmung mit dem Rat. Die Zustimmung kann \u00fcber die Fraktionsvorsitzenden\u00a0eingeholt werden.<\/em><\/p>\n","protected":false},"excerpt":{"rendered":"<p>Damit, dass der B\u00fcrgermeister ihr zu ihrem runden Geburtstag gratuliert, hatte Hedwig Schnatmann ja durchaus gerechnet; schlie\u00dflich ist er auch [&hellip;]<\/p>\n","protected":false},"author":1,"featured_media":926,"comment_status":"open","ping_status":"closed","sticky":false,"template":"","format":"standard","meta":{"footnotes":""},"categories":[1],"tags":[],"class_list":["post-919","post","type-post","status-publish","format-standard","has-post-thumbnail","hentry","category-allgemein"],"yoast_head":"<!-- This site is optimized with the Yoast SEO plugin v26.8 - https:\/\/yoast.com\/product\/yoast-seo-wordpress\/ -->\n<title>Ehrennadel der Stadt f\u00fcr Hedwig Schnatmann - Home | Tafel Dorsten<\/title>\n<meta name=\"robots\" content=\"index, follow, max-snippet:-1, max-image-preview:large, max-video-preview:-1\" \/>\n<link rel=\"canonical\" href=\"https:\/\/www.dorstener-tafel.de\/?p=919\" \/>\n<meta property=\"og:locale\" content=\"de_DE\" \/>\n<meta property=\"og:type\" content=\"article\" \/>\n<meta property=\"og:title\" content=\"Ehrennadel der Stadt f\u00fcr Hedwig Schnatmann - Home | Tafel Dorsten\" \/>\n<meta property=\"og:description\" content=\"Damit, dass der B\u00fcrgermeister ihr zu ihrem runden Geburtstag gratuliert, hatte Hedwig Schnatmann ja durchaus gerechnet; schlie\u00dflich ist er auch [&hellip;]\" \/>\n<meta property=\"og:url\" content=\"https:\/\/www.dorstener-tafel.de\/?p=919\" \/>\n<meta property=\"og:site_name\" content=\"Home | Tafel Dorsten\" \/>\n<meta property=\"article:publisher\" content=\"https:\/\/www.facebook.com\/Dorstener-Tafel-eV-710109832448127\/\" \/>\n<meta property=\"article:published_time\" content=\"2017-05-17T12:56:42+00:00\" \/>\n<meta property=\"article:modified_time\" content=\"2018-02-27T12:55:35+00:00\" \/>\n<meta property=\"og:image\" content=\"https:\/\/www.kvg-dorsten.de\/dorstener-tafel\/wordpress\/wp-content\/uploads\/2017\/05\/2017-05-17-Goldene-Ehrennadel-Schnatmann-498-1.jpg\" \/>\n\t<meta property=\"og:image:width\" content=\"3592\" \/>\n\t<meta property=\"og:image:height\" content=\"2488\" \/>\n\t<meta property=\"og:image:type\" content=\"image\/jpeg\" \/>\n<meta name=\"author\" content=\"jotw\" \/>\n<meta name=\"twitter:card\" content=\"summary_large_image\" \/>\n<meta name=\"twitter:label1\" content=\"Verfasst von\" \/>\n\t<meta name=\"twitter:data1\" content=\"jotw\" \/>\n\t<meta name=\"twitter:label2\" content=\"Gesch\u00e4tzte Lesezeit\" \/>\n\t<meta name=\"twitter:data2\" content=\"2\u00a0Minuten\" \/>\n<script type=\"application\/ld+json\" class=\"yoast-schema-graph\">{\"@context\":\"https:\/\/schema.org\",\"@graph\":[{\"@type\":\"Article\",\"@id\":\"https:\/\/www.dorstener-tafel.de\/?p=919#article\",\"isPartOf\":{\"@id\":\"https:\/\/www.dorstener-tafel.de\/?p=919\"},\"author\":{\"name\":\"jotw\",\"@id\":\"https:\/\/www.dorstener-tafel.de\/#\/schema\/person\/c9a6797db5c21dbeb0851056380dcb01\"},\"headline\":\"Ehrennadel der Stadt f\u00fcr Hedwig Schnatmann\",\"datePublished\":\"2017-05-17T12:56:42+00:00\",\"dateModified\":\"2018-02-27T12:55:35+00:00\",\"mainEntityOfPage\":{\"@id\":\"https:\/\/www.dorstener-tafel.de\/?p=919\"},\"wordCount\":488,\"commentCount\":0,\"image\":{\"@id\":\"https:\/\/www.dorstener-tafel.de\/?p=919#primaryimage\"},\"thumbnailUrl\":\"https:\/\/www.kvg-dorsten.de\/dorstener-tafel\/wordpress\/wp-content\/uploads\/2017\/05\/2017-05-17-Goldene-Ehrennadel-Schnatmann-498-1.jpg\",\"articleSection\":[\"Aktuelles\"],\"inLanguage\":\"de\",\"potentialAction\":[{\"@type\":\"CommentAction\",\"name\":\"Comment\",\"target\":[\"https:\/\/www.dorstener-tafel.de\/?p=919#respond\"]}]},{\"@type\":\"WebPage\",\"@id\":\"https:\/\/www.dorstener-tafel.de\/?p=919\",\"url\":\"https:\/\/www.dorstener-tafel.de\/?p=919\",\"name\":\"Ehrennadel der Stadt f\u00fcr Hedwig Schnatmann - Home | Tafel Dorsten\",\"isPartOf\":{\"@id\":\"https:\/\/www.dorstener-tafel.de\/#website\"},\"primaryImageOfPage\":{\"@id\":\"https:\/\/www.dorstener-tafel.de\/?p=919#primaryimage\"},\"image\":{\"@id\":\"https:\/\/www.dorstener-tafel.de\/?p=919#primaryimage\"},\"thumbnailUrl\":\"https:\/\/www.kvg-dorsten.de\/dorstener-tafel\/wordpress\/wp-content\/uploads\/2017\/05\/2017-05-17-Goldene-Ehrennadel-Schnatmann-498-1.jpg\",\"datePublished\":\"2017-05-17T12:56:42+00:00\",\"dateModified\":\"2018-02-27T12:55:35+00:00\",\"author\":{\"@id\":\"https:\/\/www.dorstener-tafel.de\/#\/schema\/person\/c9a6797db5c21dbeb0851056380dcb01\"},\"breadcrumb\":{\"@id\":\"https:\/\/www.dorstener-tafel.de\/?p=919#breadcrumb\"},\"inLanguage\":\"de\",\"potentialAction\":[{\"@type\":\"ReadAction\",\"target\":[\"https:\/\/www.dorstener-tafel.de\/?p=919\"]}]},{\"@type\":\"ImageObject\",\"inLanguage\":\"de\",\"@id\":\"https:\/\/www.dorstener-tafel.de\/?p=919#primaryimage\",\"url\":\"https:\/\/www.kvg-dorsten.de\/dorstener-tafel\/wordpress\/wp-content\/uploads\/2017\/05\/2017-05-17-Goldene-Ehrennadel-Schnatmann-498-1.jpg\",\"contentUrl\":\"https:\/\/www.kvg-dorsten.de\/dorstener-tafel\/wordpress\/wp-content\/uploads\/2017\/05\/2017-05-17-Goldene-Ehrennadel-Schnatmann-498-1.jpg\",\"width\":3592,\"height\":2488,\"caption\":\"SONY DSC\"},{\"@type\":\"BreadcrumbList\",\"@id\":\"https:\/\/www.dorstener-tafel.de\/?p=919#breadcrumb\",\"itemListElement\":[{\"@type\":\"ListItem\",\"position\":1,\"name\":\"Home\",\"item\":\"https:\/\/www.dorstener-tafel.de\/\"},{\"@type\":\"ListItem\",\"position\":2,\"name\":\"Ehrennadel der Stadt f\u00fcr Hedwig Schnatmann\"}]},{\"@type\":\"WebSite\",\"@id\":\"https:\/\/www.dorstener-tafel.de\/#website\",\"url\":\"https:\/\/www.dorstener-tafel.de\/\",\"name\":\"Home | Tafel Dorsten\",\"description\":\"\",\"potentialAction\":[{\"@type\":\"SearchAction\",\"target\":{\"@type\":\"EntryPoint\",\"urlTemplate\":\"https:\/\/www.dorstener-tafel.de\/?s={search_term_string}\"},\"query-input\":{\"@type\":\"PropertyValueSpecification\",\"valueRequired\":true,\"valueName\":\"search_term_string\"}}],\"inLanguage\":\"de\"},{\"@type\":\"Person\",\"@id\":\"https:\/\/www.dorstener-tafel.de\/#\/schema\/person\/c9a6797db5c21dbeb0851056380dcb01\",\"name\":\"jotw\",\"image\":{\"@type\":\"ImageObject\",\"inLanguage\":\"de\",\"@id\":\"https:\/\/www.dorstener-tafel.de\/#\/schema\/person\/image\/\",\"url\":\"https:\/\/secure.gravatar.com\/avatar\/225c6088c3bfecfbb42a2a0d5c9556b6?s=96&d=retro&r=g\",\"contentUrl\":\"https:\/\/secure.gravatar.com\/avatar\/225c6088c3bfecfbb42a2a0d5c9556b6?s=96&d=retro&r=g\",\"caption\":\"jotw\"},\"url\":\"https:\/\/www.dorstener-tafel.de\/?author=1\"}]}<\/script>\n<!-- \/ Yoast SEO plugin. -->","yoast_head_json":{"title":"Ehrennadel der Stadt f\u00fcr Hedwig Schnatmann - Home | Tafel Dorsten","robots":{"index":"index","follow":"follow","max-snippet":"max-snippet:-1","max-image-preview":"max-image-preview:large","max-video-preview":"max-video-preview:-1"},"canonical":"https:\/\/www.dorstener-tafel.de\/?p=919","og_locale":"de_DE","og_type":"article","og_title":"Ehrennadel der Stadt f\u00fcr Hedwig Schnatmann - Home | Tafel Dorsten","og_description":"Damit, dass der B\u00fcrgermeister ihr zu ihrem runden Geburtstag gratuliert, hatte Hedwig Schnatmann ja durchaus gerechnet; schlie\u00dflich ist er auch [&hellip;]","og_url":"https:\/\/www.dorstener-tafel.de\/?p=919","og_site_name":"Home | Tafel Dorsten","article_publisher":"https:\/\/www.facebook.com\/Dorstener-Tafel-eV-710109832448127\/","article_published_time":"2017-05-17T12:56:42+00:00","article_modified_time":"2018-02-27T12:55:35+00:00","og_image":[{"width":3592,"height":2488,"url":"https:\/\/www.kvg-dorsten.de\/dorstener-tafel\/wordpress\/wp-content\/uploads\/2017\/05\/2017-05-17-Goldene-Ehrennadel-Schnatmann-498-1.jpg","type":"image\/jpeg"}],"author":"jotw","twitter_card":"summary_large_image","twitter_misc":{"Verfasst von":"jotw","Gesch\u00e4tzte Lesezeit":"2\u00a0Minuten"},"schema":{"@context":"https:\/\/schema.org","@graph":[{"@type":"Article","@id":"https:\/\/www.dorstener-tafel.de\/?p=919#article","isPartOf":{"@id":"https:\/\/www.dorstener-tafel.de\/?p=919"},"author":{"name":"jotw","@id":"https:\/\/www.dorstener-tafel.de\/#\/schema\/person\/c9a6797db5c21dbeb0851056380dcb01"},"headline":"Ehrennadel der Stadt f\u00fcr Hedwig Schnatmann","datePublished":"2017-05-17T12:56:42+00:00","dateModified":"2018-02-27T12:55:35+00:00","mainEntityOfPage":{"@id":"https:\/\/www.dorstener-tafel.de\/?p=919"},"wordCount":488,"commentCount":0,"image":{"@id":"https:\/\/www.dorstener-tafel.de\/?p=919#primaryimage"},"thumbnailUrl":"https:\/\/www.kvg-dorsten.de\/dorstener-tafel\/wordpress\/wp-content\/uploads\/2017\/05\/2017-05-17-Goldene-Ehrennadel-Schnatmann-498-1.jpg","articleSection":["Aktuelles"],"inLanguage":"de","potentialAction":[{"@type":"CommentAction","name":"Comment","target":["https:\/\/www.dorstener-tafel.de\/?p=919#respond"]}]},{"@type":"WebPage","@id":"https:\/\/www.dorstener-tafel.de\/?p=919","url":"https:\/\/www.dorstener-tafel.de\/?p=919","name":"Ehrennadel der Stadt f\u00fcr Hedwig Schnatmann - Home | Tafel Dorsten","isPartOf":{"@id":"https:\/\/www.dorstener-tafel.de\/#website"},"primaryImageOfPage":{"@id":"https:\/\/www.dorstener-tafel.de\/?p=919#primaryimage"},"image":{"@id":"https:\/\/www.dorstener-tafel.de\/?p=919#primaryimage"},"thumbnailUrl":"https:\/\/www.kvg-dorsten.de\/dorstener-tafel\/wordpress\/wp-content\/uploads\/2017\/05\/2017-05-17-Goldene-Ehrennadel-Schnatmann-498-1.jpg","datePublished":"2017-05-17T12:56:42+00:00","dateModified":"2018-02-27T12:55:35+00:00","author":{"@id":"https:\/\/www.dorstener-tafel.de\/#\/schema\/person\/c9a6797db5c21dbeb0851056380dcb01"},"breadcrumb":{"@id":"https:\/\/www.dorstener-tafel.de\/?p=919#breadcrumb"},"inLanguage":"de","potentialAction":[{"@type":"ReadAction","target":["https:\/\/www.dorstener-tafel.de\/?p=919"]}]},{"@type":"ImageObject","inLanguage":"de","@id":"https:\/\/www.dorstener-tafel.de\/?p=919#primaryimage","url":"https:\/\/www.kvg-dorsten.de\/dorstener-tafel\/wordpress\/wp-content\/uploads\/2017\/05\/2017-05-17-Goldene-Ehrennadel-Schnatmann-498-1.jpg","contentUrl":"https:\/\/www.kvg-dorsten.de\/dorstener-tafel\/wordpress\/wp-content\/uploads\/2017\/05\/2017-05-17-Goldene-Ehrennadel-Schnatmann-498-1.jpg","width":3592,"height":2488,"caption":"SONY DSC"},{"@type":"BreadcrumbList","@id":"https:\/\/www.dorstener-tafel.de\/?p=919#breadcrumb","itemListElement":[{"@type":"ListItem","position":1,"name":"Home","item":"https:\/\/www.dorstener-tafel.de\/"},{"@type":"ListItem","position":2,"name":"Ehrennadel der Stadt f\u00fcr Hedwig Schnatmann"}]},{"@type":"WebSite","@id":"https:\/\/www.dorstener-tafel.de\/#website","url":"https:\/\/www.dorstener-tafel.de\/","name":"Home | Tafel Dorsten","description":"","potentialAction":[{"@type":"SearchAction","target":{"@type":"EntryPoint","urlTemplate":"https:\/\/www.dorstener-tafel.de\/?s={search_term_string}"},"query-input":{"@type":"PropertyValueSpecification","valueRequired":true,"valueName":"search_term_string"}}],"inLanguage":"de"},{"@type":"Person","@id":"https:\/\/www.dorstener-tafel.de\/#\/schema\/person\/c9a6797db5c21dbeb0851056380dcb01","name":"jotw","image":{"@type":"ImageObject","inLanguage":"de","@id":"https:\/\/www.dorstener-tafel.de\/#\/schema\/person\/image\/","url":"https:\/\/secure.gravatar.com\/avatar\/225c6088c3bfecfbb42a2a0d5c9556b6?s=96&d=retro&r=g","contentUrl":"https:\/\/secure.gravatar.com\/avatar\/225c6088c3bfecfbb42a2a0d5c9556b6?s=96&d=retro&r=g","caption":"jotw"},"url":"https:\/\/www.dorstener-tafel.de\/?author=1"}]}},"_links":{"self":[{"href":"https:\/\/www.dorstener-tafel.de\/index.php?rest_route=\/wp\/v2\/posts\/919","targetHints":{"allow":["GET"]}}],"collection":[{"href":"https:\/\/www.dorstener-tafel.de\/index.php?rest_route=\/wp\/v2\/posts"}],"about":[{"href":"https:\/\/www.dorstener-tafel.de\/index.php?rest_route=\/wp\/v2\/types\/post"}],"author":[{"embeddable":true,"href":"https:\/\/www.dorstener-tafel.de\/index.php?rest_route=\/wp\/v2\/users\/1"}],"replies":[{"embeddable":true,"href":"https:\/\/www.dorstener-tafel.de\/index.php?rest_route=%2Fwp%2Fv2%2Fcomments&post=919"}],"version-history":[{"count":9,"href":"https:\/\/www.dorstener-tafel.de\/index.php?rest_route=\/wp\/v2\/posts\/919\/revisions"}],"predecessor-version":[{"id":932,"href":"https:\/\/www.dorstener-tafel.de\/index.php?rest_route=\/wp\/v2\/posts\/919\/revisions\/932"}],"wp:featuredmedia":[{"embeddable":true,"href":"https:\/\/www.dorstener-tafel.de\/index.php?rest_route=\/wp\/v2\/media\/926"}],"wp:attachment":[{"href":"https:\/\/www.dorstener-tafel.de\/index.php?rest_route=%2Fwp%2Fv2%2Fmedia&parent=919"}],"wp:term":[{"taxonomy":"category","embeddable":true,"href":"https:\/\/www.dorstener-tafel.de\/index.php?rest_route=%2Fwp%2Fv2%2Fcategories&post=919"},{"taxonomy":"post_tag","embeddable":true,"href":"https:\/\/www.dorstener-tafel.de\/index.php?rest_route=%2Fwp%2Fv2%2Ftags&post=919"}],"curies":[{"name":"wp","href":"https:\/\/api.w.org\/{rel}","templated":true}]}}