{"id":904,"date":"2017-05-16T09:02:30","date_gmt":"2017-05-16T07:02:30","guid":{"rendered":"http:\/\/www.dorstener-tafel.de\/?p=904"},"modified":"2017-05-15T21:14:24","modified_gmt":"2017-05-15T19:14:24","slug":"hedwig-schnatmann-80-achtzig","status":"publish","type":"post","link":"https:\/\/www.dorstener-tafel.de\/?p=904","title":{"rendered":"Hedwig Schnatmann 80 &#8211; Achtzig???"},"content":{"rendered":"<p><a href=\"http:\/\/www.kvg-dorsten.de\/dorstener-tafel\/wordpress\/wp-content\/uploads\/2017\/05\/schnatmann-flyer.jpg\"><img loading=\"lazy\" decoding=\"async\" class=\"size-full wp-image-915 alignleft\" src=\"http:\/\/www.kvg-dorsten.de\/dorstener-tafel\/wordpress\/wp-content\/uploads\/2017\/05\/schnatmann-flyer.jpg\" alt=\"\" width=\"124\" height=\"178\" \/><\/a>Als 2003 die Gr\u00fcndung einer &#8218;Tafel&#8216; in Angriff genommen wird, fragen die Initiatoren Pastor Eickmann-Gerland und Pastor Schlotmann die damals 66-j\u00e4hrige Hedwig Schnatmann, ob sie nicht die Leitung \u00fcbernehmen m\u00f6chte. Viel zu fr\u00fch wurde sie Witwe und nahm dankbar die Aufforderung nach einer neuen, erf\u00fcllenden Herausforderung an. Sie sagte zu, ein Ja, das ihr quasi einen Fulltime-Job bescherte &#8211; mit \u00dcberstunden bis in die Nacht.<\/p>\n<p>Seither ist sie Kopf und Herz der Tafel, organisisiert den ehrenamtlichen Einsatz der Fahrer und Helfer, ist Ansprechpartnerin f\u00fcr Besucher, Pressevertreter &#8211; und Jugendliche und Erwachsene, die Sozialstunden ableisten m\u00fcssen.<\/p>\n<p><a href=\"http:\/\/www.kvg-dorsten.de\/dorstener-tafel\/wordpress\/wp-content\/uploads\/2017\/05\/image025.png\"><img loading=\"lazy\" decoding=\"async\" class=\"size-large wp-image-908 alignnone\" src=\"http:\/\/www.kvg-dorsten.de\/dorstener-tafel\/wordpress\/wp-content\/uploads\/2017\/05\/image025.png\" alt=\"\" width=\"401\" height=\"420\" srcset=\"https:\/\/www.kvg-dorsten.de\/dorstener-tafel\/wordpress\/wp-content\/uploads\/2017\/05\/image025.png 401w, https:\/\/www.kvg-dorsten.de\/dorstener-tafel\/wordpress\/wp-content\/uploads\/2017\/05\/image025-286x300.png 286w\" sizes=\"auto, (max-width: 401px) 100vw, 401px\" \/><\/a><\/p>\n<p>Ist im Duisburger Hafen eine Palette Tiefk\u00fchlpizza umgekippt und sind die Verpackungen besch\u00e4digt, die Ware ist also nicht mehr verk\u00e4uflich, organisiert Hedwig Schnatmann auf die Schnelle einen Fahrer f\u00fcr den K\u00fchlwagen der Tafel, der einen Teil in den Laden nach Wulfen bringt, den Rest zu befreundeten Tafeln der Umgebung &#8211; und das alles muss passieren ohne Unterbrechung der K\u00fchlkette.<\/p>\n<p>Wer ist vor Ort, wenn abends nach Ladenschluss die angelieferten Br\u00f6tchen zu dritt oder viert einget\u00fctet werden m\u00fcssen f\u00fcr den Verkauf am n\u00e4chsten Tag? Einige andere HelferInnen &#8211; und Hedwig Schnatmann: &#8222;Die Arbeit muss vom Tisch&#8220;.<\/p>\n<p>Dass es im Winter in den R\u00e4umen der Tafel fast genauso kalt ist wie drau\u00dfen, ist f\u00fcr sie unproblematisch und eher ein Vorteil: &#8222;Das Arbeiten in der K\u00e4lte h\u00e4rtet ab und macht immun gegen Erk\u00e4ltungsviren.&#8220;<\/p>\n<p>Wenn man Kunden nach Hedwig Schnatmann befragt, so wird sie beschrieben als Frau mit &#8222;Ecken und Kanten&#8220;, aber &#8222;das Herz hat sie am rechten Fleck&#8220;. &#8222;Ich habe mein ganzes Arbeitsleben als Chemikerin fast nur mit M\u00e4nnern zusammengearbeitet; da habe ich gelernt, zu organisieren und mich durchzusetzen, sonst h\u00e4tte ich nicht diesen Weg gehen k\u00f6nnen&#8220;, erkl\u00e4rt sie selbst ihre Resolutheit. Wer ohne Dorsten-Pass zur Anmeldung kommt, wer ohne Termin einkaufen m\u00f6chte, riskiert einen deutlichen Kommentar &#8211; und geht f\u00fcnf\u00a0Minuten sp\u00e4ter wieder mit voller Einkaufstasche.<\/p>\n<p><a href=\"http:\/\/www.kvg-dorsten.de\/dorstener-tafel\/wordpress\/wp-content\/uploads\/2017\/01\/2017-01-13-Sternsinger-Medienhaus-Lensing_E-Paper-Ausgabe_RN-DN-Dorsten_Freitag-13-Januar-2017-1.png\"><img loading=\"lazy\" decoding=\"async\" class=\"alignnone size-large wp-image-861\" src=\"http:\/\/www.kvg-dorsten.de\/dorstener-tafel\/wordpress\/wp-content\/uploads\/2017\/01\/2017-01-13-Sternsinger-Medienhaus-Lensing_E-Paper-Ausgabe_RN-DN-Dorsten_Freitag-13-Januar-2017-1-1024x848.png\" alt=\"\" width=\"474\" height=\"393\" srcset=\"https:\/\/www.kvg-dorsten.de\/dorstener-tafel\/wordpress\/wp-content\/uploads\/2017\/01\/2017-01-13-Sternsinger-Medienhaus-Lensing_E-Paper-Ausgabe_RN-DN-Dorsten_Freitag-13-Januar-2017-1-1024x848.png 1024w, https:\/\/www.kvg-dorsten.de\/dorstener-tafel\/wordpress\/wp-content\/uploads\/2017\/01\/2017-01-13-Sternsinger-Medienhaus-Lensing_E-Paper-Ausgabe_RN-DN-Dorsten_Freitag-13-Januar-2017-1-300x248.png 300w, https:\/\/www.kvg-dorsten.de\/dorstener-tafel\/wordpress\/wp-content\/uploads\/2017\/01\/2017-01-13-Sternsinger-Medienhaus-Lensing_E-Paper-Ausgabe_RN-DN-Dorsten_Freitag-13-Januar-2017-1-768x636.png 768w\" sizes=\"auto, (max-width: 474px) 100vw, 474px\" \/><\/a><\/p>\n<p>Gerechtigkeitsgef\u00fchl und Sensibilit\u00e4t bestimmen ihr Handeln. Sie \u00e4rgert sich \u00fcber die (wenigen) Kunden, die Waren f\u00fcr sich reklamieren auf Kosten anderer, und l\u00e4sst sie das auch sp\u00fcren; jedem Bed\u00fcrftigen soll geholfen werden, keiner soll &#8218;zu kurz&#8216; kommen. Wichtig zu erw\u00e4hnen: Ihr Einsatz f\u00fcr ihre (allesamt ehrenamtlichen) Mitarbeiterinnen; sie kauft den Kaffee, sie hat ein offenes Ohr f\u00fcr manche Sorgen. Steht eine Ehrung an, so verweist sie &#8211; nicht als \u00fcbliche Floskel, sondern \u00fcberaus glaubhaft und ehrlich &#8211; darauf, dass sie &#8222;nur als eine Vertreterin f\u00fcr die vielen Helferinnen mit Herz und Hand&#8220; da steht, so auch bei der Auszeichnung anl\u00e4sslich der ersten Ehrenamtsgala der Stadt Dorsten.<\/p>\n<p>Die Tafel und ihre Kunden k\u00f6nnen sich gl\u00fccklich sch\u00e4tzen, dass diese engagierte, tatkr\u00e4ftige Frau solche Verantwortung und Arbeit so kompetent auf sich nimmt.<\/p>\n<p>Alle Mitarbeiterinnen und Mitarbeiter der Tafel w\u00fcnschen Dir, liebe Hedwig, alles Gute zu Deinem runden Geburtstag!<br \/>\nBleibe wie Du bist und uns noch lange erhalten!<\/p>\n<p><a href=\"http:\/\/www.kvg-dorsten.de\/dorstener-tafel\/wordpress\/wp-content\/uploads\/2017\/01\/cropped-Logo-neu-003-1.png\"><img loading=\"lazy\" decoding=\"async\" class=\"alignnone size-large wp-image-880\" src=\"http:\/\/www.kvg-dorsten.de\/dorstener-tafel\/wordpress\/wp-content\/uploads\/2017\/01\/cropped-Logo-neu-003-1-1024x237.png\" alt=\"\" width=\"474\" height=\"110\" srcset=\"https:\/\/www.kvg-dorsten.de\/dorstener-tafel\/wordpress\/wp-content\/uploads\/2017\/01\/cropped-Logo-neu-003-1-1024x237.png 1024w, https:\/\/www.kvg-dorsten.de\/dorstener-tafel\/wordpress\/wp-content\/uploads\/2017\/01\/cropped-Logo-neu-003-1-300x70.png 300w, https:\/\/www.kvg-dorsten.de\/dorstener-tafel\/wordpress\/wp-content\/uploads\/2017\/01\/cropped-Logo-neu-003-1-768x178.png 768w, https:\/\/www.kvg-dorsten.de\/dorstener-tafel\/wordpress\/wp-content\/uploads\/2017\/01\/cropped-Logo-neu-003-1.png 1260w\" sizes=\"auto, (max-width: 474px) 100vw, 474px\" \/><\/a><\/p>\n","protected":false},"excerpt":{"rendered":"<p>Als 2003 die Gr\u00fcndung einer &#8218;Tafel&#8216; in Angriff genommen wird, fragen die Initiatoren Pastor Eickmann-Gerland und Pastor Schlotmann die damals [&hellip;]<\/p>\n","protected":false},"author":1,"featured_media":911,"comment_status":"open","ping_status":"closed","sticky":false,"template":"","format":"standard","meta":{"footnotes":""},"categories":[1],"tags":[],"class_list":["post-904","post","type-post","status-publish","format-standard","has-post-thumbnail","hentry","category-allgemein"],"yoast_head":"<!-- This site is optimized with the Yoast SEO plugin v26.8 - https:\/\/yoast.com\/product\/yoast-seo-wordpress\/ -->\n<title>Hedwig Schnatmann 80 - Achtzig??? - Home | Tafel Dorsten<\/title>\n<meta name=\"robots\" content=\"index, follow, max-snippet:-1, max-image-preview:large, max-video-preview:-1\" \/>\n<link rel=\"canonical\" href=\"https:\/\/www.dorstener-tafel.de\/?p=904\" \/>\n<meta property=\"og:locale\" content=\"de_DE\" \/>\n<meta property=\"og:type\" content=\"article\" \/>\n<meta property=\"og:title\" content=\"Hedwig Schnatmann 80 - Achtzig??? - Home | Tafel Dorsten\" \/>\n<meta property=\"og:description\" content=\"Als 2003 die Gr\u00fcndung einer &#8218;Tafel&#8216; in Angriff genommen wird, fragen die Initiatoren Pastor Eickmann-Gerland und Pastor Schlotmann die damals [&hellip;]\" \/>\n<meta property=\"og:url\" content=\"https:\/\/www.dorstener-tafel.de\/?p=904\" \/>\n<meta property=\"og:site_name\" content=\"Home | Tafel Dorsten\" \/>\n<meta property=\"article:publisher\" content=\"https:\/\/www.facebook.com\/Dorstener-Tafel-eV-710109832448127\/\" \/>\n<meta property=\"article:published_time\" content=\"2017-05-16T07:02:30+00:00\" \/>\n<meta property=\"og:image\" content=\"https:\/\/www.kvg-dorsten.de\/dorstener-tafel\/wordpress\/wp-content\/uploads\/2017\/05\/schnatmann2015-1.jpg\" \/>\n\t<meta property=\"og:image:width\" content=\"713\" \/>\n\t<meta property=\"og:image:height\" content=\"391\" \/>\n\t<meta property=\"og:image:type\" content=\"image\/jpeg\" \/>\n<meta name=\"author\" content=\"jotw\" \/>\n<meta name=\"twitter:card\" content=\"summary_large_image\" \/>\n<meta name=\"twitter:label1\" content=\"Verfasst von\" \/>\n\t<meta name=\"twitter:data1\" content=\"jotw\" \/>\n\t<meta name=\"twitter:label2\" content=\"Gesch\u00e4tzte Lesezeit\" \/>\n\t<meta name=\"twitter:data2\" content=\"3\u00a0Minuten\" \/>\n<script type=\"application\/ld+json\" class=\"yoast-schema-graph\">{\"@context\":\"https:\/\/schema.org\",\"@graph\":[{\"@type\":\"Article\",\"@id\":\"https:\/\/www.dorstener-tafel.de\/?p=904#article\",\"isPartOf\":{\"@id\":\"https:\/\/www.dorstener-tafel.de\/?p=904\"},\"author\":{\"name\":\"jotw\",\"@id\":\"https:\/\/www.dorstener-tafel.de\/#\/schema\/person\/c9a6797db5c21dbeb0851056380dcb01\"},\"headline\":\"Hedwig Schnatmann 80 &#8211; Achtzig???\",\"datePublished\":\"2017-05-16T07:02:30+00:00\",\"mainEntityOfPage\":{\"@id\":\"https:\/\/www.dorstener-tafel.de\/?p=904\"},\"wordCount\":513,\"commentCount\":0,\"image\":{\"@id\":\"https:\/\/www.dorstener-tafel.de\/?p=904#primaryimage\"},\"thumbnailUrl\":\"https:\/\/www.kvg-dorsten.de\/dorstener-tafel\/wordpress\/wp-content\/uploads\/2017\/05\/schnatmann2015-1.jpg\",\"articleSection\":[\"Aktuelles\"],\"inLanguage\":\"de\",\"potentialAction\":[{\"@type\":\"CommentAction\",\"name\":\"Comment\",\"target\":[\"https:\/\/www.dorstener-tafel.de\/?p=904#respond\"]}]},{\"@type\":\"WebPage\",\"@id\":\"https:\/\/www.dorstener-tafel.de\/?p=904\",\"url\":\"https:\/\/www.dorstener-tafel.de\/?p=904\",\"name\":\"Hedwig Schnatmann 80 - Achtzig??? - Home | Tafel Dorsten\",\"isPartOf\":{\"@id\":\"https:\/\/www.dorstener-tafel.de\/#website\"},\"primaryImageOfPage\":{\"@id\":\"https:\/\/www.dorstener-tafel.de\/?p=904#primaryimage\"},\"image\":{\"@id\":\"https:\/\/www.dorstener-tafel.de\/?p=904#primaryimage\"},\"thumbnailUrl\":\"https:\/\/www.kvg-dorsten.de\/dorstener-tafel\/wordpress\/wp-content\/uploads\/2017\/05\/schnatmann2015-1.jpg\",\"datePublished\":\"2017-05-16T07:02:30+00:00\",\"author\":{\"@id\":\"https:\/\/www.dorstener-tafel.de\/#\/schema\/person\/c9a6797db5c21dbeb0851056380dcb01\"},\"breadcrumb\":{\"@id\":\"https:\/\/www.dorstener-tafel.de\/?p=904#breadcrumb\"},\"inLanguage\":\"de\",\"potentialAction\":[{\"@type\":\"ReadAction\",\"target\":[\"https:\/\/www.dorstener-tafel.de\/?p=904\"]}]},{\"@type\":\"ImageObject\",\"inLanguage\":\"de\",\"@id\":\"https:\/\/www.dorstener-tafel.de\/?p=904#primaryimage\",\"url\":\"https:\/\/www.kvg-dorsten.de\/dorstener-tafel\/wordpress\/wp-content\/uploads\/2017\/05\/schnatmann2015-1.jpg\",\"contentUrl\":\"https:\/\/www.kvg-dorsten.de\/dorstener-tafel\/wordpress\/wp-content\/uploads\/2017\/05\/schnatmann2015-1.jpg\",\"width\":713,\"height\":391},{\"@type\":\"BreadcrumbList\",\"@id\":\"https:\/\/www.dorstener-tafel.de\/?p=904#breadcrumb\",\"itemListElement\":[{\"@type\":\"ListItem\",\"position\":1,\"name\":\"Home\",\"item\":\"https:\/\/www.dorstener-tafel.de\/\"},{\"@type\":\"ListItem\",\"position\":2,\"name\":\"Hedwig Schnatmann 80 &#8211; Achtzig???\"}]},{\"@type\":\"WebSite\",\"@id\":\"https:\/\/www.dorstener-tafel.de\/#website\",\"url\":\"https:\/\/www.dorstener-tafel.de\/\",\"name\":\"Home | Tafel Dorsten\",\"description\":\"\",\"potentialAction\":[{\"@type\":\"SearchAction\",\"target\":{\"@type\":\"EntryPoint\",\"urlTemplate\":\"https:\/\/www.dorstener-tafel.de\/?s={search_term_string}\"},\"query-input\":{\"@type\":\"PropertyValueSpecification\",\"valueRequired\":true,\"valueName\":\"search_term_string\"}}],\"inLanguage\":\"de\"},{\"@type\":\"Person\",\"@id\":\"https:\/\/www.dorstener-tafel.de\/#\/schema\/person\/c9a6797db5c21dbeb0851056380dcb01\",\"name\":\"jotw\",\"image\":{\"@type\":\"ImageObject\",\"inLanguage\":\"de\",\"@id\":\"https:\/\/www.dorstener-tafel.de\/#\/schema\/person\/image\/\",\"url\":\"https:\/\/secure.gravatar.com\/avatar\/225c6088c3bfecfbb42a2a0d5c9556b6?s=96&d=retro&r=g\",\"contentUrl\":\"https:\/\/secure.gravatar.com\/avatar\/225c6088c3bfecfbb42a2a0d5c9556b6?s=96&d=retro&r=g\",\"caption\":\"jotw\"},\"url\":\"https:\/\/www.dorstener-tafel.de\/?author=1\"}]}<\/script>\n<!-- \/ Yoast SEO plugin. -->","yoast_head_json":{"title":"Hedwig Schnatmann 80 - Achtzig??? - Home | Tafel Dorsten","robots":{"index":"index","follow":"follow","max-snippet":"max-snippet:-1","max-image-preview":"max-image-preview:large","max-video-preview":"max-video-preview:-1"},"canonical":"https:\/\/www.dorstener-tafel.de\/?p=904","og_locale":"de_DE","og_type":"article","og_title":"Hedwig Schnatmann 80 - Achtzig??? - Home | Tafel Dorsten","og_description":"Als 2003 die Gr\u00fcndung einer &#8218;Tafel&#8216; in Angriff genommen wird, fragen die Initiatoren Pastor Eickmann-Gerland und Pastor Schlotmann die damals [&hellip;]","og_url":"https:\/\/www.dorstener-tafel.de\/?p=904","og_site_name":"Home | Tafel Dorsten","article_publisher":"https:\/\/www.facebook.com\/Dorstener-Tafel-eV-710109832448127\/","article_published_time":"2017-05-16T07:02:30+00:00","og_image":[{"width":713,"height":391,"url":"https:\/\/www.kvg-dorsten.de\/dorstener-tafel\/wordpress\/wp-content\/uploads\/2017\/05\/schnatmann2015-1.jpg","type":"image\/jpeg"}],"author":"jotw","twitter_card":"summary_large_image","twitter_misc":{"Verfasst von":"jotw","Gesch\u00e4tzte Lesezeit":"3\u00a0Minuten"},"schema":{"@context":"https:\/\/schema.org","@graph":[{"@type":"Article","@id":"https:\/\/www.dorstener-tafel.de\/?p=904#article","isPartOf":{"@id":"https:\/\/www.dorstener-tafel.de\/?p=904"},"author":{"name":"jotw","@id":"https:\/\/www.dorstener-tafel.de\/#\/schema\/person\/c9a6797db5c21dbeb0851056380dcb01"},"headline":"Hedwig Schnatmann 80 &#8211; Achtzig???","datePublished":"2017-05-16T07:02:30+00:00","mainEntityOfPage":{"@id":"https:\/\/www.dorstener-tafel.de\/?p=904"},"wordCount":513,"commentCount":0,"image":{"@id":"https:\/\/www.dorstener-tafel.de\/?p=904#primaryimage"},"thumbnailUrl":"https:\/\/www.kvg-dorsten.de\/dorstener-tafel\/wordpress\/wp-content\/uploads\/2017\/05\/schnatmann2015-1.jpg","articleSection":["Aktuelles"],"inLanguage":"de","potentialAction":[{"@type":"CommentAction","name":"Comment","target":["https:\/\/www.dorstener-tafel.de\/?p=904#respond"]}]},{"@type":"WebPage","@id":"https:\/\/www.dorstener-tafel.de\/?p=904","url":"https:\/\/www.dorstener-tafel.de\/?p=904","name":"Hedwig Schnatmann 80 - Achtzig??? - Home | Tafel Dorsten","isPartOf":{"@id":"https:\/\/www.dorstener-tafel.de\/#website"},"primaryImageOfPage":{"@id":"https:\/\/www.dorstener-tafel.de\/?p=904#primaryimage"},"image":{"@id":"https:\/\/www.dorstener-tafel.de\/?p=904#primaryimage"},"thumbnailUrl":"https:\/\/www.kvg-dorsten.de\/dorstener-tafel\/wordpress\/wp-content\/uploads\/2017\/05\/schnatmann2015-1.jpg","datePublished":"2017-05-16T07:02:30+00:00","author":{"@id":"https:\/\/www.dorstener-tafel.de\/#\/schema\/person\/c9a6797db5c21dbeb0851056380dcb01"},"breadcrumb":{"@id":"https:\/\/www.dorstener-tafel.de\/?p=904#breadcrumb"},"inLanguage":"de","potentialAction":[{"@type":"ReadAction","target":["https:\/\/www.dorstener-tafel.de\/?p=904"]}]},{"@type":"ImageObject","inLanguage":"de","@id":"https:\/\/www.dorstener-tafel.de\/?p=904#primaryimage","url":"https:\/\/www.kvg-dorsten.de\/dorstener-tafel\/wordpress\/wp-content\/uploads\/2017\/05\/schnatmann2015-1.jpg","contentUrl":"https:\/\/www.kvg-dorsten.de\/dorstener-tafel\/wordpress\/wp-content\/uploads\/2017\/05\/schnatmann2015-1.jpg","width":713,"height":391},{"@type":"BreadcrumbList","@id":"https:\/\/www.dorstener-tafel.de\/?p=904#breadcrumb","itemListElement":[{"@type":"ListItem","position":1,"name":"Home","item":"https:\/\/www.dorstener-tafel.de\/"},{"@type":"ListItem","position":2,"name":"Hedwig Schnatmann 80 &#8211; Achtzig???"}]},{"@type":"WebSite","@id":"https:\/\/www.dorstener-tafel.de\/#website","url":"https:\/\/www.dorstener-tafel.de\/","name":"Home | Tafel Dorsten","description":"","potentialAction":[{"@type":"SearchAction","target":{"@type":"EntryPoint","urlTemplate":"https:\/\/www.dorstener-tafel.de\/?s={search_term_string}"},"query-input":{"@type":"PropertyValueSpecification","valueRequired":true,"valueName":"search_term_string"}}],"inLanguage":"de"},{"@type":"Person","@id":"https:\/\/www.dorstener-tafel.de\/#\/schema\/person\/c9a6797db5c21dbeb0851056380dcb01","name":"jotw","image":{"@type":"ImageObject","inLanguage":"de","@id":"https:\/\/www.dorstener-tafel.de\/#\/schema\/person\/image\/","url":"https:\/\/secure.gravatar.com\/avatar\/225c6088c3bfecfbb42a2a0d5c9556b6?s=96&d=retro&r=g","contentUrl":"https:\/\/secure.gravatar.com\/avatar\/225c6088c3bfecfbb42a2a0d5c9556b6?s=96&d=retro&r=g","caption":"jotw"},"url":"https:\/\/www.dorstener-tafel.de\/?author=1"}]}},"_links":{"self":[{"href":"https:\/\/www.dorstener-tafel.de\/index.php?rest_route=\/wp\/v2\/posts\/904","targetHints":{"allow":["GET"]}}],"collection":[{"href":"https:\/\/www.dorstener-tafel.de\/index.php?rest_route=\/wp\/v2\/posts"}],"about":[{"href":"https:\/\/www.dorstener-tafel.de\/index.php?rest_route=\/wp\/v2\/types\/post"}],"author":[{"embeddable":true,"href":"https:\/\/www.dorstener-tafel.de\/index.php?rest_route=\/wp\/v2\/users\/1"}],"replies":[{"embeddable":true,"href":"https:\/\/www.dorstener-tafel.de\/index.php?rest_route=%2Fwp%2Fv2%2Fcomments&post=904"}],"version-history":[{"count":7,"href":"https:\/\/www.dorstener-tafel.de\/index.php?rest_route=\/wp\/v2\/posts\/904\/revisions"}],"predecessor-version":[{"id":917,"href":"https:\/\/www.dorstener-tafel.de\/index.php?rest_route=\/wp\/v2\/posts\/904\/revisions\/917"}],"wp:featuredmedia":[{"embeddable":true,"href":"https:\/\/www.dorstener-tafel.de\/index.php?rest_route=\/wp\/v2\/media\/911"}],"wp:attachment":[{"href":"https:\/\/www.dorstener-tafel.de\/index.php?rest_route=%2Fwp%2Fv2%2Fmedia&parent=904"}],"wp:term":[{"taxonomy":"category","embeddable":true,"href":"https:\/\/www.dorstener-tafel.de\/index.php?rest_route=%2Fwp%2Fv2%2Fcategories&post=904"},{"taxonomy":"post_tag","embeddable":true,"href":"https:\/\/www.dorstener-tafel.de\/index.php?rest_route=%2Fwp%2Fv2%2Ftags&post=904"}],"curies":[{"name":"wp","href":"https:\/\/api.w.org\/{rel}","templated":true}]}}