{"id":87,"date":"2013-12-19T00:59:13","date_gmt":"2013-12-18T23:59:13","guid":{"rendered":"http:\/\/www.kvg-dorsten.de\/dorstener-tafel\/wordpress\/?p=87"},"modified":"2015-09-18T01:05:19","modified_gmt":"2015-09-17T23:05:19","slug":"gaestezahlen-liessen-zu-wuenschen-uebrig-dorstener-tafel-schliesst-den-barkenberger-mittagstisch","status":"publish","type":"post","link":"https:\/\/www.dorstener-tafel.de\/?p=87","title":{"rendered":"G\u00e4stezahlen lie\u00dfen zu w\u00fcnschen \u00fcbrig:  Dorstener Tafel schlie\u00dft den Barkenberger Mittagstisch"},"content":{"rendered":"<p><span style=\"font-family: Tahoma;\">(Quelle: Dorstener Zeitung vom 19.12.2013)<\/span><\/p>\n<p class=\"short\"><span style=\"font-family: Tahoma;\">Die Dorstener Tafel hat am Mittwoch (18.12.) in Wulfen-Barkenberg ihren Mittagstisch geschlossen. Vorsitzender Herbert Rentmeister war pers\u00f6nlich erschienen, um den G\u00e4sten die Nachricht zu \u00fcberbringen. R\u00fcckl\u00e4ufige Zahlen bei der Nutzung seien der Grund daf\u00fcr, hie\u00df es.<\/span><\/p>\n<figure id=\"attachment_88\" aria-describedby=\"caption-attachment-88\" style=\"width: 624px\" class=\"wp-caption alignnone\"><a href=\"http:\/\/www.kvg-dorsten.de\/dorstener-tafel\/wordpress\/wp-content\/uploads\/2015\/09\/Dorstener-Tafel-schlie\u00dft-den-Barkenberger-Mittagstisch.jpg\" target=\"_blank\"><img loading=\"lazy\" decoding=\"async\" class=\"wp-image-88 size-full\" src=\"http:\/\/www.kvg-dorsten.de\/dorstener-tafel\/wordpress\/wp-content\/uploads\/2015\/09\/Dorstener-Tafel-schlie\u00dft-den-Barkenberger-Mittagstisch.jpg\" alt=\"Dorstener Tafel schlie\u00dft den Barkenberger Mittagstisch\" width=\"624\" height=\"416\" srcset=\"https:\/\/www.kvg-dorsten.de\/dorstener-tafel\/wordpress\/wp-content\/uploads\/2015\/09\/Dorstener-Tafel-schlie\u00dft-den-Barkenberger-Mittagstisch.jpg 624w, https:\/\/www.kvg-dorsten.de\/dorstener-tafel\/wordpress\/wp-content\/uploads\/2015\/09\/Dorstener-Tafel-schlie\u00dft-den-Barkenberger-Mittagstisch-300x200.jpg 300w\" sizes=\"auto, (max-width: 624px) 100vw, 624px\" \/><\/a><figcaption id=\"caption-attachment-88\" class=\"wp-caption-text\">Ilona Kotthaus (l.) und Ingrid Santowski kochten zum Abschluss ein leckeres Gericht. Foto: R\u00fcdiger Eggert<\/figcaption><\/figure>\n<p>Im Schnitt kamen nur sieben Menschen zum Essen in die R\u00e4ume am Handwerkshof. Der Vorstand sah keine andere M\u00f6glichkeit, als die K\u00fcche zu schlie\u00dfen. Die R\u00e4ume sollen jetzt vom Dorstener Laden genutzt werden, der aus allen N\u00e4hten platzt.<\/p>\n<p><strong>Zu wenig G\u00e4ste<\/strong><\/p>\n<p>Neun Erwachsene und zwei Kinder lie\u00dfen sich zum Abschied die H\u00e4hnchenbollen mit Kl\u00f6\u00dfen schmecken. Betroffene Gesichter verursachte Herbert Rentmeister, als er \u00fcber den Grund der Schlie\u00dfung berichtete, bat aber um Verst\u00e4ndnis: \u201eSch\u00f6n ist das nicht.\u201c Bis zu 30 Personen kamen in der Anfangszeit. \u201eDarunter waren auch etliche Durchreisende, die aber jetzt nach Dorsten in die Altstadt kommen\u201c, erkl\u00e4rte der Tafel-Vorsitzende Rentmeister.<\/p>\n<p>Die durchschnittliche Nutzung von sieben Personen rechtfertige den ehrenamtlichen Aufwand nicht, so Rentmeister. Zumal die R\u00e4umlichkeiten dringend f\u00fcr den Laden gebraucht w\u00fcrden. Das Angebot in der Dorstener Altstadt bleibt indes weiter bestehen.<\/p>\n","protected":false},"excerpt":{"rendered":"<p>(Quelle: Dorstener Zeitung vom 19.12.2013) Die Dorstener Tafel hat am Mittwoch (18.12.) in Wulfen-Barkenberg ihren Mittagstisch geschlossen. Vorsitzender Herbert Rentmeister [&hellip;]<\/p>\n","protected":false},"author":1,"featured_media":0,"comment_status":"open","ping_status":"open","sticky":false,"template":"","format":"standard","meta":{"footnotes":""},"categories":[1,4],"tags":[],"class_list":["post-87","post","type-post","status-publish","format-standard","hentry","category-allgemein","category-presse"],"yoast_head":"<!-- This site is optimized with the Yoast SEO plugin v26.8 - https:\/\/yoast.com\/product\/yoast-seo-wordpress\/ -->\n<title>G\u00e4stezahlen lie\u00dfen zu w\u00fcnschen \u00fcbrig: Dorstener Tafel schlie\u00dft den Barkenberger Mittagstisch - Home | Tafel Dorsten<\/title>\n<meta name=\"robots\" content=\"index, follow, max-snippet:-1, max-image-preview:large, max-video-preview:-1\" \/>\n<link rel=\"canonical\" href=\"https:\/\/www.dorstener-tafel.de\/?p=87\" \/>\n<meta property=\"og:locale\" content=\"de_DE\" \/>\n<meta property=\"og:type\" content=\"article\" \/>\n<meta property=\"og:title\" content=\"G\u00e4stezahlen lie\u00dfen zu w\u00fcnschen \u00fcbrig: Dorstener Tafel schlie\u00dft den Barkenberger Mittagstisch - Home | Tafel Dorsten\" \/>\n<meta property=\"og:description\" content=\"(Quelle: Dorstener Zeitung vom 19.12.2013) Die Dorstener Tafel hat am Mittwoch (18.12.) in Wulfen-Barkenberg ihren Mittagstisch geschlossen. Vorsitzender Herbert Rentmeister [&hellip;]\" \/>\n<meta property=\"og:url\" content=\"https:\/\/www.dorstener-tafel.de\/?p=87\" \/>\n<meta property=\"og:site_name\" content=\"Home | Tafel Dorsten\" \/>\n<meta property=\"article:publisher\" content=\"https:\/\/www.facebook.com\/Dorstener-Tafel-eV-710109832448127\/\" \/>\n<meta property=\"article:published_time\" content=\"2013-12-18T23:59:13+00:00\" \/>\n<meta property=\"article:modified_time\" content=\"2015-09-17T23:05:19+00:00\" \/>\n<meta property=\"og:image\" content=\"http:\/\/www.kvg-dorsten.de\/dorstener-tafel\/wordpress\/wp-content\/uploads\/2015\/09\/Dorstener-Tafel-schlie\u00dft-den-Barkenberger-Mittagstisch.jpg\" \/>\n<meta name=\"author\" content=\"jotw\" \/>\n<meta name=\"twitter:card\" content=\"summary_large_image\" \/>\n<meta name=\"twitter:label1\" content=\"Verfasst von\" \/>\n\t<meta name=\"twitter:data1\" content=\"jotw\" \/>\n\t<meta name=\"twitter:label2\" content=\"Gesch\u00e4tzte Lesezeit\" \/>\n\t<meta name=\"twitter:data2\" content=\"1\u00a0Minute\" \/>\n<script type=\"application\/ld+json\" class=\"yoast-schema-graph\">{\"@context\":\"https:\/\/schema.org\",\"@graph\":[{\"@type\":\"Article\",\"@id\":\"https:\/\/www.dorstener-tafel.de\/?p=87#article\",\"isPartOf\":{\"@id\":\"https:\/\/www.dorstener-tafel.de\/?p=87\"},\"author\":{\"name\":\"jotw\",\"@id\":\"https:\/\/www.dorstener-tafel.de\/#\/schema\/person\/c9a6797db5c21dbeb0851056380dcb01\"},\"headline\":\"G\u00e4stezahlen lie\u00dfen zu w\u00fcnschen \u00fcbrig: Dorstener Tafel schlie\u00dft den Barkenberger Mittagstisch\",\"datePublished\":\"2013-12-18T23:59:13+00:00\",\"dateModified\":\"2015-09-17T23:05:19+00:00\",\"mainEntityOfPage\":{\"@id\":\"https:\/\/www.dorstener-tafel.de\/?p=87\"},\"wordCount\":232,\"commentCount\":0,\"articleSection\":[\"Aktuelles\",\"Presse\"],\"inLanguage\":\"de\",\"potentialAction\":[{\"@type\":\"CommentAction\",\"name\":\"Comment\",\"target\":[\"https:\/\/www.dorstener-tafel.de\/?p=87#respond\"]}]},{\"@type\":\"WebPage\",\"@id\":\"https:\/\/www.dorstener-tafel.de\/?p=87\",\"url\":\"https:\/\/www.dorstener-tafel.de\/?p=87\",\"name\":\"G\u00e4stezahlen lie\u00dfen zu w\u00fcnschen \u00fcbrig: Dorstener Tafel schlie\u00dft den Barkenberger Mittagstisch - Home | Tafel Dorsten\",\"isPartOf\":{\"@id\":\"https:\/\/www.dorstener-tafel.de\/#website\"},\"datePublished\":\"2013-12-18T23:59:13+00:00\",\"dateModified\":\"2015-09-17T23:05:19+00:00\",\"author\":{\"@id\":\"https:\/\/www.dorstener-tafel.de\/#\/schema\/person\/c9a6797db5c21dbeb0851056380dcb01\"},\"breadcrumb\":{\"@id\":\"https:\/\/www.dorstener-tafel.de\/?p=87#breadcrumb\"},\"inLanguage\":\"de\",\"potentialAction\":[{\"@type\":\"ReadAction\",\"target\":[\"https:\/\/www.dorstener-tafel.de\/?p=87\"]}]},{\"@type\":\"BreadcrumbList\",\"@id\":\"https:\/\/www.dorstener-tafel.de\/?p=87#breadcrumb\",\"itemListElement\":[{\"@type\":\"ListItem\",\"position\":1,\"name\":\"Home\",\"item\":\"https:\/\/www.dorstener-tafel.de\/\"},{\"@type\":\"ListItem\",\"position\":2,\"name\":\"G\u00e4stezahlen lie\u00dfen zu w\u00fcnschen \u00fcbrig: Dorstener Tafel schlie\u00dft den Barkenberger Mittagstisch\"}]},{\"@type\":\"WebSite\",\"@id\":\"https:\/\/www.dorstener-tafel.de\/#website\",\"url\":\"https:\/\/www.dorstener-tafel.de\/\",\"name\":\"Home | Tafel Dorsten\",\"description\":\"\",\"potentialAction\":[{\"@type\":\"SearchAction\",\"target\":{\"@type\":\"EntryPoint\",\"urlTemplate\":\"https:\/\/www.dorstener-tafel.de\/?s={search_term_string}\"},\"query-input\":{\"@type\":\"PropertyValueSpecification\",\"valueRequired\":true,\"valueName\":\"search_term_string\"}}],\"inLanguage\":\"de\"},{\"@type\":\"Person\",\"@id\":\"https:\/\/www.dorstener-tafel.de\/#\/schema\/person\/c9a6797db5c21dbeb0851056380dcb01\",\"name\":\"jotw\",\"image\":{\"@type\":\"ImageObject\",\"inLanguage\":\"de\",\"@id\":\"https:\/\/www.dorstener-tafel.de\/#\/schema\/person\/image\/\",\"url\":\"https:\/\/secure.gravatar.com\/avatar\/225c6088c3bfecfbb42a2a0d5c9556b6?s=96&d=retro&r=g\",\"contentUrl\":\"https:\/\/secure.gravatar.com\/avatar\/225c6088c3bfecfbb42a2a0d5c9556b6?s=96&d=retro&r=g\",\"caption\":\"jotw\"},\"url\":\"https:\/\/www.dorstener-tafel.de\/?author=1\"}]}<\/script>\n<!-- \/ Yoast SEO plugin. -->","yoast_head_json":{"title":"G\u00e4stezahlen lie\u00dfen zu w\u00fcnschen \u00fcbrig: Dorstener Tafel schlie\u00dft den Barkenberger Mittagstisch - Home | Tafel Dorsten","robots":{"index":"index","follow":"follow","max-snippet":"max-snippet:-1","max-image-preview":"max-image-preview:large","max-video-preview":"max-video-preview:-1"},"canonical":"https:\/\/www.dorstener-tafel.de\/?p=87","og_locale":"de_DE","og_type":"article","og_title":"G\u00e4stezahlen lie\u00dfen zu w\u00fcnschen \u00fcbrig: Dorstener Tafel schlie\u00dft den Barkenberger Mittagstisch - Home | Tafel Dorsten","og_description":"(Quelle: Dorstener Zeitung vom 19.12.2013) Die Dorstener Tafel hat am Mittwoch (18.12.) in Wulfen-Barkenberg ihren Mittagstisch geschlossen. Vorsitzender Herbert Rentmeister [&hellip;]","og_url":"https:\/\/www.dorstener-tafel.de\/?p=87","og_site_name":"Home | Tafel Dorsten","article_publisher":"https:\/\/www.facebook.com\/Dorstener-Tafel-eV-710109832448127\/","article_published_time":"2013-12-18T23:59:13+00:00","article_modified_time":"2015-09-17T23:05:19+00:00","og_image":[{"url":"http:\/\/www.kvg-dorsten.de\/dorstener-tafel\/wordpress\/wp-content\/uploads\/2015\/09\/Dorstener-Tafel-schlie\u00dft-den-Barkenberger-Mittagstisch.jpg","type":"","width":"","height":""}],"author":"jotw","twitter_card":"summary_large_image","twitter_misc":{"Verfasst von":"jotw","Gesch\u00e4tzte Lesezeit":"1\u00a0Minute"},"schema":{"@context":"https:\/\/schema.org","@graph":[{"@type":"Article","@id":"https:\/\/www.dorstener-tafel.de\/?p=87#article","isPartOf":{"@id":"https:\/\/www.dorstener-tafel.de\/?p=87"},"author":{"name":"jotw","@id":"https:\/\/www.dorstener-tafel.de\/#\/schema\/person\/c9a6797db5c21dbeb0851056380dcb01"},"headline":"G\u00e4stezahlen lie\u00dfen zu w\u00fcnschen \u00fcbrig: Dorstener Tafel schlie\u00dft den Barkenberger Mittagstisch","datePublished":"2013-12-18T23:59:13+00:00","dateModified":"2015-09-17T23:05:19+00:00","mainEntityOfPage":{"@id":"https:\/\/www.dorstener-tafel.de\/?p=87"},"wordCount":232,"commentCount":0,"articleSection":["Aktuelles","Presse"],"inLanguage":"de","potentialAction":[{"@type":"CommentAction","name":"Comment","target":["https:\/\/www.dorstener-tafel.de\/?p=87#respond"]}]},{"@type":"WebPage","@id":"https:\/\/www.dorstener-tafel.de\/?p=87","url":"https:\/\/www.dorstener-tafel.de\/?p=87","name":"G\u00e4stezahlen lie\u00dfen zu w\u00fcnschen \u00fcbrig: Dorstener Tafel schlie\u00dft den Barkenberger Mittagstisch - Home | Tafel Dorsten","isPartOf":{"@id":"https:\/\/www.dorstener-tafel.de\/#website"},"datePublished":"2013-12-18T23:59:13+00:00","dateModified":"2015-09-17T23:05:19+00:00","author":{"@id":"https:\/\/www.dorstener-tafel.de\/#\/schema\/person\/c9a6797db5c21dbeb0851056380dcb01"},"breadcrumb":{"@id":"https:\/\/www.dorstener-tafel.de\/?p=87#breadcrumb"},"inLanguage":"de","potentialAction":[{"@type":"ReadAction","target":["https:\/\/www.dorstener-tafel.de\/?p=87"]}]},{"@type":"BreadcrumbList","@id":"https:\/\/www.dorstener-tafel.de\/?p=87#breadcrumb","itemListElement":[{"@type":"ListItem","position":1,"name":"Home","item":"https:\/\/www.dorstener-tafel.de\/"},{"@type":"ListItem","position":2,"name":"G\u00e4stezahlen lie\u00dfen zu w\u00fcnschen \u00fcbrig: Dorstener Tafel schlie\u00dft den Barkenberger Mittagstisch"}]},{"@type":"WebSite","@id":"https:\/\/www.dorstener-tafel.de\/#website","url":"https:\/\/www.dorstener-tafel.de\/","name":"Home | Tafel Dorsten","description":"","potentialAction":[{"@type":"SearchAction","target":{"@type":"EntryPoint","urlTemplate":"https:\/\/www.dorstener-tafel.de\/?s={search_term_string}"},"query-input":{"@type":"PropertyValueSpecification","valueRequired":true,"valueName":"search_term_string"}}],"inLanguage":"de"},{"@type":"Person","@id":"https:\/\/www.dorstener-tafel.de\/#\/schema\/person\/c9a6797db5c21dbeb0851056380dcb01","name":"jotw","image":{"@type":"ImageObject","inLanguage":"de","@id":"https:\/\/www.dorstener-tafel.de\/#\/schema\/person\/image\/","url":"https:\/\/secure.gravatar.com\/avatar\/225c6088c3bfecfbb42a2a0d5c9556b6?s=96&d=retro&r=g","contentUrl":"https:\/\/secure.gravatar.com\/avatar\/225c6088c3bfecfbb42a2a0d5c9556b6?s=96&d=retro&r=g","caption":"jotw"},"url":"https:\/\/www.dorstener-tafel.de\/?author=1"}]}},"_links":{"self":[{"href":"https:\/\/www.dorstener-tafel.de\/index.php?rest_route=\/wp\/v2\/posts\/87","targetHints":{"allow":["GET"]}}],"collection":[{"href":"https:\/\/www.dorstener-tafel.de\/index.php?rest_route=\/wp\/v2\/posts"}],"about":[{"href":"https:\/\/www.dorstener-tafel.de\/index.php?rest_route=\/wp\/v2\/types\/post"}],"author":[{"embeddable":true,"href":"https:\/\/www.dorstener-tafel.de\/index.php?rest_route=\/wp\/v2\/users\/1"}],"replies":[{"embeddable":true,"href":"https:\/\/www.dorstener-tafel.de\/index.php?rest_route=%2Fwp%2Fv2%2Fcomments&post=87"}],"version-history":[{"count":2,"href":"https:\/\/www.dorstener-tafel.de\/index.php?rest_route=\/wp\/v2\/posts\/87\/revisions"}],"predecessor-version":[{"id":160,"href":"https:\/\/www.dorstener-tafel.de\/index.php?rest_route=\/wp\/v2\/posts\/87\/revisions\/160"}],"wp:attachment":[{"href":"https:\/\/www.dorstener-tafel.de\/index.php?rest_route=%2Fwp%2Fv2%2Fmedia&parent=87"}],"wp:term":[{"taxonomy":"category","embeddable":true,"href":"https:\/\/www.dorstener-tafel.de\/index.php?rest_route=%2Fwp%2Fv2%2Fcategories&post=87"},{"taxonomy":"post_tag","embeddable":true,"href":"https:\/\/www.dorstener-tafel.de\/index.php?rest_route=%2Fwp%2Fv2%2Ftags&post=87"}],"curies":[{"name":"wp","href":"https:\/\/api.w.org\/{rel}","templated":true}]}}