{"id":85,"date":"2014-01-31T00:54:00","date_gmt":"2014-01-30T23:54:00","guid":{"rendered":"http:\/\/www.kvg-dorsten.de\/dorstener-tafel\/wordpress\/?p=85"},"modified":"2015-09-17T00:54:24","modified_gmt":"2015-09-16T22:54:24","slug":"neues-von-der-tafel","status":"publish","type":"post","link":"https:\/\/www.dorstener-tafel.de\/?p=85","title":{"rendered":"Neues von der Tafel"},"content":{"rendered":"<p>Die <strong>Weihnachtsp\u00e4ckchenaktion <\/strong>ist sehr erfolgreich verlaufen, weit \u00fcber 500 P\u00e4ckchen konnten weitergegeben werden. Zus\u00e4tzlich zu den Lebensmitteln, die wir von den Gesch\u00e4ften kurz vor Ablauf des MHD erhalten, ist die Weihnachtsp\u00e4ckchenaktion eine gute Erg\u00e4nzung, Menschen mit geringem Einkommen die Festtage auch wirklich zum Fest werden zu lassen. Es gibt zwar immer mehr Aktionen zur Weihnachtszeit, aber die Ehrenamtlichkeit der Tafel (<strong>100 % der Spenden kommen da an, wo sie hingeh\u00f6ren<\/strong>) f\u00fchrt zu einem hohen Zutrauen in die Aktion. Wichtig ist auch die Unterst\u00fctzung durch die Schulen: Maximilian-Kolbe-Grundschule Schermbeck,\u00a0 Gymnasium Petrinum, Erich-Klausener-Realschule und neu in diesem Jahr das St. Ursula-Gymnasium. Ein besonderer Dank geb\u00fchrt auch den 11 Sammelstationen in der Stadt, die die Pakete zus\u00e4tzlich zu ihrem normalen &#8222;Gesch\u00e4ft&#8220; aufnehmen. Besonders erw\u00e4hnt werden sollte auch, dass die LEG uns den ehemaligen Fris\u00f6rladen kostenfrei f\u00fcr die Aktion zur Verf\u00fcgung gestellt hat.<\/p>\n<p>Der <strong>Umbau des ehemaligen Essensraumes und der K\u00fcche<\/strong> ist in vollem Gang. Der Essraum steht nun dem Kinderkleidermarkt zur Verf\u00fcgung, die W\u00e4nde werden mit Regalen best\u00fcckt, sodass Sommer- und Winterware passend ausgelegt und gelagert werden k\u00f6nnen. In der K\u00fcche und im Flurbereich werden Regale als Lagerfl\u00e4che f\u00fcr den Laden errichtet, die K\u00fcche steht auch den Helferinnen und Helfern als Aufenthaltsraum zur Verf\u00fcgung. Dort ist dann auch der einzige Raum, den wir beheizen. Das Lebensmittellager und der Verkaufsraum werden nat\u00fcrlich nicht beheizt, damit die Ware nicht verdirbt. Bisher stand den Mitarbeiterinnen im Winter also kein Raum zum Aufw\u00e4rmen zur Verf\u00fcgung! Manchmal war es in der K\u00fchlzelle w\u00e4rmer als im Verkaufsraum &#8230;<\/p>\n<p><strong>Schwerpunkte in diesem Jahr<\/strong>: Trotz r\u00fcckl\u00e4ufiger Einwohnerzahlen steigt die Anzahl der Kunden in unserem Laden. <strong>Wir ben\u00f6tigen mehr Ware, m\u00fcssen also Lieferanten gewinnen.<\/strong> Warum gibt es in Dorsten immer noch L\u00e4den, die unverdorbene Lebensmittel durch Container und die M\u00fcllabfuhr entsorgen, wenn unsere Fahrer die Ware abholen w\u00fcrden?<br \/>\nEin zweites Problem: Der Januar war sehr lang, insgesamt 5 Wochen musste man rechnen. Dazu kommen die Abbuchungen f\u00fcr Versicherungen. Sehr viele Kunden mussten bei uns anschreiben lassen &#8211; wir reden da \u00fcber Betr\u00e4ge um die 3 \u20ac! Der Juli hat in diesem Jahr auch f\u00fcnf Wochen. Monate haben ja in der Regel vier Wochen, doch wenn der 1. auf einen Mittwoch f\u00e4llt, ist die erste Woche ja quasi noch eine volle Woche und bis zum Monatsende folgen noch vier ganze Wochen. Leicht ist dann f\u00fcr die letzte Woche kein Geld mehr da. Wir sp\u00fcren das bei uns direkt durch einen akuten Kundenanstieg und das Anschreibenlassen.<\/p>\n<p>&nbsp;<\/p>\n<p><strong>Ganz wichtig: Herzlichen Dank an alle Spender, sei es an die Lebensmittelspender (Gesch\u00e4fte), die Geldspender, die Sternsingerinnen und Sternsinger, die Kirchengemeinden und die Privatpersonen, die uns unterst\u00fctzen!<\/strong><\/p>\n","protected":false},"excerpt":{"rendered":"<p>Die Weihnachtsp\u00e4ckchenaktion ist sehr erfolgreich verlaufen, weit \u00fcber 500 P\u00e4ckchen konnten weitergegeben werden. Zus\u00e4tzlich zu den Lebensmitteln, die wir von [&hellip;]<\/p>\n","protected":false},"author":1,"featured_media":0,"comment_status":"open","ping_status":"open","sticky":false,"template":"","format":"standard","meta":{"footnotes":""},"categories":[1],"tags":[],"class_list":["post-85","post","type-post","status-publish","format-standard","hentry","category-allgemein"],"yoast_head":"<!-- This site is optimized with the Yoast SEO plugin v26.8 - https:\/\/yoast.com\/product\/yoast-seo-wordpress\/ -->\n<title>Neues von der Tafel - Home | Tafel Dorsten<\/title>\n<meta name=\"robots\" content=\"index, follow, max-snippet:-1, max-image-preview:large, max-video-preview:-1\" \/>\n<link rel=\"canonical\" href=\"https:\/\/www.dorstener-tafel.de\/?p=85\" \/>\n<meta property=\"og:locale\" content=\"de_DE\" \/>\n<meta property=\"og:type\" content=\"article\" \/>\n<meta property=\"og:title\" content=\"Neues von der Tafel - Home | Tafel Dorsten\" \/>\n<meta property=\"og:description\" content=\"Die Weihnachtsp\u00e4ckchenaktion ist sehr erfolgreich verlaufen, weit \u00fcber 500 P\u00e4ckchen konnten weitergegeben werden. Zus\u00e4tzlich zu den Lebensmitteln, die wir von [&hellip;]\" \/>\n<meta property=\"og:url\" content=\"https:\/\/www.dorstener-tafel.de\/?p=85\" \/>\n<meta property=\"og:site_name\" content=\"Home | Tafel Dorsten\" \/>\n<meta property=\"article:publisher\" content=\"https:\/\/www.facebook.com\/Dorstener-Tafel-eV-710109832448127\/\" \/>\n<meta property=\"article:published_time\" content=\"2014-01-30T23:54:00+00:00\" \/>\n<meta property=\"article:modified_time\" content=\"2015-09-16T22:54:24+00:00\" \/>\n<meta name=\"author\" content=\"jotw\" \/>\n<meta name=\"twitter:card\" content=\"summary_large_image\" \/>\n<meta name=\"twitter:label1\" content=\"Verfasst von\" \/>\n\t<meta name=\"twitter:data1\" content=\"jotw\" \/>\n\t<meta name=\"twitter:label2\" content=\"Gesch\u00e4tzte Lesezeit\" \/>\n\t<meta name=\"twitter:data2\" content=\"2\u00a0Minuten\" \/>\n<script type=\"application\/ld+json\" class=\"yoast-schema-graph\">{\"@context\":\"https:\/\/schema.org\",\"@graph\":[{\"@type\":\"Article\",\"@id\":\"https:\/\/www.dorstener-tafel.de\/?p=85#article\",\"isPartOf\":{\"@id\":\"https:\/\/www.dorstener-tafel.de\/?p=85\"},\"author\":{\"name\":\"jotw\",\"@id\":\"https:\/\/www.dorstener-tafel.de\/#\/schema\/person\/c9a6797db5c21dbeb0851056380dcb01\"},\"headline\":\"Neues von der Tafel\",\"datePublished\":\"2014-01-30T23:54:00+00:00\",\"dateModified\":\"2015-09-16T22:54:24+00:00\",\"mainEntityOfPage\":{\"@id\":\"https:\/\/www.dorstener-tafel.de\/?p=85\"},\"wordCount\":471,\"commentCount\":0,\"articleSection\":[\"Aktuelles\"],\"inLanguage\":\"de\",\"potentialAction\":[{\"@type\":\"CommentAction\",\"name\":\"Comment\",\"target\":[\"https:\/\/www.dorstener-tafel.de\/?p=85#respond\"]}]},{\"@type\":\"WebPage\",\"@id\":\"https:\/\/www.dorstener-tafel.de\/?p=85\",\"url\":\"https:\/\/www.dorstener-tafel.de\/?p=85\",\"name\":\"Neues von der Tafel - Home | Tafel Dorsten\",\"isPartOf\":{\"@id\":\"https:\/\/www.dorstener-tafel.de\/#website\"},\"datePublished\":\"2014-01-30T23:54:00+00:00\",\"dateModified\":\"2015-09-16T22:54:24+00:00\",\"author\":{\"@id\":\"https:\/\/www.dorstener-tafel.de\/#\/schema\/person\/c9a6797db5c21dbeb0851056380dcb01\"},\"breadcrumb\":{\"@id\":\"https:\/\/www.dorstener-tafel.de\/?p=85#breadcrumb\"},\"inLanguage\":\"de\",\"potentialAction\":[{\"@type\":\"ReadAction\",\"target\":[\"https:\/\/www.dorstener-tafel.de\/?p=85\"]}]},{\"@type\":\"BreadcrumbList\",\"@id\":\"https:\/\/www.dorstener-tafel.de\/?p=85#breadcrumb\",\"itemListElement\":[{\"@type\":\"ListItem\",\"position\":1,\"name\":\"Home\",\"item\":\"https:\/\/www.dorstener-tafel.de\/\"},{\"@type\":\"ListItem\",\"position\":2,\"name\":\"Neues von der Tafel\"}]},{\"@type\":\"WebSite\",\"@id\":\"https:\/\/www.dorstener-tafel.de\/#website\",\"url\":\"https:\/\/www.dorstener-tafel.de\/\",\"name\":\"Home | Tafel Dorsten\",\"description\":\"\",\"potentialAction\":[{\"@type\":\"SearchAction\",\"target\":{\"@type\":\"EntryPoint\",\"urlTemplate\":\"https:\/\/www.dorstener-tafel.de\/?s={search_term_string}\"},\"query-input\":{\"@type\":\"PropertyValueSpecification\",\"valueRequired\":true,\"valueName\":\"search_term_string\"}}],\"inLanguage\":\"de\"},{\"@type\":\"Person\",\"@id\":\"https:\/\/www.dorstener-tafel.de\/#\/schema\/person\/c9a6797db5c21dbeb0851056380dcb01\",\"name\":\"jotw\",\"image\":{\"@type\":\"ImageObject\",\"inLanguage\":\"de\",\"@id\":\"https:\/\/www.dorstener-tafel.de\/#\/schema\/person\/image\/\",\"url\":\"https:\/\/secure.gravatar.com\/avatar\/225c6088c3bfecfbb42a2a0d5c9556b6?s=96&d=retro&r=g\",\"contentUrl\":\"https:\/\/secure.gravatar.com\/avatar\/225c6088c3bfecfbb42a2a0d5c9556b6?s=96&d=retro&r=g\",\"caption\":\"jotw\"},\"url\":\"https:\/\/www.dorstener-tafel.de\/?author=1\"}]}<\/script>\n<!-- \/ Yoast SEO plugin. -->","yoast_head_json":{"title":"Neues von der Tafel - Home | Tafel Dorsten","robots":{"index":"index","follow":"follow","max-snippet":"max-snippet:-1","max-image-preview":"max-image-preview:large","max-video-preview":"max-video-preview:-1"},"canonical":"https:\/\/www.dorstener-tafel.de\/?p=85","og_locale":"de_DE","og_type":"article","og_title":"Neues von der Tafel - Home | Tafel Dorsten","og_description":"Die Weihnachtsp\u00e4ckchenaktion ist sehr erfolgreich verlaufen, weit \u00fcber 500 P\u00e4ckchen konnten weitergegeben werden. Zus\u00e4tzlich zu den Lebensmitteln, die wir von [&hellip;]","og_url":"https:\/\/www.dorstener-tafel.de\/?p=85","og_site_name":"Home | Tafel Dorsten","article_publisher":"https:\/\/www.facebook.com\/Dorstener-Tafel-eV-710109832448127\/","article_published_time":"2014-01-30T23:54:00+00:00","article_modified_time":"2015-09-16T22:54:24+00:00","author":"jotw","twitter_card":"summary_large_image","twitter_misc":{"Verfasst von":"jotw","Gesch\u00e4tzte Lesezeit":"2\u00a0Minuten"},"schema":{"@context":"https:\/\/schema.org","@graph":[{"@type":"Article","@id":"https:\/\/www.dorstener-tafel.de\/?p=85#article","isPartOf":{"@id":"https:\/\/www.dorstener-tafel.de\/?p=85"},"author":{"name":"jotw","@id":"https:\/\/www.dorstener-tafel.de\/#\/schema\/person\/c9a6797db5c21dbeb0851056380dcb01"},"headline":"Neues von der Tafel","datePublished":"2014-01-30T23:54:00+00:00","dateModified":"2015-09-16T22:54:24+00:00","mainEntityOfPage":{"@id":"https:\/\/www.dorstener-tafel.de\/?p=85"},"wordCount":471,"commentCount":0,"articleSection":["Aktuelles"],"inLanguage":"de","potentialAction":[{"@type":"CommentAction","name":"Comment","target":["https:\/\/www.dorstener-tafel.de\/?p=85#respond"]}]},{"@type":"WebPage","@id":"https:\/\/www.dorstener-tafel.de\/?p=85","url":"https:\/\/www.dorstener-tafel.de\/?p=85","name":"Neues von der Tafel - Home | Tafel Dorsten","isPartOf":{"@id":"https:\/\/www.dorstener-tafel.de\/#website"},"datePublished":"2014-01-30T23:54:00+00:00","dateModified":"2015-09-16T22:54:24+00:00","author":{"@id":"https:\/\/www.dorstener-tafel.de\/#\/schema\/person\/c9a6797db5c21dbeb0851056380dcb01"},"breadcrumb":{"@id":"https:\/\/www.dorstener-tafel.de\/?p=85#breadcrumb"},"inLanguage":"de","potentialAction":[{"@type":"ReadAction","target":["https:\/\/www.dorstener-tafel.de\/?p=85"]}]},{"@type":"BreadcrumbList","@id":"https:\/\/www.dorstener-tafel.de\/?p=85#breadcrumb","itemListElement":[{"@type":"ListItem","position":1,"name":"Home","item":"https:\/\/www.dorstener-tafel.de\/"},{"@type":"ListItem","position":2,"name":"Neues von der Tafel"}]},{"@type":"WebSite","@id":"https:\/\/www.dorstener-tafel.de\/#website","url":"https:\/\/www.dorstener-tafel.de\/","name":"Home | Tafel Dorsten","description":"","potentialAction":[{"@type":"SearchAction","target":{"@type":"EntryPoint","urlTemplate":"https:\/\/www.dorstener-tafel.de\/?s={search_term_string}"},"query-input":{"@type":"PropertyValueSpecification","valueRequired":true,"valueName":"search_term_string"}}],"inLanguage":"de"},{"@type":"Person","@id":"https:\/\/www.dorstener-tafel.de\/#\/schema\/person\/c9a6797db5c21dbeb0851056380dcb01","name":"jotw","image":{"@type":"ImageObject","inLanguage":"de","@id":"https:\/\/www.dorstener-tafel.de\/#\/schema\/person\/image\/","url":"https:\/\/secure.gravatar.com\/avatar\/225c6088c3bfecfbb42a2a0d5c9556b6?s=96&d=retro&r=g","contentUrl":"https:\/\/secure.gravatar.com\/avatar\/225c6088c3bfecfbb42a2a0d5c9556b6?s=96&d=retro&r=g","caption":"jotw"},"url":"https:\/\/www.dorstener-tafel.de\/?author=1"}]}},"_links":{"self":[{"href":"https:\/\/www.dorstener-tafel.de\/index.php?rest_route=\/wp\/v2\/posts\/85","targetHints":{"allow":["GET"]}}],"collection":[{"href":"https:\/\/www.dorstener-tafel.de\/index.php?rest_route=\/wp\/v2\/posts"}],"about":[{"href":"https:\/\/www.dorstener-tafel.de\/index.php?rest_route=\/wp\/v2\/types\/post"}],"author":[{"embeddable":true,"href":"https:\/\/www.dorstener-tafel.de\/index.php?rest_route=\/wp\/v2\/users\/1"}],"replies":[{"embeddable":true,"href":"https:\/\/www.dorstener-tafel.de\/index.php?rest_route=%2Fwp%2Fv2%2Fcomments&post=85"}],"version-history":[{"count":1,"href":"https:\/\/www.dorstener-tafel.de\/index.php?rest_route=\/wp\/v2\/posts\/85\/revisions"}],"predecessor-version":[{"id":86,"href":"https:\/\/www.dorstener-tafel.de\/index.php?rest_route=\/wp\/v2\/posts\/85\/revisions\/86"}],"wp:attachment":[{"href":"https:\/\/www.dorstener-tafel.de\/index.php?rest_route=%2Fwp%2Fv2%2Fmedia&parent=85"}],"wp:term":[{"taxonomy":"category","embeddable":true,"href":"https:\/\/www.dorstener-tafel.de\/index.php?rest_route=%2Fwp%2Fv2%2Fcategories&post=85"},{"taxonomy":"post_tag","embeddable":true,"href":"https:\/\/www.dorstener-tafel.de\/index.php?rest_route=%2Fwp%2Fv2%2Ftags&post=85"}],"curies":[{"name":"wp","href":"https:\/\/api.w.org\/{rel}","templated":true}]}}