{"id":845,"date":"2017-01-11T14:52:48","date_gmt":"2017-01-11T13:52:48","guid":{"rendered":"http:\/\/www.dorstener-tafel.de\/?p=845"},"modified":"2017-01-12T12:47:36","modified_gmt":"2017-01-12T11:47:36","slug":"845","status":"publish","type":"post","link":"https:\/\/www.dorstener-tafel.de\/?p=845","title":{"rendered":"Tafeln in NRW: Erh\u00f6hter Andrang"},"content":{"rendered":"<h5>Vorab<\/h5>\n<p>Anmerkungen zu dem folgenden Bericht aus der Sicht der Dorstener Tafel:<br \/>\nNoch m\u00fcssen wir keinen Aufnahmestopp verh\u00e4ngen; er droht aber: Nach erst zwei Ausgabetagen in diesem Jahr, bei den die Kundenausweise verl\u00e4ngert bzw. neu beantragt werden konnten, haben wir etwa 220 Kundenkarten ausgegeben; bei ca. 350 ist leider Schluss.<br \/>\nMehr als zwei Ausgabetage pro Woche f\u00fcr jeweils 3 Stunden sind allein aus personellen Gr\u00fcnden nicht m\u00f6glich; unsere Kunden k\u00f6nnen auch nur alle zwei Wochen einkaufen. Auf diese Weise k\u00f6nnen wir m\u00f6glichst viele zumindest ein bisschen unterst\u00fctzen.<\/p>\n<h5>Tafeln: Hilfe, keine Vollversorgung<\/h5>\n<p>Im Bericht steht, dass immer mehr Menschen &#8222;auf die Lebensmittelspenden der Tafeln angewiesen&#8220; sind. Das ist so nicht richtig: Immer mehr Menschen sind (leider!) auf (viel zu knapp bemessene!) staatliche Transferleistungen angewiesen; die rund 900 Tafeln in Deutschland k\u00f6nnen Bed\u00fcrftigen &#8217;nur&#8216; das Leben etwas leichter machen, sie unterst\u00fctzen, aber keine Vollversorgung bieten.<\/p>\n<h5>Essen, wo es hingeh\u00f6rt<\/h5>\n<p><img loading=\"lazy\" decoding=\"async\" class=\"alignnone wp-image-7 size-medium\" src=\"http:\/\/www.kvg-dorsten.de\/dorstener-tafel\/wordpress\/wp-content\/uploads\/2015\/09\/image001-300x77.jpg\" width=\"300\" height=\"77\" srcset=\"https:\/\/www.kvg-dorsten.de\/dorstener-tafel\/wordpress\/wp-content\/uploads\/2015\/09\/image001-300x77.jpg 300w, https:\/\/www.kvg-dorsten.de\/dorstener-tafel\/wordpress\/wp-content\/uploads\/2015\/09\/image001-1024x262.jpg 1024w, https:\/\/www.kvg-dorsten.de\/dorstener-tafel\/wordpress\/wp-content\/uploads\/2015\/09\/image001.jpg 1038w\" sizes=\"auto, (max-width: 300px) 100vw, 300px\" \/><\/p>\n<p>In vielen Berichten \u00fcber die Tafeln in Deutschland kommt ein Aspekt oft zu kurz: Die Tafeln sorgen daf\u00fcr, dass Tausende Tonnen einwandfreier Lebensmittel, deren einziges Manko es ist, kurz vorm MHD zu stehen oder &#8211; bei Brot &#8211; &#8218;von gestern&#8216; zu sein, nicht in der M\u00fcllverbrennung landen, sondern auf dem Teller, also da, wo sie\u00a0hingeh\u00f6ren. Hier ist sicherlich der Gesetzgeber gefordert, die Art der Kennzeichnung zu \u00e4ndern, aber auch\u00a0die Konsumenten sollten besser mal den Joghurt in Augenschein nehmen und dran riechen statt nur aufs ein Datum zu schauen: egal, ob ein Joghurt rechts- oder linksdrehend ist: er besitzt keine eingebaute Uhr, die ihm sagt, dass er am Abend des MHD\u00a0verdorben zu sein hat &#8230;<\/p>\n<hr \/>\n<h5>Quelle: www.RuhrNachrichten.de, 10.01.2017<\/h5>\n<p>________________<\/p>\n<h5>\u00a0Personal an der Grenze<\/h5>\n<h4>Zu viel Andrang: Aufnahmestopp an Tafeln in NRW<\/h4>\n<p>(NRW) Immer mehr Menschen in NRW sind auf die Lebensmittelspenden der Tafeln angewiesen. Im vergangenen Jahr verzeichneten die Tafeln rund ein Drittel mehr Bed\u00fcrftige &#8211; Menschen aus allen Bereichen. Alleinerziehende, Senioren, Aufstocker, Fl\u00fcchtlinge. Vielerorts gibt es einen Aufnahmestopp, in L\u00fcnen kam es deswegen j\u00fcngst zu Tumulten. Doch auch in anderen Orten sto\u00dfen die Ehrenamtlichen an ihre Grenzen. Ein \u00dcberblick.<\/p>\n<figure id=\"attachment_846\" aria-describedby=\"caption-attachment-846\" style=\"width: 624px\" class=\"wp-caption alignnone\"><a href=\"http:\/\/www.kvg-dorsten.de\/dorstener-tafel\/wordpress\/wp-content\/uploads\/2017\/01\/2017-01-10-5995256_m3w624h416q75v56266_Tafel_dieses.jpg\"><img loading=\"lazy\" decoding=\"async\" class=\"wp-image-846 size-full\" src=\"http:\/\/www.kvg-dorsten.de\/dorstener-tafel\/wordpress\/wp-content\/uploads\/2017\/01\/2017-01-10-5995256_m3w624h416q75v56266_Tafel_dieses.jpg\" width=\"624\" height=\"416\" srcset=\"https:\/\/www.kvg-dorsten.de\/dorstener-tafel\/wordpress\/wp-content\/uploads\/2017\/01\/2017-01-10-5995256_m3w624h416q75v56266_Tafel_dieses.jpg 624w, https:\/\/www.kvg-dorsten.de\/dorstener-tafel\/wordpress\/wp-content\/uploads\/2017\/01\/2017-01-10-5995256_m3w624h416q75v56266_Tafel_dieses-300x200.jpg 300w\" sizes=\"auto, (max-width: 624px) 100vw, 624px\" \/><\/a><figcaption id=\"caption-attachment-846\" class=\"wp-caption-text\">Immer mehr Menschen sind auf die Tafeln angewiesen. In NRW nahm die Zahl der Kunden um rund ein Drittel zu. Foto: Daniel Karmann\/dpa<\/figcaption><\/figure>\n<p>\u201eDie Anzahl der Bed\u00fcrftigen bei der Lebensmittelausgabe ist im Schnitt pro Tafel um rund ein Drittel gestiegen\u201c, sagte der Vorsitzende des Landesverbandes, Wolfgang Weilerswist. \u201eDie Zunahme haben wir nicht nur bei den Fl\u00fcchtlingen, sondern in allen Bereichen. Trotz des Mindestlohns.\u201c Unter den Bed\u00fcrftigen seien etwa Alleinerziehende, Senioren und Aufstocker, die nur ein sehr kleines Gehalt bekommen.\u00a0\u00a0\u201eEs sind vermehrt \u00e4ltere Menschen, die nur wenig Rente bekommen und alleinerziehende M\u00fctter hinzugekommen. Und im vergangenen Jahr \u2013 wie \u00fcberall in der Region \u2013 auch Fl\u00fcchtlinge\u201c, hat auch Nina Diering beobachtet, Tafel-Koordinatorin der Caritas in Castrop-Rauxel.<\/p>\n<p>In NRW gibt es rund 170 Tafeln. Sie bekommen Lebensmittel beispielsweise von gro\u00dfen Supermarktketten, die das Essen sonst wegwerfen w\u00fcrden, weil es gerade abgelaufen ist oder nicht sch\u00f6n aussieht. Kunden erhalten einen Ausweis, mit dem sie dann f\u00fcr sehr wenig Geld einkaufen k\u00f6nnen. An vielen Orten werden jedoch auf Grund von Aufnahmestopps keine neuen Ausweise mehr ausgegeben. Die Tafeln finanzieren sich ausschlie\u00dflich \u00fcber Spenden. Und leben von dem Einsatz der ehrenamlichen Mitarbeiter.<\/p>\n<h5>Aufnahmestopp in L\u00fcnen und in Werne<\/h5>\n<p>Doch die sto\u00dfen jetzt an ihre Grenzen.\u00a0\u201eWir schaffen das nicht mehr\u201c, sagte Ulrike Tr\u00fcmper\u00a0von der Unnaer Tafel e.V in der vergangenen Woche und verh\u00e4ngte einen Aufnahmestopp f\u00fcr die Ausgabestelle am Lindeneck in <strong>L\u00fcnen<\/strong>. Statt 90 Personen standen am ersten Termin des Jahres rund 150 vor der T\u00fcr. Viele der Abgewiesenen waren erbost, dass sie nichts bekamen. Ulrike Tr\u00fcmper sprach von &#8222;tumultartigen Zust\u00e4nden&#8220;. \u00a0&#8222;Ich kann verstehen, dass viele Leute lange Wege auf sich nehmen, und wir wollen helfen\u201c, so Ulrike Tr\u00fcmper. \u201eAber wir k\u00f6nnen nicht noch mehr Menschen versorgen.&#8220;<\/p>\n<p>Dass so viele Menschen bereits zum Anfang des Monats bei der Tafel anstehen, ist nach Beobachtung der Ehrenamtlichen in der Nachbarstadt <strong>Werne<\/strong> eher au\u00dfergew\u00f6hnlich. \u201eZum Monatsanfang kommen allgemein nicht so viele\u201c, sagt Dieter Schimmel, Koordinator der Tafel-Ausgabe in Werne.\u00a0F\u00fcr Werne gilt, wie f\u00fcr andere Ausgabestellen der Unnaer Tafel auch, bereits seit vergangenem Jahr ein Aufnahmestopp. \u201eG\u00e4be es den nicht, w\u00fcrden wir \u00fcberrannt werden\u201c, ist er \u00fcberzeugt. In <strong>Selm<\/strong> wurde der Aufnahmestopp erst j\u00fcngst wieder aufgehoben. Allerdings sind hier die Wartelisten extrem lang:\u00a0\u201eZuerst m\u00fcssen wir die Listen abarbeiten, weil diese momentan aufgrund des gro\u00dfen Andrangs immer noch \u00fcberlaufen\u201c, so Ulrike Tr\u00fcmper von der \u00fcbergeordneten Tafel Unna.<\/p>\n<p>Eine L\u00f6sung, um den Aufnahmestopp wieder zur\u00fcckzunehmen, w\u00fcrde laut Tr\u00fcmper zus\u00e4tzliche Ausgabestellen, Fahrzeuge und Lebensmittel erfordern. Allerdings: \u201eDer Lebensmittelfond ist endlich, auch wenn viele Gesch\u00e4fte wie Aldi, Lidl oder Kaufland uns unterst\u00fctzen\u201c, gibt sie sich realistisch.<\/p>\n<h5>Castrop-Rauxel nimmt noch Neukunden auf<\/h5>\n<p>Auch die Tafel in <strong>Castrop-Rauxel<\/strong> ist an ihren Grenzen angekommen, auch wenn hier noch neue Kunden aufgenommen werden. \u00a0\u201ePro Tag z\u00e4hlen wir rund 50 Familien als Kunden\u201c, so Diering. Damit befindet sich das Team durchaus an der Obergrenze von dem, was \u00fcberhaupt leistbar ist.\u00a0\u201eSollten es t\u00e4glich 60 Familien werden, m\u00fcssten wir \u00fcber einen Aufnahmestopp von Neukunden nachdenken.\u201c<\/p>\n<p>In der gro\u00dfen Nachbarstadt <strong>Dortmund <\/strong>versorgen rund 450 Helfer insgesamt rund 10.000 Bed\u00fcrftige. Weitere Menschen, die sich engagieren wollen, werden dringend gesucht. Denn allein 1400 Menschen stehen auf der Warteliste f\u00fcr die Dortmunder Tafel. Und diese Liste wird nicht k\u00fcrzer. Seit zehn Jahren nicht.<\/p>\n<p>Die Tafel in <strong>Dorsten<\/strong> hatte bereits im Januar 2016 einen Aufnahmestopp f\u00fcr das erste Halbjahr verh\u00e4ngt, nachdem die Nachfrage immens gestiegen war. Die Tafel in <strong>Ahaus<\/strong> versorgt\u00a0aktuell 414 Menschen aus Ahaus und Umgebung, darunter sind 202 Kinder unter 18 Jahren &#8211; eine seit einem Jahr ann\u00e4hernd konstante Zahl, die die 88 Ehrenamtlichen aber dennoch an ihre Grenzen bringt.\u00a0\u00a0&#8222;Mehr k\u00f6nnen wir als Ehrenamtliche einfach nicht leisten&#8220;, stellte Marlies Feldmann vom SKF-Vorstand, dem<a id=\"2899062\" href=\"https:\/\/www.ruhrnachrichten.de\/staedte\/ahaus\/Ahauser-Tafel-stoesst-an-Grenzen-Tafel-in-Ahaus-versorgt-rund-400-Menschen;art977,2899062\" target=\"_blank\"> Tr\u00e4ger der Tafel in Ahaus bereits 2015 fest.<\/a> Sowohl die Arbeits- als auch die Raumkapazit\u00e4ten in Ahaus sind ersch\u00f6pft.<\/p>\n<h5>In K\u00f6ln gibt es noch nicht einmal mehr Wartelisten<\/h5>\n<p>In der Ruhrstadt <strong>Schwerte<\/strong> konnten Kunden der Tafel fr\u00fcher immer zwei Mal pro Woche Lebensmittel kaufen. Seit 2015 sei das anders, sagt Jan-Dirk Hedt, Leiter der Schwerter Tafel. \u201eSeit Ende 2015 kommen auch viele Fl\u00fcchtlinge zu uns. Da haben wir dann festgelegt, dass Kunden nur noch an einem der beiden Tage einkaufen k\u00f6nnen.\u201c So sei das bei vielen Tafeln auch \u00fcblich, sagt er.<\/p>\n<p>Einen Aufnahmestopp gibt es in Schwerte bisher nicht, an jedem der beiden Ausgabetage kommen etwa 100 Menschen. Das sei zwar das Limit, die Zahlen pendeln sich aber ein, so Hedt, daher mache er sich keine Sorgen, dass es zu einem Stopp kommen k\u00f6nnte. Auch in Schwerte mache sich Altersarmut bemerkbar, sagt Hedt. Es k\u00e4men sehr viele Senioren, die auf die Tafel angewiesen seien.<\/p>\n<p>Die Tafel in <strong>K\u00f6ln<\/strong> ist stets auf der Suche nach neuen Partnern f\u00fcr Ausgabestellen. \u201e2016 ist eine in Chorweiler dazugekommen, wir k\u00f6nnen Kalk bald wiederer\u00f6ffnen. Longerich kommt Anfang 2017 dazu, und auch in Weiden m\u00fcssen wir dringend was tun\u201c, sagt Karin F\u00fcrhaupter, Vorsitzende der K\u00f6lner Tafel. Der Andrang in K\u00f6ln ist so gro\u00df, dass manche Mitarbeiter in den Ausgabestellen schon gar keine Wartelisten mehr f\u00fchren, berichtet F\u00fcrhaupter. Sie wollen den Menschen einfach keine falschen Hoffnungen machen.<\/p>\n<h5>Tafel-Netz ist umstritten<\/h5>\n<p>\u201eDer Bedarf ist unver\u00e4ndert hoch\u201c, sagt Michaela Hofmann, Gesch\u00e4ftsf\u00fchrerin im Arbeitsausschuss Armut der Freien Wohlfahrtspflege. Dort beobachtet man das anwachsende und sich verdichtende Tafel-Netz allerdings auch mit Sorge &#8211; denn eigentlich m\u00fcsste der Staat ein Existenzminimum der Menschen sichern, betont Hofmann. \u201eUnd das wird nicht erf\u00fcllt. Wenn dem so w\u00e4re, br\u00e4uchte man in der Form und Masse die Tafeln nicht.\u201c<\/p>\n<p>Die Tafel-Idee ist umstritten, weil sie den Staat aus seiner F\u00fcrsorgepflicht entl\u00e4sst. Monika Schl\u00fcter von der Dortmunder Tafel und bis zu ihrer Pensionierung ehemalige Baudezernentin in Werne, kann diese Kritik nachvollziehen. \u201eMein Standpunkt: Wenn Sozialleistungen nicht ausreichen, muss ich eben helfen. Weil das Leben teurer ist, als man es sich mit Hartz IV leisten kann.\u201c<\/p>\n<p><em>Mit Material von dpa<\/em><\/p>\n","protected":false},"excerpt":{"rendered":"<p>Vorab Anmerkungen zu dem folgenden Bericht aus der Sicht der Dorstener Tafel: Noch m\u00fcssen wir keinen Aufnahmestopp verh\u00e4ngen; er droht [&hellip;]<\/p>\n","protected":false},"author":1,"featured_media":454,"comment_status":"open","ping_status":"closed","sticky":false,"template":"","format":"standard","meta":{"footnotes":""},"categories":[1,4],"tags":[50,41,49,48],"class_list":["post-845","post","type-post","status-publish","format-standard","has-post-thumbnail","hentry","category-allgemein","category-presse","tag-andrang","tag-aufnahmestopp","tag-mhd","tag-nrw"],"yoast_head":"<!-- This site is optimized with the Yoast SEO plugin v26.8 - https:\/\/yoast.com\/product\/yoast-seo-wordpress\/ -->\n<title>Tafeln in NRW: Erh\u00f6hter Andrang - Home | Tafel Dorsten<\/title>\n<meta name=\"robots\" content=\"index, follow, max-snippet:-1, max-image-preview:large, max-video-preview:-1\" \/>\n<link rel=\"canonical\" href=\"https:\/\/www.dorstener-tafel.de\/?p=845\" \/>\n<meta property=\"og:locale\" content=\"de_DE\" \/>\n<meta property=\"og:type\" content=\"article\" \/>\n<meta property=\"og:title\" content=\"Tafeln in NRW: Erh\u00f6hter Andrang - Home | Tafel Dorsten\" \/>\n<meta property=\"og:description\" content=\"Vorab Anmerkungen zu dem folgenden Bericht aus der Sicht der Dorstener Tafel: Noch m\u00fcssen wir keinen Aufnahmestopp verh\u00e4ngen; er droht [&hellip;]\" \/>\n<meta property=\"og:url\" content=\"https:\/\/www.dorstener-tafel.de\/?p=845\" \/>\n<meta property=\"og:site_name\" content=\"Home | Tafel Dorsten\" \/>\n<meta property=\"article:publisher\" content=\"https:\/\/www.facebook.com\/Dorstener-Tafel-eV-710109832448127\/\" \/>\n<meta property=\"article:published_time\" content=\"2017-01-11T13:52:48+00:00\" \/>\n<meta property=\"article:modified_time\" content=\"2017-01-12T11:47:36+00:00\" \/>\n<meta property=\"og:image\" content=\"https:\/\/www.kvg-dorsten.de\/dorstener-tafel\/wordpress\/wp-content\/uploads\/2015\/09\/DSC01596-16001.jpg\" \/>\n\t<meta property=\"og:image:width\" content=\"1600\" \/>\n\t<meta property=\"og:image:height\" content=\"1071\" \/>\n\t<meta property=\"og:image:type\" content=\"image\/jpeg\" \/>\n<meta name=\"author\" content=\"jotw\" \/>\n<meta name=\"twitter:card\" content=\"summary_large_image\" \/>\n<meta name=\"twitter:label1\" content=\"Verfasst von\" \/>\n\t<meta name=\"twitter:data1\" content=\"jotw\" \/>\n\t<meta name=\"twitter:label2\" content=\"Gesch\u00e4tzte Lesezeit\" \/>\n\t<meta name=\"twitter:data2\" content=\"7\u00a0Minuten\" \/>\n<script type=\"application\/ld+json\" class=\"yoast-schema-graph\">{\"@context\":\"https:\/\/schema.org\",\"@graph\":[{\"@type\":\"Article\",\"@id\":\"https:\/\/www.dorstener-tafel.de\/?p=845#article\",\"isPartOf\":{\"@id\":\"https:\/\/www.dorstener-tafel.de\/?p=845\"},\"author\":{\"name\":\"jotw\",\"@id\":\"https:\/\/www.dorstener-tafel.de\/#\/schema\/person\/c9a6797db5c21dbeb0851056380dcb01\"},\"headline\":\"Tafeln in NRW: Erh\u00f6hter Andrang\",\"datePublished\":\"2017-01-11T13:52:48+00:00\",\"dateModified\":\"2017-01-12T11:47:36+00:00\",\"mainEntityOfPage\":{\"@id\":\"https:\/\/www.dorstener-tafel.de\/?p=845\"},\"wordCount\":1388,\"commentCount\":0,\"image\":{\"@id\":\"https:\/\/www.dorstener-tafel.de\/?p=845#primaryimage\"},\"thumbnailUrl\":\"https:\/\/www.kvg-dorsten.de\/dorstener-tafel\/wordpress\/wp-content\/uploads\/2015\/09\/DSC01596-16001.jpg\",\"keywords\":[\"Andrang\",\"Aufnahmestopp\",\"MHD\",\"NRW\"],\"articleSection\":[\"Aktuelles\",\"Presse\"],\"inLanguage\":\"de\",\"potentialAction\":[{\"@type\":\"CommentAction\",\"name\":\"Comment\",\"target\":[\"https:\/\/www.dorstener-tafel.de\/?p=845#respond\"]}]},{\"@type\":\"WebPage\",\"@id\":\"https:\/\/www.dorstener-tafel.de\/?p=845\",\"url\":\"https:\/\/www.dorstener-tafel.de\/?p=845\",\"name\":\"Tafeln in NRW: Erh\u00f6hter Andrang - Home | Tafel Dorsten\",\"isPartOf\":{\"@id\":\"https:\/\/www.dorstener-tafel.de\/#website\"},\"primaryImageOfPage\":{\"@id\":\"https:\/\/www.dorstener-tafel.de\/?p=845#primaryimage\"},\"image\":{\"@id\":\"https:\/\/www.dorstener-tafel.de\/?p=845#primaryimage\"},\"thumbnailUrl\":\"https:\/\/www.kvg-dorsten.de\/dorstener-tafel\/wordpress\/wp-content\/uploads\/2015\/09\/DSC01596-16001.jpg\",\"datePublished\":\"2017-01-11T13:52:48+00:00\",\"dateModified\":\"2017-01-12T11:47:36+00:00\",\"author\":{\"@id\":\"https:\/\/www.dorstener-tafel.de\/#\/schema\/person\/c9a6797db5c21dbeb0851056380dcb01\"},\"breadcrumb\":{\"@id\":\"https:\/\/www.dorstener-tafel.de\/?p=845#breadcrumb\"},\"inLanguage\":\"de\",\"potentialAction\":[{\"@type\":\"ReadAction\",\"target\":[\"https:\/\/www.dorstener-tafel.de\/?p=845\"]}]},{\"@type\":\"ImageObject\",\"inLanguage\":\"de\",\"@id\":\"https:\/\/www.dorstener-tafel.de\/?p=845#primaryimage\",\"url\":\"https:\/\/www.kvg-dorsten.de\/dorstener-tafel\/wordpress\/wp-content\/uploads\/2015\/09\/DSC01596-16001.jpg\",\"contentUrl\":\"https:\/\/www.kvg-dorsten.de\/dorstener-tafel\/wordpress\/wp-content\/uploads\/2015\/09\/DSC01596-16001.jpg\",\"width\":1600,\"height\":1071,\"caption\":\"SONY DSC\"},{\"@type\":\"BreadcrumbList\",\"@id\":\"https:\/\/www.dorstener-tafel.de\/?p=845#breadcrumb\",\"itemListElement\":[{\"@type\":\"ListItem\",\"position\":1,\"name\":\"Home\",\"item\":\"https:\/\/www.dorstener-tafel.de\/\"},{\"@type\":\"ListItem\",\"position\":2,\"name\":\"Tafeln in NRW: Erh\u00f6hter Andrang\"}]},{\"@type\":\"WebSite\",\"@id\":\"https:\/\/www.dorstener-tafel.de\/#website\",\"url\":\"https:\/\/www.dorstener-tafel.de\/\",\"name\":\"Home | Tafel Dorsten\",\"description\":\"\",\"potentialAction\":[{\"@type\":\"SearchAction\",\"target\":{\"@type\":\"EntryPoint\",\"urlTemplate\":\"https:\/\/www.dorstener-tafel.de\/?s={search_term_string}\"},\"query-input\":{\"@type\":\"PropertyValueSpecification\",\"valueRequired\":true,\"valueName\":\"search_term_string\"}}],\"inLanguage\":\"de\"},{\"@type\":\"Person\",\"@id\":\"https:\/\/www.dorstener-tafel.de\/#\/schema\/person\/c9a6797db5c21dbeb0851056380dcb01\",\"name\":\"jotw\",\"image\":{\"@type\":\"ImageObject\",\"inLanguage\":\"de\",\"@id\":\"https:\/\/www.dorstener-tafel.de\/#\/schema\/person\/image\/\",\"url\":\"https:\/\/secure.gravatar.com\/avatar\/225c6088c3bfecfbb42a2a0d5c9556b6?s=96&d=retro&r=g\",\"contentUrl\":\"https:\/\/secure.gravatar.com\/avatar\/225c6088c3bfecfbb42a2a0d5c9556b6?s=96&d=retro&r=g\",\"caption\":\"jotw\"},\"url\":\"https:\/\/www.dorstener-tafel.de\/?author=1\"}]}<\/script>\n<!-- \/ Yoast SEO plugin. -->","yoast_head_json":{"title":"Tafeln in NRW: Erh\u00f6hter Andrang - Home | Tafel Dorsten","robots":{"index":"index","follow":"follow","max-snippet":"max-snippet:-1","max-image-preview":"max-image-preview:large","max-video-preview":"max-video-preview:-1"},"canonical":"https:\/\/www.dorstener-tafel.de\/?p=845","og_locale":"de_DE","og_type":"article","og_title":"Tafeln in NRW: Erh\u00f6hter Andrang - Home | Tafel Dorsten","og_description":"Vorab Anmerkungen zu dem folgenden Bericht aus der Sicht der Dorstener Tafel: Noch m\u00fcssen wir keinen Aufnahmestopp verh\u00e4ngen; er droht [&hellip;]","og_url":"https:\/\/www.dorstener-tafel.de\/?p=845","og_site_name":"Home | Tafel Dorsten","article_publisher":"https:\/\/www.facebook.com\/Dorstener-Tafel-eV-710109832448127\/","article_published_time":"2017-01-11T13:52:48+00:00","article_modified_time":"2017-01-12T11:47:36+00:00","og_image":[{"width":1600,"height":1071,"url":"https:\/\/www.kvg-dorsten.de\/dorstener-tafel\/wordpress\/wp-content\/uploads\/2015\/09\/DSC01596-16001.jpg","type":"image\/jpeg"}],"author":"jotw","twitter_card":"summary_large_image","twitter_misc":{"Verfasst von":"jotw","Gesch\u00e4tzte Lesezeit":"7\u00a0Minuten"},"schema":{"@context":"https:\/\/schema.org","@graph":[{"@type":"Article","@id":"https:\/\/www.dorstener-tafel.de\/?p=845#article","isPartOf":{"@id":"https:\/\/www.dorstener-tafel.de\/?p=845"},"author":{"name":"jotw","@id":"https:\/\/www.dorstener-tafel.de\/#\/schema\/person\/c9a6797db5c21dbeb0851056380dcb01"},"headline":"Tafeln in NRW: Erh\u00f6hter Andrang","datePublished":"2017-01-11T13:52:48+00:00","dateModified":"2017-01-12T11:47:36+00:00","mainEntityOfPage":{"@id":"https:\/\/www.dorstener-tafel.de\/?p=845"},"wordCount":1388,"commentCount":0,"image":{"@id":"https:\/\/www.dorstener-tafel.de\/?p=845#primaryimage"},"thumbnailUrl":"https:\/\/www.kvg-dorsten.de\/dorstener-tafel\/wordpress\/wp-content\/uploads\/2015\/09\/DSC01596-16001.jpg","keywords":["Andrang","Aufnahmestopp","MHD","NRW"],"articleSection":["Aktuelles","Presse"],"inLanguage":"de","potentialAction":[{"@type":"CommentAction","name":"Comment","target":["https:\/\/www.dorstener-tafel.de\/?p=845#respond"]}]},{"@type":"WebPage","@id":"https:\/\/www.dorstener-tafel.de\/?p=845","url":"https:\/\/www.dorstener-tafel.de\/?p=845","name":"Tafeln in NRW: Erh\u00f6hter Andrang - Home | Tafel Dorsten","isPartOf":{"@id":"https:\/\/www.dorstener-tafel.de\/#website"},"primaryImageOfPage":{"@id":"https:\/\/www.dorstener-tafel.de\/?p=845#primaryimage"},"image":{"@id":"https:\/\/www.dorstener-tafel.de\/?p=845#primaryimage"},"thumbnailUrl":"https:\/\/www.kvg-dorsten.de\/dorstener-tafel\/wordpress\/wp-content\/uploads\/2015\/09\/DSC01596-16001.jpg","datePublished":"2017-01-11T13:52:48+00:00","dateModified":"2017-01-12T11:47:36+00:00","author":{"@id":"https:\/\/www.dorstener-tafel.de\/#\/schema\/person\/c9a6797db5c21dbeb0851056380dcb01"},"breadcrumb":{"@id":"https:\/\/www.dorstener-tafel.de\/?p=845#breadcrumb"},"inLanguage":"de","potentialAction":[{"@type":"ReadAction","target":["https:\/\/www.dorstener-tafel.de\/?p=845"]}]},{"@type":"ImageObject","inLanguage":"de","@id":"https:\/\/www.dorstener-tafel.de\/?p=845#primaryimage","url":"https:\/\/www.kvg-dorsten.de\/dorstener-tafel\/wordpress\/wp-content\/uploads\/2015\/09\/DSC01596-16001.jpg","contentUrl":"https:\/\/www.kvg-dorsten.de\/dorstener-tafel\/wordpress\/wp-content\/uploads\/2015\/09\/DSC01596-16001.jpg","width":1600,"height":1071,"caption":"SONY DSC"},{"@type":"BreadcrumbList","@id":"https:\/\/www.dorstener-tafel.de\/?p=845#breadcrumb","itemListElement":[{"@type":"ListItem","position":1,"name":"Home","item":"https:\/\/www.dorstener-tafel.de\/"},{"@type":"ListItem","position":2,"name":"Tafeln in NRW: Erh\u00f6hter Andrang"}]},{"@type":"WebSite","@id":"https:\/\/www.dorstener-tafel.de\/#website","url":"https:\/\/www.dorstener-tafel.de\/","name":"Home | Tafel Dorsten","description":"","potentialAction":[{"@type":"SearchAction","target":{"@type":"EntryPoint","urlTemplate":"https:\/\/www.dorstener-tafel.de\/?s={search_term_string}"},"query-input":{"@type":"PropertyValueSpecification","valueRequired":true,"valueName":"search_term_string"}}],"inLanguage":"de"},{"@type":"Person","@id":"https:\/\/www.dorstener-tafel.de\/#\/schema\/person\/c9a6797db5c21dbeb0851056380dcb01","name":"jotw","image":{"@type":"ImageObject","inLanguage":"de","@id":"https:\/\/www.dorstener-tafel.de\/#\/schema\/person\/image\/","url":"https:\/\/secure.gravatar.com\/avatar\/225c6088c3bfecfbb42a2a0d5c9556b6?s=96&d=retro&r=g","contentUrl":"https:\/\/secure.gravatar.com\/avatar\/225c6088c3bfecfbb42a2a0d5c9556b6?s=96&d=retro&r=g","caption":"jotw"},"url":"https:\/\/www.dorstener-tafel.de\/?author=1"}]}},"_links":{"self":[{"href":"https:\/\/www.dorstener-tafel.de\/index.php?rest_route=\/wp\/v2\/posts\/845","targetHints":{"allow":["GET"]}}],"collection":[{"href":"https:\/\/www.dorstener-tafel.de\/index.php?rest_route=\/wp\/v2\/posts"}],"about":[{"href":"https:\/\/www.dorstener-tafel.de\/index.php?rest_route=\/wp\/v2\/types\/post"}],"author":[{"embeddable":true,"href":"https:\/\/www.dorstener-tafel.de\/index.php?rest_route=\/wp\/v2\/users\/1"}],"replies":[{"embeddable":true,"href":"https:\/\/www.dorstener-tafel.de\/index.php?rest_route=%2Fwp%2Fv2%2Fcomments&post=845"}],"version-history":[{"count":6,"href":"https:\/\/www.dorstener-tafel.de\/index.php?rest_route=\/wp\/v2\/posts\/845\/revisions"}],"predecessor-version":[{"id":856,"href":"https:\/\/www.dorstener-tafel.de\/index.php?rest_route=\/wp\/v2\/posts\/845\/revisions\/856"}],"wp:featuredmedia":[{"embeddable":true,"href":"https:\/\/www.dorstener-tafel.de\/index.php?rest_route=\/wp\/v2\/media\/454"}],"wp:attachment":[{"href":"https:\/\/www.dorstener-tafel.de\/index.php?rest_route=%2Fwp%2Fv2%2Fmedia&parent=845"}],"wp:term":[{"taxonomy":"category","embeddable":true,"href":"https:\/\/www.dorstener-tafel.de\/index.php?rest_route=%2Fwp%2Fv2%2Fcategories&post=845"},{"taxonomy":"post_tag","embeddable":true,"href":"https:\/\/www.dorstener-tafel.de\/index.php?rest_route=%2Fwp%2Fv2%2Ftags&post=845"}],"curies":[{"name":"wp","href":"https:\/\/api.w.org\/{rel}","templated":true}]}}