{"id":819,"date":"2016-12-29T23:37:02","date_gmt":"2016-12-29T22:37:02","guid":{"rendered":"http:\/\/www.dorstener-tafel.de\/?p=819"},"modified":"2017-02-06T19:20:45","modified_gmt":"2017-02-06T18:20:45","slug":"zeit-um-danke-zu-sagen","status":"publish","type":"post","link":"https:\/\/www.dorstener-tafel.de\/?p=819","title":{"rendered":"Zeit, um Danke zu sagen!"},"content":{"rendered":"<p>So langsam gibt es auch bei der Dorstener Tafel etwas Erholung vom Weihnachtsstress und Luft &#8211; Zeit, um Danke zu sagen.<\/p>\n<p><a href=\"http:\/\/www.kvg-dorsten.de\/dorstener-tafel\/wordpress\/wp-content\/uploads\/2016\/11\/2016-12-Weihnachts-Header.jpg\"><img loading=\"lazy\" decoding=\"async\" class=\"alignnone size-full wp-image-777\" src=\"http:\/\/www.kvg-dorsten.de\/dorstener-tafel\/wordpress\/wp-content\/uploads\/2016\/11\/2016-12-Weihnachts-Header.jpg\" alt=\"\" width=\"1000\" height=\"281\" srcset=\"https:\/\/www.kvg-dorsten.de\/dorstener-tafel\/wordpress\/wp-content\/uploads\/2016\/11\/2016-12-Weihnachts-Header.jpg 1000w, https:\/\/www.kvg-dorsten.de\/dorstener-tafel\/wordpress\/wp-content\/uploads\/2016\/11\/2016-12-Weihnachts-Header-300x84.jpg 300w, https:\/\/www.kvg-dorsten.de\/dorstener-tafel\/wordpress\/wp-content\/uploads\/2016\/11\/2016-12-Weihnachts-Header-768x216.jpg 768w\" sizes=\"auto, (max-width: 1000px) 100vw, 1000px\" \/><\/a><\/p>\n<p>Die REWE-T\u00fctenaktion brachte uns knapp \u00fcber 400 T\u00fcten mit lange haltbaren JA!-Artikeln ins Lager; mit der Weihnachtsaktion kamen um die 300 teils liebevoll verpackte P\u00e4ckchen, die schon am 15. Dezember f\u00fcr eine besondere und willkommene Bescherung sorgten.<\/p>\n<p>Das alles zu verstauen, zu \u00fcberpr\u00fcfen, zu erg\u00e4nzen, teilweise umzupacken, zu verteilen: ganz viel ehrenamtliche Arbeit mit der Betonung auf Arbeit! \ud83d\ude42<\/p>\n<p><sup>(Viele wundern sich \u00fcber die &#8218;Nachbehandlung&#8216; der P\u00e4ckchen. Nein, sie werden nicht zerfleddert und umverteilt, sondern sinnvoll erg\u00e4nzt. Beispiel: stabile Bilderb\u00fccher machen guten Sinn als Geschenk f\u00fcr eine Familie mit kleinen Kindern; ist diese Familie aber muslimisch, sollte die Schweinskopfs\u00fclze doch besser gegen z.B. eine Fischkonserve ausgetauscht werden. Auch freut sich ein alleinstehender \u00e4lterer Herr kaum \u00fcber ein liebevoll-zartes Damen-Deo, wohl aber \u00fcber den Christstollen und &#8211; genau &#8211; die S\u00fclze.)<\/sup><\/p>\n<p>Unser eh schon beschr\u00e4nkter Platz reichte an allen Ecken und Enden nicht; mancher Kn\u00f6chel erhielt eine kleine Blessur, mancher Ravioli-Dosen-Turm musste mehrfach neu aufgebaut werden &#8230;<\/p>\n<p>So hatten also unsere Fahrer und Beifahrer genauso wie die Helfer\/innen im Laden neben ihren eigenen privaten Weihnachtsvorbereitungen eine ganze Menge zu tun; Entsch\u00e4digung gibt es dann aber beim Anblick gl\u00fccklicher Menschen bei der vorzeitigen Bescherung, beim Durchatmen bed\u00fcrftiger Menschen, wenn der gro\u00dfe Einkauf mit wichtigen Lebensmitteln nur \u20ac 3,50 kostet &#8230;<\/p>\n<p><strong>Gro\u00dfer Dank<\/strong> an all die mehr als 50 ehrenamtlichen Helferinnen und Helfer f\u00fcr die geschenkte Zeit, die teils anstrengende Arbeit unter schwierigen Bedingungen, das unerm\u00fcdliche Engagement!<\/p>\n<p><strong>Gro\u00dfer Dank<\/strong> an unsere Kunden, die Wertsch\u00e4tzung zeigen f\u00fcr unsere Arbeit durch kleine Nettigkeiten, Gesten und Worte, an die vielen Kinder der Mitb\u00fcrger mit Migrationshintergrund, die f\u00fcr uns und ihre Eltern als\u00a0Dolmetscher wichtig sind, an die Fl\u00fcchtlingshelfer, die erfolgreich Schwellenangst \u00fcberwinden helfen.<\/p>\n<p><strong>Gro\u00dfer Dank<\/strong> an die vielen Unterst\u00fctzer in Dorsten, die Geldspender, T\u00fctenk\u00e4ufer, P\u00e4ckchenpacker, Lebensmittelspender (aktuell 26 Lebensmittelm\u00e4rkte und B\u00e4ckereien!), Sponsoren bei Veranstaltungen, Stra\u00dfenfeger und Hygiene-Kontrolleure &#8230; Ohne Sie alle w\u00e4re unsere Arbeit so nicht m\u00f6glich!<\/p>\n<p>Ein bisschen Statistik: Im 2. Halbjahr 2016 haben wir etwa 350 Kundenkarten f\u00fcr Einzelpersonen und Familien ausgegeben, die f\u00fcr gut 800 bed\u00fcrftige Mitb\u00fcrger\u00a0etwa 3000 Mal bei uns eingekauft haben (2 Verkaufstage pro Woche, Einkauf m\u00f6glich alle zwei Wochen), macht gut 60 Kunden pro Verkaufstag.<\/p>\n<p>Wie viel Tonnen hochwertiger Lebensmittel, deren einziges Manko es ist, kurz vor dem Mindesthaltbarkeitsdatum zu stehen oder (bei Brot) &#8218;von gestern&#8216; zu sein, wir so vor vor der M\u00fcllkippe gerettet haben, k\u00f6nnen wir gar nicht sagen.<\/p>\n<h1>DANKE AN ALLE!<\/h1>\n","protected":false},"excerpt":{"rendered":"<p>So langsam gibt es auch bei der Dorstener Tafel etwas Erholung vom Weihnachtsstress und Luft &#8211; Zeit, um Danke zu [&hellip;]<\/p>\n","protected":false},"author":1,"featured_media":0,"comment_status":"open","ping_status":"closed","sticky":false,"template":"","format":"standard","meta":{"footnotes":""},"categories":[1],"tags":[21,20,23,19],"class_list":["post-819","post","type-post","status-publish","format-standard","hentry","category-allgemein","tag-aktion","tag-paeckchen","tag-spende","tag-weihnachten"],"yoast_head":"<!-- This site is optimized with the Yoast SEO plugin v26.8 - https:\/\/yoast.com\/product\/yoast-seo-wordpress\/ -->\n<title>Zeit, um Danke zu sagen! - Home | Tafel Dorsten<\/title>\n<meta name=\"robots\" content=\"index, follow, max-snippet:-1, max-image-preview:large, max-video-preview:-1\" \/>\n<link rel=\"canonical\" href=\"https:\/\/www.dorstener-tafel.de\/?p=819\" \/>\n<meta property=\"og:locale\" content=\"de_DE\" \/>\n<meta property=\"og:type\" content=\"article\" \/>\n<meta property=\"og:title\" content=\"Zeit, um Danke zu sagen! - Home | Tafel Dorsten\" \/>\n<meta property=\"og:description\" content=\"So langsam gibt es auch bei der Dorstener Tafel etwas Erholung vom Weihnachtsstress und Luft &#8211; Zeit, um Danke zu [&hellip;]\" \/>\n<meta property=\"og:url\" content=\"https:\/\/www.dorstener-tafel.de\/?p=819\" \/>\n<meta property=\"og:site_name\" content=\"Home | Tafel Dorsten\" \/>\n<meta property=\"article:publisher\" content=\"https:\/\/www.facebook.com\/Dorstener-Tafel-eV-710109832448127\/\" \/>\n<meta property=\"article:published_time\" content=\"2016-12-29T22:37:02+00:00\" \/>\n<meta property=\"article:modified_time\" content=\"2017-02-06T18:20:45+00:00\" \/>\n<meta property=\"og:image\" content=\"http:\/\/www.kvg-dorsten.de\/dorstener-tafel\/wordpress\/wp-content\/uploads\/2016\/11\/2016-12-Weihnachts-Header.jpg\" \/>\n<meta name=\"author\" content=\"jotw\" \/>\n<meta name=\"twitter:card\" content=\"summary_large_image\" \/>\n<meta name=\"twitter:label1\" content=\"Verfasst von\" \/>\n\t<meta name=\"twitter:data1\" content=\"jotw\" \/>\n\t<meta name=\"twitter:label2\" content=\"Gesch\u00e4tzte Lesezeit\" \/>\n\t<meta name=\"twitter:data2\" content=\"2\u00a0Minuten\" \/>\n<script type=\"application\/ld+json\" class=\"yoast-schema-graph\">{\"@context\":\"https:\/\/schema.org\",\"@graph\":[{\"@type\":\"Article\",\"@id\":\"https:\/\/www.dorstener-tafel.de\/?p=819#article\",\"isPartOf\":{\"@id\":\"https:\/\/www.dorstener-tafel.de\/?p=819\"},\"author\":{\"name\":\"jotw\",\"@id\":\"https:\/\/www.dorstener-tafel.de\/#\/schema\/person\/c9a6797db5c21dbeb0851056380dcb01\"},\"headline\":\"Zeit, um Danke zu sagen!\",\"datePublished\":\"2016-12-29T22:37:02+00:00\",\"dateModified\":\"2017-02-06T18:20:45+00:00\",\"mainEntityOfPage\":{\"@id\":\"https:\/\/www.dorstener-tafel.de\/?p=819\"},\"wordCount\":450,\"commentCount\":0,\"image\":{\"@id\":\"https:\/\/www.dorstener-tafel.de\/?p=819#primaryimage\"},\"thumbnailUrl\":\"http:\/\/www.kvg-dorsten.de\/dorstener-tafel\/wordpress\/wp-content\/uploads\/2016\/11\/2016-12-Weihnachts-Header.jpg\",\"keywords\":[\"Aktion\",\"P\u00e4ckchen\",\"Spende\",\"Weihnachten\"],\"articleSection\":[\"Aktuelles\"],\"inLanguage\":\"de\",\"potentialAction\":[{\"@type\":\"CommentAction\",\"name\":\"Comment\",\"target\":[\"https:\/\/www.dorstener-tafel.de\/?p=819#respond\"]}]},{\"@type\":\"WebPage\",\"@id\":\"https:\/\/www.dorstener-tafel.de\/?p=819\",\"url\":\"https:\/\/www.dorstener-tafel.de\/?p=819\",\"name\":\"Zeit, um Danke zu sagen! - Home | Tafel Dorsten\",\"isPartOf\":{\"@id\":\"https:\/\/www.dorstener-tafel.de\/#website\"},\"primaryImageOfPage\":{\"@id\":\"https:\/\/www.dorstener-tafel.de\/?p=819#primaryimage\"},\"image\":{\"@id\":\"https:\/\/www.dorstener-tafel.de\/?p=819#primaryimage\"},\"thumbnailUrl\":\"http:\/\/www.kvg-dorsten.de\/dorstener-tafel\/wordpress\/wp-content\/uploads\/2016\/11\/2016-12-Weihnachts-Header.jpg\",\"datePublished\":\"2016-12-29T22:37:02+00:00\",\"dateModified\":\"2017-02-06T18:20:45+00:00\",\"author\":{\"@id\":\"https:\/\/www.dorstener-tafel.de\/#\/schema\/person\/c9a6797db5c21dbeb0851056380dcb01\"},\"breadcrumb\":{\"@id\":\"https:\/\/www.dorstener-tafel.de\/?p=819#breadcrumb\"},\"inLanguage\":\"de\",\"potentialAction\":[{\"@type\":\"ReadAction\",\"target\":[\"https:\/\/www.dorstener-tafel.de\/?p=819\"]}]},{\"@type\":\"ImageObject\",\"inLanguage\":\"de\",\"@id\":\"https:\/\/www.dorstener-tafel.de\/?p=819#primaryimage\",\"url\":\"http:\/\/www.kvg-dorsten.de\/dorstener-tafel\/wordpress\/wp-content\/uploads\/2016\/11\/2016-12-Weihnachts-Header.jpg\",\"contentUrl\":\"http:\/\/www.kvg-dorsten.de\/dorstener-tafel\/wordpress\/wp-content\/uploads\/2016\/11\/2016-12-Weihnachts-Header.jpg\"},{\"@type\":\"BreadcrumbList\",\"@id\":\"https:\/\/www.dorstener-tafel.de\/?p=819#breadcrumb\",\"itemListElement\":[{\"@type\":\"ListItem\",\"position\":1,\"name\":\"Home\",\"item\":\"https:\/\/www.dorstener-tafel.de\/\"},{\"@type\":\"ListItem\",\"position\":2,\"name\":\"Zeit, um Danke zu sagen!\"}]},{\"@type\":\"WebSite\",\"@id\":\"https:\/\/www.dorstener-tafel.de\/#website\",\"url\":\"https:\/\/www.dorstener-tafel.de\/\",\"name\":\"Home | Tafel Dorsten\",\"description\":\"\",\"potentialAction\":[{\"@type\":\"SearchAction\",\"target\":{\"@type\":\"EntryPoint\",\"urlTemplate\":\"https:\/\/www.dorstener-tafel.de\/?s={search_term_string}\"},\"query-input\":{\"@type\":\"PropertyValueSpecification\",\"valueRequired\":true,\"valueName\":\"search_term_string\"}}],\"inLanguage\":\"de\"},{\"@type\":\"Person\",\"@id\":\"https:\/\/www.dorstener-tafel.de\/#\/schema\/person\/c9a6797db5c21dbeb0851056380dcb01\",\"name\":\"jotw\",\"image\":{\"@type\":\"ImageObject\",\"inLanguage\":\"de\",\"@id\":\"https:\/\/www.dorstener-tafel.de\/#\/schema\/person\/image\/\",\"url\":\"https:\/\/secure.gravatar.com\/avatar\/225c6088c3bfecfbb42a2a0d5c9556b6?s=96&d=retro&r=g\",\"contentUrl\":\"https:\/\/secure.gravatar.com\/avatar\/225c6088c3bfecfbb42a2a0d5c9556b6?s=96&d=retro&r=g\",\"caption\":\"jotw\"},\"url\":\"https:\/\/www.dorstener-tafel.de\/?author=1\"}]}<\/script>\n<!-- \/ Yoast SEO plugin. -->","yoast_head_json":{"title":"Zeit, um Danke zu sagen! - Home | Tafel Dorsten","robots":{"index":"index","follow":"follow","max-snippet":"max-snippet:-1","max-image-preview":"max-image-preview:large","max-video-preview":"max-video-preview:-1"},"canonical":"https:\/\/www.dorstener-tafel.de\/?p=819","og_locale":"de_DE","og_type":"article","og_title":"Zeit, um Danke zu sagen! - Home | Tafel Dorsten","og_description":"So langsam gibt es auch bei der Dorstener Tafel etwas Erholung vom Weihnachtsstress und Luft &#8211; Zeit, um Danke zu [&hellip;]","og_url":"https:\/\/www.dorstener-tafel.de\/?p=819","og_site_name":"Home | Tafel Dorsten","article_publisher":"https:\/\/www.facebook.com\/Dorstener-Tafel-eV-710109832448127\/","article_published_time":"2016-12-29T22:37:02+00:00","article_modified_time":"2017-02-06T18:20:45+00:00","og_image":[{"url":"http:\/\/www.kvg-dorsten.de\/dorstener-tafel\/wordpress\/wp-content\/uploads\/2016\/11\/2016-12-Weihnachts-Header.jpg","type":"","width":"","height":""}],"author":"jotw","twitter_card":"summary_large_image","twitter_misc":{"Verfasst von":"jotw","Gesch\u00e4tzte Lesezeit":"2\u00a0Minuten"},"schema":{"@context":"https:\/\/schema.org","@graph":[{"@type":"Article","@id":"https:\/\/www.dorstener-tafel.de\/?p=819#article","isPartOf":{"@id":"https:\/\/www.dorstener-tafel.de\/?p=819"},"author":{"name":"jotw","@id":"https:\/\/www.dorstener-tafel.de\/#\/schema\/person\/c9a6797db5c21dbeb0851056380dcb01"},"headline":"Zeit, um Danke zu sagen!","datePublished":"2016-12-29T22:37:02+00:00","dateModified":"2017-02-06T18:20:45+00:00","mainEntityOfPage":{"@id":"https:\/\/www.dorstener-tafel.de\/?p=819"},"wordCount":450,"commentCount":0,"image":{"@id":"https:\/\/www.dorstener-tafel.de\/?p=819#primaryimage"},"thumbnailUrl":"http:\/\/www.kvg-dorsten.de\/dorstener-tafel\/wordpress\/wp-content\/uploads\/2016\/11\/2016-12-Weihnachts-Header.jpg","keywords":["Aktion","P\u00e4ckchen","Spende","Weihnachten"],"articleSection":["Aktuelles"],"inLanguage":"de","potentialAction":[{"@type":"CommentAction","name":"Comment","target":["https:\/\/www.dorstener-tafel.de\/?p=819#respond"]}]},{"@type":"WebPage","@id":"https:\/\/www.dorstener-tafel.de\/?p=819","url":"https:\/\/www.dorstener-tafel.de\/?p=819","name":"Zeit, um Danke zu sagen! - Home | Tafel Dorsten","isPartOf":{"@id":"https:\/\/www.dorstener-tafel.de\/#website"},"primaryImageOfPage":{"@id":"https:\/\/www.dorstener-tafel.de\/?p=819#primaryimage"},"image":{"@id":"https:\/\/www.dorstener-tafel.de\/?p=819#primaryimage"},"thumbnailUrl":"http:\/\/www.kvg-dorsten.de\/dorstener-tafel\/wordpress\/wp-content\/uploads\/2016\/11\/2016-12-Weihnachts-Header.jpg","datePublished":"2016-12-29T22:37:02+00:00","dateModified":"2017-02-06T18:20:45+00:00","author":{"@id":"https:\/\/www.dorstener-tafel.de\/#\/schema\/person\/c9a6797db5c21dbeb0851056380dcb01"},"breadcrumb":{"@id":"https:\/\/www.dorstener-tafel.de\/?p=819#breadcrumb"},"inLanguage":"de","potentialAction":[{"@type":"ReadAction","target":["https:\/\/www.dorstener-tafel.de\/?p=819"]}]},{"@type":"ImageObject","inLanguage":"de","@id":"https:\/\/www.dorstener-tafel.de\/?p=819#primaryimage","url":"http:\/\/www.kvg-dorsten.de\/dorstener-tafel\/wordpress\/wp-content\/uploads\/2016\/11\/2016-12-Weihnachts-Header.jpg","contentUrl":"http:\/\/www.kvg-dorsten.de\/dorstener-tafel\/wordpress\/wp-content\/uploads\/2016\/11\/2016-12-Weihnachts-Header.jpg"},{"@type":"BreadcrumbList","@id":"https:\/\/www.dorstener-tafel.de\/?p=819#breadcrumb","itemListElement":[{"@type":"ListItem","position":1,"name":"Home","item":"https:\/\/www.dorstener-tafel.de\/"},{"@type":"ListItem","position":2,"name":"Zeit, um Danke zu sagen!"}]},{"@type":"WebSite","@id":"https:\/\/www.dorstener-tafel.de\/#website","url":"https:\/\/www.dorstener-tafel.de\/","name":"Home | Tafel Dorsten","description":"","potentialAction":[{"@type":"SearchAction","target":{"@type":"EntryPoint","urlTemplate":"https:\/\/www.dorstener-tafel.de\/?s={search_term_string}"},"query-input":{"@type":"PropertyValueSpecification","valueRequired":true,"valueName":"search_term_string"}}],"inLanguage":"de"},{"@type":"Person","@id":"https:\/\/www.dorstener-tafel.de\/#\/schema\/person\/c9a6797db5c21dbeb0851056380dcb01","name":"jotw","image":{"@type":"ImageObject","inLanguage":"de","@id":"https:\/\/www.dorstener-tafel.de\/#\/schema\/person\/image\/","url":"https:\/\/secure.gravatar.com\/avatar\/225c6088c3bfecfbb42a2a0d5c9556b6?s=96&d=retro&r=g","contentUrl":"https:\/\/secure.gravatar.com\/avatar\/225c6088c3bfecfbb42a2a0d5c9556b6?s=96&d=retro&r=g","caption":"jotw"},"url":"https:\/\/www.dorstener-tafel.de\/?author=1"}]}},"_links":{"self":[{"href":"https:\/\/www.dorstener-tafel.de\/index.php?rest_route=\/wp\/v2\/posts\/819","targetHints":{"allow":["GET"]}}],"collection":[{"href":"https:\/\/www.dorstener-tafel.de\/index.php?rest_route=\/wp\/v2\/posts"}],"about":[{"href":"https:\/\/www.dorstener-tafel.de\/index.php?rest_route=\/wp\/v2\/types\/post"}],"author":[{"embeddable":true,"href":"https:\/\/www.dorstener-tafel.de\/index.php?rest_route=\/wp\/v2\/users\/1"}],"replies":[{"embeddable":true,"href":"https:\/\/www.dorstener-tafel.de\/index.php?rest_route=%2Fwp%2Fv2%2Fcomments&post=819"}],"version-history":[{"count":2,"href":"https:\/\/www.dorstener-tafel.de\/index.php?rest_route=\/wp\/v2\/posts\/819\/revisions"}],"predecessor-version":[{"id":821,"href":"https:\/\/www.dorstener-tafel.de\/index.php?rest_route=\/wp\/v2\/posts\/819\/revisions\/821"}],"wp:attachment":[{"href":"https:\/\/www.dorstener-tafel.de\/index.php?rest_route=%2Fwp%2Fv2%2Fmedia&parent=819"}],"wp:term":[{"taxonomy":"category","embeddable":true,"href":"https:\/\/www.dorstener-tafel.de\/index.php?rest_route=%2Fwp%2Fv2%2Fcategories&post=819"},{"taxonomy":"post_tag","embeddable":true,"href":"https:\/\/www.dorstener-tafel.de\/index.php?rest_route=%2Fwp%2Fv2%2Ftags&post=819"}],"curies":[{"name":"wp","href":"https:\/\/api.w.org\/{rel}","templated":true}]}}