{"id":815,"date":"2016-12-13T17:29:00","date_gmt":"2016-12-13T16:29:00","guid":{"rendered":"http:\/\/www.dorstener-tafel.de\/?p=815"},"modified":"2017-02-06T19:21:32","modified_gmt":"2017-02-06T18:21:32","slug":"tolle-aktion-der-maximilian-kolbe-schule","status":"publish","type":"post","link":"https:\/\/www.dorstener-tafel.de\/?p=815","title":{"rendered":"Tolle Aktion der Maximilian-Kolbe-Schule"},"content":{"rendered":"<p>Schon seit Jahren unterst\u00fctzen das Kollegium, die Eltern und vor allem die Sch\u00fclerinnen und Sch\u00fcler der Maximilian-Kolbe-Schule die Weihnachtsp\u00e4ckchen-Aktion der Dorstener Tafel.<\/p>\n<p>&#8222;Fr\u00f6hliche Weihnachten! F\u00fcr alle!&#8220;: Diesem Wunsch kommen wir durch Ihre, Eure Hilfe ein bisschen n\u00e4her.\u00a0 Viele Kinder werden sich \u00fcber Eure Geschenke freuen.<\/p>\n<p>Ganz herzlichen Dank an alle Beteiligten!<\/p>\n<p><a href=\"http:\/\/www.kvg-dorsten.de\/dorstener-tafel\/wordpress\/wp-content\/uploads\/2016\/12\/2016-12-13-Max-Kolbe-Paeckchen_2-1200.jpg\"><img loading=\"lazy\" decoding=\"async\" class=\"alignnone wp-image-816 size-full\" src=\"http:\/\/www.kvg-dorsten.de\/dorstener-tafel\/wordpress\/wp-content\/uploads\/2016\/12\/2016-12-13-Max-Kolbe-Paeckchen_2-1200.jpg\" alt=\"2016-12-13-max-kolbe-paeckchen_2-1200\" width=\"1200\" height=\"727\" srcset=\"https:\/\/www.kvg-dorsten.de\/dorstener-tafel\/wordpress\/wp-content\/uploads\/2016\/12\/2016-12-13-Max-Kolbe-Paeckchen_2-1200.jpg 1200w, https:\/\/www.kvg-dorsten.de\/dorstener-tafel\/wordpress\/wp-content\/uploads\/2016\/12\/2016-12-13-Max-Kolbe-Paeckchen_2-1200-300x182.jpg 300w, https:\/\/www.kvg-dorsten.de\/dorstener-tafel\/wordpress\/wp-content\/uploads\/2016\/12\/2016-12-13-Max-Kolbe-Paeckchen_2-1200-768x465.jpg 768w, https:\/\/www.kvg-dorsten.de\/dorstener-tafel\/wordpress\/wp-content\/uploads\/2016\/12\/2016-12-13-Max-Kolbe-Paeckchen_2-1200-1024x620.jpg 1024w\" sizes=\"auto, (max-width: 1200px) 100vw, 1200px\" \/><\/a><\/p>\n","protected":false},"excerpt":{"rendered":"<p>Schon seit Jahren unterst\u00fctzen das Kollegium, die Eltern und vor allem die Sch\u00fclerinnen und Sch\u00fcler der Maximilian-Kolbe-Schule die Weihnachtsp\u00e4ckchen-Aktion der [&hellip;]<\/p>\n","protected":false},"author":1,"featured_media":0,"comment_status":"open","ping_status":"closed","sticky":false,"template":"","format":"standard","meta":{"footnotes":""},"categories":[1,4],"tags":[21,20,23,19],"class_list":["post-815","post","type-post","status-publish","format-standard","hentry","category-allgemein","category-presse","tag-aktion","tag-paeckchen","tag-spende","tag-weihnachten"],"yoast_head":"<!-- This site is optimized with the Yoast SEO plugin v26.8 - https:\/\/yoast.com\/product\/yoast-seo-wordpress\/ -->\n<title>Tolle Aktion der Maximilian-Kolbe-Schule - Home | Tafel Dorsten<\/title>\n<meta name=\"robots\" content=\"index, follow, max-snippet:-1, max-image-preview:large, max-video-preview:-1\" \/>\n<link rel=\"canonical\" href=\"https:\/\/www.dorstener-tafel.de\/?p=815\" \/>\n<meta property=\"og:locale\" content=\"de_DE\" \/>\n<meta property=\"og:type\" content=\"article\" \/>\n<meta property=\"og:title\" content=\"Tolle Aktion der Maximilian-Kolbe-Schule - Home | Tafel Dorsten\" \/>\n<meta property=\"og:description\" content=\"Schon seit Jahren unterst\u00fctzen das Kollegium, die Eltern und vor allem die Sch\u00fclerinnen und Sch\u00fcler der Maximilian-Kolbe-Schule die Weihnachtsp\u00e4ckchen-Aktion der [&hellip;]\" \/>\n<meta property=\"og:url\" content=\"https:\/\/www.dorstener-tafel.de\/?p=815\" \/>\n<meta property=\"og:site_name\" content=\"Home | Tafel Dorsten\" \/>\n<meta property=\"article:publisher\" content=\"https:\/\/www.facebook.com\/Dorstener-Tafel-eV-710109832448127\/\" \/>\n<meta property=\"article:published_time\" content=\"2016-12-13T16:29:00+00:00\" \/>\n<meta property=\"article:modified_time\" content=\"2017-02-06T18:21:32+00:00\" \/>\n<meta property=\"og:image\" content=\"http:\/\/www.kvg-dorsten.de\/dorstener-tafel\/wordpress\/wp-content\/uploads\/2016\/12\/2016-12-13-Max-Kolbe-Paeckchen_2-1200.jpg\" \/>\n<meta name=\"author\" content=\"jotw\" \/>\n<meta name=\"twitter:card\" content=\"summary_large_image\" \/>\n<meta name=\"twitter:label1\" content=\"Verfasst von\" \/>\n\t<meta name=\"twitter:data1\" content=\"jotw\" \/>\n<script type=\"application\/ld+json\" class=\"yoast-schema-graph\">{\"@context\":\"https:\/\/schema.org\",\"@graph\":[{\"@type\":\"Article\",\"@id\":\"https:\/\/www.dorstener-tafel.de\/?p=815#article\",\"isPartOf\":{\"@id\":\"https:\/\/www.dorstener-tafel.de\/?p=815\"},\"author\":{\"name\":\"jotw\",\"@id\":\"https:\/\/www.dorstener-tafel.de\/#\/schema\/person\/c9a6797db5c21dbeb0851056380dcb01\"},\"headline\":\"Tolle Aktion der Maximilian-Kolbe-Schule\",\"datePublished\":\"2016-12-13T16:29:00+00:00\",\"dateModified\":\"2017-02-06T18:21:32+00:00\",\"mainEntityOfPage\":{\"@id\":\"https:\/\/www.dorstener-tafel.de\/?p=815\"},\"wordCount\":62,\"commentCount\":0,\"image\":{\"@id\":\"https:\/\/www.dorstener-tafel.de\/?p=815#primaryimage\"},\"thumbnailUrl\":\"http:\/\/www.kvg-dorsten.de\/dorstener-tafel\/wordpress\/wp-content\/uploads\/2016\/12\/2016-12-13-Max-Kolbe-Paeckchen_2-1200.jpg\",\"keywords\":[\"Aktion\",\"P\u00e4ckchen\",\"Spende\",\"Weihnachten\"],\"articleSection\":[\"Aktuelles\",\"Presse\"],\"inLanguage\":\"de\",\"potentialAction\":[{\"@type\":\"CommentAction\",\"name\":\"Comment\",\"target\":[\"https:\/\/www.dorstener-tafel.de\/?p=815#respond\"]}]},{\"@type\":\"WebPage\",\"@id\":\"https:\/\/www.dorstener-tafel.de\/?p=815\",\"url\":\"https:\/\/www.dorstener-tafel.de\/?p=815\",\"name\":\"Tolle Aktion der Maximilian-Kolbe-Schule - Home | Tafel Dorsten\",\"isPartOf\":{\"@id\":\"https:\/\/www.dorstener-tafel.de\/#website\"},\"primaryImageOfPage\":{\"@id\":\"https:\/\/www.dorstener-tafel.de\/?p=815#primaryimage\"},\"image\":{\"@id\":\"https:\/\/www.dorstener-tafel.de\/?p=815#primaryimage\"},\"thumbnailUrl\":\"http:\/\/www.kvg-dorsten.de\/dorstener-tafel\/wordpress\/wp-content\/uploads\/2016\/12\/2016-12-13-Max-Kolbe-Paeckchen_2-1200.jpg\",\"datePublished\":\"2016-12-13T16:29:00+00:00\",\"dateModified\":\"2017-02-06T18:21:32+00:00\",\"author\":{\"@id\":\"https:\/\/www.dorstener-tafel.de\/#\/schema\/person\/c9a6797db5c21dbeb0851056380dcb01\"},\"breadcrumb\":{\"@id\":\"https:\/\/www.dorstener-tafel.de\/?p=815#breadcrumb\"},\"inLanguage\":\"de\",\"potentialAction\":[{\"@type\":\"ReadAction\",\"target\":[\"https:\/\/www.dorstener-tafel.de\/?p=815\"]}]},{\"@type\":\"ImageObject\",\"inLanguage\":\"de\",\"@id\":\"https:\/\/www.dorstener-tafel.de\/?p=815#primaryimage\",\"url\":\"http:\/\/www.kvg-dorsten.de\/dorstener-tafel\/wordpress\/wp-content\/uploads\/2016\/12\/2016-12-13-Max-Kolbe-Paeckchen_2-1200.jpg\",\"contentUrl\":\"http:\/\/www.kvg-dorsten.de\/dorstener-tafel\/wordpress\/wp-content\/uploads\/2016\/12\/2016-12-13-Max-Kolbe-Paeckchen_2-1200.jpg\"},{\"@type\":\"BreadcrumbList\",\"@id\":\"https:\/\/www.dorstener-tafel.de\/?p=815#breadcrumb\",\"itemListElement\":[{\"@type\":\"ListItem\",\"position\":1,\"name\":\"Home\",\"item\":\"https:\/\/www.dorstener-tafel.de\/\"},{\"@type\":\"ListItem\",\"position\":2,\"name\":\"Tolle Aktion der Maximilian-Kolbe-Schule\"}]},{\"@type\":\"WebSite\",\"@id\":\"https:\/\/www.dorstener-tafel.de\/#website\",\"url\":\"https:\/\/www.dorstener-tafel.de\/\",\"name\":\"Home | Tafel Dorsten\",\"description\":\"\",\"potentialAction\":[{\"@type\":\"SearchAction\",\"target\":{\"@type\":\"EntryPoint\",\"urlTemplate\":\"https:\/\/www.dorstener-tafel.de\/?s={search_term_string}\"},\"query-input\":{\"@type\":\"PropertyValueSpecification\",\"valueRequired\":true,\"valueName\":\"search_term_string\"}}],\"inLanguage\":\"de\"},{\"@type\":\"Person\",\"@id\":\"https:\/\/www.dorstener-tafel.de\/#\/schema\/person\/c9a6797db5c21dbeb0851056380dcb01\",\"name\":\"jotw\",\"image\":{\"@type\":\"ImageObject\",\"inLanguage\":\"de\",\"@id\":\"https:\/\/www.dorstener-tafel.de\/#\/schema\/person\/image\/\",\"url\":\"https:\/\/secure.gravatar.com\/avatar\/225c6088c3bfecfbb42a2a0d5c9556b6?s=96&d=retro&r=g\",\"contentUrl\":\"https:\/\/secure.gravatar.com\/avatar\/225c6088c3bfecfbb42a2a0d5c9556b6?s=96&d=retro&r=g\",\"caption\":\"jotw\"},\"url\":\"https:\/\/www.dorstener-tafel.de\/?author=1\"}]}<\/script>\n<!-- \/ Yoast SEO plugin. -->","yoast_head_json":{"title":"Tolle Aktion der Maximilian-Kolbe-Schule - Home | Tafel Dorsten","robots":{"index":"index","follow":"follow","max-snippet":"max-snippet:-1","max-image-preview":"max-image-preview:large","max-video-preview":"max-video-preview:-1"},"canonical":"https:\/\/www.dorstener-tafel.de\/?p=815","og_locale":"de_DE","og_type":"article","og_title":"Tolle Aktion der Maximilian-Kolbe-Schule - Home | Tafel Dorsten","og_description":"Schon seit Jahren unterst\u00fctzen das Kollegium, die Eltern und vor allem die Sch\u00fclerinnen und Sch\u00fcler der Maximilian-Kolbe-Schule die Weihnachtsp\u00e4ckchen-Aktion der [&hellip;]","og_url":"https:\/\/www.dorstener-tafel.de\/?p=815","og_site_name":"Home | Tafel Dorsten","article_publisher":"https:\/\/www.facebook.com\/Dorstener-Tafel-eV-710109832448127\/","article_published_time":"2016-12-13T16:29:00+00:00","article_modified_time":"2017-02-06T18:21:32+00:00","og_image":[{"url":"http:\/\/www.kvg-dorsten.de\/dorstener-tafel\/wordpress\/wp-content\/uploads\/2016\/12\/2016-12-13-Max-Kolbe-Paeckchen_2-1200.jpg","type":"","width":"","height":""}],"author":"jotw","twitter_card":"summary_large_image","twitter_misc":{"Verfasst von":"jotw"},"schema":{"@context":"https:\/\/schema.org","@graph":[{"@type":"Article","@id":"https:\/\/www.dorstener-tafel.de\/?p=815#article","isPartOf":{"@id":"https:\/\/www.dorstener-tafel.de\/?p=815"},"author":{"name":"jotw","@id":"https:\/\/www.dorstener-tafel.de\/#\/schema\/person\/c9a6797db5c21dbeb0851056380dcb01"},"headline":"Tolle Aktion der Maximilian-Kolbe-Schule","datePublished":"2016-12-13T16:29:00+00:00","dateModified":"2017-02-06T18:21:32+00:00","mainEntityOfPage":{"@id":"https:\/\/www.dorstener-tafel.de\/?p=815"},"wordCount":62,"commentCount":0,"image":{"@id":"https:\/\/www.dorstener-tafel.de\/?p=815#primaryimage"},"thumbnailUrl":"http:\/\/www.kvg-dorsten.de\/dorstener-tafel\/wordpress\/wp-content\/uploads\/2016\/12\/2016-12-13-Max-Kolbe-Paeckchen_2-1200.jpg","keywords":["Aktion","P\u00e4ckchen","Spende","Weihnachten"],"articleSection":["Aktuelles","Presse"],"inLanguage":"de","potentialAction":[{"@type":"CommentAction","name":"Comment","target":["https:\/\/www.dorstener-tafel.de\/?p=815#respond"]}]},{"@type":"WebPage","@id":"https:\/\/www.dorstener-tafel.de\/?p=815","url":"https:\/\/www.dorstener-tafel.de\/?p=815","name":"Tolle Aktion der Maximilian-Kolbe-Schule - Home | Tafel Dorsten","isPartOf":{"@id":"https:\/\/www.dorstener-tafel.de\/#website"},"primaryImageOfPage":{"@id":"https:\/\/www.dorstener-tafel.de\/?p=815#primaryimage"},"image":{"@id":"https:\/\/www.dorstener-tafel.de\/?p=815#primaryimage"},"thumbnailUrl":"http:\/\/www.kvg-dorsten.de\/dorstener-tafel\/wordpress\/wp-content\/uploads\/2016\/12\/2016-12-13-Max-Kolbe-Paeckchen_2-1200.jpg","datePublished":"2016-12-13T16:29:00+00:00","dateModified":"2017-02-06T18:21:32+00:00","author":{"@id":"https:\/\/www.dorstener-tafel.de\/#\/schema\/person\/c9a6797db5c21dbeb0851056380dcb01"},"breadcrumb":{"@id":"https:\/\/www.dorstener-tafel.de\/?p=815#breadcrumb"},"inLanguage":"de","potentialAction":[{"@type":"ReadAction","target":["https:\/\/www.dorstener-tafel.de\/?p=815"]}]},{"@type":"ImageObject","inLanguage":"de","@id":"https:\/\/www.dorstener-tafel.de\/?p=815#primaryimage","url":"http:\/\/www.kvg-dorsten.de\/dorstener-tafel\/wordpress\/wp-content\/uploads\/2016\/12\/2016-12-13-Max-Kolbe-Paeckchen_2-1200.jpg","contentUrl":"http:\/\/www.kvg-dorsten.de\/dorstener-tafel\/wordpress\/wp-content\/uploads\/2016\/12\/2016-12-13-Max-Kolbe-Paeckchen_2-1200.jpg"},{"@type":"BreadcrumbList","@id":"https:\/\/www.dorstener-tafel.de\/?p=815#breadcrumb","itemListElement":[{"@type":"ListItem","position":1,"name":"Home","item":"https:\/\/www.dorstener-tafel.de\/"},{"@type":"ListItem","position":2,"name":"Tolle Aktion der Maximilian-Kolbe-Schule"}]},{"@type":"WebSite","@id":"https:\/\/www.dorstener-tafel.de\/#website","url":"https:\/\/www.dorstener-tafel.de\/","name":"Home | Tafel Dorsten","description":"","potentialAction":[{"@type":"SearchAction","target":{"@type":"EntryPoint","urlTemplate":"https:\/\/www.dorstener-tafel.de\/?s={search_term_string}"},"query-input":{"@type":"PropertyValueSpecification","valueRequired":true,"valueName":"search_term_string"}}],"inLanguage":"de"},{"@type":"Person","@id":"https:\/\/www.dorstener-tafel.de\/#\/schema\/person\/c9a6797db5c21dbeb0851056380dcb01","name":"jotw","image":{"@type":"ImageObject","inLanguage":"de","@id":"https:\/\/www.dorstener-tafel.de\/#\/schema\/person\/image\/","url":"https:\/\/secure.gravatar.com\/avatar\/225c6088c3bfecfbb42a2a0d5c9556b6?s=96&d=retro&r=g","contentUrl":"https:\/\/secure.gravatar.com\/avatar\/225c6088c3bfecfbb42a2a0d5c9556b6?s=96&d=retro&r=g","caption":"jotw"},"url":"https:\/\/www.dorstener-tafel.de\/?author=1"}]}},"_links":{"self":[{"href":"https:\/\/www.dorstener-tafel.de\/index.php?rest_route=\/wp\/v2\/posts\/815","targetHints":{"allow":["GET"]}}],"collection":[{"href":"https:\/\/www.dorstener-tafel.de\/index.php?rest_route=\/wp\/v2\/posts"}],"about":[{"href":"https:\/\/www.dorstener-tafel.de\/index.php?rest_route=\/wp\/v2\/types\/post"}],"author":[{"embeddable":true,"href":"https:\/\/www.dorstener-tafel.de\/index.php?rest_route=\/wp\/v2\/users\/1"}],"replies":[{"embeddable":true,"href":"https:\/\/www.dorstener-tafel.de\/index.php?rest_route=%2Fwp%2Fv2%2Fcomments&post=815"}],"version-history":[{"count":1,"href":"https:\/\/www.dorstener-tafel.de\/index.php?rest_route=\/wp\/v2\/posts\/815\/revisions"}],"predecessor-version":[{"id":817,"href":"https:\/\/www.dorstener-tafel.de\/index.php?rest_route=\/wp\/v2\/posts\/815\/revisions\/817"}],"wp:attachment":[{"href":"https:\/\/www.dorstener-tafel.de\/index.php?rest_route=%2Fwp%2Fv2%2Fmedia&parent=815"}],"wp:term":[{"taxonomy":"category","embeddable":true,"href":"https:\/\/www.dorstener-tafel.de\/index.php?rest_route=%2Fwp%2Fv2%2Fcategories&post=815"},{"taxonomy":"post_tag","embeddable":true,"href":"https:\/\/www.dorstener-tafel.de\/index.php?rest_route=%2Fwp%2Fv2%2Ftags&post=815"}],"curies":[{"name":"wp","href":"https:\/\/api.w.org\/{rel}","templated":true}]}}