{"id":810,"date":"2016-12-10T17:04:23","date_gmt":"2016-12-10T16:04:23","guid":{"rendered":"http:\/\/www.dorstener-tafel.de\/?p=810"},"modified":"2017-02-06T19:22:16","modified_gmt":"2017-02-06T18:22:16","slug":"danke-an-die-st-ursula-realschule","status":"publish","type":"post","link":"https:\/\/www.dorstener-tafel.de\/?p=810","title":{"rendered":"Danke an die St. Ursula &#8211; Realschule!"},"content":{"rendered":"<p>Realschule St. Ursula Dorsten schreibt auf ihrer Homepage<br \/>\n(<strong><a href=\"https:\/\/rs-stursula.de\/index.php\/15-pressemitteilungen\/237-die-dorstener-tafel-an-der-realschule-st-ursula\">https:\/\/rs-stursula.de\/index.php\/15-pressemitteilungen\/237-die-dorstener-tafel-an-der-realschule-st-ursula<\/a><\/strong>):<\/p>\n<p>Aufgerufen von der SV beteiligten sich unsere Sch\u00fclerinnen und Sch\u00fcler auch in diesem Jahr wieder an der gro\u00dfen Advents-Sammelaktion der Dorstener Tafel. Gew\u00fcrze, Kaffee, Tee, Reis, aber auch S\u00fc\u00dfigkeiten, Kosmetika, B\u00fccher und Spielzeug \u2013 ganz unterschiedliche Spenden kamen zusammen und werden, zu zahlreichen P\u00e4ckchen verpackt, sicherlich f\u00fcr ein sch\u00f6neres Weihnachtsfest bei vielen B\u00fcrgerinnen und B\u00fcrgern sorgen.<\/p>\n<p>Auch die Klasse 5b unterst\u00fctzte die tolle Initiative \u2013 und dann wollten es die Kinder ganz genau wissen: Wer kommt eigentlich zur Dorstener Tafel? Wie l\u00e4uft die Arbeit dort ab? Wie kommt man \u00fcberhaupt auf die Idee, sich dort einzusetzen und ehrenamtlich t\u00e4tig zu werden? Wie viel Zeit nimmt eine solche Aufgabe in Anspruch?<\/p>\n<p>Schnell stand fest: Eine Expertin sollte zu diesem Thema befragt werden. Die Schatzmeisterin der Dorstener Tafel und Gro\u00dfmutter von Amy Benninghof (Sch\u00fclerin der 5b), Ursula Riedel, freute sich sehr \u00fcber die Einladung der Sch\u00fclerinnen und Sch\u00fcler. Gerne beantwortete sie alle Fragen, die sie im Vorfeld gemeinsam mit Ulla Kapellner im Religionsunterricht zusammengetragen hatten.<\/p>\n<p>Da auch in Dorsten viele Menschen auf die Unterst\u00fctzung der Dorstener Tafel angewiesen sind, ist das ehrenamtliche Engagement und die Zeit jedes einzelnen Helfers unverzichtbar, betonte Frau Riedel im Gespr\u00e4ch mit den Kindern.<\/p>\n<p>Am Ende des angeregten Gespr\u00e4chs zeigte sich Frau Riedel beeindruckt von so viel Interesse: \u201eToll, dass ihr euch mit der Dorstener Tafel besch\u00e4ftigt habt und so viele Spenden zusammengekommen sind!\u201c<\/p>\n<figure id=\"attachment_811\" aria-describedby=\"caption-attachment-811\" style=\"width: 800px\" class=\"wp-caption alignleft\"><img loading=\"lazy\" decoding=\"async\" class=\"wp-image-811 size-full\" src=\"http:\/\/www.kvg-dorsten.de\/dorstener-tafel\/wordpress\/wp-content\/uploads\/2016\/12\/2016-12-10-Ursual-RS-TAFELI_ergebnis.jpg\" alt=\"2016-12-10-ursual-rs-tafeli_ergebnis\" width=\"800\" height=\"533\" srcset=\"https:\/\/www.kvg-dorsten.de\/dorstener-tafel\/wordpress\/wp-content\/uploads\/2016\/12\/2016-12-10-Ursual-RS-TAFELI_ergebnis.jpg 800w, https:\/\/www.kvg-dorsten.de\/dorstener-tafel\/wordpress\/wp-content\/uploads\/2016\/12\/2016-12-10-Ursual-RS-TAFELI_ergebnis-300x200.jpg 300w, https:\/\/www.kvg-dorsten.de\/dorstener-tafel\/wordpress\/wp-content\/uploads\/2016\/12\/2016-12-10-Ursual-RS-TAFELI_ergebnis-768x512.jpg 768w\" sizes=\"auto, (max-width: 800px) 100vw, 800px\" \/><figcaption id=\"caption-attachment-811\" class=\"wp-caption-text\">Klasse 5b mit Lehrerin Ulla Kapellner und Ursula Riedel, Schatzmeisterin der Dorstener Tafel<\/figcaption><\/figure>\n<figure id=\"attachment_813\" aria-describedby=\"caption-attachment-813\" style=\"width: 795px\" class=\"wp-caption alignnone\"><img loading=\"lazy\" decoding=\"async\" class=\"wp-image-813 size-full\" src=\"http:\/\/www.kvg-dorsten.de\/dorstener-tafel\/wordpress\/wp-content\/uploads\/2016\/12\/2016-12-10-Ursual-RS-TafelV_ergebnis.jpg\" alt=\"2016-12-10-ursual-rs-tafelv_ergebnis\" width=\"795\" height=\"600\" srcset=\"https:\/\/www.kvg-dorsten.de\/dorstener-tafel\/wordpress\/wp-content\/uploads\/2016\/12\/2016-12-10-Ursual-RS-TafelV_ergebnis.jpg 795w, https:\/\/www.kvg-dorsten.de\/dorstener-tafel\/wordpress\/wp-content\/uploads\/2016\/12\/2016-12-10-Ursual-RS-TafelV_ergebnis-300x226.jpg 300w, https:\/\/www.kvg-dorsten.de\/dorstener-tafel\/wordpress\/wp-content\/uploads\/2016\/12\/2016-12-10-Ursual-RS-TafelV_ergebnis-768x580.jpg 768w\" sizes=\"auto, (max-width: 795px) 100vw, 795px\" \/><figcaption id=\"caption-attachment-813\" class=\"wp-caption-text\">Sch\u00fclersprecher Bianca Bas und Simon Landwehr mit den Spenden f\u00fcr die Dorstener Tafel<\/figcaption><\/figure>\n<p><img loading=\"lazy\" decoding=\"async\" class=\"alignnone wp-image-812 size-full\" src=\"http:\/\/www.kvg-dorsten.de\/dorstener-tafel\/wordpress\/wp-content\/uploads\/2016\/12\/2016-12-10-Ursual-RS-TAFELIV_ergebnis.jpg\" alt=\"2016-12-10-ursual-rs-tafeliv_ergebnis\" width=\"800\" height=\"452\" srcset=\"https:\/\/www.kvg-dorsten.de\/dorstener-tafel\/wordpress\/wp-content\/uploads\/2016\/12\/2016-12-10-Ursual-RS-TAFELIV_ergebnis.jpg 800w, https:\/\/www.kvg-dorsten.de\/dorstener-tafel\/wordpress\/wp-content\/uploads\/2016\/12\/2016-12-10-Ursual-RS-TAFELIV_ergebnis-300x170.jpg 300w, https:\/\/www.kvg-dorsten.de\/dorstener-tafel\/wordpress\/wp-content\/uploads\/2016\/12\/2016-12-10-Ursual-RS-TAFELIV_ergebnis-768x434.jpg 768w\" sizes=\"auto, (max-width: 800px) 100vw, 800px\" \/><\/p>\n","protected":false},"excerpt":{"rendered":"<p>Realschule St. Ursula Dorsten schreibt auf ihrer Homepage (https:\/\/rs-stursula.de\/index.php\/15-pressemitteilungen\/237-die-dorstener-tafel-an-der-realschule-st-ursula): Aufgerufen von der SV beteiligten sich unsere Sch\u00fclerinnen und Sch\u00fcler auch [&hellip;]<\/p>\n","protected":false},"author":1,"featured_media":0,"comment_status":"open","ping_status":"closed","sticky":false,"template":"","format":"standard","meta":{"footnotes":""},"categories":[1,4],"tags":[21,20,23,19],"class_list":["post-810","post","type-post","status-publish","format-standard","hentry","category-allgemein","category-presse","tag-aktion","tag-paeckchen","tag-spende","tag-weihnachten"],"yoast_head":"<!-- This site is optimized with the Yoast SEO plugin v26.8 - https:\/\/yoast.com\/product\/yoast-seo-wordpress\/ -->\n<title>Danke an die St. Ursula - Realschule! - Home | Tafel Dorsten<\/title>\n<meta name=\"robots\" content=\"index, follow, max-snippet:-1, max-image-preview:large, max-video-preview:-1\" \/>\n<link rel=\"canonical\" href=\"https:\/\/www.dorstener-tafel.de\/?p=810\" \/>\n<meta property=\"og:locale\" content=\"de_DE\" \/>\n<meta property=\"og:type\" content=\"article\" \/>\n<meta property=\"og:title\" content=\"Danke an die St. Ursula - Realschule! - Home | Tafel Dorsten\" \/>\n<meta property=\"og:description\" content=\"Realschule St. Ursula Dorsten schreibt auf ihrer Homepage (https:\/\/rs-stursula.de\/index.php\/15-pressemitteilungen\/237-die-dorstener-tafel-an-der-realschule-st-ursula): Aufgerufen von der SV beteiligten sich unsere Sch\u00fclerinnen und Sch\u00fcler auch [&hellip;]\" \/>\n<meta property=\"og:url\" content=\"https:\/\/www.dorstener-tafel.de\/?p=810\" \/>\n<meta property=\"og:site_name\" content=\"Home | Tafel Dorsten\" \/>\n<meta property=\"article:publisher\" content=\"https:\/\/www.facebook.com\/Dorstener-Tafel-eV-710109832448127\/\" \/>\n<meta property=\"article:published_time\" content=\"2016-12-10T16:04:23+00:00\" \/>\n<meta property=\"article:modified_time\" content=\"2017-02-06T18:22:16+00:00\" \/>\n<meta property=\"og:image\" content=\"http:\/\/www.kvg-dorsten.de\/dorstener-tafel\/wordpress\/wp-content\/uploads\/2016\/12\/2016-12-10-Ursual-RS-TAFELI_ergebnis.jpg\" \/>\n<meta name=\"author\" content=\"jotw\" \/>\n<meta name=\"twitter:card\" content=\"summary_large_image\" \/>\n<meta name=\"twitter:label1\" content=\"Verfasst von\" \/>\n\t<meta name=\"twitter:data1\" content=\"jotw\" \/>\n\t<meta name=\"twitter:label2\" content=\"Gesch\u00e4tzte Lesezeit\" \/>\n\t<meta name=\"twitter:data2\" content=\"2\u00a0Minuten\" \/>\n<script type=\"application\/ld+json\" class=\"yoast-schema-graph\">{\"@context\":\"https:\/\/schema.org\",\"@graph\":[{\"@type\":\"Article\",\"@id\":\"https:\/\/www.dorstener-tafel.de\/?p=810#article\",\"isPartOf\":{\"@id\":\"https:\/\/www.dorstener-tafel.de\/?p=810\"},\"author\":{\"name\":\"jotw\",\"@id\":\"https:\/\/www.dorstener-tafel.de\/#\/schema\/person\/c9a6797db5c21dbeb0851056380dcb01\"},\"headline\":\"Danke an die St. Ursula &#8211; Realschule!\",\"datePublished\":\"2016-12-10T16:04:23+00:00\",\"dateModified\":\"2017-02-06T18:22:16+00:00\",\"mainEntityOfPage\":{\"@id\":\"https:\/\/www.dorstener-tafel.de\/?p=810\"},\"wordCount\":310,\"commentCount\":0,\"image\":{\"@id\":\"https:\/\/www.dorstener-tafel.de\/?p=810#primaryimage\"},\"thumbnailUrl\":\"http:\/\/www.kvg-dorsten.de\/dorstener-tafel\/wordpress\/wp-content\/uploads\/2016\/12\/2016-12-10-Ursual-RS-TAFELI_ergebnis.jpg\",\"keywords\":[\"Aktion\",\"P\u00e4ckchen\",\"Spende\",\"Weihnachten\"],\"articleSection\":[\"Aktuelles\",\"Presse\"],\"inLanguage\":\"de\",\"potentialAction\":[{\"@type\":\"CommentAction\",\"name\":\"Comment\",\"target\":[\"https:\/\/www.dorstener-tafel.de\/?p=810#respond\"]}]},{\"@type\":\"WebPage\",\"@id\":\"https:\/\/www.dorstener-tafel.de\/?p=810\",\"url\":\"https:\/\/www.dorstener-tafel.de\/?p=810\",\"name\":\"Danke an die St. Ursula - Realschule! - Home | Tafel Dorsten\",\"isPartOf\":{\"@id\":\"https:\/\/www.dorstener-tafel.de\/#website\"},\"primaryImageOfPage\":{\"@id\":\"https:\/\/www.dorstener-tafel.de\/?p=810#primaryimage\"},\"image\":{\"@id\":\"https:\/\/www.dorstener-tafel.de\/?p=810#primaryimage\"},\"thumbnailUrl\":\"http:\/\/www.kvg-dorsten.de\/dorstener-tafel\/wordpress\/wp-content\/uploads\/2016\/12\/2016-12-10-Ursual-RS-TAFELI_ergebnis.jpg\",\"datePublished\":\"2016-12-10T16:04:23+00:00\",\"dateModified\":\"2017-02-06T18:22:16+00:00\",\"author\":{\"@id\":\"https:\/\/www.dorstener-tafel.de\/#\/schema\/person\/c9a6797db5c21dbeb0851056380dcb01\"},\"breadcrumb\":{\"@id\":\"https:\/\/www.dorstener-tafel.de\/?p=810#breadcrumb\"},\"inLanguage\":\"de\",\"potentialAction\":[{\"@type\":\"ReadAction\",\"target\":[\"https:\/\/www.dorstener-tafel.de\/?p=810\"]}]},{\"@type\":\"ImageObject\",\"inLanguage\":\"de\",\"@id\":\"https:\/\/www.dorstener-tafel.de\/?p=810#primaryimage\",\"url\":\"http:\/\/www.kvg-dorsten.de\/dorstener-tafel\/wordpress\/wp-content\/uploads\/2016\/12\/2016-12-10-Ursual-RS-TAFELI_ergebnis.jpg\",\"contentUrl\":\"http:\/\/www.kvg-dorsten.de\/dorstener-tafel\/wordpress\/wp-content\/uploads\/2016\/12\/2016-12-10-Ursual-RS-TAFELI_ergebnis.jpg\"},{\"@type\":\"BreadcrumbList\",\"@id\":\"https:\/\/www.dorstener-tafel.de\/?p=810#breadcrumb\",\"itemListElement\":[{\"@type\":\"ListItem\",\"position\":1,\"name\":\"Home\",\"item\":\"https:\/\/www.dorstener-tafel.de\/\"},{\"@type\":\"ListItem\",\"position\":2,\"name\":\"Danke an die St. Ursula &#8211; Realschule!\"}]},{\"@type\":\"WebSite\",\"@id\":\"https:\/\/www.dorstener-tafel.de\/#website\",\"url\":\"https:\/\/www.dorstener-tafel.de\/\",\"name\":\"Home | Tafel Dorsten\",\"description\":\"\",\"potentialAction\":[{\"@type\":\"SearchAction\",\"target\":{\"@type\":\"EntryPoint\",\"urlTemplate\":\"https:\/\/www.dorstener-tafel.de\/?s={search_term_string}\"},\"query-input\":{\"@type\":\"PropertyValueSpecification\",\"valueRequired\":true,\"valueName\":\"search_term_string\"}}],\"inLanguage\":\"de\"},{\"@type\":\"Person\",\"@id\":\"https:\/\/www.dorstener-tafel.de\/#\/schema\/person\/c9a6797db5c21dbeb0851056380dcb01\",\"name\":\"jotw\",\"image\":{\"@type\":\"ImageObject\",\"inLanguage\":\"de\",\"@id\":\"https:\/\/www.dorstener-tafel.de\/#\/schema\/person\/image\/\",\"url\":\"https:\/\/secure.gravatar.com\/avatar\/225c6088c3bfecfbb42a2a0d5c9556b6?s=96&d=retro&r=g\",\"contentUrl\":\"https:\/\/secure.gravatar.com\/avatar\/225c6088c3bfecfbb42a2a0d5c9556b6?s=96&d=retro&r=g\",\"caption\":\"jotw\"},\"url\":\"https:\/\/www.dorstener-tafel.de\/?author=1\"}]}<\/script>\n<!-- \/ Yoast SEO plugin. -->","yoast_head_json":{"title":"Danke an die St. Ursula - Realschule! - Home | Tafel Dorsten","robots":{"index":"index","follow":"follow","max-snippet":"max-snippet:-1","max-image-preview":"max-image-preview:large","max-video-preview":"max-video-preview:-1"},"canonical":"https:\/\/www.dorstener-tafel.de\/?p=810","og_locale":"de_DE","og_type":"article","og_title":"Danke an die St. Ursula - Realschule! - Home | Tafel Dorsten","og_description":"Realschule St. Ursula Dorsten schreibt auf ihrer Homepage (https:\/\/rs-stursula.de\/index.php\/15-pressemitteilungen\/237-die-dorstener-tafel-an-der-realschule-st-ursula): Aufgerufen von der SV beteiligten sich unsere Sch\u00fclerinnen und Sch\u00fcler auch [&hellip;]","og_url":"https:\/\/www.dorstener-tafel.de\/?p=810","og_site_name":"Home | Tafel Dorsten","article_publisher":"https:\/\/www.facebook.com\/Dorstener-Tafel-eV-710109832448127\/","article_published_time":"2016-12-10T16:04:23+00:00","article_modified_time":"2017-02-06T18:22:16+00:00","og_image":[{"url":"http:\/\/www.kvg-dorsten.de\/dorstener-tafel\/wordpress\/wp-content\/uploads\/2016\/12\/2016-12-10-Ursual-RS-TAFELI_ergebnis.jpg","type":"","width":"","height":""}],"author":"jotw","twitter_card":"summary_large_image","twitter_misc":{"Verfasst von":"jotw","Gesch\u00e4tzte Lesezeit":"2\u00a0Minuten"},"schema":{"@context":"https:\/\/schema.org","@graph":[{"@type":"Article","@id":"https:\/\/www.dorstener-tafel.de\/?p=810#article","isPartOf":{"@id":"https:\/\/www.dorstener-tafel.de\/?p=810"},"author":{"name":"jotw","@id":"https:\/\/www.dorstener-tafel.de\/#\/schema\/person\/c9a6797db5c21dbeb0851056380dcb01"},"headline":"Danke an die St. Ursula &#8211; Realschule!","datePublished":"2016-12-10T16:04:23+00:00","dateModified":"2017-02-06T18:22:16+00:00","mainEntityOfPage":{"@id":"https:\/\/www.dorstener-tafel.de\/?p=810"},"wordCount":310,"commentCount":0,"image":{"@id":"https:\/\/www.dorstener-tafel.de\/?p=810#primaryimage"},"thumbnailUrl":"http:\/\/www.kvg-dorsten.de\/dorstener-tafel\/wordpress\/wp-content\/uploads\/2016\/12\/2016-12-10-Ursual-RS-TAFELI_ergebnis.jpg","keywords":["Aktion","P\u00e4ckchen","Spende","Weihnachten"],"articleSection":["Aktuelles","Presse"],"inLanguage":"de","potentialAction":[{"@type":"CommentAction","name":"Comment","target":["https:\/\/www.dorstener-tafel.de\/?p=810#respond"]}]},{"@type":"WebPage","@id":"https:\/\/www.dorstener-tafel.de\/?p=810","url":"https:\/\/www.dorstener-tafel.de\/?p=810","name":"Danke an die St. Ursula - Realschule! - Home | Tafel Dorsten","isPartOf":{"@id":"https:\/\/www.dorstener-tafel.de\/#website"},"primaryImageOfPage":{"@id":"https:\/\/www.dorstener-tafel.de\/?p=810#primaryimage"},"image":{"@id":"https:\/\/www.dorstener-tafel.de\/?p=810#primaryimage"},"thumbnailUrl":"http:\/\/www.kvg-dorsten.de\/dorstener-tafel\/wordpress\/wp-content\/uploads\/2016\/12\/2016-12-10-Ursual-RS-TAFELI_ergebnis.jpg","datePublished":"2016-12-10T16:04:23+00:00","dateModified":"2017-02-06T18:22:16+00:00","author":{"@id":"https:\/\/www.dorstener-tafel.de\/#\/schema\/person\/c9a6797db5c21dbeb0851056380dcb01"},"breadcrumb":{"@id":"https:\/\/www.dorstener-tafel.de\/?p=810#breadcrumb"},"inLanguage":"de","potentialAction":[{"@type":"ReadAction","target":["https:\/\/www.dorstener-tafel.de\/?p=810"]}]},{"@type":"ImageObject","inLanguage":"de","@id":"https:\/\/www.dorstener-tafel.de\/?p=810#primaryimage","url":"http:\/\/www.kvg-dorsten.de\/dorstener-tafel\/wordpress\/wp-content\/uploads\/2016\/12\/2016-12-10-Ursual-RS-TAFELI_ergebnis.jpg","contentUrl":"http:\/\/www.kvg-dorsten.de\/dorstener-tafel\/wordpress\/wp-content\/uploads\/2016\/12\/2016-12-10-Ursual-RS-TAFELI_ergebnis.jpg"},{"@type":"BreadcrumbList","@id":"https:\/\/www.dorstener-tafel.de\/?p=810#breadcrumb","itemListElement":[{"@type":"ListItem","position":1,"name":"Home","item":"https:\/\/www.dorstener-tafel.de\/"},{"@type":"ListItem","position":2,"name":"Danke an die St. Ursula &#8211; Realschule!"}]},{"@type":"WebSite","@id":"https:\/\/www.dorstener-tafel.de\/#website","url":"https:\/\/www.dorstener-tafel.de\/","name":"Home | Tafel Dorsten","description":"","potentialAction":[{"@type":"SearchAction","target":{"@type":"EntryPoint","urlTemplate":"https:\/\/www.dorstener-tafel.de\/?s={search_term_string}"},"query-input":{"@type":"PropertyValueSpecification","valueRequired":true,"valueName":"search_term_string"}}],"inLanguage":"de"},{"@type":"Person","@id":"https:\/\/www.dorstener-tafel.de\/#\/schema\/person\/c9a6797db5c21dbeb0851056380dcb01","name":"jotw","image":{"@type":"ImageObject","inLanguage":"de","@id":"https:\/\/www.dorstener-tafel.de\/#\/schema\/person\/image\/","url":"https:\/\/secure.gravatar.com\/avatar\/225c6088c3bfecfbb42a2a0d5c9556b6?s=96&d=retro&r=g","contentUrl":"https:\/\/secure.gravatar.com\/avatar\/225c6088c3bfecfbb42a2a0d5c9556b6?s=96&d=retro&r=g","caption":"jotw"},"url":"https:\/\/www.dorstener-tafel.de\/?author=1"}]}},"_links":{"self":[{"href":"https:\/\/www.dorstener-tafel.de\/index.php?rest_route=\/wp\/v2\/posts\/810","targetHints":{"allow":["GET"]}}],"collection":[{"href":"https:\/\/www.dorstener-tafel.de\/index.php?rest_route=\/wp\/v2\/posts"}],"about":[{"href":"https:\/\/www.dorstener-tafel.de\/index.php?rest_route=\/wp\/v2\/types\/post"}],"author":[{"embeddable":true,"href":"https:\/\/www.dorstener-tafel.de\/index.php?rest_route=\/wp\/v2\/users\/1"}],"replies":[{"embeddable":true,"href":"https:\/\/www.dorstener-tafel.de\/index.php?rest_route=%2Fwp%2Fv2%2Fcomments&post=810"}],"version-history":[{"count":1,"href":"https:\/\/www.dorstener-tafel.de\/index.php?rest_route=\/wp\/v2\/posts\/810\/revisions"}],"predecessor-version":[{"id":814,"href":"https:\/\/www.dorstener-tafel.de\/index.php?rest_route=\/wp\/v2\/posts\/810\/revisions\/814"}],"wp:attachment":[{"href":"https:\/\/www.dorstener-tafel.de\/index.php?rest_route=%2Fwp%2Fv2%2Fmedia&parent=810"}],"wp:term":[{"taxonomy":"category","embeddable":true,"href":"https:\/\/www.dorstener-tafel.de\/index.php?rest_route=%2Fwp%2Fv2%2Fcategories&post=810"},{"taxonomy":"post_tag","embeddable":true,"href":"https:\/\/www.dorstener-tafel.de\/index.php?rest_route=%2Fwp%2Fv2%2Ftags&post=810"}],"curies":[{"name":"wp","href":"https:\/\/api.w.org\/{rel}","templated":true}]}}