{"id":796,"date":"2016-11-30T00:18:19","date_gmt":"2016-11-29T23:18:19","guid":{"rendered":"http:\/\/www.dorstener-tafel.de\/?p=796"},"modified":"2016-11-30T00:36:16","modified_gmt":"2016-11-29T23:36:16","slug":"schueler-der-eks-unterstuetzen-die-dorstener-tafel","status":"publish","type":"post","link":"https:\/\/www.dorstener-tafel.de\/?p=796","title":{"rendered":"Sch\u00fcler der EKS unterst\u00fctzen die Dorstener Tafel"},"content":{"rendered":"<h5>Danke f\u00fcr Euer, f\u00fcr Ihr Engagement!<\/h5>\n<figure id=\"attachment_797\" aria-describedby=\"caption-attachment-797\" style=\"width: 1142px\" class=\"wp-caption alignnone\"><a href=\"http:\/\/www.kvg-dorsten.de\/dorstener-tafel\/wordpress\/wp-content\/uploads\/2016\/11\/2017-11-28-eks-paeckchen-lokalkompass.jpg\" target=\"_blank\"><img loading=\"lazy\" decoding=\"async\" class=\"wp-image-797 size-full\" src=\"http:\/\/www.kvg-dorsten.de\/dorstener-tafel\/wordpress\/wp-content\/uploads\/2016\/11\/2017-11-28-eks-paeckchen-lokalkompass.jpg\" alt=\"2017-11-28-eks-paeckchen-lokalkompass\" width=\"1142\" height=\"864\" srcset=\"https:\/\/www.kvg-dorsten.de\/dorstener-tafel\/wordpress\/wp-content\/uploads\/2016\/11\/2017-11-28-eks-paeckchen-lokalkompass.jpg 1142w, https:\/\/www.kvg-dorsten.de\/dorstener-tafel\/wordpress\/wp-content\/uploads\/2016\/11\/2017-11-28-eks-paeckchen-lokalkompass-300x227.jpg 300w, https:\/\/www.kvg-dorsten.de\/dorstener-tafel\/wordpress\/wp-content\/uploads\/2016\/11\/2017-11-28-eks-paeckchen-lokalkompass-768x581.jpg 768w, https:\/\/www.kvg-dorsten.de\/dorstener-tafel\/wordpress\/wp-content\/uploads\/2016\/11\/2017-11-28-eks-paeckchen-lokalkompass-1024x775.jpg 1024w\" sizes=\"auto, (max-width: 1142px) 100vw, 1142px\" \/><\/a><figcaption id=\"caption-attachment-797\" class=\"wp-caption-text\">Quelle: http:\/\/www.lokalkompass.de\/dorsten\/leute\/schueler-der-eks-unterstuetzen-die-dorstener-tafel-m3743803,715585.html<\/figcaption><\/figure>\n<p><i class=\"fa fa-search marginRightXS\"><\/i><i class=\"fa fa-caret-right\"><\/i><!-- google_ad_section_start --> <a href=\"http:\/\/www.lokalkompass.de\/stadtspiegel-dorsten-haltern\/dorsten\/\"><u><span style=\"color: #0066cc;\">Dorsten<\/span><\/u><\/a>: Erich-Klausener-Realschule |<\/p>\n<p>Holsterhausen. Die Sch\u00fcler der Erich-Klausener-Realschule unterst\u00fctzten auch in diesem Jahr wieder aktiv die Weihnachtsaktion der Dorstener Tafel.<br \/>\n<!--more--><\/p>\n<p>Eine Projektgruppe gestalteten Weihnachtspakete zugunsten der Dorstener Tafel. Dabei machte das Bemalen der Kartons besonderen Spa\u00df. Einige Sch\u00fcler gestalten die Kartons mit besonders ausgefallenen Motiven. Gleichzeitig besch\u00e4ftigten sich Sch\u00fcler auch mit den Anl\u00e4ssen und Gr\u00fcnden, warum sich so viele Menschen in Dorsten \u00fcber diese Form der Unterst\u00fctzung freuen, bzw. darauf angewiesen sind.<\/p>\n<p>Frau Meyer und Frau Thei\u00dfen, Lehrerinnen der EKS, die diese Aktion jetzt schon seit vielen Jahren organisieren und begleiten, freuten sich \u00fcber die vielen Spenden der Eltern und Sch\u00fcler, die an der EKS ankamen und dann verpackt werden konnten.<\/p>\n<p>Jetzt sind die Pakete auf dem Weg zur Dorstener Tafel und alle hoffen, dass die Pakete zu Weihnachten vielen Menschen eine Freude bereiten k\u00f6nnen.<\/p>\n","protected":false},"excerpt":{"rendered":"<p>Danke f\u00fcr Euer, f\u00fcr Ihr Engagement! Dorsten: Erich-Klausener-Realschule | Holsterhausen. Die Sch\u00fcler der Erich-Klausener-Realschule unterst\u00fctzten auch in diesem Jahr wieder [&hellip;]<\/p>\n","protected":false},"author":1,"featured_media":0,"comment_status":"open","ping_status":"closed","sticky":false,"template":"","format":"standard","meta":{"footnotes":""},"categories":[1,4],"tags":[],"class_list":["post-796","post","type-post","status-publish","format-standard","hentry","category-allgemein","category-presse"],"yoast_head":"<!-- This site is optimized with the Yoast SEO plugin v26.8 - https:\/\/yoast.com\/product\/yoast-seo-wordpress\/ -->\n<title>Sch\u00fcler der EKS unterst\u00fctzen die Dorstener Tafel - Home | Tafel Dorsten<\/title>\n<meta name=\"robots\" content=\"index, follow, max-snippet:-1, max-image-preview:large, max-video-preview:-1\" \/>\n<link rel=\"canonical\" href=\"https:\/\/www.dorstener-tafel.de\/?p=796\" \/>\n<meta property=\"og:locale\" content=\"de_DE\" \/>\n<meta property=\"og:type\" content=\"article\" \/>\n<meta property=\"og:title\" content=\"Sch\u00fcler der EKS unterst\u00fctzen die Dorstener Tafel - Home | Tafel Dorsten\" \/>\n<meta property=\"og:description\" content=\"Danke f\u00fcr Euer, f\u00fcr Ihr Engagement! Dorsten: Erich-Klausener-Realschule | Holsterhausen. Die Sch\u00fcler der Erich-Klausener-Realschule unterst\u00fctzten auch in diesem Jahr wieder [&hellip;]\" \/>\n<meta property=\"og:url\" content=\"https:\/\/www.dorstener-tafel.de\/?p=796\" \/>\n<meta property=\"og:site_name\" content=\"Home | Tafel Dorsten\" \/>\n<meta property=\"article:publisher\" content=\"https:\/\/www.facebook.com\/Dorstener-Tafel-eV-710109832448127\/\" \/>\n<meta property=\"article:published_time\" content=\"2016-11-29T23:18:19+00:00\" \/>\n<meta property=\"article:modified_time\" content=\"2016-11-29T23:36:16+00:00\" \/>\n<meta property=\"og:image\" content=\"http:\/\/www.kvg-dorsten.de\/dorstener-tafel\/wordpress\/wp-content\/uploads\/2016\/11\/2017-11-28-eks-paeckchen-lokalkompass.jpg\" \/>\n<meta name=\"author\" content=\"jotw\" \/>\n<meta name=\"twitter:card\" content=\"summary_large_image\" \/>\n<meta name=\"twitter:label1\" content=\"Verfasst von\" \/>\n\t<meta name=\"twitter:data1\" content=\"jotw\" \/>\n\t<meta name=\"twitter:label2\" content=\"Gesch\u00e4tzte Lesezeit\" \/>\n\t<meta name=\"twitter:data2\" content=\"1\u00a0Minute\" \/>\n<script type=\"application\/ld+json\" class=\"yoast-schema-graph\">{\"@context\":\"https:\/\/schema.org\",\"@graph\":[{\"@type\":\"Article\",\"@id\":\"https:\/\/www.dorstener-tafel.de\/?p=796#article\",\"isPartOf\":{\"@id\":\"https:\/\/www.dorstener-tafel.de\/?p=796\"},\"author\":{\"name\":\"jotw\",\"@id\":\"https:\/\/www.dorstener-tafel.de\/#\/schema\/person\/c9a6797db5c21dbeb0851056380dcb01\"},\"headline\":\"Sch\u00fcler der EKS unterst\u00fctzen die Dorstener Tafel\",\"datePublished\":\"2016-11-29T23:18:19+00:00\",\"dateModified\":\"2016-11-29T23:36:16+00:00\",\"mainEntityOfPage\":{\"@id\":\"https:\/\/www.dorstener-tafel.de\/?p=796\"},\"wordCount\":178,\"commentCount\":0,\"image\":{\"@id\":\"https:\/\/www.dorstener-tafel.de\/?p=796#primaryimage\"},\"thumbnailUrl\":\"http:\/\/www.kvg-dorsten.de\/dorstener-tafel\/wordpress\/wp-content\/uploads\/2016\/11\/2017-11-28-eks-paeckchen-lokalkompass.jpg\",\"articleSection\":[\"Aktuelles\",\"Presse\"],\"inLanguage\":\"de\",\"potentialAction\":[{\"@type\":\"CommentAction\",\"name\":\"Comment\",\"target\":[\"https:\/\/www.dorstener-tafel.de\/?p=796#respond\"]}]},{\"@type\":\"WebPage\",\"@id\":\"https:\/\/www.dorstener-tafel.de\/?p=796\",\"url\":\"https:\/\/www.dorstener-tafel.de\/?p=796\",\"name\":\"Sch\u00fcler der EKS unterst\u00fctzen die Dorstener Tafel - Home | Tafel Dorsten\",\"isPartOf\":{\"@id\":\"https:\/\/www.dorstener-tafel.de\/#website\"},\"primaryImageOfPage\":{\"@id\":\"https:\/\/www.dorstener-tafel.de\/?p=796#primaryimage\"},\"image\":{\"@id\":\"https:\/\/www.dorstener-tafel.de\/?p=796#primaryimage\"},\"thumbnailUrl\":\"http:\/\/www.kvg-dorsten.de\/dorstener-tafel\/wordpress\/wp-content\/uploads\/2016\/11\/2017-11-28-eks-paeckchen-lokalkompass.jpg\",\"datePublished\":\"2016-11-29T23:18:19+00:00\",\"dateModified\":\"2016-11-29T23:36:16+00:00\",\"author\":{\"@id\":\"https:\/\/www.dorstener-tafel.de\/#\/schema\/person\/c9a6797db5c21dbeb0851056380dcb01\"},\"breadcrumb\":{\"@id\":\"https:\/\/www.dorstener-tafel.de\/?p=796#breadcrumb\"},\"inLanguage\":\"de\",\"potentialAction\":[{\"@type\":\"ReadAction\",\"target\":[\"https:\/\/www.dorstener-tafel.de\/?p=796\"]}]},{\"@type\":\"ImageObject\",\"inLanguage\":\"de\",\"@id\":\"https:\/\/www.dorstener-tafel.de\/?p=796#primaryimage\",\"url\":\"http:\/\/www.kvg-dorsten.de\/dorstener-tafel\/wordpress\/wp-content\/uploads\/2016\/11\/2017-11-28-eks-paeckchen-lokalkompass.jpg\",\"contentUrl\":\"http:\/\/www.kvg-dorsten.de\/dorstener-tafel\/wordpress\/wp-content\/uploads\/2016\/11\/2017-11-28-eks-paeckchen-lokalkompass.jpg\"},{\"@type\":\"BreadcrumbList\",\"@id\":\"https:\/\/www.dorstener-tafel.de\/?p=796#breadcrumb\",\"itemListElement\":[{\"@type\":\"ListItem\",\"position\":1,\"name\":\"Home\",\"item\":\"https:\/\/www.dorstener-tafel.de\/\"},{\"@type\":\"ListItem\",\"position\":2,\"name\":\"Sch\u00fcler der EKS unterst\u00fctzen die Dorstener Tafel\"}]},{\"@type\":\"WebSite\",\"@id\":\"https:\/\/www.dorstener-tafel.de\/#website\",\"url\":\"https:\/\/www.dorstener-tafel.de\/\",\"name\":\"Home | Tafel Dorsten\",\"description\":\"\",\"potentialAction\":[{\"@type\":\"SearchAction\",\"target\":{\"@type\":\"EntryPoint\",\"urlTemplate\":\"https:\/\/www.dorstener-tafel.de\/?s={search_term_string}\"},\"query-input\":{\"@type\":\"PropertyValueSpecification\",\"valueRequired\":true,\"valueName\":\"search_term_string\"}}],\"inLanguage\":\"de\"},{\"@type\":\"Person\",\"@id\":\"https:\/\/www.dorstener-tafel.de\/#\/schema\/person\/c9a6797db5c21dbeb0851056380dcb01\",\"name\":\"jotw\",\"image\":{\"@type\":\"ImageObject\",\"inLanguage\":\"de\",\"@id\":\"https:\/\/www.dorstener-tafel.de\/#\/schema\/person\/image\/\",\"url\":\"https:\/\/secure.gravatar.com\/avatar\/225c6088c3bfecfbb42a2a0d5c9556b6?s=96&d=retro&r=g\",\"contentUrl\":\"https:\/\/secure.gravatar.com\/avatar\/225c6088c3bfecfbb42a2a0d5c9556b6?s=96&d=retro&r=g\",\"caption\":\"jotw\"},\"url\":\"https:\/\/www.dorstener-tafel.de\/?author=1\"}]}<\/script>\n<!-- \/ Yoast SEO plugin. -->","yoast_head_json":{"title":"Sch\u00fcler der EKS unterst\u00fctzen die Dorstener Tafel - Home | Tafel Dorsten","robots":{"index":"index","follow":"follow","max-snippet":"max-snippet:-1","max-image-preview":"max-image-preview:large","max-video-preview":"max-video-preview:-1"},"canonical":"https:\/\/www.dorstener-tafel.de\/?p=796","og_locale":"de_DE","og_type":"article","og_title":"Sch\u00fcler der EKS unterst\u00fctzen die Dorstener Tafel - Home | Tafel Dorsten","og_description":"Danke f\u00fcr Euer, f\u00fcr Ihr Engagement! Dorsten: Erich-Klausener-Realschule | Holsterhausen. Die Sch\u00fcler der Erich-Klausener-Realschule unterst\u00fctzten auch in diesem Jahr wieder [&hellip;]","og_url":"https:\/\/www.dorstener-tafel.de\/?p=796","og_site_name":"Home | Tafel Dorsten","article_publisher":"https:\/\/www.facebook.com\/Dorstener-Tafel-eV-710109832448127\/","article_published_time":"2016-11-29T23:18:19+00:00","article_modified_time":"2016-11-29T23:36:16+00:00","og_image":[{"url":"http:\/\/www.kvg-dorsten.de\/dorstener-tafel\/wordpress\/wp-content\/uploads\/2016\/11\/2017-11-28-eks-paeckchen-lokalkompass.jpg","type":"","width":"","height":""}],"author":"jotw","twitter_card":"summary_large_image","twitter_misc":{"Verfasst von":"jotw","Gesch\u00e4tzte Lesezeit":"1\u00a0Minute"},"schema":{"@context":"https:\/\/schema.org","@graph":[{"@type":"Article","@id":"https:\/\/www.dorstener-tafel.de\/?p=796#article","isPartOf":{"@id":"https:\/\/www.dorstener-tafel.de\/?p=796"},"author":{"name":"jotw","@id":"https:\/\/www.dorstener-tafel.de\/#\/schema\/person\/c9a6797db5c21dbeb0851056380dcb01"},"headline":"Sch\u00fcler der EKS unterst\u00fctzen die Dorstener Tafel","datePublished":"2016-11-29T23:18:19+00:00","dateModified":"2016-11-29T23:36:16+00:00","mainEntityOfPage":{"@id":"https:\/\/www.dorstener-tafel.de\/?p=796"},"wordCount":178,"commentCount":0,"image":{"@id":"https:\/\/www.dorstener-tafel.de\/?p=796#primaryimage"},"thumbnailUrl":"http:\/\/www.kvg-dorsten.de\/dorstener-tafel\/wordpress\/wp-content\/uploads\/2016\/11\/2017-11-28-eks-paeckchen-lokalkompass.jpg","articleSection":["Aktuelles","Presse"],"inLanguage":"de","potentialAction":[{"@type":"CommentAction","name":"Comment","target":["https:\/\/www.dorstener-tafel.de\/?p=796#respond"]}]},{"@type":"WebPage","@id":"https:\/\/www.dorstener-tafel.de\/?p=796","url":"https:\/\/www.dorstener-tafel.de\/?p=796","name":"Sch\u00fcler der EKS unterst\u00fctzen die Dorstener Tafel - Home | Tafel Dorsten","isPartOf":{"@id":"https:\/\/www.dorstener-tafel.de\/#website"},"primaryImageOfPage":{"@id":"https:\/\/www.dorstener-tafel.de\/?p=796#primaryimage"},"image":{"@id":"https:\/\/www.dorstener-tafel.de\/?p=796#primaryimage"},"thumbnailUrl":"http:\/\/www.kvg-dorsten.de\/dorstener-tafel\/wordpress\/wp-content\/uploads\/2016\/11\/2017-11-28-eks-paeckchen-lokalkompass.jpg","datePublished":"2016-11-29T23:18:19+00:00","dateModified":"2016-11-29T23:36:16+00:00","author":{"@id":"https:\/\/www.dorstener-tafel.de\/#\/schema\/person\/c9a6797db5c21dbeb0851056380dcb01"},"breadcrumb":{"@id":"https:\/\/www.dorstener-tafel.de\/?p=796#breadcrumb"},"inLanguage":"de","potentialAction":[{"@type":"ReadAction","target":["https:\/\/www.dorstener-tafel.de\/?p=796"]}]},{"@type":"ImageObject","inLanguage":"de","@id":"https:\/\/www.dorstener-tafel.de\/?p=796#primaryimage","url":"http:\/\/www.kvg-dorsten.de\/dorstener-tafel\/wordpress\/wp-content\/uploads\/2016\/11\/2017-11-28-eks-paeckchen-lokalkompass.jpg","contentUrl":"http:\/\/www.kvg-dorsten.de\/dorstener-tafel\/wordpress\/wp-content\/uploads\/2016\/11\/2017-11-28-eks-paeckchen-lokalkompass.jpg"},{"@type":"BreadcrumbList","@id":"https:\/\/www.dorstener-tafel.de\/?p=796#breadcrumb","itemListElement":[{"@type":"ListItem","position":1,"name":"Home","item":"https:\/\/www.dorstener-tafel.de\/"},{"@type":"ListItem","position":2,"name":"Sch\u00fcler der EKS unterst\u00fctzen die Dorstener Tafel"}]},{"@type":"WebSite","@id":"https:\/\/www.dorstener-tafel.de\/#website","url":"https:\/\/www.dorstener-tafel.de\/","name":"Home | Tafel Dorsten","description":"","potentialAction":[{"@type":"SearchAction","target":{"@type":"EntryPoint","urlTemplate":"https:\/\/www.dorstener-tafel.de\/?s={search_term_string}"},"query-input":{"@type":"PropertyValueSpecification","valueRequired":true,"valueName":"search_term_string"}}],"inLanguage":"de"},{"@type":"Person","@id":"https:\/\/www.dorstener-tafel.de\/#\/schema\/person\/c9a6797db5c21dbeb0851056380dcb01","name":"jotw","image":{"@type":"ImageObject","inLanguage":"de","@id":"https:\/\/www.dorstener-tafel.de\/#\/schema\/person\/image\/","url":"https:\/\/secure.gravatar.com\/avatar\/225c6088c3bfecfbb42a2a0d5c9556b6?s=96&d=retro&r=g","contentUrl":"https:\/\/secure.gravatar.com\/avatar\/225c6088c3bfecfbb42a2a0d5c9556b6?s=96&d=retro&r=g","caption":"jotw"},"url":"https:\/\/www.dorstener-tafel.de\/?author=1"}]}},"_links":{"self":[{"href":"https:\/\/www.dorstener-tafel.de\/index.php?rest_route=\/wp\/v2\/posts\/796","targetHints":{"allow":["GET"]}}],"collection":[{"href":"https:\/\/www.dorstener-tafel.de\/index.php?rest_route=\/wp\/v2\/posts"}],"about":[{"href":"https:\/\/www.dorstener-tafel.de\/index.php?rest_route=\/wp\/v2\/types\/post"}],"author":[{"embeddable":true,"href":"https:\/\/www.dorstener-tafel.de\/index.php?rest_route=\/wp\/v2\/users\/1"}],"replies":[{"embeddable":true,"href":"https:\/\/www.dorstener-tafel.de\/index.php?rest_route=%2Fwp%2Fv2%2Fcomments&post=796"}],"version-history":[{"count":2,"href":"https:\/\/www.dorstener-tafel.de\/index.php?rest_route=\/wp\/v2\/posts\/796\/revisions"}],"predecessor-version":[{"id":799,"href":"https:\/\/www.dorstener-tafel.de\/index.php?rest_route=\/wp\/v2\/posts\/796\/revisions\/799"}],"wp:attachment":[{"href":"https:\/\/www.dorstener-tafel.de\/index.php?rest_route=%2Fwp%2Fv2%2Fmedia&parent=796"}],"wp:term":[{"taxonomy":"category","embeddable":true,"href":"https:\/\/www.dorstener-tafel.de\/index.php?rest_route=%2Fwp%2Fv2%2Fcategories&post=796"},{"taxonomy":"post_tag","embeddable":true,"href":"https:\/\/www.dorstener-tafel.de\/index.php?rest_route=%2Fwp%2Fv2%2Ftags&post=796"}],"curies":[{"name":"wp","href":"https:\/\/api.w.org\/{rel}","templated":true}]}}