{"id":785,"date":"2016-11-22T16:50:11","date_gmt":"2016-11-22T15:50:11","guid":{"rendered":"http:\/\/www.dorstener-tafel.de\/?p=785"},"modified":"2016-11-30T00:25:42","modified_gmt":"2016-11-29T23:25:42","slug":"tueten-und-paeckchen","status":"publish","type":"post","link":"https:\/\/www.dorstener-tafel.de\/?p=785","title":{"rendered":"T\u00fcten und P\u00e4ckchen"},"content":{"rendered":"<p>Dass ehrenamtliche Arbeit nicht nur zur Ehre gereicht, sondern auch Arbeit ist und macht, erfahren die Mitarbeiterinnen und Mitarbeiter der Tafel tagt\u00e4glich.<\/p>\n<p>Wie gut tut es dann, wenn man die Resonanz der Dorstener sp\u00fcrt, sch\u00f6ne Unterst\u00fctzung erf\u00e4hrt!<!--more--><\/p>\n<p><a href=\"http:\/\/www.kvg-dorsten.de\/dorstener-tafel\/wordpress\/wp-content\/uploads\/2016\/11\/2016-11-22_Tueten-142903.jpg\" target=\"_blank\"><img loading=\"lazy\" decoding=\"async\" class=\"alignleft wp-image-787 size-medium\" src=\"http:\/\/www.kvg-dorsten.de\/dorstener-tafel\/wordpress\/wp-content\/uploads\/2016\/11\/2016-11-22_Tueten-142903-225x300.jpg\" alt=\"2016-11-22_tueten-142903\" width=\"225\" height=\"300\" srcset=\"https:\/\/www.kvg-dorsten.de\/dorstener-tafel\/wordpress\/wp-content\/uploads\/2016\/11\/2016-11-22_Tueten-142903-225x300.jpg 225w, https:\/\/www.kvg-dorsten.de\/dorstener-tafel\/wordpress\/wp-content\/uploads\/2016\/11\/2016-11-22_Tueten-142903-768x1024.jpg 768w, https:\/\/www.kvg-dorsten.de\/dorstener-tafel\/wordpress\/wp-content\/uploads\/2016\/11\/2016-11-22_Tueten-142903.jpg 900w\" sizes=\"auto, (max-width: 225px) 100vw, 225px\" \/><\/a>Samstag, ab 10:00 Uhr bei TOOM: Zwei Mitarbeiterinnen der Dorstener Tafel stehen da bis 16:00 Uhr, erkennbar an ihren Sch\u00fcrzen mit dem TAFEL-Logo, und machen Reklame f\u00fcr die REWE-Aktion &#8222;Gemeinsam Teller f\u00fcllen&#8220;. Sie sprechen Kundinnen und Kunden\u00a0an, erl\u00e4utern den Zweck der Aktion und nehmen die vollen T\u00fcten an. Manche haben gleich 4 gekauft. Am Ende sind\u00b4s knapp \u00fcber 100 T\u00fcten allein an diesem Tag in diesem Markt!<\/p>\n<p>Dienstag, 14:00 Uh<img loading=\"lazy\" decoding=\"async\" class=\"wp-image-786 alignright\" src=\"http:\/\/www.kvg-dorsten.de\/dorstener-tafel\/wordpress\/wp-content\/uploads\/2016\/11\/2016-11-22_Paeckchen-und-REWE-143904-214x300.jpg\" alt=\"2016-11-22_paeckchen-und-rewe-143904\" width=\"225\" height=\"315\" srcset=\"https:\/\/www.kvg-dorsten.de\/dorstener-tafel\/wordpress\/wp-content\/uploads\/2016\/11\/2016-11-22_Paeckchen-und-REWE-143904-214x300.jpg 214w, https:\/\/www.kvg-dorsten.de\/dorstener-tafel\/wordpress\/wp-content\/uploads\/2016\/11\/2016-11-22_Paeckchen-und-REWE-143904-768x1077.jpg 768w, https:\/\/www.kvg-dorsten.de\/dorstener-tafel\/wordpress\/wp-content\/uploads\/2016\/11\/2016-11-22_Paeckchen-und-REWE-143904-730x1024.jpg 730w, https:\/\/www.kvg-dorsten.de\/dorstener-tafel\/wordpress\/wp-content\/uploads\/2016\/11\/2016-11-22_Paeckchen-und-REWE-143904.jpg 856w\" sizes=\"auto, (max-width: 225px) 100vw, 225px\" \/>r: die Vorbereitungen f\u00fcr die kommenden drei Stunden Verkauf sind in vollem Gange. An der Ladent\u00fcr erscheint eine junggebliebene Oma mit ihrer Enkelin, im Arm ein \u00a0liebevoll gepacktes Paket, au\u00dfen mit Geschenkpapier beklebt, oben offen (wie es sein soll) und gef\u00fcllt mit einem herrlichen Querschnitt durch alles, was es so Gutes und Wohlriechendes gibt. &#8222;F\u00fcr einen Mann ist das&#8220;, sagt sie; ein Blick verr\u00e4t: Herrenseife und M\u00e4nner-Duschgel sind neben allerlei K\u00f6stlichkeiten drin. &#8222;Einen Moment, ich hol eben das zweite P\u00e4ckchen!&#8220; Ebenso nett verpackt und hochwertig gef\u00fcllt, dieses eher &#8211; wegen des beiliegenden Bilderbuchs &#8211; f\u00fcr eine Familie mit Kind. Das kleine M\u00e4dchen wirft noch einen letzten sehnsuchtsvollen Blick darauf &#8230;<\/p>\n<p>Diese beiden P\u00e4ckchen werden neben\u00a0vielen anderen, die schon da sind\u00a0oder noch kommen werden,\u00a0am 15. Dezember f\u00fcr eine ganz besondere Bescherung sorgen.<br \/>\nDie T\u00fcten sind gef\u00fcllt mit besonders lange haltbaren Lebensmitteln, die sonst eher nicht bei uns abgegeben werden und so das Angebot im Laden gut erg\u00e4nzen.<\/p>\n<p>Wir freuen uns \u00fcber so viel Bereitschaft zur Hilfe und sagen ganz einfach: Herzlichen Dank!<\/p>\n","protected":false},"excerpt":{"rendered":"<p>Dass ehrenamtliche Arbeit nicht nur zur Ehre gereicht, sondern auch Arbeit ist und macht, erfahren die Mitarbeiterinnen und Mitarbeiter der [&hellip;]<\/p>\n","protected":false},"author":1,"featured_media":0,"comment_status":"open","ping_status":"closed","sticky":false,"template":"","format":"standard","meta":{"footnotes":""},"categories":[1],"tags":[],"class_list":["post-785","post","type-post","status-publish","format-standard","hentry","category-allgemein"],"yoast_head":"<!-- This site is optimized with the Yoast SEO plugin v26.8 - https:\/\/yoast.com\/product\/yoast-seo-wordpress\/ -->\n<title>T\u00fcten und P\u00e4ckchen - Home | Tafel Dorsten<\/title>\n<meta name=\"robots\" content=\"index, follow, max-snippet:-1, max-image-preview:large, max-video-preview:-1\" \/>\n<link rel=\"canonical\" href=\"https:\/\/www.dorstener-tafel.de\/?p=785\" \/>\n<meta property=\"og:locale\" content=\"de_DE\" \/>\n<meta property=\"og:type\" content=\"article\" \/>\n<meta property=\"og:title\" content=\"T\u00fcten und P\u00e4ckchen - Home | Tafel Dorsten\" \/>\n<meta property=\"og:description\" content=\"Dass ehrenamtliche Arbeit nicht nur zur Ehre gereicht, sondern auch Arbeit ist und macht, erfahren die Mitarbeiterinnen und Mitarbeiter der [&hellip;]\" \/>\n<meta property=\"og:url\" content=\"https:\/\/www.dorstener-tafel.de\/?p=785\" \/>\n<meta property=\"og:site_name\" content=\"Home | Tafel Dorsten\" \/>\n<meta property=\"article:publisher\" content=\"https:\/\/www.facebook.com\/Dorstener-Tafel-eV-710109832448127\/\" \/>\n<meta property=\"article:published_time\" content=\"2016-11-22T15:50:11+00:00\" \/>\n<meta property=\"article:modified_time\" content=\"2016-11-29T23:25:42+00:00\" \/>\n<meta property=\"og:image\" content=\"http:\/\/www.kvg-dorsten.de\/dorstener-tafel\/wordpress\/wp-content\/uploads\/2016\/11\/2016-11-22_Tueten-142903-225x300.jpg\" \/>\n<meta name=\"author\" content=\"jotw\" \/>\n<meta name=\"twitter:card\" content=\"summary_large_image\" \/>\n<meta name=\"twitter:label1\" content=\"Verfasst von\" \/>\n\t<meta name=\"twitter:data1\" content=\"jotw\" \/>\n\t<meta name=\"twitter:label2\" content=\"Gesch\u00e4tzte Lesezeit\" \/>\n\t<meta name=\"twitter:data2\" content=\"2\u00a0Minuten\" \/>\n<script type=\"application\/ld+json\" class=\"yoast-schema-graph\">{\"@context\":\"https:\/\/schema.org\",\"@graph\":[{\"@type\":\"Article\",\"@id\":\"https:\/\/www.dorstener-tafel.de\/?p=785#article\",\"isPartOf\":{\"@id\":\"https:\/\/www.dorstener-tafel.de\/?p=785\"},\"author\":{\"name\":\"jotw\",\"@id\":\"https:\/\/www.dorstener-tafel.de\/#\/schema\/person\/c9a6797db5c21dbeb0851056380dcb01\"},\"headline\":\"T\u00fcten und P\u00e4ckchen\",\"datePublished\":\"2016-11-22T15:50:11+00:00\",\"dateModified\":\"2016-11-29T23:25:42+00:00\",\"mainEntityOfPage\":{\"@id\":\"https:\/\/www.dorstener-tafel.de\/?p=785\"},\"wordCount\":308,\"commentCount\":0,\"image\":{\"@id\":\"https:\/\/www.dorstener-tafel.de\/?p=785#primaryimage\"},\"thumbnailUrl\":\"http:\/\/www.kvg-dorsten.de\/dorstener-tafel\/wordpress\/wp-content\/uploads\/2016\/11\/2016-11-22_Tueten-142903-225x300.jpg\",\"articleSection\":[\"Aktuelles\"],\"inLanguage\":\"de\",\"potentialAction\":[{\"@type\":\"CommentAction\",\"name\":\"Comment\",\"target\":[\"https:\/\/www.dorstener-tafel.de\/?p=785#respond\"]}]},{\"@type\":\"WebPage\",\"@id\":\"https:\/\/www.dorstener-tafel.de\/?p=785\",\"url\":\"https:\/\/www.dorstener-tafel.de\/?p=785\",\"name\":\"T\u00fcten und P\u00e4ckchen - Home | Tafel Dorsten\",\"isPartOf\":{\"@id\":\"https:\/\/www.dorstener-tafel.de\/#website\"},\"primaryImageOfPage\":{\"@id\":\"https:\/\/www.dorstener-tafel.de\/?p=785#primaryimage\"},\"image\":{\"@id\":\"https:\/\/www.dorstener-tafel.de\/?p=785#primaryimage\"},\"thumbnailUrl\":\"http:\/\/www.kvg-dorsten.de\/dorstener-tafel\/wordpress\/wp-content\/uploads\/2016\/11\/2016-11-22_Tueten-142903-225x300.jpg\",\"datePublished\":\"2016-11-22T15:50:11+00:00\",\"dateModified\":\"2016-11-29T23:25:42+00:00\",\"author\":{\"@id\":\"https:\/\/www.dorstener-tafel.de\/#\/schema\/person\/c9a6797db5c21dbeb0851056380dcb01\"},\"breadcrumb\":{\"@id\":\"https:\/\/www.dorstener-tafel.de\/?p=785#breadcrumb\"},\"inLanguage\":\"de\",\"potentialAction\":[{\"@type\":\"ReadAction\",\"target\":[\"https:\/\/www.dorstener-tafel.de\/?p=785\"]}]},{\"@type\":\"ImageObject\",\"inLanguage\":\"de\",\"@id\":\"https:\/\/www.dorstener-tafel.de\/?p=785#primaryimage\",\"url\":\"http:\/\/www.kvg-dorsten.de\/dorstener-tafel\/wordpress\/wp-content\/uploads\/2016\/11\/2016-11-22_Tueten-142903-225x300.jpg\",\"contentUrl\":\"http:\/\/www.kvg-dorsten.de\/dorstener-tafel\/wordpress\/wp-content\/uploads\/2016\/11\/2016-11-22_Tueten-142903-225x300.jpg\"},{\"@type\":\"BreadcrumbList\",\"@id\":\"https:\/\/www.dorstener-tafel.de\/?p=785#breadcrumb\",\"itemListElement\":[{\"@type\":\"ListItem\",\"position\":1,\"name\":\"Home\",\"item\":\"https:\/\/www.dorstener-tafel.de\/\"},{\"@type\":\"ListItem\",\"position\":2,\"name\":\"T\u00fcten und P\u00e4ckchen\"}]},{\"@type\":\"WebSite\",\"@id\":\"https:\/\/www.dorstener-tafel.de\/#website\",\"url\":\"https:\/\/www.dorstener-tafel.de\/\",\"name\":\"Home | Tafel Dorsten\",\"description\":\"\",\"potentialAction\":[{\"@type\":\"SearchAction\",\"target\":{\"@type\":\"EntryPoint\",\"urlTemplate\":\"https:\/\/www.dorstener-tafel.de\/?s={search_term_string}\"},\"query-input\":{\"@type\":\"PropertyValueSpecification\",\"valueRequired\":true,\"valueName\":\"search_term_string\"}}],\"inLanguage\":\"de\"},{\"@type\":\"Person\",\"@id\":\"https:\/\/www.dorstener-tafel.de\/#\/schema\/person\/c9a6797db5c21dbeb0851056380dcb01\",\"name\":\"jotw\",\"image\":{\"@type\":\"ImageObject\",\"inLanguage\":\"de\",\"@id\":\"https:\/\/www.dorstener-tafel.de\/#\/schema\/person\/image\/\",\"url\":\"https:\/\/secure.gravatar.com\/avatar\/225c6088c3bfecfbb42a2a0d5c9556b6?s=96&d=retro&r=g\",\"contentUrl\":\"https:\/\/secure.gravatar.com\/avatar\/225c6088c3bfecfbb42a2a0d5c9556b6?s=96&d=retro&r=g\",\"caption\":\"jotw\"},\"url\":\"https:\/\/www.dorstener-tafel.de\/?author=1\"}]}<\/script>\n<!-- \/ Yoast SEO plugin. -->","yoast_head_json":{"title":"T\u00fcten und P\u00e4ckchen - Home | Tafel Dorsten","robots":{"index":"index","follow":"follow","max-snippet":"max-snippet:-1","max-image-preview":"max-image-preview:large","max-video-preview":"max-video-preview:-1"},"canonical":"https:\/\/www.dorstener-tafel.de\/?p=785","og_locale":"de_DE","og_type":"article","og_title":"T\u00fcten und P\u00e4ckchen - Home | Tafel Dorsten","og_description":"Dass ehrenamtliche Arbeit nicht nur zur Ehre gereicht, sondern auch Arbeit ist und macht, erfahren die Mitarbeiterinnen und Mitarbeiter der [&hellip;]","og_url":"https:\/\/www.dorstener-tafel.de\/?p=785","og_site_name":"Home | Tafel Dorsten","article_publisher":"https:\/\/www.facebook.com\/Dorstener-Tafel-eV-710109832448127\/","article_published_time":"2016-11-22T15:50:11+00:00","article_modified_time":"2016-11-29T23:25:42+00:00","og_image":[{"url":"http:\/\/www.kvg-dorsten.de\/dorstener-tafel\/wordpress\/wp-content\/uploads\/2016\/11\/2016-11-22_Tueten-142903-225x300.jpg","type":"","width":"","height":""}],"author":"jotw","twitter_card":"summary_large_image","twitter_misc":{"Verfasst von":"jotw","Gesch\u00e4tzte Lesezeit":"2\u00a0Minuten"},"schema":{"@context":"https:\/\/schema.org","@graph":[{"@type":"Article","@id":"https:\/\/www.dorstener-tafel.de\/?p=785#article","isPartOf":{"@id":"https:\/\/www.dorstener-tafel.de\/?p=785"},"author":{"name":"jotw","@id":"https:\/\/www.dorstener-tafel.de\/#\/schema\/person\/c9a6797db5c21dbeb0851056380dcb01"},"headline":"T\u00fcten und P\u00e4ckchen","datePublished":"2016-11-22T15:50:11+00:00","dateModified":"2016-11-29T23:25:42+00:00","mainEntityOfPage":{"@id":"https:\/\/www.dorstener-tafel.de\/?p=785"},"wordCount":308,"commentCount":0,"image":{"@id":"https:\/\/www.dorstener-tafel.de\/?p=785#primaryimage"},"thumbnailUrl":"http:\/\/www.kvg-dorsten.de\/dorstener-tafel\/wordpress\/wp-content\/uploads\/2016\/11\/2016-11-22_Tueten-142903-225x300.jpg","articleSection":["Aktuelles"],"inLanguage":"de","potentialAction":[{"@type":"CommentAction","name":"Comment","target":["https:\/\/www.dorstener-tafel.de\/?p=785#respond"]}]},{"@type":"WebPage","@id":"https:\/\/www.dorstener-tafel.de\/?p=785","url":"https:\/\/www.dorstener-tafel.de\/?p=785","name":"T\u00fcten und P\u00e4ckchen - Home | Tafel Dorsten","isPartOf":{"@id":"https:\/\/www.dorstener-tafel.de\/#website"},"primaryImageOfPage":{"@id":"https:\/\/www.dorstener-tafel.de\/?p=785#primaryimage"},"image":{"@id":"https:\/\/www.dorstener-tafel.de\/?p=785#primaryimage"},"thumbnailUrl":"http:\/\/www.kvg-dorsten.de\/dorstener-tafel\/wordpress\/wp-content\/uploads\/2016\/11\/2016-11-22_Tueten-142903-225x300.jpg","datePublished":"2016-11-22T15:50:11+00:00","dateModified":"2016-11-29T23:25:42+00:00","author":{"@id":"https:\/\/www.dorstener-tafel.de\/#\/schema\/person\/c9a6797db5c21dbeb0851056380dcb01"},"breadcrumb":{"@id":"https:\/\/www.dorstener-tafel.de\/?p=785#breadcrumb"},"inLanguage":"de","potentialAction":[{"@type":"ReadAction","target":["https:\/\/www.dorstener-tafel.de\/?p=785"]}]},{"@type":"ImageObject","inLanguage":"de","@id":"https:\/\/www.dorstener-tafel.de\/?p=785#primaryimage","url":"http:\/\/www.kvg-dorsten.de\/dorstener-tafel\/wordpress\/wp-content\/uploads\/2016\/11\/2016-11-22_Tueten-142903-225x300.jpg","contentUrl":"http:\/\/www.kvg-dorsten.de\/dorstener-tafel\/wordpress\/wp-content\/uploads\/2016\/11\/2016-11-22_Tueten-142903-225x300.jpg"},{"@type":"BreadcrumbList","@id":"https:\/\/www.dorstener-tafel.de\/?p=785#breadcrumb","itemListElement":[{"@type":"ListItem","position":1,"name":"Home","item":"https:\/\/www.dorstener-tafel.de\/"},{"@type":"ListItem","position":2,"name":"T\u00fcten und P\u00e4ckchen"}]},{"@type":"WebSite","@id":"https:\/\/www.dorstener-tafel.de\/#website","url":"https:\/\/www.dorstener-tafel.de\/","name":"Home | Tafel Dorsten","description":"","potentialAction":[{"@type":"SearchAction","target":{"@type":"EntryPoint","urlTemplate":"https:\/\/www.dorstener-tafel.de\/?s={search_term_string}"},"query-input":{"@type":"PropertyValueSpecification","valueRequired":true,"valueName":"search_term_string"}}],"inLanguage":"de"},{"@type":"Person","@id":"https:\/\/www.dorstener-tafel.de\/#\/schema\/person\/c9a6797db5c21dbeb0851056380dcb01","name":"jotw","image":{"@type":"ImageObject","inLanguage":"de","@id":"https:\/\/www.dorstener-tafel.de\/#\/schema\/person\/image\/","url":"https:\/\/secure.gravatar.com\/avatar\/225c6088c3bfecfbb42a2a0d5c9556b6?s=96&d=retro&r=g","contentUrl":"https:\/\/secure.gravatar.com\/avatar\/225c6088c3bfecfbb42a2a0d5c9556b6?s=96&d=retro&r=g","caption":"jotw"},"url":"https:\/\/www.dorstener-tafel.de\/?author=1"}]}},"_links":{"self":[{"href":"https:\/\/www.dorstener-tafel.de\/index.php?rest_route=\/wp\/v2\/posts\/785","targetHints":{"allow":["GET"]}}],"collection":[{"href":"https:\/\/www.dorstener-tafel.de\/index.php?rest_route=\/wp\/v2\/posts"}],"about":[{"href":"https:\/\/www.dorstener-tafel.de\/index.php?rest_route=\/wp\/v2\/types\/post"}],"author":[{"embeddable":true,"href":"https:\/\/www.dorstener-tafel.de\/index.php?rest_route=\/wp\/v2\/users\/1"}],"replies":[{"embeddable":true,"href":"https:\/\/www.dorstener-tafel.de\/index.php?rest_route=%2Fwp%2Fv2%2Fcomments&post=785"}],"version-history":[{"count":4,"href":"https:\/\/www.dorstener-tafel.de\/index.php?rest_route=\/wp\/v2\/posts\/785\/revisions"}],"predecessor-version":[{"id":800,"href":"https:\/\/www.dorstener-tafel.de\/index.php?rest_route=\/wp\/v2\/posts\/785\/revisions\/800"}],"wp:attachment":[{"href":"https:\/\/www.dorstener-tafel.de\/index.php?rest_route=%2Fwp%2Fv2%2Fmedia&parent=785"}],"wp:term":[{"taxonomy":"category","embeddable":true,"href":"https:\/\/www.dorstener-tafel.de\/index.php?rest_route=%2Fwp%2Fv2%2Fcategories&post=785"},{"taxonomy":"post_tag","embeddable":true,"href":"https:\/\/www.dorstener-tafel.de\/index.php?rest_route=%2Fwp%2Fv2%2Ftags&post=785"}],"curies":[{"name":"wp","href":"https:\/\/api.w.org\/{rel}","templated":true}]}}