{"id":77,"date":"2014-11-22T00:46:40","date_gmt":"2014-11-21T23:46:40","guid":{"rendered":"http:\/\/www.kvg-dorsten.de\/dorstener-tafel\/wordpress\/?p=77"},"modified":"2015-09-18T00:17:52","modified_gmt":"2015-09-17T22:17:52","slug":"weihnachtsaktion-2014","status":"publish","type":"post","link":"https:\/\/www.dorstener-tafel.de\/?p=77","title":{"rendered":"Weihnachtsaktion 2014"},"content":{"rendered":"<p><span style=\"font-family: Tahoma; font-size: large;\">&#8230; startete am 22.11.2014 &#8230;<\/span><\/p>\n<p><a href=\"http:\/\/www.kvg-dorsten.de\/dorstener-tafel\/wordpress\/wp-content\/uploads\/2015\/09\/2014-11-Kopf-Weihnachtsaktion.jpg\"><img loading=\"lazy\" decoding=\"async\" class=\"alignnone size-large wp-image-78\" src=\"http:\/\/www.kvg-dorsten.de\/dorstener-tafel\/wordpress\/wp-content\/uploads\/2015\/09\/2014-11-Kopf-Weihnachtsaktion-1024x187.jpg\" alt=\"2014-11-Kopf-Weihnachtsaktion\" width=\"474\" height=\"87\" srcset=\"https:\/\/www.kvg-dorsten.de\/dorstener-tafel\/wordpress\/wp-content\/uploads\/2015\/09\/2014-11-Kopf-Weihnachtsaktion-1024x187.jpg 1024w, https:\/\/www.kvg-dorsten.de\/dorstener-tafel\/wordpress\/wp-content\/uploads\/2015\/09\/2014-11-Kopf-Weihnachtsaktion-300x55.jpg 300w, https:\/\/www.kvg-dorsten.de\/dorstener-tafel\/wordpress\/wp-content\/uploads\/2015\/09\/2014-11-Kopf-Weihnachtsaktion.jpg 1448w\" sizes=\"auto, (max-width: 474px) 100vw, 474px\" \/><\/a><\/p>\n<figure id=\"attachment_79\" aria-describedby=\"caption-attachment-79\" style=\"width: 1200px\" class=\"wp-caption alignnone\"><a href=\"http:\/\/www.kvg-dorsten.de\/dorstener-tafel\/wordpress\/wp-content\/uploads\/2015\/09\/DSC00981-1200.jpg\" target=\"_blank\"><img loading=\"lazy\" decoding=\"async\" class=\"wp-image-79 size-full\" src=\"http:\/\/www.kvg-dorsten.de\/dorstener-tafel\/wordpress\/wp-content\/uploads\/2015\/09\/DSC00981-1200.jpg\" alt=\"SONY DSC\" width=\"1200\" height=\"803\" srcset=\"https:\/\/www.kvg-dorsten.de\/dorstener-tafel\/wordpress\/wp-content\/uploads\/2015\/09\/DSC00981-1200.jpg 1200w, https:\/\/www.kvg-dorsten.de\/dorstener-tafel\/wordpress\/wp-content\/uploads\/2015\/09\/DSC00981-1200-300x201.jpg 300w, https:\/\/www.kvg-dorsten.de\/dorstener-tafel\/wordpress\/wp-content\/uploads\/2015\/09\/DSC00981-1200-1024x685.jpg 1024w\" sizes=\"auto, (max-width: 1200px) 100vw, 1200px\" \/><\/a><figcaption id=\"caption-attachment-79\" class=\"wp-caption-text\">v.l.: Hedwig Schnatmann (1. stv. Vorsitzende), B\u00fcrgermeister Tobias Stockhoff, Josef Vrenegor (2. stv. Vorsitzender)<\/figcaption><\/figure>\n<p>In Anwesenheit des neuen Schirmherrn der Dorstener Tafel e.V., B\u00fcrgermeister Tobias Stockhoff, stellte der Verein die Weihnachtsaktion 2014 vor, die unter dem Motto <u>&#8222;Fr\u00f6hliche Weihnachten f\u00fcr alle&#8220;<\/u> steht.<\/p>\n<p>Der Verein erhofft sich wieder eine Vielzahl an Spendenp\u00e4ckchen und -paketen, die in vielen Haushalten die weihnachtliche Freude mehren.<\/p>\n<p><a href=\"http:\/\/www.kvg-altendorf-ulfkotte.de\/dorstener-tafel\/News.htm\">Wichtige Informationen<\/a> zu der Aktion, auch zu den gew\u00fcnschten Inhalten und den Abgabestellen in allen Stadtteilen, unter den <a href=\"http:\/\/www.kvg-altendorf-ulfkotte.de\/dorstener-tafel\/News.htm\">News<\/a>. Hier gibt\u00b4s auch das <a href=\"http:\/\/www.kvg-dorsten.de\/dorstener-tafel\/News_files\/2014-11-Weihnachtsaktion\/Flugbatt%20Weihnachtsaktion%202014.pdf\">Flugblatt als pdf-Datei<\/a> zum Download: Drucken Sie es gerne aus und legen Sie aus f\u00fcr Ihre Kunden, Freunde, an Ihrem Arbeitsplatz &#8230;<\/p>\n<p>Die Dorstener Tafel versorgt mittlerweile ca. 270 Haushalte mit preiswerten Lebensmitteln; sie erreicht damit gut 800 Personen. Alle Mitarbeiter arbeiten rein ehrenamtlich, sodass man sicher kann, dass auch wirklich alle Spenden bei denen ankommen, f\u00fcr die sie gedacht sind.<\/p>\n","protected":false},"excerpt":{"rendered":"<p>&#8230; startete am 22.11.2014 &#8230; In Anwesenheit des neuen Schirmherrn der Dorstener Tafel e.V., B\u00fcrgermeister Tobias Stockhoff, stellte der Verein [&hellip;]<\/p>\n","protected":false},"author":1,"featured_media":0,"comment_status":"open","ping_status":"open","sticky":false,"template":"","format":"standard","meta":{"footnotes":""},"categories":[1],"tags":[],"class_list":["post-77","post","type-post","status-publish","format-standard","hentry","category-allgemein"],"yoast_head":"<!-- This site is optimized with the Yoast SEO plugin v26.8 - https:\/\/yoast.com\/product\/yoast-seo-wordpress\/ -->\n<title>Weihnachtsaktion 2014 - Home | Tafel Dorsten<\/title>\n<meta name=\"robots\" content=\"index, follow, max-snippet:-1, max-image-preview:large, max-video-preview:-1\" \/>\n<link rel=\"canonical\" href=\"https:\/\/www.dorstener-tafel.de\/?p=77\" \/>\n<meta property=\"og:locale\" content=\"de_DE\" \/>\n<meta property=\"og:type\" content=\"article\" \/>\n<meta property=\"og:title\" content=\"Weihnachtsaktion 2014 - Home | Tafel Dorsten\" \/>\n<meta property=\"og:description\" content=\"&#8230; startete am 22.11.2014 &#8230; In Anwesenheit des neuen Schirmherrn der Dorstener Tafel e.V., B\u00fcrgermeister Tobias Stockhoff, stellte der Verein [&hellip;]\" \/>\n<meta property=\"og:url\" content=\"https:\/\/www.dorstener-tafel.de\/?p=77\" \/>\n<meta property=\"og:site_name\" content=\"Home | Tafel Dorsten\" \/>\n<meta property=\"article:publisher\" content=\"https:\/\/www.facebook.com\/Dorstener-Tafel-eV-710109832448127\/\" \/>\n<meta property=\"article:published_time\" content=\"2014-11-21T23:46:40+00:00\" \/>\n<meta property=\"article:modified_time\" content=\"2015-09-17T22:17:52+00:00\" \/>\n<meta property=\"og:image\" content=\"http:\/\/www.kvg-dorsten.de\/dorstener-tafel\/wordpress\/wp-content\/uploads\/2015\/09\/2014-11-Kopf-Weihnachtsaktion-1024x187.jpg\" \/>\n<meta name=\"author\" content=\"jotw\" \/>\n<meta name=\"twitter:card\" content=\"summary_large_image\" \/>\n<meta name=\"twitter:label1\" content=\"Verfasst von\" \/>\n\t<meta name=\"twitter:data1\" content=\"jotw\" \/>\n\t<meta name=\"twitter:label2\" content=\"Gesch\u00e4tzte Lesezeit\" \/>\n\t<meta name=\"twitter:data2\" content=\"1\u00a0Minute\" \/>\n<script type=\"application\/ld+json\" class=\"yoast-schema-graph\">{\"@context\":\"https:\/\/schema.org\",\"@graph\":[{\"@type\":\"Article\",\"@id\":\"https:\/\/www.dorstener-tafel.de\/?p=77#article\",\"isPartOf\":{\"@id\":\"https:\/\/www.dorstener-tafel.de\/?p=77\"},\"author\":{\"name\":\"jotw\",\"@id\":\"https:\/\/www.dorstener-tafel.de\/#\/schema\/person\/c9a6797db5c21dbeb0851056380dcb01\"},\"headline\":\"Weihnachtsaktion 2014\",\"datePublished\":\"2014-11-21T23:46:40+00:00\",\"dateModified\":\"2015-09-17T22:17:52+00:00\",\"mainEntityOfPage\":{\"@id\":\"https:\/\/www.dorstener-tafel.de\/?p=77\"},\"wordCount\":160,\"commentCount\":0,\"image\":{\"@id\":\"https:\/\/www.dorstener-tafel.de\/?p=77#primaryimage\"},\"thumbnailUrl\":\"http:\/\/www.kvg-dorsten.de\/dorstener-tafel\/wordpress\/wp-content\/uploads\/2015\/09\/2014-11-Kopf-Weihnachtsaktion-1024x187.jpg\",\"articleSection\":[\"Aktuelles\"],\"inLanguage\":\"de\",\"potentialAction\":[{\"@type\":\"CommentAction\",\"name\":\"Comment\",\"target\":[\"https:\/\/www.dorstener-tafel.de\/?p=77#respond\"]}]},{\"@type\":\"WebPage\",\"@id\":\"https:\/\/www.dorstener-tafel.de\/?p=77\",\"url\":\"https:\/\/www.dorstener-tafel.de\/?p=77\",\"name\":\"Weihnachtsaktion 2014 - Home | Tafel Dorsten\",\"isPartOf\":{\"@id\":\"https:\/\/www.dorstener-tafel.de\/#website\"},\"primaryImageOfPage\":{\"@id\":\"https:\/\/www.dorstener-tafel.de\/?p=77#primaryimage\"},\"image\":{\"@id\":\"https:\/\/www.dorstener-tafel.de\/?p=77#primaryimage\"},\"thumbnailUrl\":\"http:\/\/www.kvg-dorsten.de\/dorstener-tafel\/wordpress\/wp-content\/uploads\/2015\/09\/2014-11-Kopf-Weihnachtsaktion-1024x187.jpg\",\"datePublished\":\"2014-11-21T23:46:40+00:00\",\"dateModified\":\"2015-09-17T22:17:52+00:00\",\"author\":{\"@id\":\"https:\/\/www.dorstener-tafel.de\/#\/schema\/person\/c9a6797db5c21dbeb0851056380dcb01\"},\"breadcrumb\":{\"@id\":\"https:\/\/www.dorstener-tafel.de\/?p=77#breadcrumb\"},\"inLanguage\":\"de\",\"potentialAction\":[{\"@type\":\"ReadAction\",\"target\":[\"https:\/\/www.dorstener-tafel.de\/?p=77\"]}]},{\"@type\":\"ImageObject\",\"inLanguage\":\"de\",\"@id\":\"https:\/\/www.dorstener-tafel.de\/?p=77#primaryimage\",\"url\":\"http:\/\/www.kvg-dorsten.de\/dorstener-tafel\/wordpress\/wp-content\/uploads\/2015\/09\/2014-11-Kopf-Weihnachtsaktion-1024x187.jpg\",\"contentUrl\":\"http:\/\/www.kvg-dorsten.de\/dorstener-tafel\/wordpress\/wp-content\/uploads\/2015\/09\/2014-11-Kopf-Weihnachtsaktion-1024x187.jpg\"},{\"@type\":\"BreadcrumbList\",\"@id\":\"https:\/\/www.dorstener-tafel.de\/?p=77#breadcrumb\",\"itemListElement\":[{\"@type\":\"ListItem\",\"position\":1,\"name\":\"Home\",\"item\":\"https:\/\/www.dorstener-tafel.de\/\"},{\"@type\":\"ListItem\",\"position\":2,\"name\":\"Weihnachtsaktion 2014\"}]},{\"@type\":\"WebSite\",\"@id\":\"https:\/\/www.dorstener-tafel.de\/#website\",\"url\":\"https:\/\/www.dorstener-tafel.de\/\",\"name\":\"Home | Tafel Dorsten\",\"description\":\"\",\"potentialAction\":[{\"@type\":\"SearchAction\",\"target\":{\"@type\":\"EntryPoint\",\"urlTemplate\":\"https:\/\/www.dorstener-tafel.de\/?s={search_term_string}\"},\"query-input\":{\"@type\":\"PropertyValueSpecification\",\"valueRequired\":true,\"valueName\":\"search_term_string\"}}],\"inLanguage\":\"de\"},{\"@type\":\"Person\",\"@id\":\"https:\/\/www.dorstener-tafel.de\/#\/schema\/person\/c9a6797db5c21dbeb0851056380dcb01\",\"name\":\"jotw\",\"image\":{\"@type\":\"ImageObject\",\"inLanguage\":\"de\",\"@id\":\"https:\/\/www.dorstener-tafel.de\/#\/schema\/person\/image\/\",\"url\":\"https:\/\/secure.gravatar.com\/avatar\/225c6088c3bfecfbb42a2a0d5c9556b6?s=96&d=retro&r=g\",\"contentUrl\":\"https:\/\/secure.gravatar.com\/avatar\/225c6088c3bfecfbb42a2a0d5c9556b6?s=96&d=retro&r=g\",\"caption\":\"jotw\"},\"url\":\"https:\/\/www.dorstener-tafel.de\/?author=1\"}]}<\/script>\n<!-- \/ Yoast SEO plugin. -->","yoast_head_json":{"title":"Weihnachtsaktion 2014 - Home | Tafel Dorsten","robots":{"index":"index","follow":"follow","max-snippet":"max-snippet:-1","max-image-preview":"max-image-preview:large","max-video-preview":"max-video-preview:-1"},"canonical":"https:\/\/www.dorstener-tafel.de\/?p=77","og_locale":"de_DE","og_type":"article","og_title":"Weihnachtsaktion 2014 - Home | Tafel Dorsten","og_description":"&#8230; startete am 22.11.2014 &#8230; In Anwesenheit des neuen Schirmherrn der Dorstener Tafel e.V., B\u00fcrgermeister Tobias Stockhoff, stellte der Verein [&hellip;]","og_url":"https:\/\/www.dorstener-tafel.de\/?p=77","og_site_name":"Home | Tafel Dorsten","article_publisher":"https:\/\/www.facebook.com\/Dorstener-Tafel-eV-710109832448127\/","article_published_time":"2014-11-21T23:46:40+00:00","article_modified_time":"2015-09-17T22:17:52+00:00","og_image":[{"url":"http:\/\/www.kvg-dorsten.de\/dorstener-tafel\/wordpress\/wp-content\/uploads\/2015\/09\/2014-11-Kopf-Weihnachtsaktion-1024x187.jpg","type":"","width":"","height":""}],"author":"jotw","twitter_card":"summary_large_image","twitter_misc":{"Verfasst von":"jotw","Gesch\u00e4tzte Lesezeit":"1\u00a0Minute"},"schema":{"@context":"https:\/\/schema.org","@graph":[{"@type":"Article","@id":"https:\/\/www.dorstener-tafel.de\/?p=77#article","isPartOf":{"@id":"https:\/\/www.dorstener-tafel.de\/?p=77"},"author":{"name":"jotw","@id":"https:\/\/www.dorstener-tafel.de\/#\/schema\/person\/c9a6797db5c21dbeb0851056380dcb01"},"headline":"Weihnachtsaktion 2014","datePublished":"2014-11-21T23:46:40+00:00","dateModified":"2015-09-17T22:17:52+00:00","mainEntityOfPage":{"@id":"https:\/\/www.dorstener-tafel.de\/?p=77"},"wordCount":160,"commentCount":0,"image":{"@id":"https:\/\/www.dorstener-tafel.de\/?p=77#primaryimage"},"thumbnailUrl":"http:\/\/www.kvg-dorsten.de\/dorstener-tafel\/wordpress\/wp-content\/uploads\/2015\/09\/2014-11-Kopf-Weihnachtsaktion-1024x187.jpg","articleSection":["Aktuelles"],"inLanguage":"de","potentialAction":[{"@type":"CommentAction","name":"Comment","target":["https:\/\/www.dorstener-tafel.de\/?p=77#respond"]}]},{"@type":"WebPage","@id":"https:\/\/www.dorstener-tafel.de\/?p=77","url":"https:\/\/www.dorstener-tafel.de\/?p=77","name":"Weihnachtsaktion 2014 - Home | Tafel Dorsten","isPartOf":{"@id":"https:\/\/www.dorstener-tafel.de\/#website"},"primaryImageOfPage":{"@id":"https:\/\/www.dorstener-tafel.de\/?p=77#primaryimage"},"image":{"@id":"https:\/\/www.dorstener-tafel.de\/?p=77#primaryimage"},"thumbnailUrl":"http:\/\/www.kvg-dorsten.de\/dorstener-tafel\/wordpress\/wp-content\/uploads\/2015\/09\/2014-11-Kopf-Weihnachtsaktion-1024x187.jpg","datePublished":"2014-11-21T23:46:40+00:00","dateModified":"2015-09-17T22:17:52+00:00","author":{"@id":"https:\/\/www.dorstener-tafel.de\/#\/schema\/person\/c9a6797db5c21dbeb0851056380dcb01"},"breadcrumb":{"@id":"https:\/\/www.dorstener-tafel.de\/?p=77#breadcrumb"},"inLanguage":"de","potentialAction":[{"@type":"ReadAction","target":["https:\/\/www.dorstener-tafel.de\/?p=77"]}]},{"@type":"ImageObject","inLanguage":"de","@id":"https:\/\/www.dorstener-tafel.de\/?p=77#primaryimage","url":"http:\/\/www.kvg-dorsten.de\/dorstener-tafel\/wordpress\/wp-content\/uploads\/2015\/09\/2014-11-Kopf-Weihnachtsaktion-1024x187.jpg","contentUrl":"http:\/\/www.kvg-dorsten.de\/dorstener-tafel\/wordpress\/wp-content\/uploads\/2015\/09\/2014-11-Kopf-Weihnachtsaktion-1024x187.jpg"},{"@type":"BreadcrumbList","@id":"https:\/\/www.dorstener-tafel.de\/?p=77#breadcrumb","itemListElement":[{"@type":"ListItem","position":1,"name":"Home","item":"https:\/\/www.dorstener-tafel.de\/"},{"@type":"ListItem","position":2,"name":"Weihnachtsaktion 2014"}]},{"@type":"WebSite","@id":"https:\/\/www.dorstener-tafel.de\/#website","url":"https:\/\/www.dorstener-tafel.de\/","name":"Home | Tafel Dorsten","description":"","potentialAction":[{"@type":"SearchAction","target":{"@type":"EntryPoint","urlTemplate":"https:\/\/www.dorstener-tafel.de\/?s={search_term_string}"},"query-input":{"@type":"PropertyValueSpecification","valueRequired":true,"valueName":"search_term_string"}}],"inLanguage":"de"},{"@type":"Person","@id":"https:\/\/www.dorstener-tafel.de\/#\/schema\/person\/c9a6797db5c21dbeb0851056380dcb01","name":"jotw","image":{"@type":"ImageObject","inLanguage":"de","@id":"https:\/\/www.dorstener-tafel.de\/#\/schema\/person\/image\/","url":"https:\/\/secure.gravatar.com\/avatar\/225c6088c3bfecfbb42a2a0d5c9556b6?s=96&d=retro&r=g","contentUrl":"https:\/\/secure.gravatar.com\/avatar\/225c6088c3bfecfbb42a2a0d5c9556b6?s=96&d=retro&r=g","caption":"jotw"},"url":"https:\/\/www.dorstener-tafel.de\/?author=1"}]}},"_links":{"self":[{"href":"https:\/\/www.dorstener-tafel.de\/index.php?rest_route=\/wp\/v2\/posts\/77","targetHints":{"allow":["GET"]}}],"collection":[{"href":"https:\/\/www.dorstener-tafel.de\/index.php?rest_route=\/wp\/v2\/posts"}],"about":[{"href":"https:\/\/www.dorstener-tafel.de\/index.php?rest_route=\/wp\/v2\/types\/post"}],"author":[{"embeddable":true,"href":"https:\/\/www.dorstener-tafel.de\/index.php?rest_route=\/wp\/v2\/users\/1"}],"replies":[{"embeddable":true,"href":"https:\/\/www.dorstener-tafel.de\/index.php?rest_route=%2Fwp%2Fv2%2Fcomments&post=77"}],"version-history":[{"count":2,"href":"https:\/\/www.dorstener-tafel.de\/index.php?rest_route=\/wp\/v2\/posts\/77\/revisions"}],"predecessor-version":[{"id":146,"href":"https:\/\/www.dorstener-tafel.de\/index.php?rest_route=\/wp\/v2\/posts\/77\/revisions\/146"}],"wp:attachment":[{"href":"https:\/\/www.dorstener-tafel.de\/index.php?rest_route=%2Fwp%2Fv2%2Fmedia&parent=77"}],"wp:term":[{"taxonomy":"category","embeddable":true,"href":"https:\/\/www.dorstener-tafel.de\/index.php?rest_route=%2Fwp%2Fv2%2Fcategories&post=77"},{"taxonomy":"post_tag","embeddable":true,"href":"https:\/\/www.dorstener-tafel.de\/index.php?rest_route=%2Fwp%2Fv2%2Ftags&post=77"}],"curies":[{"name":"wp","href":"https:\/\/api.w.org\/{rel}","templated":true}]}}