{"id":763,"date":"2016-11-16T18:16:25","date_gmt":"2016-11-16T17:16:25","guid":{"rendered":"http:\/\/www.dorstener-tafel.de\/?p=763"},"modified":"2016-11-18T17:11:26","modified_gmt":"2016-11-18T16:11:26","slug":"froehliche-weihnachten-fuer-alle-3","status":"publish","type":"post","link":"https:\/\/www.dorstener-tafel.de\/?p=763","title":{"rendered":"Fr\u00f6hliche Weihnachten! F\u00fcr alle!"},"content":{"rendered":"<h5><span style=\"color: #000000;\">Gemeinsam mit unserem Schirmherrn B\u00fcrgermeister Tobias Stockhoff\u00a0<\/span><span style=\"color: #000000;\">startete die Dorstener Tafel heute die diesj\u00e4hrige Weihnachtsp\u00e4ckchen-Aktion\u00a0<\/span><span style=\"color: #000000;\">unter dem in Dorsten schon bekannten Motto<\/span><\/h5>\n<h3><span style=\"color: #ff0000;\">Fr\u00f6hliche Weihnachten! F\u00fcr alle!<\/span><\/h3>\n<p><b>21. November bis\u00a012. Dezember 2016 <\/b><br \/>\nSchon am 15. Dezember wird es\u00a0eine ganz besondere Bescherung geben.<\/p>\n<div>\n<p>Machen Sie bed\u00fcrftigen Familien, Mitb\u00fcrgerinnen und Mitb\u00fcrgern zu Weihnachten eine besondere Freude! Packen Sie ein <strong>P\u00e4ckchen mit haltbaren Lebensmitteln<\/strong>, also mit allem, was nicht gek\u00fchlt werden muss, nicht rasch verderben kann!<\/p>\n<\/div>\n<div>Gut geeignet sind zum Beispiel <strong>Konserven, Nudeln, Reis, Dosenfleischprodukte, Kaffee, Tee, Marmeladen, N\u00fcsse, Pl\u00e4tzchen, S\u00e4fte, S\u00fc\u00dfigkeiten, Suppen &#8230;<br \/>\n<\/strong><br \/>\nEbenso freuen sich die Menschen \u00fcber<br \/>\n<strong>Drogerieartikel wie Shampoo, Duschgel, Seife<\/strong> usw.<\/div>\n<div>\n<p>Nat\u00fcrlich k\u00f6nnen auch pers\u00f6nliche Zutaten mit ins Paket gelegt werden, zum Beispiel Stofftiere, Spielzeug oder Tannenzweige und Weihnachtsschmuck.<\/p>\n<\/div>\n<div>\n<p>Bitte verzichten Sie auf <strong>Alkohol, Tabak<\/strong><strong>waren, Medikamente und geben Sie keinen Absender an.<\/strong><\/p>\n<p>Denken Sie einfach daran:<br \/>\n<strong>Weihnachten soll es etwas Besonderes sein!<\/strong><\/p>\n<\/div>\n<div>Bitte lassen Sie das P\u00e4ckchen oben offen, damit Lebensmittel (etwa f\u00fcr muslimische Familien) ausgetauscht werden k\u00f6nnen.<\/div>\n<div>\n<hr \/>\n<\/div>\n<div><strong>Folgende Sammelstellen nehmen vom 21. November bis zum 12. Dezember 2016 Ihre Weihnachtsp\u00e4ckchen an:<\/strong><\/div>\n<div>\n<p><strong>Gesamtstadt:<br \/>\n<\/strong>Stadtinformation, Recklingh\u00e4user Str. 20<br \/>\nMo \u2013 Fr\u00a0 \u00a09.00 Uhr \u2013 18.00 Uhr<br \/>\nSa \u00a0\u00a09.00 Uhr \u2013 14.00 Uhr<\/p>\n<p><strong>Rhade:<br \/>\n<\/strong>Pfarrb\u00fcro St. Urbanus, Urbanusring 19<br \/>\nMo, Mi und Do \u00a0\u00a09.00 Uhr \u2013 11.30 Uhr<br \/>\nFr\u00a0 \u00a015.00 Uhr \u2013 17.00 Uhr<\/p>\n<p><strong>Rhade:<br \/>\n<\/strong>Familienzentrum St. Urbanus, Fr\u00f6belweg 4<br \/>\nMo bis Do \u00a0\u00a09.00 Uhr \u2013 16.00 Uhr<br \/>\nFr \u00a0\u00a09.00 Uhr \u2013 15.00 Uhr<\/p>\n<p><strong>Lembeck:<br \/>\n<\/strong>Pfarrb\u00fcro St. Laurentius, Am Pastorat 3<br \/>\nMo, Mi und Fr \u00a0\u00a08.00 Uhr \u2013 11.30 Uhr<br \/>\nDi und Mi \u00a0\u00a015.00 Uhr \u2013 17.00 Uhr<\/p>\n<p><strong>Wulfen:<\/strong><br \/>\nDorstener Tafel, Dimker Allee 20<br \/>\nDi und Fr \u00a0\u00a014.00 Uhr \u2013 17.00 Uhr<\/p>\n<p><strong>Holsterhausen:<br \/>\n<\/strong>Pfarrb\u00fcro St. Bonifatius, Annettestr. 11<br \/>\nMo, Mi und Fr \u00a0\u00a09.00 Uhr \u2013 11.30 Uhr<br \/>\nDo\u00a0 \u00a015:00 Uhr \u2013 17.30 Uhr<\/p>\n<p><strong>Hervest:<br \/>\n<\/strong>Gemeindeb\u00fcro Paul-Gerhardt-Haus, An der Landwehr 63<br \/>\nMo &#8211; Fr \u00a0\u00a09.00 Uhr \u2013 12.00 Uhr<br \/>\nDi und Do\u00a0\u00a0 15.00 Uhr \u2013 17.00 Uhr<\/p>\n<p><strong>Altstadt\/Hardt:<br \/>\n<\/strong>Pfarrb\u00fcro St. Agatha, An der Vehme 3<br \/>\nMo &#8211; Fr \u00a0\u00a010.00 Uhr \u2013 12.00 Uhr<br \/>\nMo \u00a0\u00a015.00 Uhr \u2013 16.30 Uhr<br \/>\nDo\u00a0\u00a016.00 Uhr \u2013 18.00 Uhr<\/p>\n<p><strong>Altendorf-Ulfkotte:<br \/>\n<\/strong>Kardinal-von-Galen-Grundschule, Im P\u00e4sken 14<br \/>\nSchulsekretariat<br \/>\nMi \u00a0\u00a08.00 \u2013 10.00 Uhr, Fr \u00a0\u00a08.00 \u2013 12.00 Uhr<\/p>\n<p>Im vergangenen Jahr bekamen wir mehrere Anfragen von Firmen, B\u00fcros etc., die gerne unseren Aufruf zur P\u00e4ckchen-Aktion\u00a0durch das \u00a0Aufh\u00e4ngen eines Plakats unterst\u00fctzen wollten.<br \/>\nMelden Sie sich bei uns z.B. \u00fcber einen Kommentar zu diesem Beitrag oder per E-Mail an <strong><a href=\"mailto:dorstener-tafel@t-online.de\">dorstener-tafel@t-online.de <\/a><\/strong>oder laden Sie Plakat und\/oder Flyer hier als pdf-Datei herunter und drucken Sie es selbst aus.<br \/>\nHerzlichen Dank!<\/p>\n<p>Plakat-Download:<br \/>\n<strong><a href=\"http:\/\/www.kvg-dorsten.de\/dorstener-tafel\/wordpress\/wp-content\/uploads\/2016\/11\/Flugbatt-A3-Weihnachtsaktion-2016.pdf\">flugbatt-a3-weihnachtsaktion-2016<\/a><\/strong><\/p>\n<p>Flyer-Download (2-seitig, an kurzer Kante spiegeln):<br \/>\n<strong><a href=\"http:\/\/www.kvg-dorsten.de\/dorstener-tafel\/wordpress\/wp-content\/uploads\/2016\/11\/Faltflyer-Weihnachtsaktion-2016.pdf\">faltflyer-weihnachtsaktion-2016<\/a><\/strong><\/p>\n<p>Dorstener Zeitung vom 17.11.2016<br \/>\n<a href=\"http:\/\/www.kvg-dorsten.de\/dorstener-tafel\/wordpress\/wp-content\/uploads\/2016\/11\/2016-11-17-DZ-Weihnachtsaktion.pdf\">2016-11-17-dz-weihnachtsaktion<\/a><\/p>\n<\/div>\n","protected":false},"excerpt":{"rendered":"<p>Gemeinsam mit unserem Schirmherrn B\u00fcrgermeister Tobias Stockhoff\u00a0startete die Dorstener Tafel heute die diesj\u00e4hrige Weihnachtsp\u00e4ckchen-Aktion\u00a0unter dem in Dorsten schon bekannten Motto [&hellip;]<\/p>\n","protected":false},"author":1,"featured_media":778,"comment_status":"open","ping_status":"closed","sticky":false,"template":"","format":"standard","meta":{"footnotes":""},"categories":[1,4],"tags":[],"class_list":["post-763","post","type-post","status-publish","format-standard","has-post-thumbnail","hentry","category-allgemein","category-presse"],"yoast_head":"<!-- This site is optimized with the Yoast SEO plugin v26.8 - https:\/\/yoast.com\/product\/yoast-seo-wordpress\/ -->\n<title>Fr\u00f6hliche Weihnachten! F\u00fcr alle! - Home | Tafel Dorsten<\/title>\n<meta name=\"robots\" content=\"index, follow, max-snippet:-1, max-image-preview:large, max-video-preview:-1\" \/>\n<link rel=\"canonical\" href=\"https:\/\/www.dorstener-tafel.de\/?p=763\" \/>\n<meta property=\"og:locale\" content=\"de_DE\" \/>\n<meta property=\"og:type\" content=\"article\" \/>\n<meta property=\"og:title\" content=\"Fr\u00f6hliche Weihnachten! F\u00fcr alle! - Home | Tafel Dorsten\" \/>\n<meta property=\"og:description\" content=\"Gemeinsam mit unserem Schirmherrn B\u00fcrgermeister Tobias Stockhoff\u00a0startete die Dorstener Tafel heute die diesj\u00e4hrige Weihnachtsp\u00e4ckchen-Aktion\u00a0unter dem in Dorsten schon bekannten Motto [&hellip;]\" \/>\n<meta property=\"og:url\" content=\"https:\/\/www.dorstener-tafel.de\/?p=763\" \/>\n<meta property=\"og:site_name\" content=\"Home | Tafel Dorsten\" \/>\n<meta property=\"article:publisher\" content=\"https:\/\/www.facebook.com\/Dorstener-Tafel-eV-710109832448127\/\" \/>\n<meta property=\"article:published_time\" content=\"2016-11-16T17:16:25+00:00\" \/>\n<meta property=\"article:modified_time\" content=\"2016-11-18T16:11:26+00:00\" \/>\n<meta property=\"og:image\" content=\"https:\/\/www.kvg-dorsten.de\/dorstener-tafel\/wordpress\/wp-content\/uploads\/2016\/11\/DorstenerTafelWeihnachtsp\u00e4ckchen14_11_2016_A-1200.jpg\" \/>\n\t<meta property=\"og:image:width\" content=\"1200\" \/>\n\t<meta property=\"og:image:height\" content=\"797\" \/>\n\t<meta property=\"og:image:type\" content=\"image\/jpeg\" \/>\n<meta name=\"author\" content=\"jotw\" \/>\n<meta name=\"twitter:card\" content=\"summary_large_image\" \/>\n<meta name=\"twitter:label1\" content=\"Verfasst von\" \/>\n\t<meta name=\"twitter:data1\" content=\"jotw\" \/>\n\t<meta name=\"twitter:label2\" content=\"Gesch\u00e4tzte Lesezeit\" \/>\n\t<meta name=\"twitter:data2\" content=\"2\u00a0Minuten\" \/>\n<script type=\"application\/ld+json\" class=\"yoast-schema-graph\">{\"@context\":\"https:\/\/schema.org\",\"@graph\":[{\"@type\":\"Article\",\"@id\":\"https:\/\/www.dorstener-tafel.de\/?p=763#article\",\"isPartOf\":{\"@id\":\"https:\/\/www.dorstener-tafel.de\/?p=763\"},\"author\":{\"name\":\"jotw\",\"@id\":\"https:\/\/www.dorstener-tafel.de\/#\/schema\/person\/c9a6797db5c21dbeb0851056380dcb01\"},\"headline\":\"Fr\u00f6hliche Weihnachten! F\u00fcr alle!\",\"datePublished\":\"2016-11-16T17:16:25+00:00\",\"dateModified\":\"2016-11-18T16:11:26+00:00\",\"mainEntityOfPage\":{\"@id\":\"https:\/\/www.dorstener-tafel.de\/?p=763\"},\"wordCount\":409,\"commentCount\":0,\"image\":{\"@id\":\"https:\/\/www.dorstener-tafel.de\/?p=763#primaryimage\"},\"thumbnailUrl\":\"https:\/\/www.kvg-dorsten.de\/dorstener-tafel\/wordpress\/wp-content\/uploads\/2016\/11\/DorstenerTafelWeihnachtsp\u00e4ckchen14_11_2016_A-1200.jpg\",\"articleSection\":[\"Aktuelles\",\"Presse\"],\"inLanguage\":\"de\",\"potentialAction\":[{\"@type\":\"CommentAction\",\"name\":\"Comment\",\"target\":[\"https:\/\/www.dorstener-tafel.de\/?p=763#respond\"]}]},{\"@type\":\"WebPage\",\"@id\":\"https:\/\/www.dorstener-tafel.de\/?p=763\",\"url\":\"https:\/\/www.dorstener-tafel.de\/?p=763\",\"name\":\"Fr\u00f6hliche Weihnachten! F\u00fcr alle! - Home | Tafel Dorsten\",\"isPartOf\":{\"@id\":\"https:\/\/www.dorstener-tafel.de\/#website\"},\"primaryImageOfPage\":{\"@id\":\"https:\/\/www.dorstener-tafel.de\/?p=763#primaryimage\"},\"image\":{\"@id\":\"https:\/\/www.dorstener-tafel.de\/?p=763#primaryimage\"},\"thumbnailUrl\":\"https:\/\/www.kvg-dorsten.de\/dorstener-tafel\/wordpress\/wp-content\/uploads\/2016\/11\/DorstenerTafelWeihnachtsp\u00e4ckchen14_11_2016_A-1200.jpg\",\"datePublished\":\"2016-11-16T17:16:25+00:00\",\"dateModified\":\"2016-11-18T16:11:26+00:00\",\"author\":{\"@id\":\"https:\/\/www.dorstener-tafel.de\/#\/schema\/person\/c9a6797db5c21dbeb0851056380dcb01\"},\"breadcrumb\":{\"@id\":\"https:\/\/www.dorstener-tafel.de\/?p=763#breadcrumb\"},\"inLanguage\":\"de\",\"potentialAction\":[{\"@type\":\"ReadAction\",\"target\":[\"https:\/\/www.dorstener-tafel.de\/?p=763\"]}]},{\"@type\":\"ImageObject\",\"inLanguage\":\"de\",\"@id\":\"https:\/\/www.dorstener-tafel.de\/?p=763#primaryimage\",\"url\":\"https:\/\/www.kvg-dorsten.de\/dorstener-tafel\/wordpress\/wp-content\/uploads\/2016\/11\/DorstenerTafelWeihnachtsp\u00e4ckchen14_11_2016_A-1200.jpg\",\"contentUrl\":\"https:\/\/www.kvg-dorsten.de\/dorstener-tafel\/wordpress\/wp-content\/uploads\/2016\/11\/DorstenerTafelWeihnachtsp\u00e4ckchen14_11_2016_A-1200.jpg\",\"width\":1200,\"height\":797,\"caption\":\"Foto: Guido Bludau\"},{\"@type\":\"BreadcrumbList\",\"@id\":\"https:\/\/www.dorstener-tafel.de\/?p=763#breadcrumb\",\"itemListElement\":[{\"@type\":\"ListItem\",\"position\":1,\"name\":\"Home\",\"item\":\"https:\/\/www.dorstener-tafel.de\/\"},{\"@type\":\"ListItem\",\"position\":2,\"name\":\"Fr\u00f6hliche Weihnachten! F\u00fcr alle!\"}]},{\"@type\":\"WebSite\",\"@id\":\"https:\/\/www.dorstener-tafel.de\/#website\",\"url\":\"https:\/\/www.dorstener-tafel.de\/\",\"name\":\"Home | Tafel Dorsten\",\"description\":\"\",\"potentialAction\":[{\"@type\":\"SearchAction\",\"target\":{\"@type\":\"EntryPoint\",\"urlTemplate\":\"https:\/\/www.dorstener-tafel.de\/?s={search_term_string}\"},\"query-input\":{\"@type\":\"PropertyValueSpecification\",\"valueRequired\":true,\"valueName\":\"search_term_string\"}}],\"inLanguage\":\"de\"},{\"@type\":\"Person\",\"@id\":\"https:\/\/www.dorstener-tafel.de\/#\/schema\/person\/c9a6797db5c21dbeb0851056380dcb01\",\"name\":\"jotw\",\"image\":{\"@type\":\"ImageObject\",\"inLanguage\":\"de\",\"@id\":\"https:\/\/www.dorstener-tafel.de\/#\/schema\/person\/image\/\",\"url\":\"https:\/\/secure.gravatar.com\/avatar\/225c6088c3bfecfbb42a2a0d5c9556b6?s=96&d=retro&r=g\",\"contentUrl\":\"https:\/\/secure.gravatar.com\/avatar\/225c6088c3bfecfbb42a2a0d5c9556b6?s=96&d=retro&r=g\",\"caption\":\"jotw\"},\"url\":\"https:\/\/www.dorstener-tafel.de\/?author=1\"}]}<\/script>\n<!-- \/ Yoast SEO plugin. -->","yoast_head_json":{"title":"Fr\u00f6hliche Weihnachten! F\u00fcr alle! - Home | Tafel Dorsten","robots":{"index":"index","follow":"follow","max-snippet":"max-snippet:-1","max-image-preview":"max-image-preview:large","max-video-preview":"max-video-preview:-1"},"canonical":"https:\/\/www.dorstener-tafel.de\/?p=763","og_locale":"de_DE","og_type":"article","og_title":"Fr\u00f6hliche Weihnachten! F\u00fcr alle! - Home | Tafel Dorsten","og_description":"Gemeinsam mit unserem Schirmherrn B\u00fcrgermeister Tobias Stockhoff\u00a0startete die Dorstener Tafel heute die diesj\u00e4hrige Weihnachtsp\u00e4ckchen-Aktion\u00a0unter dem in Dorsten schon bekannten Motto [&hellip;]","og_url":"https:\/\/www.dorstener-tafel.de\/?p=763","og_site_name":"Home | Tafel Dorsten","article_publisher":"https:\/\/www.facebook.com\/Dorstener-Tafel-eV-710109832448127\/","article_published_time":"2016-11-16T17:16:25+00:00","article_modified_time":"2016-11-18T16:11:26+00:00","og_image":[{"width":1200,"height":797,"url":"https:\/\/www.kvg-dorsten.de\/dorstener-tafel\/wordpress\/wp-content\/uploads\/2016\/11\/DorstenerTafelWeihnachtsp\u00e4ckchen14_11_2016_A-1200.jpg","type":"image\/jpeg"}],"author":"jotw","twitter_card":"summary_large_image","twitter_misc":{"Verfasst von":"jotw","Gesch\u00e4tzte Lesezeit":"2\u00a0Minuten"},"schema":{"@context":"https:\/\/schema.org","@graph":[{"@type":"Article","@id":"https:\/\/www.dorstener-tafel.de\/?p=763#article","isPartOf":{"@id":"https:\/\/www.dorstener-tafel.de\/?p=763"},"author":{"name":"jotw","@id":"https:\/\/www.dorstener-tafel.de\/#\/schema\/person\/c9a6797db5c21dbeb0851056380dcb01"},"headline":"Fr\u00f6hliche Weihnachten! F\u00fcr alle!","datePublished":"2016-11-16T17:16:25+00:00","dateModified":"2016-11-18T16:11:26+00:00","mainEntityOfPage":{"@id":"https:\/\/www.dorstener-tafel.de\/?p=763"},"wordCount":409,"commentCount":0,"image":{"@id":"https:\/\/www.dorstener-tafel.de\/?p=763#primaryimage"},"thumbnailUrl":"https:\/\/www.kvg-dorsten.de\/dorstener-tafel\/wordpress\/wp-content\/uploads\/2016\/11\/DorstenerTafelWeihnachtsp\u00e4ckchen14_11_2016_A-1200.jpg","articleSection":["Aktuelles","Presse"],"inLanguage":"de","potentialAction":[{"@type":"CommentAction","name":"Comment","target":["https:\/\/www.dorstener-tafel.de\/?p=763#respond"]}]},{"@type":"WebPage","@id":"https:\/\/www.dorstener-tafel.de\/?p=763","url":"https:\/\/www.dorstener-tafel.de\/?p=763","name":"Fr\u00f6hliche Weihnachten! F\u00fcr alle! - Home | Tafel Dorsten","isPartOf":{"@id":"https:\/\/www.dorstener-tafel.de\/#website"},"primaryImageOfPage":{"@id":"https:\/\/www.dorstener-tafel.de\/?p=763#primaryimage"},"image":{"@id":"https:\/\/www.dorstener-tafel.de\/?p=763#primaryimage"},"thumbnailUrl":"https:\/\/www.kvg-dorsten.de\/dorstener-tafel\/wordpress\/wp-content\/uploads\/2016\/11\/DorstenerTafelWeihnachtsp\u00e4ckchen14_11_2016_A-1200.jpg","datePublished":"2016-11-16T17:16:25+00:00","dateModified":"2016-11-18T16:11:26+00:00","author":{"@id":"https:\/\/www.dorstener-tafel.de\/#\/schema\/person\/c9a6797db5c21dbeb0851056380dcb01"},"breadcrumb":{"@id":"https:\/\/www.dorstener-tafel.de\/?p=763#breadcrumb"},"inLanguage":"de","potentialAction":[{"@type":"ReadAction","target":["https:\/\/www.dorstener-tafel.de\/?p=763"]}]},{"@type":"ImageObject","inLanguage":"de","@id":"https:\/\/www.dorstener-tafel.de\/?p=763#primaryimage","url":"https:\/\/www.kvg-dorsten.de\/dorstener-tafel\/wordpress\/wp-content\/uploads\/2016\/11\/DorstenerTafelWeihnachtsp\u00e4ckchen14_11_2016_A-1200.jpg","contentUrl":"https:\/\/www.kvg-dorsten.de\/dorstener-tafel\/wordpress\/wp-content\/uploads\/2016\/11\/DorstenerTafelWeihnachtsp\u00e4ckchen14_11_2016_A-1200.jpg","width":1200,"height":797,"caption":"Foto: Guido Bludau"},{"@type":"BreadcrumbList","@id":"https:\/\/www.dorstener-tafel.de\/?p=763#breadcrumb","itemListElement":[{"@type":"ListItem","position":1,"name":"Home","item":"https:\/\/www.dorstener-tafel.de\/"},{"@type":"ListItem","position":2,"name":"Fr\u00f6hliche Weihnachten! F\u00fcr alle!"}]},{"@type":"WebSite","@id":"https:\/\/www.dorstener-tafel.de\/#website","url":"https:\/\/www.dorstener-tafel.de\/","name":"Home | Tafel Dorsten","description":"","potentialAction":[{"@type":"SearchAction","target":{"@type":"EntryPoint","urlTemplate":"https:\/\/www.dorstener-tafel.de\/?s={search_term_string}"},"query-input":{"@type":"PropertyValueSpecification","valueRequired":true,"valueName":"search_term_string"}}],"inLanguage":"de"},{"@type":"Person","@id":"https:\/\/www.dorstener-tafel.de\/#\/schema\/person\/c9a6797db5c21dbeb0851056380dcb01","name":"jotw","image":{"@type":"ImageObject","inLanguage":"de","@id":"https:\/\/www.dorstener-tafel.de\/#\/schema\/person\/image\/","url":"https:\/\/secure.gravatar.com\/avatar\/225c6088c3bfecfbb42a2a0d5c9556b6?s=96&d=retro&r=g","contentUrl":"https:\/\/secure.gravatar.com\/avatar\/225c6088c3bfecfbb42a2a0d5c9556b6?s=96&d=retro&r=g","caption":"jotw"},"url":"https:\/\/www.dorstener-tafel.de\/?author=1"}]}},"_links":{"self":[{"href":"https:\/\/www.dorstener-tafel.de\/index.php?rest_route=\/wp\/v2\/posts\/763","targetHints":{"allow":["GET"]}}],"collection":[{"href":"https:\/\/www.dorstener-tafel.de\/index.php?rest_route=\/wp\/v2\/posts"}],"about":[{"href":"https:\/\/www.dorstener-tafel.de\/index.php?rest_route=\/wp\/v2\/types\/post"}],"author":[{"embeddable":true,"href":"https:\/\/www.dorstener-tafel.de\/index.php?rest_route=\/wp\/v2\/users\/1"}],"replies":[{"embeddable":true,"href":"https:\/\/www.dorstener-tafel.de\/index.php?rest_route=%2Fwp%2Fv2%2Fcomments&post=763"}],"version-history":[{"count":13,"href":"https:\/\/www.dorstener-tafel.de\/index.php?rest_route=\/wp\/v2\/posts\/763\/revisions"}],"predecessor-version":[{"id":783,"href":"https:\/\/www.dorstener-tafel.de\/index.php?rest_route=\/wp\/v2\/posts\/763\/revisions\/783"}],"wp:featuredmedia":[{"embeddable":true,"href":"https:\/\/www.dorstener-tafel.de\/index.php?rest_route=\/wp\/v2\/media\/778"}],"wp:attachment":[{"href":"https:\/\/www.dorstener-tafel.de\/index.php?rest_route=%2Fwp%2Fv2%2Fmedia&parent=763"}],"wp:term":[{"taxonomy":"category","embeddable":true,"href":"https:\/\/www.dorstener-tafel.de\/index.php?rest_route=%2Fwp%2Fv2%2Fcategories&post=763"},{"taxonomy":"post_tag","embeddable":true,"href":"https:\/\/www.dorstener-tafel.de\/index.php?rest_route=%2Fwp%2Fv2%2Ftags&post=763"}],"curies":[{"name":"wp","href":"https:\/\/api.w.org\/{rel}","templated":true}]}}