{"id":675,"date":"2016-03-10T21:59:51","date_gmt":"2016-03-10T20:59:51","guid":{"rendered":"http:\/\/www.dorstener-tafel.de\/?p=675"},"modified":"2016-03-10T21:59:51","modified_gmt":"2016-03-10T20:59:51","slug":"100-menschenwuerde-tafeln-gegen-rassismus","status":"publish","type":"post","link":"https:\/\/www.dorstener-tafel.de\/?p=675","title":{"rendered":"100 % Menschenw\u00fcrde \u2013 Tafeln gegen Rassismus"},"content":{"rendered":"<h2>Vom 10. bis 23. M\u00e4rz:<br \/>\n<a href=\"http:\/\/www.internationale-wochen-gegen-rassismus.de\/materialien\/plakate\/\" target=\"_blank\"><strong>Internationale Wochen gegen Rassismus<\/strong>\u00a0<\/a><\/h2>\n<h3><a class=\"_58cn\" href=\"https:\/\/www.facebook.com\/hashtag\/100prozentmenschenw%C3%BCrde?source=feed_text&amp;story_id=836726296453146\" data-ft=\"{&quot;tn&quot;:&quot;*N&quot;,&quot;type&quot;:104}\"><span class=\"_58cl\">\u202a#\u200e<\/span><span class=\"_58cm\">100prozentmenschenw\u00fcrde\u202c<\/span><\/a><\/h3>\n<p>\u00dcberlassen wir den menschenverachtenden Hetzern nicht Wort und Tat, sondern lassen Sie uns zusammen die Stimme gegen Rassismus und f\u00fcr 100% Menschenw\u00fcrde erheben. Denn ein bisschen Menschenw\u00fcrde gibt es nicht.<\/p>\n<p><a href=\"http:\/\/www.kvg-dorsten.de\/dorstener-tafel\/wordpress\/wp-content\/uploads\/2016\/03\/Tafel_Internationale_Wochen_Screen_Menschen-001.jpg\" target=\"_blank\" rel=\"attachment wp-att-676\"><img loading=\"lazy\" decoding=\"async\" class=\"aligncenter wp-image-676 size-large\" src=\"http:\/\/www.kvg-dorsten.de\/dorstener-tafel\/wordpress\/wp-content\/uploads\/2016\/03\/Tafel_Internationale_Wochen_Screen_Menschen-001-724x1024.jpg\" alt=\"Tafel_Internationale_Wochen_Screen_Menschen-001\" width=\"474\" height=\"670\" srcset=\"https:\/\/www.kvg-dorsten.de\/dorstener-tafel\/wordpress\/wp-content\/uploads\/2016\/03\/Tafel_Internationale_Wochen_Screen_Menschen-001-724x1024.jpg 724w, https:\/\/www.kvg-dorsten.de\/dorstener-tafel\/wordpress\/wp-content\/uploads\/2016\/03\/Tafel_Internationale_Wochen_Screen_Menschen-001-212x300.jpg 212w, https:\/\/www.kvg-dorsten.de\/dorstener-tafel\/wordpress\/wp-content\/uploads\/2016\/03\/Tafel_Internationale_Wochen_Screen_Menschen-001-768x1086.jpg 768w, https:\/\/www.kvg-dorsten.de\/dorstener-tafel\/wordpress\/wp-content\/uploads\/2016\/03\/Tafel_Internationale_Wochen_Screen_Menschen-001.jpg 1240w\" sizes=\"auto, (max-width: 474px) 100vw, 474px\" \/><\/a><\/p>\n<p>Vom 10. bis 23. M\u00e4rz finden die <a href=\"http:\/\/www.internationale-wochen-gegen-rassismus.de\/materialien\/plakate\/\" target=\"_blank\"><strong>Internationalen Wochen gegen Rassismus<\/strong> <\/a>statt. Der Bundesverband Deutsche Tafel e.V. unterst\u00fctzt diese Aktionswochen und m\u00f6chte damit ein deutliches Zeichen f\u00fcr Toleranz und gegen Fremdenfeindlichkeit setzen. Dies tun wir gemeinsam im B\u00fcndnis mit anderen Verb\u00e4nden, Stiftungen, Ministerin, Initiativen, Partnern aus der Wirtschaft und den Kirchen.<\/p>\n<p><a href=\"http:\/\/www.kvg-dorsten.de\/dorstener-tafel\/wordpress\/wp-content\/uploads\/2016\/03\/Tafel_Internationale_Wochen_Screen_Waage-001.jpg\" target=\"_blank\" rel=\"attachment wp-att-677\"><img loading=\"lazy\" decoding=\"async\" class=\"aligncenter wp-image-677 size-large\" src=\"http:\/\/www.kvg-dorsten.de\/dorstener-tafel\/wordpress\/wp-content\/uploads\/2016\/03\/Tafel_Internationale_Wochen_Screen_Waage-001-724x1024.jpg\" alt=\"Tafel_Internationale_Wochen_Screen_Waage-001\" width=\"474\" height=\"670\" srcset=\"https:\/\/www.kvg-dorsten.de\/dorstener-tafel\/wordpress\/wp-content\/uploads\/2016\/03\/Tafel_Internationale_Wochen_Screen_Waage-001-724x1024.jpg 724w, https:\/\/www.kvg-dorsten.de\/dorstener-tafel\/wordpress\/wp-content\/uploads\/2016\/03\/Tafel_Internationale_Wochen_Screen_Waage-001-212x300.jpg 212w, https:\/\/www.kvg-dorsten.de\/dorstener-tafel\/wordpress\/wp-content\/uploads\/2016\/03\/Tafel_Internationale_Wochen_Screen_Waage-001-768x1086.jpg 768w, https:\/\/www.kvg-dorsten.de\/dorstener-tafel\/wordpress\/wp-content\/uploads\/2016\/03\/Tafel_Internationale_Wochen_Screen_Waage-001.jpg 1240w\" sizes=\"auto, (max-width: 474px) 100vw, 474px\" \/><\/a><\/p>\n<p>Tafeln sind seit \u00fcber 20 Jahren Orte der Begegnung und unterst\u00fctzen Menschen, die in Not sind &#8211; egal, was der Grund ihrer schwierigen Situation ist.<\/p>\n<p><a href=\"http:\/\/www.kvg-dorsten.de\/dorstener-tafel\/wordpress\/wp-content\/uploads\/2016\/03\/Tafel_Internationale_Wochen_Screen_Zuendeln001.jpg\" target=\"_blank\" rel=\"attachment wp-att-678\"><img loading=\"lazy\" decoding=\"async\" class=\"aligncenter wp-image-678 size-large\" src=\"http:\/\/www.kvg-dorsten.de\/dorstener-tafel\/wordpress\/wp-content\/uploads\/2016\/03\/Tafel_Internationale_Wochen_Screen_Zuendeln001-724x1024.jpg\" alt=\"Tafel_Internationale_Wochen_Screen_Zuendeln001\" width=\"474\" height=\"670\" srcset=\"https:\/\/www.kvg-dorsten.de\/dorstener-tafel\/wordpress\/wp-content\/uploads\/2016\/03\/Tafel_Internationale_Wochen_Screen_Zuendeln001-724x1024.jpg 724w, https:\/\/www.kvg-dorsten.de\/dorstener-tafel\/wordpress\/wp-content\/uploads\/2016\/03\/Tafel_Internationale_Wochen_Screen_Zuendeln001-212x300.jpg 212w, https:\/\/www.kvg-dorsten.de\/dorstener-tafel\/wordpress\/wp-content\/uploads\/2016\/03\/Tafel_Internationale_Wochen_Screen_Zuendeln001-768x1086.jpg 768w, https:\/\/www.kvg-dorsten.de\/dorstener-tafel\/wordpress\/wp-content\/uploads\/2016\/03\/Tafel_Internationale_Wochen_Screen_Zuendeln001.jpg 1240w\" sizes=\"auto, (max-width: 474px) 100vw, 474px\" \/><\/a><\/p>\n<p>Kopieren Sie gerne eines der Plakate oder alle und posten Sie sie auf Twitter und Facebook mit dem Hashtag \u00a0<a class=\"_58cn\" href=\"https:\/\/www.facebook.com\/hashtag\/100prozentmenschenw%C3%BCrde?source=feed_text&amp;story_id=836726296453146\" data-ft=\"{&quot;tn&quot;:&quot;*N&quot;,&quot;type&quot;:104}\"><span class=\"_58cl\">\u202a<strong>#\u200e<\/strong><\/span><strong><span class=\"_58cm\">100prozentmenschenw\u00fcrde\u202c<\/span><\/strong><\/a><\/p>\n","protected":false},"excerpt":{"rendered":"<p>Vom 10. bis 23. M\u00e4rz: Internationale Wochen gegen Rassismus\u00a0 \u202a#\u200e100prozentmenschenw\u00fcrde\u202c \u00dcberlassen wir den menschenverachtenden Hetzern nicht Wort und Tat, sondern [&hellip;]<\/p>\n","protected":false},"author":1,"featured_media":0,"comment_status":"open","ping_status":"closed","sticky":false,"template":"","format":"standard","meta":{"footnotes":""},"categories":[1],"tags":[43,42,44],"class_list":["post-675","post","type-post","status-publish","format-standard","hentry","category-allgemein","tag-fremdenfeindlichkeit","tag-rassismus","tag-toleranz"],"yoast_head":"<!-- This site is optimized with the Yoast SEO plugin v26.8 - https:\/\/yoast.com\/product\/yoast-seo-wordpress\/ -->\n<title>100 % Menschenw\u00fcrde \u2013 Tafeln gegen Rassismus - Home | Tafel Dorsten<\/title>\n<meta name=\"robots\" content=\"index, follow, max-snippet:-1, max-image-preview:large, max-video-preview:-1\" \/>\n<link rel=\"canonical\" href=\"https:\/\/www.dorstener-tafel.de\/?p=675\" \/>\n<meta property=\"og:locale\" content=\"de_DE\" \/>\n<meta property=\"og:type\" content=\"article\" \/>\n<meta property=\"og:title\" content=\"100 % Menschenw\u00fcrde \u2013 Tafeln gegen Rassismus - Home | Tafel Dorsten\" \/>\n<meta property=\"og:description\" content=\"Vom 10. bis 23. M\u00e4rz: Internationale Wochen gegen Rassismus\u00a0 \u202a#\u200e100prozentmenschenw\u00fcrde\u202c \u00dcberlassen wir den menschenverachtenden Hetzern nicht Wort und Tat, sondern [&hellip;]\" \/>\n<meta property=\"og:url\" content=\"https:\/\/www.dorstener-tafel.de\/?p=675\" \/>\n<meta property=\"og:site_name\" content=\"Home | Tafel Dorsten\" \/>\n<meta property=\"article:publisher\" content=\"https:\/\/www.facebook.com\/Dorstener-Tafel-eV-710109832448127\/\" \/>\n<meta property=\"article:published_time\" content=\"2016-03-10T20:59:51+00:00\" \/>\n<meta property=\"og:image\" content=\"http:\/\/www.kvg-dorsten.de\/dorstener-tafel\/wordpress\/wp-content\/uploads\/2016\/03\/Tafel_Internationale_Wochen_Screen_Menschen-001-724x1024.jpg\" \/>\n<meta name=\"author\" content=\"jotw\" \/>\n<meta name=\"twitter:card\" content=\"summary_large_image\" \/>\n<meta name=\"twitter:label1\" content=\"Verfasst von\" \/>\n\t<meta name=\"twitter:data1\" content=\"jotw\" \/>\n\t<meta name=\"twitter:label2\" content=\"Gesch\u00e4tzte Lesezeit\" \/>\n\t<meta name=\"twitter:data2\" content=\"1\u00a0Minute\" \/>\n<script type=\"application\/ld+json\" class=\"yoast-schema-graph\">{\"@context\":\"https:\/\/schema.org\",\"@graph\":[{\"@type\":\"Article\",\"@id\":\"https:\/\/www.dorstener-tafel.de\/?p=675#article\",\"isPartOf\":{\"@id\":\"https:\/\/www.dorstener-tafel.de\/?p=675\"},\"author\":{\"name\":\"jotw\",\"@id\":\"https:\/\/www.dorstener-tafel.de\/#\/schema\/person\/c9a6797db5c21dbeb0851056380dcb01\"},\"headline\":\"100 % Menschenw\u00fcrde \u2013 Tafeln gegen Rassismus\",\"datePublished\":\"2016-03-10T20:59:51+00:00\",\"mainEntityOfPage\":{\"@id\":\"https:\/\/www.dorstener-tafel.de\/?p=675\"},\"wordCount\":149,\"commentCount\":0,\"image\":{\"@id\":\"https:\/\/www.dorstener-tafel.de\/?p=675#primaryimage\"},\"thumbnailUrl\":\"http:\/\/www.kvg-dorsten.de\/dorstener-tafel\/wordpress\/wp-content\/uploads\/2016\/03\/Tafel_Internationale_Wochen_Screen_Menschen-001-724x1024.jpg\",\"keywords\":[\"Fremdenfeindlichkeit\",\"Rassismus\",\"Toleranz\"],\"articleSection\":[\"Aktuelles\"],\"inLanguage\":\"de\",\"potentialAction\":[{\"@type\":\"CommentAction\",\"name\":\"Comment\",\"target\":[\"https:\/\/www.dorstener-tafel.de\/?p=675#respond\"]}]},{\"@type\":\"WebPage\",\"@id\":\"https:\/\/www.dorstener-tafel.de\/?p=675\",\"url\":\"https:\/\/www.dorstener-tafel.de\/?p=675\",\"name\":\"100 % Menschenw\u00fcrde \u2013 Tafeln gegen Rassismus - Home | Tafel Dorsten\",\"isPartOf\":{\"@id\":\"https:\/\/www.dorstener-tafel.de\/#website\"},\"primaryImageOfPage\":{\"@id\":\"https:\/\/www.dorstener-tafel.de\/?p=675#primaryimage\"},\"image\":{\"@id\":\"https:\/\/www.dorstener-tafel.de\/?p=675#primaryimage\"},\"thumbnailUrl\":\"http:\/\/www.kvg-dorsten.de\/dorstener-tafel\/wordpress\/wp-content\/uploads\/2016\/03\/Tafel_Internationale_Wochen_Screen_Menschen-001-724x1024.jpg\",\"datePublished\":\"2016-03-10T20:59:51+00:00\",\"author\":{\"@id\":\"https:\/\/www.dorstener-tafel.de\/#\/schema\/person\/c9a6797db5c21dbeb0851056380dcb01\"},\"breadcrumb\":{\"@id\":\"https:\/\/www.dorstener-tafel.de\/?p=675#breadcrumb\"},\"inLanguage\":\"de\",\"potentialAction\":[{\"@type\":\"ReadAction\",\"target\":[\"https:\/\/www.dorstener-tafel.de\/?p=675\"]}]},{\"@type\":\"ImageObject\",\"inLanguage\":\"de\",\"@id\":\"https:\/\/www.dorstener-tafel.de\/?p=675#primaryimage\",\"url\":\"http:\/\/www.kvg-dorsten.de\/dorstener-tafel\/wordpress\/wp-content\/uploads\/2016\/03\/Tafel_Internationale_Wochen_Screen_Menschen-001-724x1024.jpg\",\"contentUrl\":\"http:\/\/www.kvg-dorsten.de\/dorstener-tafel\/wordpress\/wp-content\/uploads\/2016\/03\/Tafel_Internationale_Wochen_Screen_Menschen-001-724x1024.jpg\"},{\"@type\":\"BreadcrumbList\",\"@id\":\"https:\/\/www.dorstener-tafel.de\/?p=675#breadcrumb\",\"itemListElement\":[{\"@type\":\"ListItem\",\"position\":1,\"name\":\"Home\",\"item\":\"https:\/\/www.dorstener-tafel.de\/\"},{\"@type\":\"ListItem\",\"position\":2,\"name\":\"100 % Menschenw\u00fcrde \u2013 Tafeln gegen Rassismus\"}]},{\"@type\":\"WebSite\",\"@id\":\"https:\/\/www.dorstener-tafel.de\/#website\",\"url\":\"https:\/\/www.dorstener-tafel.de\/\",\"name\":\"Home | Tafel Dorsten\",\"description\":\"\",\"potentialAction\":[{\"@type\":\"SearchAction\",\"target\":{\"@type\":\"EntryPoint\",\"urlTemplate\":\"https:\/\/www.dorstener-tafel.de\/?s={search_term_string}\"},\"query-input\":{\"@type\":\"PropertyValueSpecification\",\"valueRequired\":true,\"valueName\":\"search_term_string\"}}],\"inLanguage\":\"de\"},{\"@type\":\"Person\",\"@id\":\"https:\/\/www.dorstener-tafel.de\/#\/schema\/person\/c9a6797db5c21dbeb0851056380dcb01\",\"name\":\"jotw\",\"image\":{\"@type\":\"ImageObject\",\"inLanguage\":\"de\",\"@id\":\"https:\/\/www.dorstener-tafel.de\/#\/schema\/person\/image\/\",\"url\":\"https:\/\/secure.gravatar.com\/avatar\/225c6088c3bfecfbb42a2a0d5c9556b6?s=96&d=retro&r=g\",\"contentUrl\":\"https:\/\/secure.gravatar.com\/avatar\/225c6088c3bfecfbb42a2a0d5c9556b6?s=96&d=retro&r=g\",\"caption\":\"jotw\"},\"url\":\"https:\/\/www.dorstener-tafel.de\/?author=1\"}]}<\/script>\n<!-- \/ Yoast SEO plugin. -->","yoast_head_json":{"title":"100 % Menschenw\u00fcrde \u2013 Tafeln gegen Rassismus - Home | Tafel Dorsten","robots":{"index":"index","follow":"follow","max-snippet":"max-snippet:-1","max-image-preview":"max-image-preview:large","max-video-preview":"max-video-preview:-1"},"canonical":"https:\/\/www.dorstener-tafel.de\/?p=675","og_locale":"de_DE","og_type":"article","og_title":"100 % Menschenw\u00fcrde \u2013 Tafeln gegen Rassismus - Home | Tafel Dorsten","og_description":"Vom 10. bis 23. M\u00e4rz: Internationale Wochen gegen Rassismus\u00a0 \u202a#\u200e100prozentmenschenw\u00fcrde\u202c \u00dcberlassen wir den menschenverachtenden Hetzern nicht Wort und Tat, sondern [&hellip;]","og_url":"https:\/\/www.dorstener-tafel.de\/?p=675","og_site_name":"Home | Tafel Dorsten","article_publisher":"https:\/\/www.facebook.com\/Dorstener-Tafel-eV-710109832448127\/","article_published_time":"2016-03-10T20:59:51+00:00","og_image":[{"url":"http:\/\/www.kvg-dorsten.de\/dorstener-tafel\/wordpress\/wp-content\/uploads\/2016\/03\/Tafel_Internationale_Wochen_Screen_Menschen-001-724x1024.jpg","type":"","width":"","height":""}],"author":"jotw","twitter_card":"summary_large_image","twitter_misc":{"Verfasst von":"jotw","Gesch\u00e4tzte Lesezeit":"1\u00a0Minute"},"schema":{"@context":"https:\/\/schema.org","@graph":[{"@type":"Article","@id":"https:\/\/www.dorstener-tafel.de\/?p=675#article","isPartOf":{"@id":"https:\/\/www.dorstener-tafel.de\/?p=675"},"author":{"name":"jotw","@id":"https:\/\/www.dorstener-tafel.de\/#\/schema\/person\/c9a6797db5c21dbeb0851056380dcb01"},"headline":"100 % Menschenw\u00fcrde \u2013 Tafeln gegen Rassismus","datePublished":"2016-03-10T20:59:51+00:00","mainEntityOfPage":{"@id":"https:\/\/www.dorstener-tafel.de\/?p=675"},"wordCount":149,"commentCount":0,"image":{"@id":"https:\/\/www.dorstener-tafel.de\/?p=675#primaryimage"},"thumbnailUrl":"http:\/\/www.kvg-dorsten.de\/dorstener-tafel\/wordpress\/wp-content\/uploads\/2016\/03\/Tafel_Internationale_Wochen_Screen_Menschen-001-724x1024.jpg","keywords":["Fremdenfeindlichkeit","Rassismus","Toleranz"],"articleSection":["Aktuelles"],"inLanguage":"de","potentialAction":[{"@type":"CommentAction","name":"Comment","target":["https:\/\/www.dorstener-tafel.de\/?p=675#respond"]}]},{"@type":"WebPage","@id":"https:\/\/www.dorstener-tafel.de\/?p=675","url":"https:\/\/www.dorstener-tafel.de\/?p=675","name":"100 % Menschenw\u00fcrde \u2013 Tafeln gegen Rassismus - Home | Tafel Dorsten","isPartOf":{"@id":"https:\/\/www.dorstener-tafel.de\/#website"},"primaryImageOfPage":{"@id":"https:\/\/www.dorstener-tafel.de\/?p=675#primaryimage"},"image":{"@id":"https:\/\/www.dorstener-tafel.de\/?p=675#primaryimage"},"thumbnailUrl":"http:\/\/www.kvg-dorsten.de\/dorstener-tafel\/wordpress\/wp-content\/uploads\/2016\/03\/Tafel_Internationale_Wochen_Screen_Menschen-001-724x1024.jpg","datePublished":"2016-03-10T20:59:51+00:00","author":{"@id":"https:\/\/www.dorstener-tafel.de\/#\/schema\/person\/c9a6797db5c21dbeb0851056380dcb01"},"breadcrumb":{"@id":"https:\/\/www.dorstener-tafel.de\/?p=675#breadcrumb"},"inLanguage":"de","potentialAction":[{"@type":"ReadAction","target":["https:\/\/www.dorstener-tafel.de\/?p=675"]}]},{"@type":"ImageObject","inLanguage":"de","@id":"https:\/\/www.dorstener-tafel.de\/?p=675#primaryimage","url":"http:\/\/www.kvg-dorsten.de\/dorstener-tafel\/wordpress\/wp-content\/uploads\/2016\/03\/Tafel_Internationale_Wochen_Screen_Menschen-001-724x1024.jpg","contentUrl":"http:\/\/www.kvg-dorsten.de\/dorstener-tafel\/wordpress\/wp-content\/uploads\/2016\/03\/Tafel_Internationale_Wochen_Screen_Menschen-001-724x1024.jpg"},{"@type":"BreadcrumbList","@id":"https:\/\/www.dorstener-tafel.de\/?p=675#breadcrumb","itemListElement":[{"@type":"ListItem","position":1,"name":"Home","item":"https:\/\/www.dorstener-tafel.de\/"},{"@type":"ListItem","position":2,"name":"100 % Menschenw\u00fcrde \u2013 Tafeln gegen Rassismus"}]},{"@type":"WebSite","@id":"https:\/\/www.dorstener-tafel.de\/#website","url":"https:\/\/www.dorstener-tafel.de\/","name":"Home | Tafel Dorsten","description":"","potentialAction":[{"@type":"SearchAction","target":{"@type":"EntryPoint","urlTemplate":"https:\/\/www.dorstener-tafel.de\/?s={search_term_string}"},"query-input":{"@type":"PropertyValueSpecification","valueRequired":true,"valueName":"search_term_string"}}],"inLanguage":"de"},{"@type":"Person","@id":"https:\/\/www.dorstener-tafel.de\/#\/schema\/person\/c9a6797db5c21dbeb0851056380dcb01","name":"jotw","image":{"@type":"ImageObject","inLanguage":"de","@id":"https:\/\/www.dorstener-tafel.de\/#\/schema\/person\/image\/","url":"https:\/\/secure.gravatar.com\/avatar\/225c6088c3bfecfbb42a2a0d5c9556b6?s=96&d=retro&r=g","contentUrl":"https:\/\/secure.gravatar.com\/avatar\/225c6088c3bfecfbb42a2a0d5c9556b6?s=96&d=retro&r=g","caption":"jotw"},"url":"https:\/\/www.dorstener-tafel.de\/?author=1"}]}},"_links":{"self":[{"href":"https:\/\/www.dorstener-tafel.de\/index.php?rest_route=\/wp\/v2\/posts\/675","targetHints":{"allow":["GET"]}}],"collection":[{"href":"https:\/\/www.dorstener-tafel.de\/index.php?rest_route=\/wp\/v2\/posts"}],"about":[{"href":"https:\/\/www.dorstener-tafel.de\/index.php?rest_route=\/wp\/v2\/types\/post"}],"author":[{"embeddable":true,"href":"https:\/\/www.dorstener-tafel.de\/index.php?rest_route=\/wp\/v2\/users\/1"}],"replies":[{"embeddable":true,"href":"https:\/\/www.dorstener-tafel.de\/index.php?rest_route=%2Fwp%2Fv2%2Fcomments&post=675"}],"version-history":[{"count":4,"href":"https:\/\/www.dorstener-tafel.de\/index.php?rest_route=\/wp\/v2\/posts\/675\/revisions"}],"predecessor-version":[{"id":682,"href":"https:\/\/www.dorstener-tafel.de\/index.php?rest_route=\/wp\/v2\/posts\/675\/revisions\/682"}],"wp:attachment":[{"href":"https:\/\/www.dorstener-tafel.de\/index.php?rest_route=%2Fwp%2Fv2%2Fmedia&parent=675"}],"wp:term":[{"taxonomy":"category","embeddable":true,"href":"https:\/\/www.dorstener-tafel.de\/index.php?rest_route=%2Fwp%2Fv2%2Fcategories&post=675"},{"taxonomy":"post_tag","embeddable":true,"href":"https:\/\/www.dorstener-tafel.de\/index.php?rest_route=%2Fwp%2Fv2%2Ftags&post=675"}],"curies":[{"name":"wp","href":"https:\/\/api.w.org\/{rel}","templated":true}]}}