{"id":67,"date":"2015-08-29T00:13:25","date_gmt":"2015-08-28T22:13:25","guid":{"rendered":"http:\/\/www.kvg-dorsten.de\/dorstener-tafel\/wordpress\/?p=67"},"modified":"2016-01-29T15:21:52","modified_gmt":"2016-01-29T14:21:52","slug":"poco-grillt-fuer-die-tafel","status":"publish","type":"post","link":"https:\/\/www.dorstener-tafel.de\/?p=67","title":{"rendered":"POCO grillt f\u00fcr die Tafel"},"content":{"rendered":"<figure id=\"attachment_68\" aria-describedby=\"caption-attachment-68\" style=\"width: 1200px\" class=\"wp-caption alignnone\"><a href=\"http:\/\/www.kvg-dorsten.de\/dorstener-tafel\/wordpress\/wp-content\/uploads\/2015\/09\/2015-09-04_Poco-Spende101037-1200px.png\" target=\"_blank\"><img loading=\"lazy\" decoding=\"async\" class=\"wp-image-68 size-full\" src=\"http:\/\/www.kvg-dorsten.de\/dorstener-tafel\/wordpress\/wp-content\/uploads\/2015\/09\/2015-09-04_Poco-Spende101037-1200px.png\" alt=\"2015-09-04_Poco-Spende101037-1200px\" width=\"1200\" height=\"675\" srcset=\"https:\/\/www.kvg-dorsten.de\/dorstener-tafel\/wordpress\/wp-content\/uploads\/2015\/09\/2015-09-04_Poco-Spende101037-1200px.png 1200w, https:\/\/www.kvg-dorsten.de\/dorstener-tafel\/wordpress\/wp-content\/uploads\/2015\/09\/2015-09-04_Poco-Spende101037-1200px-300x169.png 300w, https:\/\/www.kvg-dorsten.de\/dorstener-tafel\/wordpress\/wp-content\/uploads\/2015\/09\/2015-09-04_Poco-Spende101037-1200px-1024x576.png 1024w\" sizes=\"auto, (max-width: 1200px) 100vw, 1200px\" \/><\/a><figcaption id=\"caption-attachment-68\" class=\"wp-caption-text\">Im Bild von links nach rechts: Christian Gudd (Marktleiter), Hedwig Schnatmann (Dorstener Tafel) und Maximilian Ohm (Paul\u00b4s Bistro)<\/figcaption><\/figure>\n<p>Zum Start der Herbstkampagne (25 Jahre in Deutschland) f\u00fchrte der POCO-Markt Dorsten am Samstag, 29.08.15, eine Grillaktion f\u00fcr seine Kunden vor dem Markt durch. Der Andrang war riesig, nicht nur, weil die W\u00fcrstchen so lecker waren, sondern weil der Verkaufserl\u00f6s der Dorstener Tafel zugute kam. Mit dem Verkauf der W\u00fcrstchen konnten 500,- Euro erzielt werden. Das war bereits die 2. Aktion, die POCO innerhalb eines Jahres mit der\u00a0Tafel durchgef\u00fchrt hat. Das \u201eGrillen\u201c wurde dabei von Mitarbeitern des Bistros (Paul\u00b4s Bistro) \u00fcbernommen.<\/p>\n<p>Es ist POCO immer wieder eine Herzensangelegenheit, an dem Standort, an dem sie nun seit \u00fcber 2 Jahrzehnten erfolgreich sind, auch jene Menschen nicht zu vergessen, welche der Hilfe bed\u00fcrfen.<\/p>\n<p>Im Bild von links nach rechts: Christian Gudd (Marktleiter), Hedwig Schnatmann (Tafel Dorsten) und Maximilian\u00a0Ohm (Paul\u00b4s Bistro).<\/p>\n","protected":false},"excerpt":{"rendered":"<p>Zum Start der Herbstkampagne (25 Jahre in Deutschland) f\u00fchrte der POCO-Markt Dorsten am Samstag, 29.08.15, eine Grillaktion f\u00fcr seine Kunden [&hellip;]<\/p>\n","protected":false},"author":1,"featured_media":0,"comment_status":"open","ping_status":"open","sticky":false,"template":"","format":"standard","meta":{"footnotes":""},"categories":[1],"tags":[21,35,23],"class_list":["post-67","post","type-post","status-publish","format-standard","hentry","category-allgemein","tag-aktion","tag-poco","tag-spende"],"yoast_head":"<!-- This site is optimized with the Yoast SEO plugin v26.8 - https:\/\/yoast.com\/product\/yoast-seo-wordpress\/ -->\n<title>POCO grillt f\u00fcr die Tafel - Home | Tafel Dorsten<\/title>\n<meta name=\"robots\" content=\"index, follow, max-snippet:-1, max-image-preview:large, max-video-preview:-1\" \/>\n<link rel=\"canonical\" href=\"https:\/\/www.dorstener-tafel.de\/?p=67\" \/>\n<meta property=\"og:locale\" content=\"de_DE\" \/>\n<meta property=\"og:type\" content=\"article\" \/>\n<meta property=\"og:title\" content=\"POCO grillt f\u00fcr die Tafel - Home | Tafel Dorsten\" \/>\n<meta property=\"og:description\" content=\"Zum Start der Herbstkampagne (25 Jahre in Deutschland) f\u00fchrte der POCO-Markt Dorsten am Samstag, 29.08.15, eine Grillaktion f\u00fcr seine Kunden [&hellip;]\" \/>\n<meta property=\"og:url\" content=\"https:\/\/www.dorstener-tafel.de\/?p=67\" \/>\n<meta property=\"og:site_name\" content=\"Home | Tafel Dorsten\" \/>\n<meta property=\"article:publisher\" content=\"https:\/\/www.facebook.com\/Dorstener-Tafel-eV-710109832448127\/\" \/>\n<meta property=\"article:published_time\" content=\"2015-08-28T22:13:25+00:00\" \/>\n<meta property=\"article:modified_time\" content=\"2016-01-29T14:21:52+00:00\" \/>\n<meta property=\"og:image\" content=\"http:\/\/www.kvg-dorsten.de\/dorstener-tafel\/wordpress\/wp-content\/uploads\/2015\/09\/2015-09-04_Poco-Spende101037-1200px.png\" \/>\n<meta name=\"author\" content=\"jotw\" \/>\n<meta name=\"twitter:card\" content=\"summary_large_image\" \/>\n<meta name=\"twitter:label1\" content=\"Verfasst von\" \/>\n\t<meta name=\"twitter:data1\" content=\"jotw\" \/>\n\t<meta name=\"twitter:label2\" content=\"Gesch\u00e4tzte Lesezeit\" \/>\n\t<meta name=\"twitter:data2\" content=\"1\u00a0Minute\" \/>\n<script type=\"application\/ld+json\" class=\"yoast-schema-graph\">{\"@context\":\"https:\/\/schema.org\",\"@graph\":[{\"@type\":\"Article\",\"@id\":\"https:\/\/www.dorstener-tafel.de\/?p=67#article\",\"isPartOf\":{\"@id\":\"https:\/\/www.dorstener-tafel.de\/?p=67\"},\"author\":{\"name\":\"jotw\",\"@id\":\"https:\/\/www.dorstener-tafel.de\/#\/schema\/person\/c9a6797db5c21dbeb0851056380dcb01\"},\"headline\":\"POCO grillt f\u00fcr die Tafel\",\"datePublished\":\"2015-08-28T22:13:25+00:00\",\"dateModified\":\"2016-01-29T14:21:52+00:00\",\"mainEntityOfPage\":{\"@id\":\"https:\/\/www.dorstener-tafel.de\/?p=67\"},\"wordCount\":167,\"commentCount\":0,\"image\":{\"@id\":\"https:\/\/www.dorstener-tafel.de\/?p=67#primaryimage\"},\"thumbnailUrl\":\"http:\/\/www.kvg-dorsten.de\/dorstener-tafel\/wordpress\/wp-content\/uploads\/2015\/09\/2015-09-04_Poco-Spende101037-1200px.png\",\"keywords\":[\"Aktion\",\"POCO\",\"Spende\"],\"articleSection\":[\"Aktuelles\"],\"inLanguage\":\"de\",\"potentialAction\":[{\"@type\":\"CommentAction\",\"name\":\"Comment\",\"target\":[\"https:\/\/www.dorstener-tafel.de\/?p=67#respond\"]}]},{\"@type\":\"WebPage\",\"@id\":\"https:\/\/www.dorstener-tafel.de\/?p=67\",\"url\":\"https:\/\/www.dorstener-tafel.de\/?p=67\",\"name\":\"POCO grillt f\u00fcr die Tafel - Home | Tafel Dorsten\",\"isPartOf\":{\"@id\":\"https:\/\/www.dorstener-tafel.de\/#website\"},\"primaryImageOfPage\":{\"@id\":\"https:\/\/www.dorstener-tafel.de\/?p=67#primaryimage\"},\"image\":{\"@id\":\"https:\/\/www.dorstener-tafel.de\/?p=67#primaryimage\"},\"thumbnailUrl\":\"http:\/\/www.kvg-dorsten.de\/dorstener-tafel\/wordpress\/wp-content\/uploads\/2015\/09\/2015-09-04_Poco-Spende101037-1200px.png\",\"datePublished\":\"2015-08-28T22:13:25+00:00\",\"dateModified\":\"2016-01-29T14:21:52+00:00\",\"author\":{\"@id\":\"https:\/\/www.dorstener-tafel.de\/#\/schema\/person\/c9a6797db5c21dbeb0851056380dcb01\"},\"breadcrumb\":{\"@id\":\"https:\/\/www.dorstener-tafel.de\/?p=67#breadcrumb\"},\"inLanguage\":\"de\",\"potentialAction\":[{\"@type\":\"ReadAction\",\"target\":[\"https:\/\/www.dorstener-tafel.de\/?p=67\"]}]},{\"@type\":\"ImageObject\",\"inLanguage\":\"de\",\"@id\":\"https:\/\/www.dorstener-tafel.de\/?p=67#primaryimage\",\"url\":\"http:\/\/www.kvg-dorsten.de\/dorstener-tafel\/wordpress\/wp-content\/uploads\/2015\/09\/2015-09-04_Poco-Spende101037-1200px.png\",\"contentUrl\":\"http:\/\/www.kvg-dorsten.de\/dorstener-tafel\/wordpress\/wp-content\/uploads\/2015\/09\/2015-09-04_Poco-Spende101037-1200px.png\"},{\"@type\":\"BreadcrumbList\",\"@id\":\"https:\/\/www.dorstener-tafel.de\/?p=67#breadcrumb\",\"itemListElement\":[{\"@type\":\"ListItem\",\"position\":1,\"name\":\"Home\",\"item\":\"https:\/\/www.dorstener-tafel.de\/\"},{\"@type\":\"ListItem\",\"position\":2,\"name\":\"POCO grillt f\u00fcr die Tafel\"}]},{\"@type\":\"WebSite\",\"@id\":\"https:\/\/www.dorstener-tafel.de\/#website\",\"url\":\"https:\/\/www.dorstener-tafel.de\/\",\"name\":\"Home | Tafel Dorsten\",\"description\":\"\",\"potentialAction\":[{\"@type\":\"SearchAction\",\"target\":{\"@type\":\"EntryPoint\",\"urlTemplate\":\"https:\/\/www.dorstener-tafel.de\/?s={search_term_string}\"},\"query-input\":{\"@type\":\"PropertyValueSpecification\",\"valueRequired\":true,\"valueName\":\"search_term_string\"}}],\"inLanguage\":\"de\"},{\"@type\":\"Person\",\"@id\":\"https:\/\/www.dorstener-tafel.de\/#\/schema\/person\/c9a6797db5c21dbeb0851056380dcb01\",\"name\":\"jotw\",\"image\":{\"@type\":\"ImageObject\",\"inLanguage\":\"de\",\"@id\":\"https:\/\/www.dorstener-tafel.de\/#\/schema\/person\/image\/\",\"url\":\"https:\/\/secure.gravatar.com\/avatar\/225c6088c3bfecfbb42a2a0d5c9556b6?s=96&d=retro&r=g\",\"contentUrl\":\"https:\/\/secure.gravatar.com\/avatar\/225c6088c3bfecfbb42a2a0d5c9556b6?s=96&d=retro&r=g\",\"caption\":\"jotw\"},\"url\":\"https:\/\/www.dorstener-tafel.de\/?author=1\"}]}<\/script>\n<!-- \/ Yoast SEO plugin. -->","yoast_head_json":{"title":"POCO grillt f\u00fcr die Tafel - Home | Tafel Dorsten","robots":{"index":"index","follow":"follow","max-snippet":"max-snippet:-1","max-image-preview":"max-image-preview:large","max-video-preview":"max-video-preview:-1"},"canonical":"https:\/\/www.dorstener-tafel.de\/?p=67","og_locale":"de_DE","og_type":"article","og_title":"POCO grillt f\u00fcr die Tafel - Home | Tafel Dorsten","og_description":"Zum Start der Herbstkampagne (25 Jahre in Deutschland) f\u00fchrte der POCO-Markt Dorsten am Samstag, 29.08.15, eine Grillaktion f\u00fcr seine Kunden [&hellip;]","og_url":"https:\/\/www.dorstener-tafel.de\/?p=67","og_site_name":"Home | Tafel Dorsten","article_publisher":"https:\/\/www.facebook.com\/Dorstener-Tafel-eV-710109832448127\/","article_published_time":"2015-08-28T22:13:25+00:00","article_modified_time":"2016-01-29T14:21:52+00:00","og_image":[{"url":"http:\/\/www.kvg-dorsten.de\/dorstener-tafel\/wordpress\/wp-content\/uploads\/2015\/09\/2015-09-04_Poco-Spende101037-1200px.png","type":"","width":"","height":""}],"author":"jotw","twitter_card":"summary_large_image","twitter_misc":{"Verfasst von":"jotw","Gesch\u00e4tzte Lesezeit":"1\u00a0Minute"},"schema":{"@context":"https:\/\/schema.org","@graph":[{"@type":"Article","@id":"https:\/\/www.dorstener-tafel.de\/?p=67#article","isPartOf":{"@id":"https:\/\/www.dorstener-tafel.de\/?p=67"},"author":{"name":"jotw","@id":"https:\/\/www.dorstener-tafel.de\/#\/schema\/person\/c9a6797db5c21dbeb0851056380dcb01"},"headline":"POCO grillt f\u00fcr die Tafel","datePublished":"2015-08-28T22:13:25+00:00","dateModified":"2016-01-29T14:21:52+00:00","mainEntityOfPage":{"@id":"https:\/\/www.dorstener-tafel.de\/?p=67"},"wordCount":167,"commentCount":0,"image":{"@id":"https:\/\/www.dorstener-tafel.de\/?p=67#primaryimage"},"thumbnailUrl":"http:\/\/www.kvg-dorsten.de\/dorstener-tafel\/wordpress\/wp-content\/uploads\/2015\/09\/2015-09-04_Poco-Spende101037-1200px.png","keywords":["Aktion","POCO","Spende"],"articleSection":["Aktuelles"],"inLanguage":"de","potentialAction":[{"@type":"CommentAction","name":"Comment","target":["https:\/\/www.dorstener-tafel.de\/?p=67#respond"]}]},{"@type":"WebPage","@id":"https:\/\/www.dorstener-tafel.de\/?p=67","url":"https:\/\/www.dorstener-tafel.de\/?p=67","name":"POCO grillt f\u00fcr die Tafel - Home | Tafel Dorsten","isPartOf":{"@id":"https:\/\/www.dorstener-tafel.de\/#website"},"primaryImageOfPage":{"@id":"https:\/\/www.dorstener-tafel.de\/?p=67#primaryimage"},"image":{"@id":"https:\/\/www.dorstener-tafel.de\/?p=67#primaryimage"},"thumbnailUrl":"http:\/\/www.kvg-dorsten.de\/dorstener-tafel\/wordpress\/wp-content\/uploads\/2015\/09\/2015-09-04_Poco-Spende101037-1200px.png","datePublished":"2015-08-28T22:13:25+00:00","dateModified":"2016-01-29T14:21:52+00:00","author":{"@id":"https:\/\/www.dorstener-tafel.de\/#\/schema\/person\/c9a6797db5c21dbeb0851056380dcb01"},"breadcrumb":{"@id":"https:\/\/www.dorstener-tafel.de\/?p=67#breadcrumb"},"inLanguage":"de","potentialAction":[{"@type":"ReadAction","target":["https:\/\/www.dorstener-tafel.de\/?p=67"]}]},{"@type":"ImageObject","inLanguage":"de","@id":"https:\/\/www.dorstener-tafel.de\/?p=67#primaryimage","url":"http:\/\/www.kvg-dorsten.de\/dorstener-tafel\/wordpress\/wp-content\/uploads\/2015\/09\/2015-09-04_Poco-Spende101037-1200px.png","contentUrl":"http:\/\/www.kvg-dorsten.de\/dorstener-tafel\/wordpress\/wp-content\/uploads\/2015\/09\/2015-09-04_Poco-Spende101037-1200px.png"},{"@type":"BreadcrumbList","@id":"https:\/\/www.dorstener-tafel.de\/?p=67#breadcrumb","itemListElement":[{"@type":"ListItem","position":1,"name":"Home","item":"https:\/\/www.dorstener-tafel.de\/"},{"@type":"ListItem","position":2,"name":"POCO grillt f\u00fcr die Tafel"}]},{"@type":"WebSite","@id":"https:\/\/www.dorstener-tafel.de\/#website","url":"https:\/\/www.dorstener-tafel.de\/","name":"Home | Tafel Dorsten","description":"","potentialAction":[{"@type":"SearchAction","target":{"@type":"EntryPoint","urlTemplate":"https:\/\/www.dorstener-tafel.de\/?s={search_term_string}"},"query-input":{"@type":"PropertyValueSpecification","valueRequired":true,"valueName":"search_term_string"}}],"inLanguage":"de"},{"@type":"Person","@id":"https:\/\/www.dorstener-tafel.de\/#\/schema\/person\/c9a6797db5c21dbeb0851056380dcb01","name":"jotw","image":{"@type":"ImageObject","inLanguage":"de","@id":"https:\/\/www.dorstener-tafel.de\/#\/schema\/person\/image\/","url":"https:\/\/secure.gravatar.com\/avatar\/225c6088c3bfecfbb42a2a0d5c9556b6?s=96&d=retro&r=g","contentUrl":"https:\/\/secure.gravatar.com\/avatar\/225c6088c3bfecfbb42a2a0d5c9556b6?s=96&d=retro&r=g","caption":"jotw"},"url":"https:\/\/www.dorstener-tafel.de\/?author=1"}]}},"_links":{"self":[{"href":"https:\/\/www.dorstener-tafel.de\/index.php?rest_route=\/wp\/v2\/posts\/67","targetHints":{"allow":["GET"]}}],"collection":[{"href":"https:\/\/www.dorstener-tafel.de\/index.php?rest_route=\/wp\/v2\/posts"}],"about":[{"href":"https:\/\/www.dorstener-tafel.de\/index.php?rest_route=\/wp\/v2\/types\/post"}],"author":[{"embeddable":true,"href":"https:\/\/www.dorstener-tafel.de\/index.php?rest_route=\/wp\/v2\/users\/1"}],"replies":[{"embeddable":true,"href":"https:\/\/www.dorstener-tafel.de\/index.php?rest_route=%2Fwp%2Fv2%2Fcomments&post=67"}],"version-history":[{"count":4,"href":"https:\/\/www.dorstener-tafel.de\/index.php?rest_route=\/wp\/v2\/posts\/67\/revisions"}],"predecessor-version":[{"id":145,"href":"https:\/\/www.dorstener-tafel.de\/index.php?rest_route=\/wp\/v2\/posts\/67\/revisions\/145"}],"wp:attachment":[{"href":"https:\/\/www.dorstener-tafel.de\/index.php?rest_route=%2Fwp%2Fv2%2Fmedia&parent=67"}],"wp:term":[{"taxonomy":"category","embeddable":true,"href":"https:\/\/www.dorstener-tafel.de\/index.php?rest_route=%2Fwp%2Fv2%2Fcategories&post=67"},{"taxonomy":"post_tag","embeddable":true,"href":"https:\/\/www.dorstener-tafel.de\/index.php?rest_route=%2Fwp%2Fv2%2Ftags&post=67"}],"curies":[{"name":"wp","href":"https:\/\/api.w.org\/{rel}","templated":true}]}}