{"id":578,"date":"2016-01-28T10:23:25","date_gmt":"2016-01-28T09:23:25","guid":{"rendered":"http:\/\/www.dorstener-tafel.de\/?p=578"},"modified":"2016-02-01T19:31:38","modified_gmt":"2016-02-01T18:31:38","slug":"neue-regelungen-bei-der-tafel","status":"publish","type":"post","link":"https:\/\/www.dorstener-tafel.de\/?p=578","title":{"rendered":"Neue Regelungen bei der Tafel"},"content":{"rendered":"<p><a href=\"#stopp\">Aufnahmestopp<\/a> | <a href=\"#tuete\">T\u00fcten<\/a> | <a href=\"#neu\">neue Ausweise<\/a><\/p>\n<p>Seit 2003 unterst\u00fctzt die Dorstener Tafel Bed\u00fcrftige dieser Stadt.<br \/>\nDie Dorstener Tafel ist ein eingetragener Verein, wir sind gemeinn\u00fctzig und arbeiten ausschlie\u00dflich im Ehrenamt.<br \/>\nDas hei\u00dft: Jede Mitarbeiterin, jeder Mitarbeiter arbeitet bei uns in seiner Freizeit und niemand erh\u00e4lt f\u00fcr seine T\u00e4tigkeit eine Verg\u00fctung.<br \/>\nDeshalb muss die Arbeit auch in einem \u00fcberschaubaren zeitlichen Rahmen zu leisten sein.<\/p>\n<hr \/>\n<p><a name=\"stopp\"><\/a><\/p>\n<p>Zu Beginn des Jahres und Anfang Juli geben wir neue Einkaufsausweise aus.<br \/>\nDie Bed\u00fcrftigen weisen sich durch Vorlage des Dorsten-Passes aus.\u00a0Entweder dienstags oder freitags, jeweils zwischen 15:00 Uhr und 17:30 Uhr,\u00a0kann man bei uns einkaufen.<\/p>\n<p>Wir k\u00f6nnen an einem Tag nur ca. 80 Kunden bedienen, mehr lassen der vorhandene Raum und die Ausgabezeiten nicht zu.\u00a0Wir k\u00f6nnen uns auch keinen dritten Ausgabetag leisten, dazu reichen unsere personellen Kapazit\u00e4ten nicht.<\/p>\n<hr \/>\n<p><a name=\"tuete\"><\/a><\/p>\n<p>In der ersten Januarwoche haben wir an den\u00a0beiden ersten Ausgabetagen 221 Einkaufsausweise ausgegeben. Das \u00fcberschreitet unsere Grenze schon jetzt.<\/p>\n<p><strong>Daher haben wir f\u00fcr dieses Halbjahr einen Aufnahmestopp beschlossen.<\/strong><\/p>\n<p>Wer einen neuen (gr\u00fcnen) Einkaufsausweis hat, kann wie gewohnt bei uns einkaufen. Neue Einkaufsausweise werden erst in der ersten Juliwoche ausgegeben.<\/p>\n<p>Wir sehen dennoch den Bedarf, den die steigende Anzahl der Bed\u00fcrftigen in unserer Stadt mit sich bringt.<\/p>\n<p style=\"text-align: center;\"><strong>Um diesem Bedarf ein wenig entgegen zu kommen,<br \/>\nhaben wir beschlossen, <\/strong><\/p>\n<p style=\"text-align: center;\"><strong>zus\u00e4tzlich dienstags und freitags <\/strong><\/p>\n<p style=\"text-align: center;\"><strong>in der Zeit von 17 bis 18 Uhr <\/strong><\/p>\n<p style=\"text-align: center;\"><strong>gepackte T\u00fcten gegen einen Euro (\u20ac 1,-) an Bed\u00fcrftige abzugeben, <\/strong><\/p>\n<p>die keinen g\u00fcltigen Einkaufsausweis besitzen. Gegen Vorlage des blauen Dorsten-Passes werden die T\u00fcten am Garagentor des Dorstener Ladens einmal in der Woche ausgegeben, <strong>entweder dienstags oder freitags<\/strong>.<br \/>\nAuch die Alleinlebenden, die schon einen Einkaufsausweis besitzen, sollen dieses Angebot nutzen. Wir entzerren damit den Verkauf f\u00fcr die Familien.<\/p>\n<p>Die T\u00fcten werden in der Regel folgende Dinge enthalten (wenn wir sie haben!):<\/p>\n<ul>\n<li>etwas Obst<\/li>\n<li>etwas Gem\u00fcse<\/li>\n<li>ein (Toast-) Brot oder Br\u00f6tchen<\/li>\n<li>Milchprodukte<\/li>\n<li>S\u00fc\u00dfigkeiten<\/li>\n<li>nach M\u00f6glichkeit Gefl\u00fcgelwurst<\/li>\n<\/ul>\n<p>Die T\u00fcten werden so gepackt, dass Muslime die Lebensmittel essen d\u00fcrfen.<br \/>\nWenn jemand etwas nicht essen mag, was in der T\u00fcte ist, kann er das gerne verschenken.\u00a0<strong>Bitte keine Lebensmittel wegwerfen!<\/strong><\/p>\n<p>Die Kunden werden gebeten, die leeren T\u00fcten beim n\u00e4chsten Einkauf wieder abzugeben.<\/p>\n<p><strong>Damit wir diese zus\u00e4tzliche Aufgabe leisten k\u00f6nnen, suchen wir weitere Mitarbeiterinnen und Mitarbeiter, die dienstags oder freitags in der Zeit von 16 bis 18 Uhr die T\u00fcten packen und ausgeben.<br \/>\n<\/strong><strong><span style=\"text-decoration: underline;\">Fl\u00fcchtlinge, die englisch sprechen, k\u00f6nnen uns helfen.<\/span><br \/>\n<\/strong><strong><a href=\"http:\/\/www.dorstener-tafel.de\/?page_id=24\" target=\"_blank\">Bitte melden Sie sich bei uns!<\/a><\/strong><\/p>\n<hr \/>\n<p><a name=\"neu\"><\/a><\/p>\n<p>Nach der Renovierung in der zweiten Februarwoche starten wir am Dienstag, 16.2.16, und am Freitag, 19.2.16, wieder den Verkauf und gleichzeitig die T\u00fctenausgabe.<\/p>\n<p>Ende Juni werden wir sehen, ob unser neues System tragf\u00e4hig ist und den Bed\u00fcrfnissen unserer Kunden <strong>und<\/strong> unserer Mitarbeiterinnen und Mitarbeiter entspricht.<\/p>\n<hr \/>\n<p>&nbsp;<\/p>\n<p><strong>Die Ausgabe unserer Einkaufsausweise Anfang Juli werden wir vom Verkauf abtrennen. Wir geben die Ausweise an einem anderen Wochentag aus.<\/strong><\/p>\n<p><strong>Die Ausgabe erfolgt ausschlie\u00dflich gegen Vorlage eines g\u00fcltigen Dorsten-Passes.<br \/>\n<\/strong><strong>Es gibt keine M\u00f6glichkeit mehr, die Papiere sp\u00e4ter vorzulegen.<\/strong><\/p>\n<hr \/>\n<p>&nbsp;<\/p>\n<p><span style=\"color: #333399;\"><strong>Wir m\u00f6chten Sie, unsere Kundinnen und Kunden und die, die bei uns einkaufen m\u00f6chten, bitten zu bedenken:<\/strong><\/span><\/p>\n<ul>\n<li><span style=\"color: #333399;\"><strong>Wir k\u00f6nnen nicht alle Bed\u00fcrftigen dieser Stadt bedienen.<\/strong><\/span><\/li>\n<li><span style=\"color: #333399;\"><strong>\u00a0Niemand besitzt einen Anspruch darauf, bei der Tafel einzukaufen.<\/strong><\/span><\/li>\n<li><span style=\"color: #333399;\"><strong>\u00a0Die Tafel unterst\u00fctzt, die Tafel versorgt nicht.<\/strong><\/span><\/li>\n<li><span style=\"color: #333399;\"><strong>\u00a0Wir k\u00f6nnen nur die Lebensmittel weitergeben, die\u00a0uns gespendet werden.<\/strong><\/span><\/li>\n<li><span style=\"color: #333399;\"><strong>\u00a0Wir d\u00fcrfen keine Waren dazu kaufen.<\/strong><\/span><\/li>\n<\/ul>\n<hr \/>\n<p>&nbsp;<\/p>\n<p>Sie haben noch Fragen? Einige beantworten wir vielleicht <a href=\"http:\/\/www.dorstener-tafel.de\/?page_id=572\" target=\"_blank\">hier unter den FAQ<\/a>; ansonsten <a href=\"http:\/\/www.dorstener-tafel.de\/?page_id=24\" target=\"_blank\">schreiben oder sprechen Sie uns gerne an<\/a>.<\/p>\n<p><a href=\"#top\">nach oben<\/a><\/p>\n","protected":false},"excerpt":{"rendered":"<p>Aufnahmestopp | T\u00fcten | neue Ausweise Seit 2003 unterst\u00fctzt die Dorstener Tafel Bed\u00fcrftige dieser Stadt. Die Dorstener Tafel ist ein [&hellip;]<\/p>\n","protected":false},"author":1,"featured_media":0,"comment_status":"open","ping_status":"closed","sticky":false,"template":"","format":"standard","meta":{"footnotes":""},"categories":[1],"tags":[12,16,13,17,15,14],"class_list":["post-578","post","type-post","status-publish","format-standard","hentry","category-allgemein","tag-ausweis","tag-dorsten-pass","tag-kunde","tag-oeffnungszeiten","tag-tuete","tag-verkauf"],"yoast_head":"<!-- This site is optimized with the Yoast SEO plugin v26.8 - https:\/\/yoast.com\/product\/yoast-seo-wordpress\/ -->\n<title>Neue Regelungen bei der Tafel - Home | Tafel Dorsten<\/title>\n<meta name=\"robots\" content=\"index, follow, max-snippet:-1, max-image-preview:large, max-video-preview:-1\" \/>\n<link rel=\"canonical\" href=\"https:\/\/www.dorstener-tafel.de\/?p=578\" \/>\n<meta property=\"og:locale\" content=\"de_DE\" \/>\n<meta property=\"og:type\" content=\"article\" \/>\n<meta property=\"og:title\" content=\"Neue Regelungen bei der Tafel - Home | Tafel Dorsten\" \/>\n<meta property=\"og:description\" content=\"Aufnahmestopp | T\u00fcten | neue Ausweise Seit 2003 unterst\u00fctzt die Dorstener Tafel Bed\u00fcrftige dieser Stadt. Die Dorstener Tafel ist ein [&hellip;]\" \/>\n<meta property=\"og:url\" content=\"https:\/\/www.dorstener-tafel.de\/?p=578\" \/>\n<meta property=\"og:site_name\" content=\"Home | Tafel Dorsten\" \/>\n<meta property=\"article:publisher\" content=\"https:\/\/www.facebook.com\/Dorstener-Tafel-eV-710109832448127\/\" \/>\n<meta property=\"article:published_time\" content=\"2016-01-28T09:23:25+00:00\" \/>\n<meta property=\"article:modified_time\" content=\"2016-02-01T18:31:38+00:00\" \/>\n<meta name=\"author\" content=\"jotw\" \/>\n<meta name=\"twitter:card\" content=\"summary_large_image\" \/>\n<meta name=\"twitter:label1\" content=\"Verfasst von\" \/>\n\t<meta name=\"twitter:data1\" content=\"jotw\" \/>\n\t<meta name=\"twitter:label2\" content=\"Gesch\u00e4tzte Lesezeit\" \/>\n\t<meta name=\"twitter:data2\" content=\"3\u00a0Minuten\" \/>\n<script type=\"application\/ld+json\" class=\"yoast-schema-graph\">{\"@context\":\"https:\/\/schema.org\",\"@graph\":[{\"@type\":\"Article\",\"@id\":\"https:\/\/www.dorstener-tafel.de\/?p=578#article\",\"isPartOf\":{\"@id\":\"https:\/\/www.dorstener-tafel.de\/?p=578\"},\"author\":{\"name\":\"jotw\",\"@id\":\"https:\/\/www.dorstener-tafel.de\/#\/schema\/person\/c9a6797db5c21dbeb0851056380dcb01\"},\"headline\":\"Neue Regelungen bei der Tafel\",\"datePublished\":\"2016-01-28T09:23:25+00:00\",\"dateModified\":\"2016-02-01T18:31:38+00:00\",\"mainEntityOfPage\":{\"@id\":\"https:\/\/www.dorstener-tafel.de\/?p=578\"},\"wordCount\":603,\"commentCount\":0,\"keywords\":[\"Ausweis\",\"Dorsten-Pass\",\"Kunde\",\"\u00d6ffnungszeiten\",\"T\u00fcte\",\"Verkauf\"],\"articleSection\":[\"Aktuelles\"],\"inLanguage\":\"de\",\"potentialAction\":[{\"@type\":\"CommentAction\",\"name\":\"Comment\",\"target\":[\"https:\/\/www.dorstener-tafel.de\/?p=578#respond\"]}]},{\"@type\":\"WebPage\",\"@id\":\"https:\/\/www.dorstener-tafel.de\/?p=578\",\"url\":\"https:\/\/www.dorstener-tafel.de\/?p=578\",\"name\":\"Neue Regelungen bei der Tafel - Home | Tafel Dorsten\",\"isPartOf\":{\"@id\":\"https:\/\/www.dorstener-tafel.de\/#website\"},\"datePublished\":\"2016-01-28T09:23:25+00:00\",\"dateModified\":\"2016-02-01T18:31:38+00:00\",\"author\":{\"@id\":\"https:\/\/www.dorstener-tafel.de\/#\/schema\/person\/c9a6797db5c21dbeb0851056380dcb01\"},\"breadcrumb\":{\"@id\":\"https:\/\/www.dorstener-tafel.de\/?p=578#breadcrumb\"},\"inLanguage\":\"de\",\"potentialAction\":[{\"@type\":\"ReadAction\",\"target\":[\"https:\/\/www.dorstener-tafel.de\/?p=578\"]}]},{\"@type\":\"BreadcrumbList\",\"@id\":\"https:\/\/www.dorstener-tafel.de\/?p=578#breadcrumb\",\"itemListElement\":[{\"@type\":\"ListItem\",\"position\":1,\"name\":\"Home\",\"item\":\"https:\/\/www.dorstener-tafel.de\/\"},{\"@type\":\"ListItem\",\"position\":2,\"name\":\"Neue Regelungen bei der Tafel\"}]},{\"@type\":\"WebSite\",\"@id\":\"https:\/\/www.dorstener-tafel.de\/#website\",\"url\":\"https:\/\/www.dorstener-tafel.de\/\",\"name\":\"Home | Tafel Dorsten\",\"description\":\"\",\"potentialAction\":[{\"@type\":\"SearchAction\",\"target\":{\"@type\":\"EntryPoint\",\"urlTemplate\":\"https:\/\/www.dorstener-tafel.de\/?s={search_term_string}\"},\"query-input\":{\"@type\":\"PropertyValueSpecification\",\"valueRequired\":true,\"valueName\":\"search_term_string\"}}],\"inLanguage\":\"de\"},{\"@type\":\"Person\",\"@id\":\"https:\/\/www.dorstener-tafel.de\/#\/schema\/person\/c9a6797db5c21dbeb0851056380dcb01\",\"name\":\"jotw\",\"image\":{\"@type\":\"ImageObject\",\"inLanguage\":\"de\",\"@id\":\"https:\/\/www.dorstener-tafel.de\/#\/schema\/person\/image\/\",\"url\":\"https:\/\/secure.gravatar.com\/avatar\/225c6088c3bfecfbb42a2a0d5c9556b6?s=96&d=retro&r=g\",\"contentUrl\":\"https:\/\/secure.gravatar.com\/avatar\/225c6088c3bfecfbb42a2a0d5c9556b6?s=96&d=retro&r=g\",\"caption\":\"jotw\"},\"url\":\"https:\/\/www.dorstener-tafel.de\/?author=1\"}]}<\/script>\n<!-- \/ Yoast SEO plugin. -->","yoast_head_json":{"title":"Neue Regelungen bei der Tafel - Home | Tafel Dorsten","robots":{"index":"index","follow":"follow","max-snippet":"max-snippet:-1","max-image-preview":"max-image-preview:large","max-video-preview":"max-video-preview:-1"},"canonical":"https:\/\/www.dorstener-tafel.de\/?p=578","og_locale":"de_DE","og_type":"article","og_title":"Neue Regelungen bei der Tafel - Home | Tafel Dorsten","og_description":"Aufnahmestopp | T\u00fcten | neue Ausweise Seit 2003 unterst\u00fctzt die Dorstener Tafel Bed\u00fcrftige dieser Stadt. Die Dorstener Tafel ist ein [&hellip;]","og_url":"https:\/\/www.dorstener-tafel.de\/?p=578","og_site_name":"Home | Tafel Dorsten","article_publisher":"https:\/\/www.facebook.com\/Dorstener-Tafel-eV-710109832448127\/","article_published_time":"2016-01-28T09:23:25+00:00","article_modified_time":"2016-02-01T18:31:38+00:00","author":"jotw","twitter_card":"summary_large_image","twitter_misc":{"Verfasst von":"jotw","Gesch\u00e4tzte Lesezeit":"3\u00a0Minuten"},"schema":{"@context":"https:\/\/schema.org","@graph":[{"@type":"Article","@id":"https:\/\/www.dorstener-tafel.de\/?p=578#article","isPartOf":{"@id":"https:\/\/www.dorstener-tafel.de\/?p=578"},"author":{"name":"jotw","@id":"https:\/\/www.dorstener-tafel.de\/#\/schema\/person\/c9a6797db5c21dbeb0851056380dcb01"},"headline":"Neue Regelungen bei der Tafel","datePublished":"2016-01-28T09:23:25+00:00","dateModified":"2016-02-01T18:31:38+00:00","mainEntityOfPage":{"@id":"https:\/\/www.dorstener-tafel.de\/?p=578"},"wordCount":603,"commentCount":0,"keywords":["Ausweis","Dorsten-Pass","Kunde","\u00d6ffnungszeiten","T\u00fcte","Verkauf"],"articleSection":["Aktuelles"],"inLanguage":"de","potentialAction":[{"@type":"CommentAction","name":"Comment","target":["https:\/\/www.dorstener-tafel.de\/?p=578#respond"]}]},{"@type":"WebPage","@id":"https:\/\/www.dorstener-tafel.de\/?p=578","url":"https:\/\/www.dorstener-tafel.de\/?p=578","name":"Neue Regelungen bei der Tafel - Home | Tafel Dorsten","isPartOf":{"@id":"https:\/\/www.dorstener-tafel.de\/#website"},"datePublished":"2016-01-28T09:23:25+00:00","dateModified":"2016-02-01T18:31:38+00:00","author":{"@id":"https:\/\/www.dorstener-tafel.de\/#\/schema\/person\/c9a6797db5c21dbeb0851056380dcb01"},"breadcrumb":{"@id":"https:\/\/www.dorstener-tafel.de\/?p=578#breadcrumb"},"inLanguage":"de","potentialAction":[{"@type":"ReadAction","target":["https:\/\/www.dorstener-tafel.de\/?p=578"]}]},{"@type":"BreadcrumbList","@id":"https:\/\/www.dorstener-tafel.de\/?p=578#breadcrumb","itemListElement":[{"@type":"ListItem","position":1,"name":"Home","item":"https:\/\/www.dorstener-tafel.de\/"},{"@type":"ListItem","position":2,"name":"Neue Regelungen bei der Tafel"}]},{"@type":"WebSite","@id":"https:\/\/www.dorstener-tafel.de\/#website","url":"https:\/\/www.dorstener-tafel.de\/","name":"Home | Tafel Dorsten","description":"","potentialAction":[{"@type":"SearchAction","target":{"@type":"EntryPoint","urlTemplate":"https:\/\/www.dorstener-tafel.de\/?s={search_term_string}"},"query-input":{"@type":"PropertyValueSpecification","valueRequired":true,"valueName":"search_term_string"}}],"inLanguage":"de"},{"@type":"Person","@id":"https:\/\/www.dorstener-tafel.de\/#\/schema\/person\/c9a6797db5c21dbeb0851056380dcb01","name":"jotw","image":{"@type":"ImageObject","inLanguage":"de","@id":"https:\/\/www.dorstener-tafel.de\/#\/schema\/person\/image\/","url":"https:\/\/secure.gravatar.com\/avatar\/225c6088c3bfecfbb42a2a0d5c9556b6?s=96&d=retro&r=g","contentUrl":"https:\/\/secure.gravatar.com\/avatar\/225c6088c3bfecfbb42a2a0d5c9556b6?s=96&d=retro&r=g","caption":"jotw"},"url":"https:\/\/www.dorstener-tafel.de\/?author=1"}]}},"_links":{"self":[{"href":"https:\/\/www.dorstener-tafel.de\/index.php?rest_route=\/wp\/v2\/posts\/578","targetHints":{"allow":["GET"]}}],"collection":[{"href":"https:\/\/www.dorstener-tafel.de\/index.php?rest_route=\/wp\/v2\/posts"}],"about":[{"href":"https:\/\/www.dorstener-tafel.de\/index.php?rest_route=\/wp\/v2\/types\/post"}],"author":[{"embeddable":true,"href":"https:\/\/www.dorstener-tafel.de\/index.php?rest_route=\/wp\/v2\/users\/1"}],"replies":[{"embeddable":true,"href":"https:\/\/www.dorstener-tafel.de\/index.php?rest_route=%2Fwp%2Fv2%2Fcomments&post=578"}],"version-history":[{"count":29,"href":"https:\/\/www.dorstener-tafel.de\/index.php?rest_route=\/wp\/v2\/posts\/578\/revisions"}],"predecessor-version":[{"id":619,"href":"https:\/\/www.dorstener-tafel.de\/index.php?rest_route=\/wp\/v2\/posts\/578\/revisions\/619"}],"wp:attachment":[{"href":"https:\/\/www.dorstener-tafel.de\/index.php?rest_route=%2Fwp%2Fv2%2Fmedia&parent=578"}],"wp:term":[{"taxonomy":"category","embeddable":true,"href":"https:\/\/www.dorstener-tafel.de\/index.php?rest_route=%2Fwp%2Fv2%2Fcategories&post=578"},{"taxonomy":"post_tag","embeddable":true,"href":"https:\/\/www.dorstener-tafel.de\/index.php?rest_route=%2Fwp%2Fv2%2Ftags&post=578"}],"curies":[{"name":"wp","href":"https:\/\/api.w.org\/{rel}","templated":true}]}}