{"id":564,"date":"2016-01-09T22:11:56","date_gmt":"2016-01-09T21:11:56","guid":{"rendered":"http:\/\/www.dorstener-tafel.de\/?p=564"},"modified":"2016-02-14T01:12:19","modified_gmt":"2016-02-14T00:12:19","slug":"froehliche-weihnachten-fuer-alle-2","status":"publish","type":"post","link":"https:\/\/www.dorstener-tafel.de\/?p=564","title":{"rendered":"FR\u00d6HLICHE WEIHNACHTEN! F\u00dcR ALLE! (2)"},"content":{"rendered":"<p>Die Weihnachtsp\u00e4ckchen-Aktion ist gelaufen, unsere Mitarbeiterinnen und Mitarbeiter, die noch bis zum Morgen des 17. Dezembers P\u00e4ckchen gesammelt, kontrolliert und (falls n\u00f6tig) umgepackt haben,\u00a0freuten sich \u00fcber die gl\u00fccklichen Gesichter und die gute Stimmung der Erwachsenen und Kinder, die am Nachmittag des 17. Dezember ihre vorzeitige Bescherung hatten, f\u00fcr manche leider die einzige.<!--more--><\/p>\n<p><img loading=\"lazy\" decoding=\"async\" class=\"alignleft wp-image-565 size-medium\" src=\"http:\/\/www.kvg-dorsten.de\/dorstener-tafel\/wordpress\/wp-content\/uploads\/2016\/01\/2015-12-Weihnachtspaeckchen-300x232.jpg\" alt=\"\" width=\"300\" height=\"232\" srcset=\"https:\/\/www.kvg-dorsten.de\/dorstener-tafel\/wordpress\/wp-content\/uploads\/2016\/01\/2015-12-Weihnachtspaeckchen-300x232.jpg 300w, https:\/\/www.kvg-dorsten.de\/dorstener-tafel\/wordpress\/wp-content\/uploads\/2016\/01\/2015-12-Weihnachtspaeckchen.jpg 759w\" sizes=\"auto, (max-width: 300px) 100vw, 300px\" \/><\/p>\n<p>Auch wenn es viel Arbeit f\u00fcr unsere Fahrer und Laden-Mitarbeiterinnen war: es hat sich gelohnt! \u00dcber 300 P\u00e4ckchen wurden gepackt, zum gro\u00dfen Teil liebevoll gestaltet, meist mit Spielzeug und\u00a0weihnachtlichen Accessoires, meist auch &#8211; wie gew\u00fcnscht &#8211; oben offen.<\/p>\n<p>Allen P\u00e4ckchenpackern danken wir von Herzen: Sie haben den Sinn von Weihnachten in gute Tat umgesetzt!<br \/>\nDank sagen m\u00f6chten wir auch allen in den &#8218;Annahmestationen&#8216;, die neben der normalen vorweihnachtlichen Belastung noch Platz machen mussten f\u00fcr die P\u00e4ckchen und manchen Weg mehr gelaufen sind.<\/p>\n<p>Unser Weihnachtswunsch als Mitarbeiterinnen und Mitarbeiter der Tafel? Dass auch die Menschen am unteren Rand der Einkommensskala selbst f\u00fcr ein sch\u00f6nes Weihnachtsfest f\u00fcr sich und ihre Familien sorgen k\u00f6nnen!<\/p>\n<p>Bis dahin ist leider noch ein langer Weg, wie es scheint &#8211; und bis dahin brauchen wir Sie als ehrenamtliche Helferin, als ehrenamtlichen Helfer!<br \/>\n<strong>Dringend ben\u00f6tigen wir Hilfe in den Bereichen Warenabholung, Warensortierung und -aufbereitung, Reinigung und Verkauf.<br \/>\nGanz wichtig sind auch Hilfen bei der \u00dcbersetzung in den Gespr\u00e4chen mit unseren syrischen und iranischen Kunden.<br \/>\nNur einige Stunden pro Woche &#8211; wenig Belastung f\u00fcr Sie und eine gro\u00dfe Hilfe f\u00fcr unsere bed\u00fcrftigen Kunden!<\/strong><\/p>\n<p><a href=\"http:\/\/www.kvg-dorsten.de\/dorstener-tafel\/wordpress\/wp-content\/uploads\/2016\/01\/A-TAF-01-130250_Recruiting_A1PLK_Sudoku_OFx3-640.jpg\" rel=\"attachment wp-att-567\"><img loading=\"lazy\" decoding=\"async\" class=\"alignnone wp-image-567\" src=\"http:\/\/www.kvg-dorsten.de\/dorstener-tafel\/wordpress\/wp-content\/uploads\/2016\/01\/A-TAF-01-130250_Recruiting_A1PLK_Sudoku_OFx3-640.jpg\" alt=\"A-TAF-01-130250_Recruiting_A1PLK_Sudoku_OFx3-640\" width=\"638\" height=\"900\" srcset=\"https:\/\/www.kvg-dorsten.de\/dorstener-tafel\/wordpress\/wp-content\/uploads\/2016\/01\/A-TAF-01-130250_Recruiting_A1PLK_Sudoku_OFx3-640.jpg 640w, https:\/\/www.kvg-dorsten.de\/dorstener-tafel\/wordpress\/wp-content\/uploads\/2016\/01\/A-TAF-01-130250_Recruiting_A1PLK_Sudoku_OFx3-640-213x300.jpg 213w\" sizes=\"auto, (max-width: 638px) 100vw, 638px\" \/><\/a><\/p>\n<p><img loading=\"lazy\" decoding=\"async\" class=\"alignnone wp-image-566\" src=\"http:\/\/www.kvg-dorsten.de\/dorstener-tafel\/wordpress\/wp-content\/uploads\/2016\/01\/A-TAF-01-130250_Recruiting_A1PLK_Highscore_OFx3-600.jpg\" alt=\"A-TAF-01-130250_Recruiting_A1PLK_Highscore_OFx3-600\" width=\"638\" height=\"900\" srcset=\"https:\/\/www.kvg-dorsten.de\/dorstener-tafel\/wordpress\/wp-content\/uploads\/2016\/01\/A-TAF-01-130250_Recruiting_A1PLK_Highscore_OFx3-600.jpg 640w, https:\/\/www.kvg-dorsten.de\/dorstener-tafel\/wordpress\/wp-content\/uploads\/2016\/01\/A-TAF-01-130250_Recruiting_A1PLK_Highscore_OFx3-600-213x300.jpg 213w\" sizes=\"auto, (max-width: 638px) 100vw, 638px\" \/><\/p>\n","protected":false},"excerpt":{"rendered":"<p>Die Weihnachtsp\u00e4ckchen-Aktion ist gelaufen, unsere Mitarbeiterinnen und Mitarbeiter, die noch bis zum Morgen des 17. Dezembers P\u00e4ckchen gesammelt, kontrolliert und [&hellip;]<\/p>\n","protected":false},"author":1,"featured_media":0,"comment_status":"open","ping_status":"closed","sticky":false,"template":"","format":"standard","meta":{"footnotes":""},"categories":[1],"tags":[21,20,19],"class_list":["post-564","post","type-post","status-publish","format-standard","hentry","category-allgemein","tag-aktion","tag-paeckchen","tag-weihnachten"],"yoast_head":"<!-- This site is optimized with the Yoast SEO plugin v26.8 - https:\/\/yoast.com\/product\/yoast-seo-wordpress\/ -->\n<title>FR\u00d6HLICHE WEIHNACHTEN! F\u00dcR ALLE! (2) - Home | Tafel Dorsten<\/title>\n<meta name=\"robots\" content=\"index, follow, max-snippet:-1, max-image-preview:large, max-video-preview:-1\" \/>\n<link rel=\"canonical\" href=\"https:\/\/www.dorstener-tafel.de\/?p=564\" \/>\n<meta property=\"og:locale\" content=\"de_DE\" \/>\n<meta property=\"og:type\" content=\"article\" \/>\n<meta property=\"og:title\" content=\"FR\u00d6HLICHE WEIHNACHTEN! F\u00dcR ALLE! (2) - Home | Tafel Dorsten\" \/>\n<meta property=\"og:description\" content=\"Die Weihnachtsp\u00e4ckchen-Aktion ist gelaufen, unsere Mitarbeiterinnen und Mitarbeiter, die noch bis zum Morgen des 17. Dezembers P\u00e4ckchen gesammelt, kontrolliert und [&hellip;]\" \/>\n<meta property=\"og:url\" content=\"https:\/\/www.dorstener-tafel.de\/?p=564\" \/>\n<meta property=\"og:site_name\" content=\"Home | Tafel Dorsten\" \/>\n<meta property=\"article:publisher\" content=\"https:\/\/www.facebook.com\/Dorstener-Tafel-eV-710109832448127\/\" \/>\n<meta property=\"article:published_time\" content=\"2016-01-09T21:11:56+00:00\" \/>\n<meta property=\"article:modified_time\" content=\"2016-02-14T00:12:19+00:00\" \/>\n<meta property=\"og:image\" content=\"http:\/\/www.kvg-dorsten.de\/dorstener-tafel\/wordpress\/wp-content\/uploads\/2016\/01\/2015-12-Weihnachtspaeckchen-300x232.jpg\" \/>\n<meta name=\"author\" content=\"jotw\" \/>\n<meta name=\"twitter:card\" content=\"summary_large_image\" \/>\n<meta name=\"twitter:label1\" content=\"Verfasst von\" \/>\n\t<meta name=\"twitter:data1\" content=\"jotw\" \/>\n\t<meta name=\"twitter:label2\" content=\"Gesch\u00e4tzte Lesezeit\" \/>\n\t<meta name=\"twitter:data2\" content=\"1\u00a0Minute\" \/>\n<script type=\"application\/ld+json\" class=\"yoast-schema-graph\">{\"@context\":\"https:\/\/schema.org\",\"@graph\":[{\"@type\":\"Article\",\"@id\":\"https:\/\/www.dorstener-tafel.de\/?p=564#article\",\"isPartOf\":{\"@id\":\"https:\/\/www.dorstener-tafel.de\/?p=564\"},\"author\":{\"name\":\"jotw\",\"@id\":\"https:\/\/www.dorstener-tafel.de\/#\/schema\/person\/c9a6797db5c21dbeb0851056380dcb01\"},\"headline\":\"FR\u00d6HLICHE WEIHNACHTEN! F\u00dcR ALLE! (2)\",\"datePublished\":\"2016-01-09T21:11:56+00:00\",\"dateModified\":\"2016-02-14T00:12:19+00:00\",\"mainEntityOfPage\":{\"@id\":\"https:\/\/www.dorstener-tafel.de\/?p=564\"},\"wordCount\":264,\"commentCount\":0,\"image\":{\"@id\":\"https:\/\/www.dorstener-tafel.de\/?p=564#primaryimage\"},\"thumbnailUrl\":\"http:\/\/www.kvg-dorsten.de\/dorstener-tafel\/wordpress\/wp-content\/uploads\/2016\/01\/2015-12-Weihnachtspaeckchen-300x232.jpg\",\"keywords\":[\"Aktion\",\"P\u00e4ckchen\",\"Weihnachten\"],\"articleSection\":[\"Aktuelles\"],\"inLanguage\":\"de\",\"potentialAction\":[{\"@type\":\"CommentAction\",\"name\":\"Comment\",\"target\":[\"https:\/\/www.dorstener-tafel.de\/?p=564#respond\"]}]},{\"@type\":\"WebPage\",\"@id\":\"https:\/\/www.dorstener-tafel.de\/?p=564\",\"url\":\"https:\/\/www.dorstener-tafel.de\/?p=564\",\"name\":\"FR\u00d6HLICHE WEIHNACHTEN! F\u00dcR ALLE! (2) - Home | Tafel Dorsten\",\"isPartOf\":{\"@id\":\"https:\/\/www.dorstener-tafel.de\/#website\"},\"primaryImageOfPage\":{\"@id\":\"https:\/\/www.dorstener-tafel.de\/?p=564#primaryimage\"},\"image\":{\"@id\":\"https:\/\/www.dorstener-tafel.de\/?p=564#primaryimage\"},\"thumbnailUrl\":\"http:\/\/www.kvg-dorsten.de\/dorstener-tafel\/wordpress\/wp-content\/uploads\/2016\/01\/2015-12-Weihnachtspaeckchen-300x232.jpg\",\"datePublished\":\"2016-01-09T21:11:56+00:00\",\"dateModified\":\"2016-02-14T00:12:19+00:00\",\"author\":{\"@id\":\"https:\/\/www.dorstener-tafel.de\/#\/schema\/person\/c9a6797db5c21dbeb0851056380dcb01\"},\"breadcrumb\":{\"@id\":\"https:\/\/www.dorstener-tafel.de\/?p=564#breadcrumb\"},\"inLanguage\":\"de\",\"potentialAction\":[{\"@type\":\"ReadAction\",\"target\":[\"https:\/\/www.dorstener-tafel.de\/?p=564\"]}]},{\"@type\":\"ImageObject\",\"inLanguage\":\"de\",\"@id\":\"https:\/\/www.dorstener-tafel.de\/?p=564#primaryimage\",\"url\":\"http:\/\/www.kvg-dorsten.de\/dorstener-tafel\/wordpress\/wp-content\/uploads\/2016\/01\/2015-12-Weihnachtspaeckchen-300x232.jpg\",\"contentUrl\":\"http:\/\/www.kvg-dorsten.de\/dorstener-tafel\/wordpress\/wp-content\/uploads\/2016\/01\/2015-12-Weihnachtspaeckchen-300x232.jpg\"},{\"@type\":\"BreadcrumbList\",\"@id\":\"https:\/\/www.dorstener-tafel.de\/?p=564#breadcrumb\",\"itemListElement\":[{\"@type\":\"ListItem\",\"position\":1,\"name\":\"Home\",\"item\":\"https:\/\/www.dorstener-tafel.de\/\"},{\"@type\":\"ListItem\",\"position\":2,\"name\":\"FR\u00d6HLICHE WEIHNACHTEN! F\u00dcR ALLE! (2)\"}]},{\"@type\":\"WebSite\",\"@id\":\"https:\/\/www.dorstener-tafel.de\/#website\",\"url\":\"https:\/\/www.dorstener-tafel.de\/\",\"name\":\"Home | Tafel Dorsten\",\"description\":\"\",\"potentialAction\":[{\"@type\":\"SearchAction\",\"target\":{\"@type\":\"EntryPoint\",\"urlTemplate\":\"https:\/\/www.dorstener-tafel.de\/?s={search_term_string}\"},\"query-input\":{\"@type\":\"PropertyValueSpecification\",\"valueRequired\":true,\"valueName\":\"search_term_string\"}}],\"inLanguage\":\"de\"},{\"@type\":\"Person\",\"@id\":\"https:\/\/www.dorstener-tafel.de\/#\/schema\/person\/c9a6797db5c21dbeb0851056380dcb01\",\"name\":\"jotw\",\"image\":{\"@type\":\"ImageObject\",\"inLanguage\":\"de\",\"@id\":\"https:\/\/www.dorstener-tafel.de\/#\/schema\/person\/image\/\",\"url\":\"https:\/\/secure.gravatar.com\/avatar\/225c6088c3bfecfbb42a2a0d5c9556b6?s=96&d=retro&r=g\",\"contentUrl\":\"https:\/\/secure.gravatar.com\/avatar\/225c6088c3bfecfbb42a2a0d5c9556b6?s=96&d=retro&r=g\",\"caption\":\"jotw\"},\"url\":\"https:\/\/www.dorstener-tafel.de\/?author=1\"}]}<\/script>\n<!-- \/ Yoast SEO plugin. -->","yoast_head_json":{"title":"FR\u00d6HLICHE WEIHNACHTEN! F\u00dcR ALLE! (2) - Home | Tafel Dorsten","robots":{"index":"index","follow":"follow","max-snippet":"max-snippet:-1","max-image-preview":"max-image-preview:large","max-video-preview":"max-video-preview:-1"},"canonical":"https:\/\/www.dorstener-tafel.de\/?p=564","og_locale":"de_DE","og_type":"article","og_title":"FR\u00d6HLICHE WEIHNACHTEN! F\u00dcR ALLE! (2) - Home | Tafel Dorsten","og_description":"Die Weihnachtsp\u00e4ckchen-Aktion ist gelaufen, unsere Mitarbeiterinnen und Mitarbeiter, die noch bis zum Morgen des 17. Dezembers P\u00e4ckchen gesammelt, kontrolliert und [&hellip;]","og_url":"https:\/\/www.dorstener-tafel.de\/?p=564","og_site_name":"Home | Tafel Dorsten","article_publisher":"https:\/\/www.facebook.com\/Dorstener-Tafel-eV-710109832448127\/","article_published_time":"2016-01-09T21:11:56+00:00","article_modified_time":"2016-02-14T00:12:19+00:00","og_image":[{"url":"http:\/\/www.kvg-dorsten.de\/dorstener-tafel\/wordpress\/wp-content\/uploads\/2016\/01\/2015-12-Weihnachtspaeckchen-300x232.jpg","type":"","width":"","height":""}],"author":"jotw","twitter_card":"summary_large_image","twitter_misc":{"Verfasst von":"jotw","Gesch\u00e4tzte Lesezeit":"1\u00a0Minute"},"schema":{"@context":"https:\/\/schema.org","@graph":[{"@type":"Article","@id":"https:\/\/www.dorstener-tafel.de\/?p=564#article","isPartOf":{"@id":"https:\/\/www.dorstener-tafel.de\/?p=564"},"author":{"name":"jotw","@id":"https:\/\/www.dorstener-tafel.de\/#\/schema\/person\/c9a6797db5c21dbeb0851056380dcb01"},"headline":"FR\u00d6HLICHE WEIHNACHTEN! F\u00dcR ALLE! (2)","datePublished":"2016-01-09T21:11:56+00:00","dateModified":"2016-02-14T00:12:19+00:00","mainEntityOfPage":{"@id":"https:\/\/www.dorstener-tafel.de\/?p=564"},"wordCount":264,"commentCount":0,"image":{"@id":"https:\/\/www.dorstener-tafel.de\/?p=564#primaryimage"},"thumbnailUrl":"http:\/\/www.kvg-dorsten.de\/dorstener-tafel\/wordpress\/wp-content\/uploads\/2016\/01\/2015-12-Weihnachtspaeckchen-300x232.jpg","keywords":["Aktion","P\u00e4ckchen","Weihnachten"],"articleSection":["Aktuelles"],"inLanguage":"de","potentialAction":[{"@type":"CommentAction","name":"Comment","target":["https:\/\/www.dorstener-tafel.de\/?p=564#respond"]}]},{"@type":"WebPage","@id":"https:\/\/www.dorstener-tafel.de\/?p=564","url":"https:\/\/www.dorstener-tafel.de\/?p=564","name":"FR\u00d6HLICHE WEIHNACHTEN! F\u00dcR ALLE! (2) - Home | Tafel Dorsten","isPartOf":{"@id":"https:\/\/www.dorstener-tafel.de\/#website"},"primaryImageOfPage":{"@id":"https:\/\/www.dorstener-tafel.de\/?p=564#primaryimage"},"image":{"@id":"https:\/\/www.dorstener-tafel.de\/?p=564#primaryimage"},"thumbnailUrl":"http:\/\/www.kvg-dorsten.de\/dorstener-tafel\/wordpress\/wp-content\/uploads\/2016\/01\/2015-12-Weihnachtspaeckchen-300x232.jpg","datePublished":"2016-01-09T21:11:56+00:00","dateModified":"2016-02-14T00:12:19+00:00","author":{"@id":"https:\/\/www.dorstener-tafel.de\/#\/schema\/person\/c9a6797db5c21dbeb0851056380dcb01"},"breadcrumb":{"@id":"https:\/\/www.dorstener-tafel.de\/?p=564#breadcrumb"},"inLanguage":"de","potentialAction":[{"@type":"ReadAction","target":["https:\/\/www.dorstener-tafel.de\/?p=564"]}]},{"@type":"ImageObject","inLanguage":"de","@id":"https:\/\/www.dorstener-tafel.de\/?p=564#primaryimage","url":"http:\/\/www.kvg-dorsten.de\/dorstener-tafel\/wordpress\/wp-content\/uploads\/2016\/01\/2015-12-Weihnachtspaeckchen-300x232.jpg","contentUrl":"http:\/\/www.kvg-dorsten.de\/dorstener-tafel\/wordpress\/wp-content\/uploads\/2016\/01\/2015-12-Weihnachtspaeckchen-300x232.jpg"},{"@type":"BreadcrumbList","@id":"https:\/\/www.dorstener-tafel.de\/?p=564#breadcrumb","itemListElement":[{"@type":"ListItem","position":1,"name":"Home","item":"https:\/\/www.dorstener-tafel.de\/"},{"@type":"ListItem","position":2,"name":"FR\u00d6HLICHE WEIHNACHTEN! F\u00dcR ALLE! (2)"}]},{"@type":"WebSite","@id":"https:\/\/www.dorstener-tafel.de\/#website","url":"https:\/\/www.dorstener-tafel.de\/","name":"Home | Tafel Dorsten","description":"","potentialAction":[{"@type":"SearchAction","target":{"@type":"EntryPoint","urlTemplate":"https:\/\/www.dorstener-tafel.de\/?s={search_term_string}"},"query-input":{"@type":"PropertyValueSpecification","valueRequired":true,"valueName":"search_term_string"}}],"inLanguage":"de"},{"@type":"Person","@id":"https:\/\/www.dorstener-tafel.de\/#\/schema\/person\/c9a6797db5c21dbeb0851056380dcb01","name":"jotw","image":{"@type":"ImageObject","inLanguage":"de","@id":"https:\/\/www.dorstener-tafel.de\/#\/schema\/person\/image\/","url":"https:\/\/secure.gravatar.com\/avatar\/225c6088c3bfecfbb42a2a0d5c9556b6?s=96&d=retro&r=g","contentUrl":"https:\/\/secure.gravatar.com\/avatar\/225c6088c3bfecfbb42a2a0d5c9556b6?s=96&d=retro&r=g","caption":"jotw"},"url":"https:\/\/www.dorstener-tafel.de\/?author=1"}]}},"_links":{"self":[{"href":"https:\/\/www.dorstener-tafel.de\/index.php?rest_route=\/wp\/v2\/posts\/564","targetHints":{"allow":["GET"]}}],"collection":[{"href":"https:\/\/www.dorstener-tafel.de\/index.php?rest_route=\/wp\/v2\/posts"}],"about":[{"href":"https:\/\/www.dorstener-tafel.de\/index.php?rest_route=\/wp\/v2\/types\/post"}],"author":[{"embeddable":true,"href":"https:\/\/www.dorstener-tafel.de\/index.php?rest_route=\/wp\/v2\/users\/1"}],"replies":[{"embeddable":true,"href":"https:\/\/www.dorstener-tafel.de\/index.php?rest_route=%2Fwp%2Fv2%2Fcomments&post=564"}],"version-history":[{"count":6,"href":"https:\/\/www.dorstener-tafel.de\/index.php?rest_route=\/wp\/v2\/posts\/564\/revisions"}],"predecessor-version":[{"id":652,"href":"https:\/\/www.dorstener-tafel.de\/index.php?rest_route=\/wp\/v2\/posts\/564\/revisions\/652"}],"wp:attachment":[{"href":"https:\/\/www.dorstener-tafel.de\/index.php?rest_route=%2Fwp%2Fv2%2Fmedia&parent=564"}],"wp:term":[{"taxonomy":"category","embeddable":true,"href":"https:\/\/www.dorstener-tafel.de\/index.php?rest_route=%2Fwp%2Fv2%2Fcategories&post=564"},{"taxonomy":"post_tag","embeddable":true,"href":"https:\/\/www.dorstener-tafel.de\/index.php?rest_route=%2Fwp%2Fv2%2Ftags&post=564"}],"curies":[{"name":"wp","href":"https:\/\/api.w.org\/{rel}","templated":true}]}}