{"id":535,"date":"2015-11-25T12:27:27","date_gmt":"2015-11-25T11:27:27","guid":{"rendered":"http:\/\/www.dorstener-tafel.de\/?p=535"},"modified":"2016-01-29T15:04:14","modified_gmt":"2016-01-29T14:04:14","slug":"die-ersten-weihnachtspaeckchen","status":"publish","type":"post","link":"https:\/\/www.dorstener-tafel.de\/?p=535","title":{"rendered":"Die ersten Weihnachtsp\u00e4ckchen"},"content":{"rendered":"<p>Kaum ist die diesj\u00e4hrige Weihnachtsp\u00e4ckchen-Aktion angelaufen, sind die ersten liebevoll gepackten Geschenke f\u00fcr bed\u00fcrftige Mitb\u00fcrgerinnen und Mitb\u00fcrger schon da:<\/p>\n<p><a href=\"http:\/\/www.kvg-dorsten.de\/dorstener-tafel\/wordpress\/wp-content\/uploads\/2015\/11\/logo_maximilian-Kolbe-Schule-300.jpg\"><br \/>\n<\/a><a href=\"http:\/\/www.kvg-dorsten.de\/dorstener-tafel\/wordpress\/wp-content\/uploads\/2015\/11\/logo_maximilian-Kolbe-Schule-300.jpg\" target=\"_blank\"><img loading=\"lazy\" decoding=\"async\" class=\"wp-image-536 alignleft\" src=\"http:\/\/www.kvg-dorsten.de\/dorstener-tafel\/wordpress\/wp-content\/uploads\/2015\/11\/logo_maximilian-Kolbe-Schule-300.jpg\" alt=\"logo_maximilian-Kolbe-Schule-300\" width=\"200\" height=\"99\" \/><\/a>Sch\u00fclerinnen und Sch\u00fcler der Schermbecker Maximilian-Kolbe-Schule stellten, wie auch schon in den vergangenen Jahren, \u00a024 P\u00e4ckchen zusammen, die am 17. Dezember f\u00fcr Freude sorgen werden. Das Logo der Schule, &#8222;Miteinander spielen &#8211; leben &#8211; lernen&#8220;, bekommt so eine weitere Bedeutung: F\u00fcreinander da sein &#8211; teilen! Toll!<\/p>\n<p>Die Dorstener Tafel mit all ihren rein ehrenamtlichen Mitarbeiterinnen und Mitarbeitern sagt ganz herzlichen Dank!<\/p>\n<p>Weitere Infos zur Weihnachtsp\u00e4ckchen-Aktion finden Sie <strong><a href=\"http:\/\/www.dorstener-tafel.de\/?p=515\" target=\"_blank\">hier<\/a>.<\/strong><\/p>\n<p>&nbsp;<\/p>\n","protected":false},"excerpt":{"rendered":"<p>Kaum ist die diesj\u00e4hrige Weihnachtsp\u00e4ckchen-Aktion angelaufen, sind die ersten liebevoll gepackten Geschenke f\u00fcr bed\u00fcrftige Mitb\u00fcrgerinnen und Mitb\u00fcrger schon da: Sch\u00fclerinnen [&hellip;]<\/p>\n","protected":false},"author":1,"featured_media":0,"comment_status":"open","ping_status":"closed","sticky":false,"template":"","format":"standard","meta":{"footnotes":""},"categories":[1],"tags":[20,23,19],"class_list":["post-535","post","type-post","status-publish","format-standard","hentry","category-allgemein","tag-paeckchen","tag-spende","tag-weihnachten"],"yoast_head":"<!-- This site is optimized with the Yoast SEO plugin v26.8 - https:\/\/yoast.com\/product\/yoast-seo-wordpress\/ -->\n<title>Die ersten Weihnachtsp\u00e4ckchen - Home | Tafel Dorsten<\/title>\n<meta name=\"robots\" content=\"index, follow, max-snippet:-1, max-image-preview:large, max-video-preview:-1\" \/>\n<link rel=\"canonical\" href=\"https:\/\/www.dorstener-tafel.de\/?p=535\" \/>\n<meta property=\"og:locale\" content=\"de_DE\" \/>\n<meta property=\"og:type\" content=\"article\" \/>\n<meta property=\"og:title\" content=\"Die ersten Weihnachtsp\u00e4ckchen - Home | Tafel Dorsten\" \/>\n<meta property=\"og:description\" content=\"Kaum ist die diesj\u00e4hrige Weihnachtsp\u00e4ckchen-Aktion angelaufen, sind die ersten liebevoll gepackten Geschenke f\u00fcr bed\u00fcrftige Mitb\u00fcrgerinnen und Mitb\u00fcrger schon da: Sch\u00fclerinnen [&hellip;]\" \/>\n<meta property=\"og:url\" content=\"https:\/\/www.dorstener-tafel.de\/?p=535\" \/>\n<meta property=\"og:site_name\" content=\"Home | Tafel Dorsten\" \/>\n<meta property=\"article:publisher\" content=\"https:\/\/www.facebook.com\/Dorstener-Tafel-eV-710109832448127\/\" \/>\n<meta property=\"article:published_time\" content=\"2015-11-25T11:27:27+00:00\" \/>\n<meta property=\"article:modified_time\" content=\"2016-01-29T14:04:14+00:00\" \/>\n<meta property=\"og:image\" content=\"http:\/\/www.kvg-dorsten.de\/dorstener-tafel\/wordpress\/wp-content\/uploads\/2015\/11\/logo_maximilian-Kolbe-Schule-300.jpg\" \/>\n<meta name=\"author\" content=\"jotw\" \/>\n<meta name=\"twitter:card\" content=\"summary_large_image\" \/>\n<meta name=\"twitter:label1\" content=\"Verfasst von\" \/>\n\t<meta name=\"twitter:data1\" content=\"jotw\" \/>\n<script type=\"application\/ld+json\" class=\"yoast-schema-graph\">{\"@context\":\"https:\/\/schema.org\",\"@graph\":[{\"@type\":\"Article\",\"@id\":\"https:\/\/www.dorstener-tafel.de\/?p=535#article\",\"isPartOf\":{\"@id\":\"https:\/\/www.dorstener-tafel.de\/?p=535\"},\"author\":{\"name\":\"jotw\",\"@id\":\"https:\/\/www.dorstener-tafel.de\/#\/schema\/person\/c9a6797db5c21dbeb0851056380dcb01\"},\"headline\":\"Die ersten Weihnachtsp\u00e4ckchen\",\"datePublished\":\"2015-11-25T11:27:27+00:00\",\"dateModified\":\"2016-01-29T14:04:14+00:00\",\"mainEntityOfPage\":{\"@id\":\"https:\/\/www.dorstener-tafel.de\/?p=535\"},\"wordCount\":102,\"commentCount\":0,\"image\":{\"@id\":\"https:\/\/www.dorstener-tafel.de\/?p=535#primaryimage\"},\"thumbnailUrl\":\"http:\/\/www.kvg-dorsten.de\/dorstener-tafel\/wordpress\/wp-content\/uploads\/2015\/11\/logo_maximilian-Kolbe-Schule-300.jpg\",\"keywords\":[\"P\u00e4ckchen\",\"Spende\",\"Weihnachten\"],\"articleSection\":[\"Aktuelles\"],\"inLanguage\":\"de\",\"potentialAction\":[{\"@type\":\"CommentAction\",\"name\":\"Comment\",\"target\":[\"https:\/\/www.dorstener-tafel.de\/?p=535#respond\"]}]},{\"@type\":\"WebPage\",\"@id\":\"https:\/\/www.dorstener-tafel.de\/?p=535\",\"url\":\"https:\/\/www.dorstener-tafel.de\/?p=535\",\"name\":\"Die ersten Weihnachtsp\u00e4ckchen - Home | Tafel Dorsten\",\"isPartOf\":{\"@id\":\"https:\/\/www.dorstener-tafel.de\/#website\"},\"primaryImageOfPage\":{\"@id\":\"https:\/\/www.dorstener-tafel.de\/?p=535#primaryimage\"},\"image\":{\"@id\":\"https:\/\/www.dorstener-tafel.de\/?p=535#primaryimage\"},\"thumbnailUrl\":\"http:\/\/www.kvg-dorsten.de\/dorstener-tafel\/wordpress\/wp-content\/uploads\/2015\/11\/logo_maximilian-Kolbe-Schule-300.jpg\",\"datePublished\":\"2015-11-25T11:27:27+00:00\",\"dateModified\":\"2016-01-29T14:04:14+00:00\",\"author\":{\"@id\":\"https:\/\/www.dorstener-tafel.de\/#\/schema\/person\/c9a6797db5c21dbeb0851056380dcb01\"},\"breadcrumb\":{\"@id\":\"https:\/\/www.dorstener-tafel.de\/?p=535#breadcrumb\"},\"inLanguage\":\"de\",\"potentialAction\":[{\"@type\":\"ReadAction\",\"target\":[\"https:\/\/www.dorstener-tafel.de\/?p=535\"]}]},{\"@type\":\"ImageObject\",\"inLanguage\":\"de\",\"@id\":\"https:\/\/www.dorstener-tafel.de\/?p=535#primaryimage\",\"url\":\"http:\/\/www.kvg-dorsten.de\/dorstener-tafel\/wordpress\/wp-content\/uploads\/2015\/11\/logo_maximilian-Kolbe-Schule-300.jpg\",\"contentUrl\":\"http:\/\/www.kvg-dorsten.de\/dorstener-tafel\/wordpress\/wp-content\/uploads\/2015\/11\/logo_maximilian-Kolbe-Schule-300.jpg\"},{\"@type\":\"BreadcrumbList\",\"@id\":\"https:\/\/www.dorstener-tafel.de\/?p=535#breadcrumb\",\"itemListElement\":[{\"@type\":\"ListItem\",\"position\":1,\"name\":\"Home\",\"item\":\"https:\/\/www.dorstener-tafel.de\/\"},{\"@type\":\"ListItem\",\"position\":2,\"name\":\"Die ersten Weihnachtsp\u00e4ckchen\"}]},{\"@type\":\"WebSite\",\"@id\":\"https:\/\/www.dorstener-tafel.de\/#website\",\"url\":\"https:\/\/www.dorstener-tafel.de\/\",\"name\":\"Home | Tafel Dorsten\",\"description\":\"\",\"potentialAction\":[{\"@type\":\"SearchAction\",\"target\":{\"@type\":\"EntryPoint\",\"urlTemplate\":\"https:\/\/www.dorstener-tafel.de\/?s={search_term_string}\"},\"query-input\":{\"@type\":\"PropertyValueSpecification\",\"valueRequired\":true,\"valueName\":\"search_term_string\"}}],\"inLanguage\":\"de\"},{\"@type\":\"Person\",\"@id\":\"https:\/\/www.dorstener-tafel.de\/#\/schema\/person\/c9a6797db5c21dbeb0851056380dcb01\",\"name\":\"jotw\",\"image\":{\"@type\":\"ImageObject\",\"inLanguage\":\"de\",\"@id\":\"https:\/\/www.dorstener-tafel.de\/#\/schema\/person\/image\/\",\"url\":\"https:\/\/secure.gravatar.com\/avatar\/225c6088c3bfecfbb42a2a0d5c9556b6?s=96&d=retro&r=g\",\"contentUrl\":\"https:\/\/secure.gravatar.com\/avatar\/225c6088c3bfecfbb42a2a0d5c9556b6?s=96&d=retro&r=g\",\"caption\":\"jotw\"},\"url\":\"https:\/\/www.dorstener-tafel.de\/?author=1\"}]}<\/script>\n<!-- \/ Yoast SEO plugin. -->","yoast_head_json":{"title":"Die ersten Weihnachtsp\u00e4ckchen - Home | Tafel Dorsten","robots":{"index":"index","follow":"follow","max-snippet":"max-snippet:-1","max-image-preview":"max-image-preview:large","max-video-preview":"max-video-preview:-1"},"canonical":"https:\/\/www.dorstener-tafel.de\/?p=535","og_locale":"de_DE","og_type":"article","og_title":"Die ersten Weihnachtsp\u00e4ckchen - Home | Tafel Dorsten","og_description":"Kaum ist die diesj\u00e4hrige Weihnachtsp\u00e4ckchen-Aktion angelaufen, sind die ersten liebevoll gepackten Geschenke f\u00fcr bed\u00fcrftige Mitb\u00fcrgerinnen und Mitb\u00fcrger schon da: Sch\u00fclerinnen [&hellip;]","og_url":"https:\/\/www.dorstener-tafel.de\/?p=535","og_site_name":"Home | Tafel Dorsten","article_publisher":"https:\/\/www.facebook.com\/Dorstener-Tafel-eV-710109832448127\/","article_published_time":"2015-11-25T11:27:27+00:00","article_modified_time":"2016-01-29T14:04:14+00:00","og_image":[{"url":"http:\/\/www.kvg-dorsten.de\/dorstener-tafel\/wordpress\/wp-content\/uploads\/2015\/11\/logo_maximilian-Kolbe-Schule-300.jpg","type":"","width":"","height":""}],"author":"jotw","twitter_card":"summary_large_image","twitter_misc":{"Verfasst von":"jotw"},"schema":{"@context":"https:\/\/schema.org","@graph":[{"@type":"Article","@id":"https:\/\/www.dorstener-tafel.de\/?p=535#article","isPartOf":{"@id":"https:\/\/www.dorstener-tafel.de\/?p=535"},"author":{"name":"jotw","@id":"https:\/\/www.dorstener-tafel.de\/#\/schema\/person\/c9a6797db5c21dbeb0851056380dcb01"},"headline":"Die ersten Weihnachtsp\u00e4ckchen","datePublished":"2015-11-25T11:27:27+00:00","dateModified":"2016-01-29T14:04:14+00:00","mainEntityOfPage":{"@id":"https:\/\/www.dorstener-tafel.de\/?p=535"},"wordCount":102,"commentCount":0,"image":{"@id":"https:\/\/www.dorstener-tafel.de\/?p=535#primaryimage"},"thumbnailUrl":"http:\/\/www.kvg-dorsten.de\/dorstener-tafel\/wordpress\/wp-content\/uploads\/2015\/11\/logo_maximilian-Kolbe-Schule-300.jpg","keywords":["P\u00e4ckchen","Spende","Weihnachten"],"articleSection":["Aktuelles"],"inLanguage":"de","potentialAction":[{"@type":"CommentAction","name":"Comment","target":["https:\/\/www.dorstener-tafel.de\/?p=535#respond"]}]},{"@type":"WebPage","@id":"https:\/\/www.dorstener-tafel.de\/?p=535","url":"https:\/\/www.dorstener-tafel.de\/?p=535","name":"Die ersten Weihnachtsp\u00e4ckchen - Home | Tafel Dorsten","isPartOf":{"@id":"https:\/\/www.dorstener-tafel.de\/#website"},"primaryImageOfPage":{"@id":"https:\/\/www.dorstener-tafel.de\/?p=535#primaryimage"},"image":{"@id":"https:\/\/www.dorstener-tafel.de\/?p=535#primaryimage"},"thumbnailUrl":"http:\/\/www.kvg-dorsten.de\/dorstener-tafel\/wordpress\/wp-content\/uploads\/2015\/11\/logo_maximilian-Kolbe-Schule-300.jpg","datePublished":"2015-11-25T11:27:27+00:00","dateModified":"2016-01-29T14:04:14+00:00","author":{"@id":"https:\/\/www.dorstener-tafel.de\/#\/schema\/person\/c9a6797db5c21dbeb0851056380dcb01"},"breadcrumb":{"@id":"https:\/\/www.dorstener-tafel.de\/?p=535#breadcrumb"},"inLanguage":"de","potentialAction":[{"@type":"ReadAction","target":["https:\/\/www.dorstener-tafel.de\/?p=535"]}]},{"@type":"ImageObject","inLanguage":"de","@id":"https:\/\/www.dorstener-tafel.de\/?p=535#primaryimage","url":"http:\/\/www.kvg-dorsten.de\/dorstener-tafel\/wordpress\/wp-content\/uploads\/2015\/11\/logo_maximilian-Kolbe-Schule-300.jpg","contentUrl":"http:\/\/www.kvg-dorsten.de\/dorstener-tafel\/wordpress\/wp-content\/uploads\/2015\/11\/logo_maximilian-Kolbe-Schule-300.jpg"},{"@type":"BreadcrumbList","@id":"https:\/\/www.dorstener-tafel.de\/?p=535#breadcrumb","itemListElement":[{"@type":"ListItem","position":1,"name":"Home","item":"https:\/\/www.dorstener-tafel.de\/"},{"@type":"ListItem","position":2,"name":"Die ersten Weihnachtsp\u00e4ckchen"}]},{"@type":"WebSite","@id":"https:\/\/www.dorstener-tafel.de\/#website","url":"https:\/\/www.dorstener-tafel.de\/","name":"Home | Tafel Dorsten","description":"","potentialAction":[{"@type":"SearchAction","target":{"@type":"EntryPoint","urlTemplate":"https:\/\/www.dorstener-tafel.de\/?s={search_term_string}"},"query-input":{"@type":"PropertyValueSpecification","valueRequired":true,"valueName":"search_term_string"}}],"inLanguage":"de"},{"@type":"Person","@id":"https:\/\/www.dorstener-tafel.de\/#\/schema\/person\/c9a6797db5c21dbeb0851056380dcb01","name":"jotw","image":{"@type":"ImageObject","inLanguage":"de","@id":"https:\/\/www.dorstener-tafel.de\/#\/schema\/person\/image\/","url":"https:\/\/secure.gravatar.com\/avatar\/225c6088c3bfecfbb42a2a0d5c9556b6?s=96&d=retro&r=g","contentUrl":"https:\/\/secure.gravatar.com\/avatar\/225c6088c3bfecfbb42a2a0d5c9556b6?s=96&d=retro&r=g","caption":"jotw"},"url":"https:\/\/www.dorstener-tafel.de\/?author=1"}]}},"_links":{"self":[{"href":"https:\/\/www.dorstener-tafel.de\/index.php?rest_route=\/wp\/v2\/posts\/535","targetHints":{"allow":["GET"]}}],"collection":[{"href":"https:\/\/www.dorstener-tafel.de\/index.php?rest_route=\/wp\/v2\/posts"}],"about":[{"href":"https:\/\/www.dorstener-tafel.de\/index.php?rest_route=\/wp\/v2\/types\/post"}],"author":[{"embeddable":true,"href":"https:\/\/www.dorstener-tafel.de\/index.php?rest_route=\/wp\/v2\/users\/1"}],"replies":[{"embeddable":true,"href":"https:\/\/www.dorstener-tafel.de\/index.php?rest_route=%2Fwp%2Fv2%2Fcomments&post=535"}],"version-history":[{"count":1,"href":"https:\/\/www.dorstener-tafel.de\/index.php?rest_route=\/wp\/v2\/posts\/535\/revisions"}],"predecessor-version":[{"id":537,"href":"https:\/\/www.dorstener-tafel.de\/index.php?rest_route=\/wp\/v2\/posts\/535\/revisions\/537"}],"wp:attachment":[{"href":"https:\/\/www.dorstener-tafel.de\/index.php?rest_route=%2Fwp%2Fv2%2Fmedia&parent=535"}],"wp:term":[{"taxonomy":"category","embeddable":true,"href":"https:\/\/www.dorstener-tafel.de\/index.php?rest_route=%2Fwp%2Fv2%2Fcategories&post=535"},{"taxonomy":"post_tag","embeddable":true,"href":"https:\/\/www.dorstener-tafel.de\/index.php?rest_route=%2Fwp%2Fv2%2Ftags&post=535"}],"curies":[{"name":"wp","href":"https:\/\/api.w.org\/{rel}","templated":true}]}}