{"id":518,"date":"2015-11-18T18:16:44","date_gmt":"2015-11-18T17:16:44","guid":{"rendered":"http:\/\/www.dorstener-tafel.de\/?p=518"},"modified":"2016-01-29T15:05:50","modified_gmt":"2016-01-29T14:05:50","slug":"gemeinsam-teller-fuellen","status":"publish","type":"post","link":"https:\/\/www.dorstener-tafel.de\/?p=518","title":{"rendered":"Gemeinsam Teller f\u00fcllen"},"content":{"rendered":"<h3>TOOM: \u00dcber 270 T\u00fcten f\u00fcr die Dorstener Tafel<\/h3>\n<p>Vom 2. bis 11. November 2015 lief eine bundesweite Spendenaktion zugunsten der Tafeln in allen M\u00e4rkten von <span class=\"csc-sword\">REWE<\/span>, Nahkauf,\u00a0<span class=\"csc-sword\">REWE<\/span> City und <span class=\"csc-sword\">REWE<\/span> Center. Wie schon in den letzten Jahren konnten Kunden im Aktionszeitraum vorbereitete T\u00fcten mit haltbaren Lebensmitteln im Wert von 5 Euro erwerben und direkt im Markt an die \u00f6rtliche Tafel spenden.<\/p>\n<figure id=\"attachment_519\" aria-describedby=\"caption-attachment-519\" style=\"width: 474px\" class=\"wp-caption alignright\"><a href=\"http:\/\/www.kvg-dorsten.de\/dorstener-tafel\/wordpress\/wp-content\/uploads\/2015\/11\/DSC01607a.jpg\"><img loading=\"lazy\" decoding=\"async\" class=\"wp-image-519 size-large\" src=\"http:\/\/www.kvg-dorsten.de\/dorstener-tafel\/wordpress\/wp-content\/uploads\/2015\/11\/DSC01607a-1024x685.jpg\" alt=\"SONY DSC\" width=\"474\" height=\"317\" srcset=\"https:\/\/www.kvg-dorsten.de\/dorstener-tafel\/wordpress\/wp-content\/uploads\/2015\/11\/DSC01607a-1024x685.jpg 1024w, https:\/\/www.kvg-dorsten.de\/dorstener-tafel\/wordpress\/wp-content\/uploads\/2015\/11\/DSC01607a-300x201.jpg 300w, https:\/\/www.kvg-dorsten.de\/dorstener-tafel\/wordpress\/wp-content\/uploads\/2015\/11\/DSC01607a.jpg 1200w\" sizes=\"auto, (max-width: 474px) 100vw, 474px\" \/><\/a><figcaption id=\"caption-attachment-519\" class=\"wp-caption-text\">T\u00fcten-Sammlung &#8230;<\/figcaption><\/figure>\n<p>Allein im Dorstener TOOM-Markt wurden knapp \u00fcber 240 T\u00fcten gespendet, in den anderen Dorstener REWE-M\u00e4rkten \u00fcber 160. Zeitweilig gingen in den M\u00e4rkten sogar die attraktiv gestalteten Papiert\u00fcten aus, sodass &#8218;profane&#8216; Plastikt\u00fcten herhalten mussten: der Erfolg war so nicht vorhersehbar und ist \u00fcberw\u00e4ltigend: vielen unserer Kunden werden die gespendeten Waren gro\u00dfe Freude bereiten!<br \/>\n<strong>Allen Spendern gilt unser herzlicher Dank!<\/strong><\/p>\n<p>Derzeit werden die Waren von unseren ehrenamtlichen Mitarbeiterinnen und Mitarbeitern sortiert und neu verpackt, sodass auch jede bed\u00fcrftige Familie die zu ihr passende T\u00fcte erh\u00e4lt.<\/p>\n<figure id=\"attachment_520\" aria-describedby=\"caption-attachment-520\" style=\"width: 300px\" class=\"wp-caption alignleft\"><a href=\"http:\/\/www.kvg-dorsten.de\/dorstener-tafel\/wordpress\/wp-content\/uploads\/2015\/11\/REWE_Tuete_2015.jpg\" target=\"_blank\"><img loading=\"lazy\" decoding=\"async\" class=\"wp-image-520\" src=\"http:\/\/www.kvg-dorsten.de\/dorstener-tafel\/wordpress\/wp-content\/uploads\/2015\/11\/REWE_Tuete_2015.jpg\" alt=\"REWE_Tuete_2015\" width=\"300\" height=\"451\" srcset=\"https:\/\/www.kvg-dorsten.de\/dorstener-tafel\/wordpress\/wp-content\/uploads\/2015\/11\/REWE_Tuete_2015.jpg 414w, https:\/\/www.kvg-dorsten.de\/dorstener-tafel\/wordpress\/wp-content\/uploads\/2015\/11\/REWE_Tuete_2015-199x300.jpg 199w\" sizes=\"auto, (max-width: 300px) 100vw, 300px\" \/><\/a><figcaption id=\"caption-attachment-520\" class=\"wp-caption-text\">REWE-T\u00fcte 2015<\/figcaption><\/figure>\n<p>&nbsp;<\/p>\n<p><em>REWE ist einer der gr\u00f6\u00dften und \u00e4ltesten F\u00f6rderer der lokalen TAFELN und des Bundesverbands Deutscher TAFELN e.V.. Bereits seit 1996 unterst\u00fctzen die 3.300 REWE und Nahkauf M\u00e4rkte die TAFELN. Die M\u00e4rkte stellen jeden Tag Lebensmittel zur Verf\u00fcgung, die nicht mehr verkauft, aber dennoch bedenkenlos verzehrt werden k\u00f6nnen. Das sind beispielsweise Produkte, bei denen das Mindesthaltbarkeitsdatum (MHD) bald abl\u00e4uft, deren Verpackung besch\u00e4digt ist oder auch Obst und Gem\u00fcse mit kleinen Sch\u00f6nheitsfehlern.<\/em><\/p>\n<p><em>Seit 2009 bindet REWE seine Kunden unter dem Motto \u201eGemeinsam Teller f\u00fcllen\u201c jedes Jahr f\u00fcr die Dauer einiger Wochen in das Engagement mit ein. Im Jahr 2014 wurden insgesamt 318.000 T\u00fcten an die lokalen Tafeln \u00fcbergeben \u2013 REWE beteiligte sich ebenfalls mit zus\u00e4tzlichen 40.000 T\u00fcten. In den letzten 6 Jahren sind dadurch \u00fcber 1,6 Millionen Spendent\u00fcten an die lokalen Tafeln \u00fcbergeben worden.<\/em><\/p>\n","protected":false},"excerpt":{"rendered":"<p>TOOM: \u00dcber 270 T\u00fcten f\u00fcr die Dorstener Tafel Vom 2. bis 11. November 2015 lief eine bundesweite Spendenaktion zugunsten der [&hellip;]<\/p>\n","protected":false},"author":1,"featured_media":0,"comment_status":"open","ping_status":"closed","sticky":false,"template":"","format":"standard","meta":{"footnotes":""},"categories":[1],"tags":[23,25,15,19],"class_list":["post-518","post","type-post","status-publish","format-standard","hentry","category-allgemein","tag-spende","tag-toom","tag-tuete","tag-weihnachten"],"yoast_head":"<!-- This site is optimized with the Yoast SEO plugin v26.8 - https:\/\/yoast.com\/product\/yoast-seo-wordpress\/ -->\n<title>Gemeinsam Teller f\u00fcllen - Home | Tafel Dorsten<\/title>\n<meta name=\"robots\" content=\"index, follow, max-snippet:-1, max-image-preview:large, max-video-preview:-1\" \/>\n<link rel=\"canonical\" href=\"https:\/\/www.dorstener-tafel.de\/?p=518\" \/>\n<meta property=\"og:locale\" content=\"de_DE\" \/>\n<meta property=\"og:type\" content=\"article\" \/>\n<meta property=\"og:title\" content=\"Gemeinsam Teller f\u00fcllen - Home | Tafel Dorsten\" \/>\n<meta property=\"og:description\" content=\"TOOM: \u00dcber 270 T\u00fcten f\u00fcr die Dorstener Tafel Vom 2. bis 11. November 2015 lief eine bundesweite Spendenaktion zugunsten der [&hellip;]\" \/>\n<meta property=\"og:url\" content=\"https:\/\/www.dorstener-tafel.de\/?p=518\" \/>\n<meta property=\"og:site_name\" content=\"Home | Tafel Dorsten\" \/>\n<meta property=\"article:publisher\" content=\"https:\/\/www.facebook.com\/Dorstener-Tafel-eV-710109832448127\/\" \/>\n<meta property=\"article:published_time\" content=\"2015-11-18T17:16:44+00:00\" \/>\n<meta property=\"article:modified_time\" content=\"2016-01-29T14:05:50+00:00\" \/>\n<meta property=\"og:image\" content=\"http:\/\/www.kvg-dorsten.de\/dorstener-tafel\/wordpress\/wp-content\/uploads\/2015\/11\/DSC01607a-1024x685.jpg\" \/>\n<meta name=\"author\" content=\"jotw\" \/>\n<meta name=\"twitter:card\" content=\"summary_large_image\" \/>\n<meta name=\"twitter:label1\" content=\"Verfasst von\" \/>\n\t<meta name=\"twitter:data1\" content=\"jotw\" \/>\n\t<meta name=\"twitter:label2\" content=\"Gesch\u00e4tzte Lesezeit\" \/>\n\t<meta name=\"twitter:data2\" content=\"2\u00a0Minuten\" \/>\n<script type=\"application\/ld+json\" class=\"yoast-schema-graph\">{\"@context\":\"https:\/\/schema.org\",\"@graph\":[{\"@type\":\"Article\",\"@id\":\"https:\/\/www.dorstener-tafel.de\/?p=518#article\",\"isPartOf\":{\"@id\":\"https:\/\/www.dorstener-tafel.de\/?p=518\"},\"author\":{\"name\":\"jotw\",\"@id\":\"https:\/\/www.dorstener-tafel.de\/#\/schema\/person\/c9a6797db5c21dbeb0851056380dcb01\"},\"headline\":\"Gemeinsam Teller f\u00fcllen\",\"datePublished\":\"2015-11-18T17:16:44+00:00\",\"dateModified\":\"2016-01-29T14:05:50+00:00\",\"mainEntityOfPage\":{\"@id\":\"https:\/\/www.dorstener-tafel.de\/?p=518\"},\"wordCount\":316,\"commentCount\":0,\"image\":{\"@id\":\"https:\/\/www.dorstener-tafel.de\/?p=518#primaryimage\"},\"thumbnailUrl\":\"http:\/\/www.kvg-dorsten.de\/dorstener-tafel\/wordpress\/wp-content\/uploads\/2015\/11\/DSC01607a-1024x685.jpg\",\"keywords\":[\"Spende\",\"TOOM\",\"T\u00fcte\",\"Weihnachten\"],\"articleSection\":[\"Aktuelles\"],\"inLanguage\":\"de\",\"potentialAction\":[{\"@type\":\"CommentAction\",\"name\":\"Comment\",\"target\":[\"https:\/\/www.dorstener-tafel.de\/?p=518#respond\"]}]},{\"@type\":\"WebPage\",\"@id\":\"https:\/\/www.dorstener-tafel.de\/?p=518\",\"url\":\"https:\/\/www.dorstener-tafel.de\/?p=518\",\"name\":\"Gemeinsam Teller f\u00fcllen - Home | Tafel Dorsten\",\"isPartOf\":{\"@id\":\"https:\/\/www.dorstener-tafel.de\/#website\"},\"primaryImageOfPage\":{\"@id\":\"https:\/\/www.dorstener-tafel.de\/?p=518#primaryimage\"},\"image\":{\"@id\":\"https:\/\/www.dorstener-tafel.de\/?p=518#primaryimage\"},\"thumbnailUrl\":\"http:\/\/www.kvg-dorsten.de\/dorstener-tafel\/wordpress\/wp-content\/uploads\/2015\/11\/DSC01607a-1024x685.jpg\",\"datePublished\":\"2015-11-18T17:16:44+00:00\",\"dateModified\":\"2016-01-29T14:05:50+00:00\",\"author\":{\"@id\":\"https:\/\/www.dorstener-tafel.de\/#\/schema\/person\/c9a6797db5c21dbeb0851056380dcb01\"},\"breadcrumb\":{\"@id\":\"https:\/\/www.dorstener-tafel.de\/?p=518#breadcrumb\"},\"inLanguage\":\"de\",\"potentialAction\":[{\"@type\":\"ReadAction\",\"target\":[\"https:\/\/www.dorstener-tafel.de\/?p=518\"]}]},{\"@type\":\"ImageObject\",\"inLanguage\":\"de\",\"@id\":\"https:\/\/www.dorstener-tafel.de\/?p=518#primaryimage\",\"url\":\"http:\/\/www.kvg-dorsten.de\/dorstener-tafel\/wordpress\/wp-content\/uploads\/2015\/11\/DSC01607a-1024x685.jpg\",\"contentUrl\":\"http:\/\/www.kvg-dorsten.de\/dorstener-tafel\/wordpress\/wp-content\/uploads\/2015\/11\/DSC01607a-1024x685.jpg\"},{\"@type\":\"BreadcrumbList\",\"@id\":\"https:\/\/www.dorstener-tafel.de\/?p=518#breadcrumb\",\"itemListElement\":[{\"@type\":\"ListItem\",\"position\":1,\"name\":\"Home\",\"item\":\"https:\/\/www.dorstener-tafel.de\/\"},{\"@type\":\"ListItem\",\"position\":2,\"name\":\"Gemeinsam Teller f\u00fcllen\"}]},{\"@type\":\"WebSite\",\"@id\":\"https:\/\/www.dorstener-tafel.de\/#website\",\"url\":\"https:\/\/www.dorstener-tafel.de\/\",\"name\":\"Home | Tafel Dorsten\",\"description\":\"\",\"potentialAction\":[{\"@type\":\"SearchAction\",\"target\":{\"@type\":\"EntryPoint\",\"urlTemplate\":\"https:\/\/www.dorstener-tafel.de\/?s={search_term_string}\"},\"query-input\":{\"@type\":\"PropertyValueSpecification\",\"valueRequired\":true,\"valueName\":\"search_term_string\"}}],\"inLanguage\":\"de\"},{\"@type\":\"Person\",\"@id\":\"https:\/\/www.dorstener-tafel.de\/#\/schema\/person\/c9a6797db5c21dbeb0851056380dcb01\",\"name\":\"jotw\",\"image\":{\"@type\":\"ImageObject\",\"inLanguage\":\"de\",\"@id\":\"https:\/\/www.dorstener-tafel.de\/#\/schema\/person\/image\/\",\"url\":\"https:\/\/secure.gravatar.com\/avatar\/225c6088c3bfecfbb42a2a0d5c9556b6?s=96&d=retro&r=g\",\"contentUrl\":\"https:\/\/secure.gravatar.com\/avatar\/225c6088c3bfecfbb42a2a0d5c9556b6?s=96&d=retro&r=g\",\"caption\":\"jotw\"},\"url\":\"https:\/\/www.dorstener-tafel.de\/?author=1\"}]}<\/script>\n<!-- \/ Yoast SEO plugin. -->","yoast_head_json":{"title":"Gemeinsam Teller f\u00fcllen - Home | Tafel Dorsten","robots":{"index":"index","follow":"follow","max-snippet":"max-snippet:-1","max-image-preview":"max-image-preview:large","max-video-preview":"max-video-preview:-1"},"canonical":"https:\/\/www.dorstener-tafel.de\/?p=518","og_locale":"de_DE","og_type":"article","og_title":"Gemeinsam Teller f\u00fcllen - Home | Tafel Dorsten","og_description":"TOOM: \u00dcber 270 T\u00fcten f\u00fcr die Dorstener Tafel Vom 2. bis 11. November 2015 lief eine bundesweite Spendenaktion zugunsten der [&hellip;]","og_url":"https:\/\/www.dorstener-tafel.de\/?p=518","og_site_name":"Home | Tafel Dorsten","article_publisher":"https:\/\/www.facebook.com\/Dorstener-Tafel-eV-710109832448127\/","article_published_time":"2015-11-18T17:16:44+00:00","article_modified_time":"2016-01-29T14:05:50+00:00","og_image":[{"url":"http:\/\/www.kvg-dorsten.de\/dorstener-tafel\/wordpress\/wp-content\/uploads\/2015\/11\/DSC01607a-1024x685.jpg","type":"","width":"","height":""}],"author":"jotw","twitter_card":"summary_large_image","twitter_misc":{"Verfasst von":"jotw","Gesch\u00e4tzte Lesezeit":"2\u00a0Minuten"},"schema":{"@context":"https:\/\/schema.org","@graph":[{"@type":"Article","@id":"https:\/\/www.dorstener-tafel.de\/?p=518#article","isPartOf":{"@id":"https:\/\/www.dorstener-tafel.de\/?p=518"},"author":{"name":"jotw","@id":"https:\/\/www.dorstener-tafel.de\/#\/schema\/person\/c9a6797db5c21dbeb0851056380dcb01"},"headline":"Gemeinsam Teller f\u00fcllen","datePublished":"2015-11-18T17:16:44+00:00","dateModified":"2016-01-29T14:05:50+00:00","mainEntityOfPage":{"@id":"https:\/\/www.dorstener-tafel.de\/?p=518"},"wordCount":316,"commentCount":0,"image":{"@id":"https:\/\/www.dorstener-tafel.de\/?p=518#primaryimage"},"thumbnailUrl":"http:\/\/www.kvg-dorsten.de\/dorstener-tafel\/wordpress\/wp-content\/uploads\/2015\/11\/DSC01607a-1024x685.jpg","keywords":["Spende","TOOM","T\u00fcte","Weihnachten"],"articleSection":["Aktuelles"],"inLanguage":"de","potentialAction":[{"@type":"CommentAction","name":"Comment","target":["https:\/\/www.dorstener-tafel.de\/?p=518#respond"]}]},{"@type":"WebPage","@id":"https:\/\/www.dorstener-tafel.de\/?p=518","url":"https:\/\/www.dorstener-tafel.de\/?p=518","name":"Gemeinsam Teller f\u00fcllen - Home | Tafel Dorsten","isPartOf":{"@id":"https:\/\/www.dorstener-tafel.de\/#website"},"primaryImageOfPage":{"@id":"https:\/\/www.dorstener-tafel.de\/?p=518#primaryimage"},"image":{"@id":"https:\/\/www.dorstener-tafel.de\/?p=518#primaryimage"},"thumbnailUrl":"http:\/\/www.kvg-dorsten.de\/dorstener-tafel\/wordpress\/wp-content\/uploads\/2015\/11\/DSC01607a-1024x685.jpg","datePublished":"2015-11-18T17:16:44+00:00","dateModified":"2016-01-29T14:05:50+00:00","author":{"@id":"https:\/\/www.dorstener-tafel.de\/#\/schema\/person\/c9a6797db5c21dbeb0851056380dcb01"},"breadcrumb":{"@id":"https:\/\/www.dorstener-tafel.de\/?p=518#breadcrumb"},"inLanguage":"de","potentialAction":[{"@type":"ReadAction","target":["https:\/\/www.dorstener-tafel.de\/?p=518"]}]},{"@type":"ImageObject","inLanguage":"de","@id":"https:\/\/www.dorstener-tafel.de\/?p=518#primaryimage","url":"http:\/\/www.kvg-dorsten.de\/dorstener-tafel\/wordpress\/wp-content\/uploads\/2015\/11\/DSC01607a-1024x685.jpg","contentUrl":"http:\/\/www.kvg-dorsten.de\/dorstener-tafel\/wordpress\/wp-content\/uploads\/2015\/11\/DSC01607a-1024x685.jpg"},{"@type":"BreadcrumbList","@id":"https:\/\/www.dorstener-tafel.de\/?p=518#breadcrumb","itemListElement":[{"@type":"ListItem","position":1,"name":"Home","item":"https:\/\/www.dorstener-tafel.de\/"},{"@type":"ListItem","position":2,"name":"Gemeinsam Teller f\u00fcllen"}]},{"@type":"WebSite","@id":"https:\/\/www.dorstener-tafel.de\/#website","url":"https:\/\/www.dorstener-tafel.de\/","name":"Home | Tafel Dorsten","description":"","potentialAction":[{"@type":"SearchAction","target":{"@type":"EntryPoint","urlTemplate":"https:\/\/www.dorstener-tafel.de\/?s={search_term_string}"},"query-input":{"@type":"PropertyValueSpecification","valueRequired":true,"valueName":"search_term_string"}}],"inLanguage":"de"},{"@type":"Person","@id":"https:\/\/www.dorstener-tafel.de\/#\/schema\/person\/c9a6797db5c21dbeb0851056380dcb01","name":"jotw","image":{"@type":"ImageObject","inLanguage":"de","@id":"https:\/\/www.dorstener-tafel.de\/#\/schema\/person\/image\/","url":"https:\/\/secure.gravatar.com\/avatar\/225c6088c3bfecfbb42a2a0d5c9556b6?s=96&d=retro&r=g","contentUrl":"https:\/\/secure.gravatar.com\/avatar\/225c6088c3bfecfbb42a2a0d5c9556b6?s=96&d=retro&r=g","caption":"jotw"},"url":"https:\/\/www.dorstener-tafel.de\/?author=1"}]}},"_links":{"self":[{"href":"https:\/\/www.dorstener-tafel.de\/index.php?rest_route=\/wp\/v2\/posts\/518","targetHints":{"allow":["GET"]}}],"collection":[{"href":"https:\/\/www.dorstener-tafel.de\/index.php?rest_route=\/wp\/v2\/posts"}],"about":[{"href":"https:\/\/www.dorstener-tafel.de\/index.php?rest_route=\/wp\/v2\/types\/post"}],"author":[{"embeddable":true,"href":"https:\/\/www.dorstener-tafel.de\/index.php?rest_route=\/wp\/v2\/users\/1"}],"replies":[{"embeddable":true,"href":"https:\/\/www.dorstener-tafel.de\/index.php?rest_route=%2Fwp%2Fv2%2Fcomments&post=518"}],"version-history":[{"count":4,"href":"https:\/\/www.dorstener-tafel.de\/index.php?rest_route=\/wp\/v2\/posts\/518\/revisions"}],"predecessor-version":[{"id":534,"href":"https:\/\/www.dorstener-tafel.de\/index.php?rest_route=\/wp\/v2\/posts\/518\/revisions\/534"}],"wp:attachment":[{"href":"https:\/\/www.dorstener-tafel.de\/index.php?rest_route=%2Fwp%2Fv2%2Fmedia&parent=518"}],"wp:term":[{"taxonomy":"category","embeddable":true,"href":"https:\/\/www.dorstener-tafel.de\/index.php?rest_route=%2Fwp%2Fv2%2Fcategories&post=518"},{"taxonomy":"post_tag","embeddable":true,"href":"https:\/\/www.dorstener-tafel.de\/index.php?rest_route=%2Fwp%2Fv2%2Ftags&post=518"}],"curies":[{"name":"wp","href":"https:\/\/api.w.org\/{rel}","templated":true}]}}