{"id":515,"date":"2015-11-18T14:56:42","date_gmt":"2015-11-18T13:56:42","guid":{"rendered":"http:\/\/www.dorstener-tafel.de\/?p=515"},"modified":"2016-01-29T15:06:26","modified_gmt":"2016-01-29T14:06:26","slug":"froehliche-weihnachten-fuer-alle","status":"publish","type":"post","link":"https:\/\/www.dorstener-tafel.de\/?p=515","title":{"rendered":"Fr\u00f6hliche Weihnachten! F\u00fcr alle!"},"content":{"rendered":"<h4>Start der Weihnachtsp\u00e4ckchen-Aktion<\/h4>\n<p>Gemeinsam mit unserem Schirmherrn, B\u00fcrgermeister Tobias Stockhoff, startete heute die Weihnachtsaktion 2015 der Dorstener Tafel.<\/p>\n<figure id=\"attachment_525\" aria-describedby=\"caption-attachment-525\" style=\"width: 474px\" class=\"wp-caption alignright\"><a href=\"http:\/\/www.kvg-dorsten.de\/dorstener-tafel\/wordpress\/wp-content\/uploads\/2015\/11\/DorstenerTafelWeihnachtsAufruf18_11_15_B-1200.jpg\" target=\"_blank\"><img loading=\"lazy\" decoding=\"async\" class=\"wp-image-525 size-large\" src=\"http:\/\/www.kvg-dorsten.de\/dorstener-tafel\/wordpress\/wp-content\/uploads\/2015\/11\/DorstenerTafelWeihnachtsAufruf18_11_15_B-1200-1024x680.jpg\" alt=\"Foto: Bludau - 18.11.2015 - Dorsten Damit auch bed\u00fcrftige Menschen aus Dorsten in diesem Jahr wieder ein Weihnachtsp\u00e4ckchen bekommen, ruft die Dorstener Tafel zu ihrer Aktion \u201eFr\u00f6hliche Weihnachten f\u00fcr alle\u201c auf. Schon am 17. Dezember soll es bereits zum achten Mal diese besondere Bescherung f\u00fcr bed\u00fcrftige Menschen geben. Aus diesem Grund bitten die Verantwortlichen von der Dorstener Tafel und Dorstens B\u00fcrgermeister Tobias Stockhoff, als Schirmherr: \u201eMachen Sie bed\u00fcrftigen Familien, Mitb\u00fcrgerinnen und Mitb\u00fcrgern zu Weihnachten eine besondere Freude! Packen Sie ein P\u00e4ckchen mit haltbaren Lebensmitteln, also alles, was nicht gek\u00fchlt werden muss oder rasch verderben kann!\u201c Gut geeignet daf\u00fcr sind zum Beispiel: Konserven, Nudeln, Reis, eingeschwei\u00dfte Fleischprodukte, Kaffee, Tee, Marmeladen, N\u00fcsse, Pl\u00e4tzchen, S\u00fc\u00dfigkeiten, Suppen oder S\u00e4fte. Ebenso freuen sich die Menschen \u00fcber Drogerieartikel, wie: Shampoo, Seife, Duschgel usw. Nat\u00fcrlich k\u00f6nnen auch pers\u00f6nliche Zutaten mit ins Paket gelegt werden, wie zum Beispiel Stofftiere, Spielzeug oder Tannenzweige und Strohsterne. Besonders wichtig dabei ist es den Verantwortlichen darauf hinzuweisen, dass auf Alkohol, Tabakwaren, Medikamente verzichtet werden soll. Au\u00dferdem wird gebeten keinen Absender anzugeben und das P\u00e4ckchen oben offen zu lassen. \u201eWir packen die P\u00e4ckchen gegebenenfalls noch mal ein wenig um, damit wir sicherstellen k\u00f6nnen, dass beispielsweise Spielzeug auch nicht an Rentner, sondern an Kinder geht.\u201c, erkl\u00e4rt Hedwig Schnatmann. \u201eWir hoffen auch in diesem Jahr wieder auf eine gute Spendenbereitschaft.\u201c, sagt Herbert Rentmeister, der Vorsitzende der Dorstener Tafel. Und weiter: \u201eWeihnachten soll etwas Besonderes sein, auch f\u00fcr die, die nicht so viel haben\u201c.\" width=\"474\" height=\"315\" srcset=\"https:\/\/www.kvg-dorsten.de\/dorstener-tafel\/wordpress\/wp-content\/uploads\/2015\/11\/DorstenerTafelWeihnachtsAufruf18_11_15_B-1200-1024x680.jpg 1024w, https:\/\/www.kvg-dorsten.de\/dorstener-tafel\/wordpress\/wp-content\/uploads\/2015\/11\/DorstenerTafelWeihnachtsAufruf18_11_15_B-1200-300x199.jpg 300w, https:\/\/www.kvg-dorsten.de\/dorstener-tafel\/wordpress\/wp-content\/uploads\/2015\/11\/DorstenerTafelWeihnachtsAufruf18_11_15_B-1200.jpg 1200w\" sizes=\"auto, (max-width: 474px) 100vw, 474px\" \/><\/a><figcaption id=\"caption-attachment-525\" class=\"wp-caption-text\">Foto: Bludau &#8211; 18.11.2015 &#8211; Dorsten<\/figcaption><\/figure>\n<p>Schon am 17. Dezember wird es eine ganz besondere Bescherung geben.<\/p>\n<p>Machen Sie bed\u00fcrftigen Familien, Mitb\u00fcrgerinnen und Mitb\u00fcrgern zu Weihnachten eine besondere Freude!<br \/>\nPacken Sie ein P\u00e4ckchen mit haltbaren Lebensmitteln, also mit allem, was nicht gek\u00fchlt werden muss, nicht rasch verderben kann!<\/p>\n<p>Gut geeignet sind zum Beispiel<strong>: Konserven, Nudeln, Reis, Suppen, Dosenfleischprodukte, Kaffee, Tee, Marmeladen, N\u00fcsse, Pl\u00e4tzchen, S\u00fc\u00dfigkeiten, S\u00e4fte &#8230;<br \/>\n<\/strong>Ebenso freuen sich die Menschen \u00fcber <strong>Drogerieartikel <\/strong>wie<strong> Shampoo, Seife, Duschgel usw.<br \/>\n<\/strong>Nat\u00fcrlich k\u00f6nnen auch <strong>pers\u00f6nliche Zutaten<\/strong> mit ins Paket gelegt werden, zum Beispiel <strong>Stofftiere, Spielzeug <\/strong>oder <strong>Tannenzweige <\/strong>und<strong> Strohsterne<\/strong>.<\/p>\n<p>Bitte verzichten Sie auf <strong>Alkohol, Tabakwaren, Medikamente<\/strong> und geben Sie <strong>keinen<\/strong> <strong>Absender<\/strong> an.<\/p>\n<p><strong>Denken Sie einfach daran:<br \/>\n<\/strong><strong>Zu Weihnachten soll es doch etwas Besonderes sein!<\/strong><\/p>\n<p><strong>\u00a0<\/strong><strong>Bitte lassen Sie das P\u00e4ckchen oben offen, damit Lebensmittel (etwa f\u00fcr muslimische Familien) ausgetauscht werden k\u00f6nnen.<\/strong><\/p>\n<p><strong>Folgende Sammelstellen nehmen vom<br \/>\n23. November bis zum 14. Dezember<br \/>\nIhre Weihnachtsp\u00e4ckchen an:<\/strong><\/p>\n<p><strong>Gesamtstadt:<br \/>\n<\/strong>Stadtinformation, Recklingh\u00e4user Str. 20<br \/>\nMo \u2013 Fr: 09.00 Uhr \u2013 18.00 Uhr<br \/>\nSa: 09.00 Uhr \u2013 14.00 Uhr<\/p>\n<p><strong>Rhade:<br \/>\n<\/strong>Pfarrb\u00fcro St. Urbanus, Urbanusring 19<br \/>\nMo, Mi und Do: 09.00 Uhr \u2013 11.30 Uhr<br \/>\nFr: 15.00 Uhr \u2013 17.00 Uhr<\/p>\n<p><strong>Rhade:<br \/>\n<\/strong>Familienzentrum St. Urbanus, Fr\u00f6belweg 4<br \/>\nMo bis Do: 09.00 Uhr \u2013 16.00 Uhr<br \/>\nFr: \u00a009.00 Uhr \u2013 15.00 Uhr<\/p>\n<p><strong>Lembeck:<br \/>\n<\/strong>Pfarrb\u00fcro St. Laurentius, Am Pastorat 3<br \/>\nMo, Mi und Fr: 08.00 Uhr \u2013 11.30 Uhr<br \/>\nDi und Mi: 15.00 Uhr \u2013 17.00 Uhr<\/p>\n<p><strong>Wulfen:<br \/>\n<\/strong>Dorstener Tafel, Dimker Allee 20<br \/>\nDi und Fr: 14.00 Uhr \u2013 17.00 Uhr<\/p>\n<p><strong>Holsterhausen:<br \/>\n<\/strong>Pfarrb\u00fcro St. Bonifatius, Annettestr. 11<br \/>\nMo, Mi und Fr: 09.00 Uhr \u2013 11.30 Uhr<br \/>\nDo: 14.30 Uhr \u2013 17.00 Uhr<\/p>\n<p><strong>Hervest:<\/strong><br \/>\nGemeindeb\u00fcro Paul-Gerhardt-Haus, An der Landwehr 63<br \/>\nMo, Mi und Fr: 09.00 Uhr \u2013 12.00 Uhr<br \/>\nDi: 15.00 Uhr \u2013 17.00 Uhr<\/p>\n<p><strong>Altstadt\/Hardt:<br \/>\n<\/strong>Pfarrb\u00fcro St. Agatha, An der Vehme 3<br \/>\nMo \u2013 Fr: 10.00 Uhr \u2013 12.00 Uhr<br \/>\nMo: 15.00 Uhr \u2013 16.30 Uhr<br \/>\nDo:16.00 Uhr \u2013 19.30 Uhr<\/p>\n<p><strong>Altendorf-Ulfkotte:<br \/>\n<\/strong>Kardinal-von-Galen-Grundschule, Im P\u00e4sken 14\u00a0 Schulsekretariat\u00a0 \u00a0 \u00a0 \u00a0 \u00a0 \u00a0Mo: 8.00 \u2013 12.00 Uhr,<br \/>\nMi: \u00a08.00 \u2013 10.00 Uhr<\/p>\n<p>&nbsp;<\/p>\n<p><strong>Herzlichen Dank f\u00fcr Ihre Spendenbereitschaft sagen<br \/>\n<\/strong><strong>die Mitarbeiterinnen und Mitarbeiter der Dorstener Tafel!<\/strong><strong><br \/>\n<\/strong><\/p>\n","protected":false},"excerpt":{"rendered":"<p>Start der Weihnachtsp\u00e4ckchen-Aktion Gemeinsam mit unserem Schirmherrn, B\u00fcrgermeister Tobias Stockhoff, startete heute die Weihnachtsaktion 2015 der Dorstener Tafel. Schon am [&hellip;]<\/p>\n","protected":false},"author":1,"featured_media":0,"comment_status":"open","ping_status":"closed","sticky":false,"template":"","format":"standard","meta":{"footnotes":""},"categories":[1],"tags":[21,20,19],"class_list":["post-515","post","type-post","status-publish","format-standard","hentry","category-allgemein","tag-aktion","tag-paeckchen","tag-weihnachten"],"yoast_head":"<!-- This site is optimized with the Yoast SEO plugin v26.8 - https:\/\/yoast.com\/product\/yoast-seo-wordpress\/ -->\n<title>Fr\u00f6hliche Weihnachten! F\u00fcr alle! - Home | Tafel Dorsten<\/title>\n<meta name=\"robots\" content=\"index, follow, max-snippet:-1, max-image-preview:large, max-video-preview:-1\" \/>\n<link rel=\"canonical\" href=\"https:\/\/www.dorstener-tafel.de\/?p=515\" \/>\n<meta property=\"og:locale\" content=\"de_DE\" \/>\n<meta property=\"og:type\" content=\"article\" \/>\n<meta property=\"og:title\" content=\"Fr\u00f6hliche Weihnachten! F\u00fcr alle! - Home | Tafel Dorsten\" \/>\n<meta property=\"og:description\" content=\"Start der Weihnachtsp\u00e4ckchen-Aktion Gemeinsam mit unserem Schirmherrn, B\u00fcrgermeister Tobias Stockhoff, startete heute die Weihnachtsaktion 2015 der Dorstener Tafel. Schon am [&hellip;]\" \/>\n<meta property=\"og:url\" content=\"https:\/\/www.dorstener-tafel.de\/?p=515\" \/>\n<meta property=\"og:site_name\" content=\"Home | Tafel Dorsten\" \/>\n<meta property=\"article:publisher\" content=\"https:\/\/www.facebook.com\/Dorstener-Tafel-eV-710109832448127\/\" \/>\n<meta property=\"article:published_time\" content=\"2015-11-18T13:56:42+00:00\" \/>\n<meta property=\"article:modified_time\" content=\"2016-01-29T14:06:26+00:00\" \/>\n<meta property=\"og:image\" content=\"http:\/\/www.kvg-dorsten.de\/dorstener-tafel\/wordpress\/wp-content\/uploads\/2015\/11\/DorstenerTafelWeihnachtsAufruf18_11_15_B-1200-1024x680.jpg\" \/>\n<meta name=\"author\" content=\"jotw\" \/>\n<meta name=\"twitter:card\" content=\"summary_large_image\" \/>\n<meta name=\"twitter:label1\" content=\"Verfasst von\" \/>\n\t<meta name=\"twitter:data1\" content=\"jotw\" \/>\n\t<meta name=\"twitter:label2\" content=\"Gesch\u00e4tzte Lesezeit\" \/>\n\t<meta name=\"twitter:data2\" content=\"2\u00a0Minuten\" \/>\n<script type=\"application\/ld+json\" class=\"yoast-schema-graph\">{\"@context\":\"https:\/\/schema.org\",\"@graph\":[{\"@type\":\"Article\",\"@id\":\"https:\/\/www.dorstener-tafel.de\/?p=515#article\",\"isPartOf\":{\"@id\":\"https:\/\/www.dorstener-tafel.de\/?p=515\"},\"author\":{\"name\":\"jotw\",\"@id\":\"https:\/\/www.dorstener-tafel.de\/#\/schema\/person\/c9a6797db5c21dbeb0851056380dcb01\"},\"headline\":\"Fr\u00f6hliche Weihnachten! F\u00fcr alle!\",\"datePublished\":\"2015-11-18T13:56:42+00:00\",\"dateModified\":\"2016-01-29T14:06:26+00:00\",\"mainEntityOfPage\":{\"@id\":\"https:\/\/www.dorstener-tafel.de\/?p=515\"},\"wordCount\":337,\"commentCount\":0,\"image\":{\"@id\":\"https:\/\/www.dorstener-tafel.de\/?p=515#primaryimage\"},\"thumbnailUrl\":\"http:\/\/www.kvg-dorsten.de\/dorstener-tafel\/wordpress\/wp-content\/uploads\/2015\/11\/DorstenerTafelWeihnachtsAufruf18_11_15_B-1200-1024x680.jpg\",\"keywords\":[\"Aktion\",\"P\u00e4ckchen\",\"Weihnachten\"],\"articleSection\":[\"Aktuelles\"],\"inLanguage\":\"de\",\"potentialAction\":[{\"@type\":\"CommentAction\",\"name\":\"Comment\",\"target\":[\"https:\/\/www.dorstener-tafel.de\/?p=515#respond\"]}]},{\"@type\":\"WebPage\",\"@id\":\"https:\/\/www.dorstener-tafel.de\/?p=515\",\"url\":\"https:\/\/www.dorstener-tafel.de\/?p=515\",\"name\":\"Fr\u00f6hliche Weihnachten! F\u00fcr alle! - Home | Tafel Dorsten\",\"isPartOf\":{\"@id\":\"https:\/\/www.dorstener-tafel.de\/#website\"},\"primaryImageOfPage\":{\"@id\":\"https:\/\/www.dorstener-tafel.de\/?p=515#primaryimage\"},\"image\":{\"@id\":\"https:\/\/www.dorstener-tafel.de\/?p=515#primaryimage\"},\"thumbnailUrl\":\"http:\/\/www.kvg-dorsten.de\/dorstener-tafel\/wordpress\/wp-content\/uploads\/2015\/11\/DorstenerTafelWeihnachtsAufruf18_11_15_B-1200-1024x680.jpg\",\"datePublished\":\"2015-11-18T13:56:42+00:00\",\"dateModified\":\"2016-01-29T14:06:26+00:00\",\"author\":{\"@id\":\"https:\/\/www.dorstener-tafel.de\/#\/schema\/person\/c9a6797db5c21dbeb0851056380dcb01\"},\"breadcrumb\":{\"@id\":\"https:\/\/www.dorstener-tafel.de\/?p=515#breadcrumb\"},\"inLanguage\":\"de\",\"potentialAction\":[{\"@type\":\"ReadAction\",\"target\":[\"https:\/\/www.dorstener-tafel.de\/?p=515\"]}]},{\"@type\":\"ImageObject\",\"inLanguage\":\"de\",\"@id\":\"https:\/\/www.dorstener-tafel.de\/?p=515#primaryimage\",\"url\":\"http:\/\/www.kvg-dorsten.de\/dorstener-tafel\/wordpress\/wp-content\/uploads\/2015\/11\/DorstenerTafelWeihnachtsAufruf18_11_15_B-1200-1024x680.jpg\",\"contentUrl\":\"http:\/\/www.kvg-dorsten.de\/dorstener-tafel\/wordpress\/wp-content\/uploads\/2015\/11\/DorstenerTafelWeihnachtsAufruf18_11_15_B-1200-1024x680.jpg\"},{\"@type\":\"BreadcrumbList\",\"@id\":\"https:\/\/www.dorstener-tafel.de\/?p=515#breadcrumb\",\"itemListElement\":[{\"@type\":\"ListItem\",\"position\":1,\"name\":\"Home\",\"item\":\"https:\/\/www.dorstener-tafel.de\/\"},{\"@type\":\"ListItem\",\"position\":2,\"name\":\"Fr\u00f6hliche Weihnachten! F\u00fcr alle!\"}]},{\"@type\":\"WebSite\",\"@id\":\"https:\/\/www.dorstener-tafel.de\/#website\",\"url\":\"https:\/\/www.dorstener-tafel.de\/\",\"name\":\"Home | Tafel Dorsten\",\"description\":\"\",\"potentialAction\":[{\"@type\":\"SearchAction\",\"target\":{\"@type\":\"EntryPoint\",\"urlTemplate\":\"https:\/\/www.dorstener-tafel.de\/?s={search_term_string}\"},\"query-input\":{\"@type\":\"PropertyValueSpecification\",\"valueRequired\":true,\"valueName\":\"search_term_string\"}}],\"inLanguage\":\"de\"},{\"@type\":\"Person\",\"@id\":\"https:\/\/www.dorstener-tafel.de\/#\/schema\/person\/c9a6797db5c21dbeb0851056380dcb01\",\"name\":\"jotw\",\"image\":{\"@type\":\"ImageObject\",\"inLanguage\":\"de\",\"@id\":\"https:\/\/www.dorstener-tafel.de\/#\/schema\/person\/image\/\",\"url\":\"https:\/\/secure.gravatar.com\/avatar\/225c6088c3bfecfbb42a2a0d5c9556b6?s=96&d=retro&r=g\",\"contentUrl\":\"https:\/\/secure.gravatar.com\/avatar\/225c6088c3bfecfbb42a2a0d5c9556b6?s=96&d=retro&r=g\",\"caption\":\"jotw\"},\"url\":\"https:\/\/www.dorstener-tafel.de\/?author=1\"}]}<\/script>\n<!-- \/ Yoast SEO plugin. -->","yoast_head_json":{"title":"Fr\u00f6hliche Weihnachten! F\u00fcr alle! - Home | Tafel Dorsten","robots":{"index":"index","follow":"follow","max-snippet":"max-snippet:-1","max-image-preview":"max-image-preview:large","max-video-preview":"max-video-preview:-1"},"canonical":"https:\/\/www.dorstener-tafel.de\/?p=515","og_locale":"de_DE","og_type":"article","og_title":"Fr\u00f6hliche Weihnachten! F\u00fcr alle! - Home | Tafel Dorsten","og_description":"Start der Weihnachtsp\u00e4ckchen-Aktion Gemeinsam mit unserem Schirmherrn, B\u00fcrgermeister Tobias Stockhoff, startete heute die Weihnachtsaktion 2015 der Dorstener Tafel. Schon am [&hellip;]","og_url":"https:\/\/www.dorstener-tafel.de\/?p=515","og_site_name":"Home | Tafel Dorsten","article_publisher":"https:\/\/www.facebook.com\/Dorstener-Tafel-eV-710109832448127\/","article_published_time":"2015-11-18T13:56:42+00:00","article_modified_time":"2016-01-29T14:06:26+00:00","og_image":[{"url":"http:\/\/www.kvg-dorsten.de\/dorstener-tafel\/wordpress\/wp-content\/uploads\/2015\/11\/DorstenerTafelWeihnachtsAufruf18_11_15_B-1200-1024x680.jpg","type":"","width":"","height":""}],"author":"jotw","twitter_card":"summary_large_image","twitter_misc":{"Verfasst von":"jotw","Gesch\u00e4tzte Lesezeit":"2\u00a0Minuten"},"schema":{"@context":"https:\/\/schema.org","@graph":[{"@type":"Article","@id":"https:\/\/www.dorstener-tafel.de\/?p=515#article","isPartOf":{"@id":"https:\/\/www.dorstener-tafel.de\/?p=515"},"author":{"name":"jotw","@id":"https:\/\/www.dorstener-tafel.de\/#\/schema\/person\/c9a6797db5c21dbeb0851056380dcb01"},"headline":"Fr\u00f6hliche Weihnachten! F\u00fcr alle!","datePublished":"2015-11-18T13:56:42+00:00","dateModified":"2016-01-29T14:06:26+00:00","mainEntityOfPage":{"@id":"https:\/\/www.dorstener-tafel.de\/?p=515"},"wordCount":337,"commentCount":0,"image":{"@id":"https:\/\/www.dorstener-tafel.de\/?p=515#primaryimage"},"thumbnailUrl":"http:\/\/www.kvg-dorsten.de\/dorstener-tafel\/wordpress\/wp-content\/uploads\/2015\/11\/DorstenerTafelWeihnachtsAufruf18_11_15_B-1200-1024x680.jpg","keywords":["Aktion","P\u00e4ckchen","Weihnachten"],"articleSection":["Aktuelles"],"inLanguage":"de","potentialAction":[{"@type":"CommentAction","name":"Comment","target":["https:\/\/www.dorstener-tafel.de\/?p=515#respond"]}]},{"@type":"WebPage","@id":"https:\/\/www.dorstener-tafel.de\/?p=515","url":"https:\/\/www.dorstener-tafel.de\/?p=515","name":"Fr\u00f6hliche Weihnachten! F\u00fcr alle! - Home | Tafel Dorsten","isPartOf":{"@id":"https:\/\/www.dorstener-tafel.de\/#website"},"primaryImageOfPage":{"@id":"https:\/\/www.dorstener-tafel.de\/?p=515#primaryimage"},"image":{"@id":"https:\/\/www.dorstener-tafel.de\/?p=515#primaryimage"},"thumbnailUrl":"http:\/\/www.kvg-dorsten.de\/dorstener-tafel\/wordpress\/wp-content\/uploads\/2015\/11\/DorstenerTafelWeihnachtsAufruf18_11_15_B-1200-1024x680.jpg","datePublished":"2015-11-18T13:56:42+00:00","dateModified":"2016-01-29T14:06:26+00:00","author":{"@id":"https:\/\/www.dorstener-tafel.de\/#\/schema\/person\/c9a6797db5c21dbeb0851056380dcb01"},"breadcrumb":{"@id":"https:\/\/www.dorstener-tafel.de\/?p=515#breadcrumb"},"inLanguage":"de","potentialAction":[{"@type":"ReadAction","target":["https:\/\/www.dorstener-tafel.de\/?p=515"]}]},{"@type":"ImageObject","inLanguage":"de","@id":"https:\/\/www.dorstener-tafel.de\/?p=515#primaryimage","url":"http:\/\/www.kvg-dorsten.de\/dorstener-tafel\/wordpress\/wp-content\/uploads\/2015\/11\/DorstenerTafelWeihnachtsAufruf18_11_15_B-1200-1024x680.jpg","contentUrl":"http:\/\/www.kvg-dorsten.de\/dorstener-tafel\/wordpress\/wp-content\/uploads\/2015\/11\/DorstenerTafelWeihnachtsAufruf18_11_15_B-1200-1024x680.jpg"},{"@type":"BreadcrumbList","@id":"https:\/\/www.dorstener-tafel.de\/?p=515#breadcrumb","itemListElement":[{"@type":"ListItem","position":1,"name":"Home","item":"https:\/\/www.dorstener-tafel.de\/"},{"@type":"ListItem","position":2,"name":"Fr\u00f6hliche Weihnachten! F\u00fcr alle!"}]},{"@type":"WebSite","@id":"https:\/\/www.dorstener-tafel.de\/#website","url":"https:\/\/www.dorstener-tafel.de\/","name":"Home | Tafel Dorsten","description":"","potentialAction":[{"@type":"SearchAction","target":{"@type":"EntryPoint","urlTemplate":"https:\/\/www.dorstener-tafel.de\/?s={search_term_string}"},"query-input":{"@type":"PropertyValueSpecification","valueRequired":true,"valueName":"search_term_string"}}],"inLanguage":"de"},{"@type":"Person","@id":"https:\/\/www.dorstener-tafel.de\/#\/schema\/person\/c9a6797db5c21dbeb0851056380dcb01","name":"jotw","image":{"@type":"ImageObject","inLanguage":"de","@id":"https:\/\/www.dorstener-tafel.de\/#\/schema\/person\/image\/","url":"https:\/\/secure.gravatar.com\/avatar\/225c6088c3bfecfbb42a2a0d5c9556b6?s=96&d=retro&r=g","contentUrl":"https:\/\/secure.gravatar.com\/avatar\/225c6088c3bfecfbb42a2a0d5c9556b6?s=96&d=retro&r=g","caption":"jotw"},"url":"https:\/\/www.dorstener-tafel.de\/?author=1"}]}},"_links":{"self":[{"href":"https:\/\/www.dorstener-tafel.de\/index.php?rest_route=\/wp\/v2\/posts\/515","targetHints":{"allow":["GET"]}}],"collection":[{"href":"https:\/\/www.dorstener-tafel.de\/index.php?rest_route=\/wp\/v2\/posts"}],"about":[{"href":"https:\/\/www.dorstener-tafel.de\/index.php?rest_route=\/wp\/v2\/types\/post"}],"author":[{"embeddable":true,"href":"https:\/\/www.dorstener-tafel.de\/index.php?rest_route=\/wp\/v2\/users\/1"}],"replies":[{"embeddable":true,"href":"https:\/\/www.dorstener-tafel.de\/index.php?rest_route=%2Fwp%2Fv2%2Fcomments&post=515"}],"version-history":[{"count":4,"href":"https:\/\/www.dorstener-tafel.de\/index.php?rest_route=\/wp\/v2\/posts\/515\/revisions"}],"predecessor-version":[{"id":527,"href":"https:\/\/www.dorstener-tafel.de\/index.php?rest_route=\/wp\/v2\/posts\/515\/revisions\/527"}],"wp:attachment":[{"href":"https:\/\/www.dorstener-tafel.de\/index.php?rest_route=%2Fwp%2Fv2%2Fmedia&parent=515"}],"wp:term":[{"taxonomy":"category","embeddable":true,"href":"https:\/\/www.dorstener-tafel.de\/index.php?rest_route=%2Fwp%2Fv2%2Fcategories&post=515"},{"taxonomy":"post_tag","embeddable":true,"href":"https:\/\/www.dorstener-tafel.de\/index.php?rest_route=%2Fwp%2Fv2%2Ftags&post=515"}],"curies":[{"name":"wp","href":"https:\/\/api.w.org\/{rel}","templated":true}]}}