{"id":479,"date":"2015-10-19T15:55:26","date_gmt":"2015-10-19T13:55:26","guid":{"rendered":"http:\/\/www.dorstener-tafel.de\/?p=479"},"modified":"2016-02-14T01:19:33","modified_gmt":"2016-02-14T00:19:33","slug":"tafelarbeit-eine-gute-chance-fuer-humanitaeres-engagement-junger-menschen","status":"publish","type":"post","link":"https:\/\/www.dorstener-tafel.de\/?p=479","title":{"rendered":"Tafelarbeit &#8211; eine gute Chance f\u00fcr humanit\u00e4res Engagement junger Menschen"},"content":{"rendered":"<p><a href=\"http:\/\/www.kvg-dorsten.de\/dorstener-tafel\/wordpress\/wp-content\/uploads\/2015\/10\/Junge_Tafel_Poster_A3-1-12001.jpg\"><img loading=\"lazy\" decoding=\"async\" class=\"alignleft wp-image-482\" src=\"http:\/\/www.kvg-dorsten.de\/dorstener-tafel\/wordpress\/wp-content\/uploads\/2015\/10\/Junge_Tafel_Poster_A3-1-12001.jpg\" alt=\"Junge_Tafel_Poster_A3-1-1200\" width=\"956\" height=\"1200\" srcset=\"https:\/\/www.kvg-dorsten.de\/dorstener-tafel\/wordpress\/wp-content\/uploads\/2015\/10\/Junge_Tafel_Poster_A3-1-12001.jpg 1200w, https:\/\/www.kvg-dorsten.de\/dorstener-tafel\/wordpress\/wp-content\/uploads\/2015\/10\/Junge_Tafel_Poster_A3-1-12001-239x300.jpg 239w, https:\/\/www.kvg-dorsten.de\/dorstener-tafel\/wordpress\/wp-content\/uploads\/2015\/10\/Junge_Tafel_Poster_A3-1-12001-816x1024.jpg 816w\" sizes=\"auto, (max-width: 956px) 100vw, 956px\" \/><\/a><\/p>\n<div class=\"subnavi\">\n<p class=\"bodytext\"><b>Ich helf mit &#8211; und du?<\/b> | Mitmachen ist ganz einfach\u2026<\/p>\n<\/div>\n<p class=\"bodytext\">In Deutschland gibt es Essen im \u00dcberfluss, aber viele der hergestellten Lebensmittel landen im M\u00fcll, obwohl andere sie dringend brauchen. Das verschwendet au\u00dferdem Geld, Wasser, Rohstoffe und Arbeitskraft. Die Tafeln k\u00e4mpfen gegen diese Verschwendung.<\/p>\n<p class=\"bodytext\">Seit \u00fcber 20 Jahren k\u00fcmmern sich die Tafeln darum, dass Lebensmittel dort ankommen, wo sie hingeh\u00f6ren &#8211; n\u00e4mlich auf den Teller. Dazu kann jeder seinen Teil beitragen.\u00a0Bundesweit tun dies rund 60.000 ehrenamtliche Tafel-Helferinnen und -Helfer, einige davon bereits in jungen Jahren.<\/p>\n<p class=\"bodytext\">Neugierig geworden? Auch DU willst dich bei den Tafeln engagieren? Es gibt zahlreiche M\u00f6glichkeiten, wie du die Tafeln unterst\u00fctzen kannst. Ob t\u00e4glich, einmal die Woche oder einmal im Monat \u2013 wir\u00a0freuen sich \u00fcber deine Mitarbeit!<\/p>\n<p class=\"bodytext\"><strong><a href=\"http:\/\/www.dorstener-tafel.de\/?page_id=24\" target=\"_blank\">Spreche uns einfach an!<\/a><\/strong><\/p>\n","protected":false},"excerpt":{"rendered":"<p>Ich helf mit &#8211; und du? | Mitmachen ist ganz einfach\u2026 In Deutschland gibt es Essen im \u00dcberfluss, aber viele [&hellip;]<\/p>\n","protected":false},"author":1,"featured_media":0,"comment_status":"open","ping_status":"closed","sticky":false,"template":"","format":"standard","meta":{"footnotes":""},"categories":[1],"tags":[28,29,26,27],"class_list":["post-479","post","type-post","status-publish","format-standard","hentry","category-allgemein","tag-ehrenamt","tag-hilfe","tag-tafel","tag-ziele"],"yoast_head":"<!-- This site is optimized with the Yoast SEO plugin v26.8 - https:\/\/yoast.com\/product\/yoast-seo-wordpress\/ -->\n<title>Tafelarbeit - eine gute Chance f\u00fcr humanit\u00e4res Engagement junger Menschen - Home | Tafel Dorsten<\/title>\n<meta name=\"robots\" content=\"index, follow, max-snippet:-1, max-image-preview:large, max-video-preview:-1\" \/>\n<link rel=\"canonical\" href=\"https:\/\/www.dorstener-tafel.de\/?p=479\" \/>\n<meta property=\"og:locale\" content=\"de_DE\" \/>\n<meta property=\"og:type\" content=\"article\" \/>\n<meta property=\"og:title\" content=\"Tafelarbeit - eine gute Chance f\u00fcr humanit\u00e4res Engagement junger Menschen - Home | Tafel Dorsten\" \/>\n<meta property=\"og:description\" content=\"Ich helf mit &#8211; und du? | Mitmachen ist ganz einfach\u2026 In Deutschland gibt es Essen im \u00dcberfluss, aber viele [&hellip;]\" \/>\n<meta property=\"og:url\" content=\"https:\/\/www.dorstener-tafel.de\/?p=479\" \/>\n<meta property=\"og:site_name\" content=\"Home | Tafel Dorsten\" \/>\n<meta property=\"article:publisher\" content=\"https:\/\/www.facebook.com\/Dorstener-Tafel-eV-710109832448127\/\" \/>\n<meta property=\"article:published_time\" content=\"2015-10-19T13:55:26+00:00\" \/>\n<meta property=\"article:modified_time\" content=\"2016-02-14T00:19:33+00:00\" \/>\n<meta property=\"og:image\" content=\"http:\/\/www.kvg-dorsten.de\/dorstener-tafel\/wordpress\/wp-content\/uploads\/2015\/10\/Junge_Tafel_Poster_A3-1-12001.jpg\" \/>\n<meta name=\"author\" content=\"jotw\" \/>\n<meta name=\"twitter:card\" content=\"summary_large_image\" \/>\n<meta name=\"twitter:label1\" content=\"Verfasst von\" \/>\n\t<meta name=\"twitter:data1\" content=\"jotw\" \/>\n\t<meta name=\"twitter:label2\" content=\"Gesch\u00e4tzte Lesezeit\" \/>\n\t<meta name=\"twitter:data2\" content=\"1\u00a0Minute\" \/>\n<script type=\"application\/ld+json\" class=\"yoast-schema-graph\">{\"@context\":\"https:\/\/schema.org\",\"@graph\":[{\"@type\":\"Article\",\"@id\":\"https:\/\/www.dorstener-tafel.de\/?p=479#article\",\"isPartOf\":{\"@id\":\"https:\/\/www.dorstener-tafel.de\/?p=479\"},\"author\":{\"name\":\"jotw\",\"@id\":\"https:\/\/www.dorstener-tafel.de\/#\/schema\/person\/c9a6797db5c21dbeb0851056380dcb01\"},\"headline\":\"Tafelarbeit &#8211; eine gute Chance f\u00fcr humanit\u00e4res Engagement junger Menschen\",\"datePublished\":\"2015-10-19T13:55:26+00:00\",\"dateModified\":\"2016-02-14T00:19:33+00:00\",\"mainEntityOfPage\":{\"@id\":\"https:\/\/www.dorstener-tafel.de\/?p=479\"},\"wordCount\":144,\"commentCount\":0,\"image\":{\"@id\":\"https:\/\/www.dorstener-tafel.de\/?p=479#primaryimage\"},\"thumbnailUrl\":\"http:\/\/www.kvg-dorsten.de\/dorstener-tafel\/wordpress\/wp-content\/uploads\/2015\/10\/Junge_Tafel_Poster_A3-1-12001.jpg\",\"keywords\":[\"Ehrenamt\",\"Hilfe\",\"Tafel\",\"Ziele\"],\"articleSection\":[\"Aktuelles\"],\"inLanguage\":\"de\",\"potentialAction\":[{\"@type\":\"CommentAction\",\"name\":\"Comment\",\"target\":[\"https:\/\/www.dorstener-tafel.de\/?p=479#respond\"]}]},{\"@type\":\"WebPage\",\"@id\":\"https:\/\/www.dorstener-tafel.de\/?p=479\",\"url\":\"https:\/\/www.dorstener-tafel.de\/?p=479\",\"name\":\"Tafelarbeit - eine gute Chance f\u00fcr humanit\u00e4res Engagement junger Menschen - Home | Tafel Dorsten\",\"isPartOf\":{\"@id\":\"https:\/\/www.dorstener-tafel.de\/#website\"},\"primaryImageOfPage\":{\"@id\":\"https:\/\/www.dorstener-tafel.de\/?p=479#primaryimage\"},\"image\":{\"@id\":\"https:\/\/www.dorstener-tafel.de\/?p=479#primaryimage\"},\"thumbnailUrl\":\"http:\/\/www.kvg-dorsten.de\/dorstener-tafel\/wordpress\/wp-content\/uploads\/2015\/10\/Junge_Tafel_Poster_A3-1-12001.jpg\",\"datePublished\":\"2015-10-19T13:55:26+00:00\",\"dateModified\":\"2016-02-14T00:19:33+00:00\",\"author\":{\"@id\":\"https:\/\/www.dorstener-tafel.de\/#\/schema\/person\/c9a6797db5c21dbeb0851056380dcb01\"},\"breadcrumb\":{\"@id\":\"https:\/\/www.dorstener-tafel.de\/?p=479#breadcrumb\"},\"inLanguage\":\"de\",\"potentialAction\":[{\"@type\":\"ReadAction\",\"target\":[\"https:\/\/www.dorstener-tafel.de\/?p=479\"]}]},{\"@type\":\"ImageObject\",\"inLanguage\":\"de\",\"@id\":\"https:\/\/www.dorstener-tafel.de\/?p=479#primaryimage\",\"url\":\"http:\/\/www.kvg-dorsten.de\/dorstener-tafel\/wordpress\/wp-content\/uploads\/2015\/10\/Junge_Tafel_Poster_A3-1-12001.jpg\",\"contentUrl\":\"http:\/\/www.kvg-dorsten.de\/dorstener-tafel\/wordpress\/wp-content\/uploads\/2015\/10\/Junge_Tafel_Poster_A3-1-12001.jpg\"},{\"@type\":\"BreadcrumbList\",\"@id\":\"https:\/\/www.dorstener-tafel.de\/?p=479#breadcrumb\",\"itemListElement\":[{\"@type\":\"ListItem\",\"position\":1,\"name\":\"Home\",\"item\":\"https:\/\/www.dorstener-tafel.de\/\"},{\"@type\":\"ListItem\",\"position\":2,\"name\":\"Tafelarbeit &#8211; eine gute Chance f\u00fcr humanit\u00e4res Engagement junger Menschen\"}]},{\"@type\":\"WebSite\",\"@id\":\"https:\/\/www.dorstener-tafel.de\/#website\",\"url\":\"https:\/\/www.dorstener-tafel.de\/\",\"name\":\"Home | Tafel Dorsten\",\"description\":\"\",\"potentialAction\":[{\"@type\":\"SearchAction\",\"target\":{\"@type\":\"EntryPoint\",\"urlTemplate\":\"https:\/\/www.dorstener-tafel.de\/?s={search_term_string}\"},\"query-input\":{\"@type\":\"PropertyValueSpecification\",\"valueRequired\":true,\"valueName\":\"search_term_string\"}}],\"inLanguage\":\"de\"},{\"@type\":\"Person\",\"@id\":\"https:\/\/www.dorstener-tafel.de\/#\/schema\/person\/c9a6797db5c21dbeb0851056380dcb01\",\"name\":\"jotw\",\"image\":{\"@type\":\"ImageObject\",\"inLanguage\":\"de\",\"@id\":\"https:\/\/www.dorstener-tafel.de\/#\/schema\/person\/image\/\",\"url\":\"https:\/\/secure.gravatar.com\/avatar\/225c6088c3bfecfbb42a2a0d5c9556b6?s=96&d=retro&r=g\",\"contentUrl\":\"https:\/\/secure.gravatar.com\/avatar\/225c6088c3bfecfbb42a2a0d5c9556b6?s=96&d=retro&r=g\",\"caption\":\"jotw\"},\"url\":\"https:\/\/www.dorstener-tafel.de\/?author=1\"}]}<\/script>\n<!-- \/ Yoast SEO plugin. -->","yoast_head_json":{"title":"Tafelarbeit - eine gute Chance f\u00fcr humanit\u00e4res Engagement junger Menschen - Home | Tafel Dorsten","robots":{"index":"index","follow":"follow","max-snippet":"max-snippet:-1","max-image-preview":"max-image-preview:large","max-video-preview":"max-video-preview:-1"},"canonical":"https:\/\/www.dorstener-tafel.de\/?p=479","og_locale":"de_DE","og_type":"article","og_title":"Tafelarbeit - eine gute Chance f\u00fcr humanit\u00e4res Engagement junger Menschen - Home | Tafel Dorsten","og_description":"Ich helf mit &#8211; und du? | Mitmachen ist ganz einfach\u2026 In Deutschland gibt es Essen im \u00dcberfluss, aber viele [&hellip;]","og_url":"https:\/\/www.dorstener-tafel.de\/?p=479","og_site_name":"Home | Tafel Dorsten","article_publisher":"https:\/\/www.facebook.com\/Dorstener-Tafel-eV-710109832448127\/","article_published_time":"2015-10-19T13:55:26+00:00","article_modified_time":"2016-02-14T00:19:33+00:00","og_image":[{"url":"http:\/\/www.kvg-dorsten.de\/dorstener-tafel\/wordpress\/wp-content\/uploads\/2015\/10\/Junge_Tafel_Poster_A3-1-12001.jpg","type":"","width":"","height":""}],"author":"jotw","twitter_card":"summary_large_image","twitter_misc":{"Verfasst von":"jotw","Gesch\u00e4tzte Lesezeit":"1\u00a0Minute"},"schema":{"@context":"https:\/\/schema.org","@graph":[{"@type":"Article","@id":"https:\/\/www.dorstener-tafel.de\/?p=479#article","isPartOf":{"@id":"https:\/\/www.dorstener-tafel.de\/?p=479"},"author":{"name":"jotw","@id":"https:\/\/www.dorstener-tafel.de\/#\/schema\/person\/c9a6797db5c21dbeb0851056380dcb01"},"headline":"Tafelarbeit &#8211; eine gute Chance f\u00fcr humanit\u00e4res Engagement junger Menschen","datePublished":"2015-10-19T13:55:26+00:00","dateModified":"2016-02-14T00:19:33+00:00","mainEntityOfPage":{"@id":"https:\/\/www.dorstener-tafel.de\/?p=479"},"wordCount":144,"commentCount":0,"image":{"@id":"https:\/\/www.dorstener-tafel.de\/?p=479#primaryimage"},"thumbnailUrl":"http:\/\/www.kvg-dorsten.de\/dorstener-tafel\/wordpress\/wp-content\/uploads\/2015\/10\/Junge_Tafel_Poster_A3-1-12001.jpg","keywords":["Ehrenamt","Hilfe","Tafel","Ziele"],"articleSection":["Aktuelles"],"inLanguage":"de","potentialAction":[{"@type":"CommentAction","name":"Comment","target":["https:\/\/www.dorstener-tafel.de\/?p=479#respond"]}]},{"@type":"WebPage","@id":"https:\/\/www.dorstener-tafel.de\/?p=479","url":"https:\/\/www.dorstener-tafel.de\/?p=479","name":"Tafelarbeit - eine gute Chance f\u00fcr humanit\u00e4res Engagement junger Menschen - Home | Tafel Dorsten","isPartOf":{"@id":"https:\/\/www.dorstener-tafel.de\/#website"},"primaryImageOfPage":{"@id":"https:\/\/www.dorstener-tafel.de\/?p=479#primaryimage"},"image":{"@id":"https:\/\/www.dorstener-tafel.de\/?p=479#primaryimage"},"thumbnailUrl":"http:\/\/www.kvg-dorsten.de\/dorstener-tafel\/wordpress\/wp-content\/uploads\/2015\/10\/Junge_Tafel_Poster_A3-1-12001.jpg","datePublished":"2015-10-19T13:55:26+00:00","dateModified":"2016-02-14T00:19:33+00:00","author":{"@id":"https:\/\/www.dorstener-tafel.de\/#\/schema\/person\/c9a6797db5c21dbeb0851056380dcb01"},"breadcrumb":{"@id":"https:\/\/www.dorstener-tafel.de\/?p=479#breadcrumb"},"inLanguage":"de","potentialAction":[{"@type":"ReadAction","target":["https:\/\/www.dorstener-tafel.de\/?p=479"]}]},{"@type":"ImageObject","inLanguage":"de","@id":"https:\/\/www.dorstener-tafel.de\/?p=479#primaryimage","url":"http:\/\/www.kvg-dorsten.de\/dorstener-tafel\/wordpress\/wp-content\/uploads\/2015\/10\/Junge_Tafel_Poster_A3-1-12001.jpg","contentUrl":"http:\/\/www.kvg-dorsten.de\/dorstener-tafel\/wordpress\/wp-content\/uploads\/2015\/10\/Junge_Tafel_Poster_A3-1-12001.jpg"},{"@type":"BreadcrumbList","@id":"https:\/\/www.dorstener-tafel.de\/?p=479#breadcrumb","itemListElement":[{"@type":"ListItem","position":1,"name":"Home","item":"https:\/\/www.dorstener-tafel.de\/"},{"@type":"ListItem","position":2,"name":"Tafelarbeit &#8211; eine gute Chance f\u00fcr humanit\u00e4res Engagement junger Menschen"}]},{"@type":"WebSite","@id":"https:\/\/www.dorstener-tafel.de\/#website","url":"https:\/\/www.dorstener-tafel.de\/","name":"Home | Tafel Dorsten","description":"","potentialAction":[{"@type":"SearchAction","target":{"@type":"EntryPoint","urlTemplate":"https:\/\/www.dorstener-tafel.de\/?s={search_term_string}"},"query-input":{"@type":"PropertyValueSpecification","valueRequired":true,"valueName":"search_term_string"}}],"inLanguage":"de"},{"@type":"Person","@id":"https:\/\/www.dorstener-tafel.de\/#\/schema\/person\/c9a6797db5c21dbeb0851056380dcb01","name":"jotw","image":{"@type":"ImageObject","inLanguage":"de","@id":"https:\/\/www.dorstener-tafel.de\/#\/schema\/person\/image\/","url":"https:\/\/secure.gravatar.com\/avatar\/225c6088c3bfecfbb42a2a0d5c9556b6?s=96&d=retro&r=g","contentUrl":"https:\/\/secure.gravatar.com\/avatar\/225c6088c3bfecfbb42a2a0d5c9556b6?s=96&d=retro&r=g","caption":"jotw"},"url":"https:\/\/www.dorstener-tafel.de\/?author=1"}]}},"_links":{"self":[{"href":"https:\/\/www.dorstener-tafel.de\/index.php?rest_route=\/wp\/v2\/posts\/479","targetHints":{"allow":["GET"]}}],"collection":[{"href":"https:\/\/www.dorstener-tafel.de\/index.php?rest_route=\/wp\/v2\/posts"}],"about":[{"href":"https:\/\/www.dorstener-tafel.de\/index.php?rest_route=\/wp\/v2\/types\/post"}],"author":[{"embeddable":true,"href":"https:\/\/www.dorstener-tafel.de\/index.php?rest_route=\/wp\/v2\/users\/1"}],"replies":[{"embeddable":true,"href":"https:\/\/www.dorstener-tafel.de\/index.php?rest_route=%2Fwp%2Fv2%2Fcomments&post=479"}],"version-history":[{"count":4,"href":"https:\/\/www.dorstener-tafel.de\/index.php?rest_route=\/wp\/v2\/posts\/479\/revisions"}],"predecessor-version":[{"id":655,"href":"https:\/\/www.dorstener-tafel.de\/index.php?rest_route=\/wp\/v2\/posts\/479\/revisions\/655"}],"wp:attachment":[{"href":"https:\/\/www.dorstener-tafel.de\/index.php?rest_route=%2Fwp%2Fv2%2Fmedia&parent=479"}],"wp:term":[{"taxonomy":"category","embeddable":true,"href":"https:\/\/www.dorstener-tafel.de\/index.php?rest_route=%2Fwp%2Fv2%2Fcategories&post=479"},{"taxonomy":"post_tag","embeddable":true,"href":"https:\/\/www.dorstener-tafel.de\/index.php?rest_route=%2Fwp%2Fv2%2Ftags&post=479"}],"curies":[{"name":"wp","href":"https:\/\/api.w.org\/{rel}","templated":true}]}}