{"id":397,"date":"2006-02-15T19:19:39","date_gmt":"2006-02-15T18:19:39","guid":{"rendered":"http:\/\/www.dorstener-tafel.de\/?p=397"},"modified":"2015-09-23T19:20:55","modified_gmt":"2015-09-23T17:20:55","slug":"dorstener-tafel-eroeffnete-neue-raeume","status":"publish","type":"post","link":"https:\/\/www.dorstener-tafel.de\/?p=397","title":{"rendered":"Dorstener Tafel er\u00f6ffnete neue R\u00e4ume"},"content":{"rendered":"<p><a href=\"http:\/\/www.kvg-dorsten.de\/dorstener-tafel\/wordpress\/wp-content\/uploads\/2015\/09\/dz_head.gif\"><img loading=\"lazy\" decoding=\"async\" class=\"alignnone size-full wp-image-328\" src=\"http:\/\/www.kvg-dorsten.de\/dorstener-tafel\/wordpress\/wp-content\/uploads\/2015\/09\/dz_head.gif\" alt=\"dz_head\" width=\"334\" height=\"40\" \/><\/a><\/p>\n<p>Wulfen &#8211; Die Zeiten des Kellerkindes sind vorbei: Die Dorstener Tafel er\u00f6ffnete\u00a0gestern neue helle R\u00e4ume an der Dimker Allee 20.<\/p>\n<p><a href=\"http:\/\/www.kvg-dorsten.de\/dorstener-tafel\/wordpress\/wp-content\/uploads\/2015\/09\/Dorsten-Laden-1-egg1.jpg\" target=\"_blank\"><img loading=\"lazy\" decoding=\"async\" class=\"alignnone wp-image-398 size-full\" src=\"http:\/\/www.kvg-dorsten.de\/dorstener-tafel\/wordpress\/wp-content\/uploads\/2015\/09\/Dorsten-Laden-1-egg1.jpg\" alt=\"Dorsten-Laden-1-egg1\" width=\"354\" height=\"272\" srcset=\"https:\/\/www.kvg-dorsten.de\/dorstener-tafel\/wordpress\/wp-content\/uploads\/2015\/09\/Dorsten-Laden-1-egg1.jpg 354w, https:\/\/www.kvg-dorsten.de\/dorstener-tafel\/wordpress\/wp-content\/uploads\/2015\/09\/Dorsten-Laden-1-egg1-300x231.jpg 300w\" sizes=\"auto, (max-width: 354px) 100vw, 354px\" \/><\/a><\/p>\n<p>100 Quadratmeter Fl\u00e4che, die vom Caritasverband Dorsten angemietet wurden, stehen nun zur Verf\u00fcgung. Nebenan befindet sich noch die Sozialstation der Caritas. Doch mit dem geplanten Umzug nach Lembeck im September sollen weitere 100 Quadratmeter f\u00fcr K\u00fcche und Essraum der Tafel hinzukommen.<\/p>\n<p>Zweieinhalb Jahre war die Tafel im Keller der evangelischen Kirche in Wulfen untergebracht &#8211; ein Provisorium. Mit gro\u00dfem Elan wurde deshalb die Instandsetzung der R\u00e4umlichkeiten an der Dimker Allee in Angriff genommen.<br \/>\nDie erfolgreichen Verhandlungen bis zum Mietvertrag hatte Josef Vrenegor gef\u00fchrt. Die Dorstener Arbeit sorgte f\u00fcr den schnellen Umbau der R\u00e4ume. Bis zur letzten Minute halfen die rund 60 Ehrenamtlichen der Tafel beim Umzug mit.<\/p>\n<p><a href=\"http:\/\/www.kvg-dorsten.de\/dorstener-tafel\/wordpress\/wp-content\/uploads\/2015\/09\/Dorsten-Laden-2-egg2.jpg\" target=\"_blank\"><img loading=\"lazy\" decoding=\"async\" class=\"alignnone wp-image-399 size-full\" src=\"http:\/\/www.kvg-dorsten.de\/dorstener-tafel\/wordpress\/wp-content\/uploads\/2015\/09\/Dorsten-Laden-2-egg2.jpg\" alt=\"Dorsten-Laden-2-egg2\" width=\"354\" height=\"269\" srcset=\"https:\/\/www.kvg-dorsten.de\/dorstener-tafel\/wordpress\/wp-content\/uploads\/2015\/09\/Dorsten-Laden-2-egg2.jpg 354w, https:\/\/www.kvg-dorsten.de\/dorstener-tafel\/wordpress\/wp-content\/uploads\/2015\/09\/Dorsten-Laden-2-egg2-300x228.jpg 300w\" sizes=\"auto, (max-width: 354px) 100vw, 354px\" \/><\/a><\/p>\n<p><span style=\"font-family: Verdana, Tahoma, Arial, Helvetica, sans-serif, sans-serif;\">Jetzt kann auf der gro\u00dfz\u00fcgigeren Fl\u00e4che ein breiteres Warensortiment gelagert werden. Au\u00dferdem ist in einer gro\u00dfen K\u00fchlzelle mehr Platz f\u00fcr Joghurt &amp; Co. &#8222;F\u00fcr die Anlieferung der Waren ist die elektrische T\u00fcr ideal&#8220;,<br \/>\nfreute sich die ehrenamtliche Gesch\u00e4ftsf\u00fchrerin der Tafel, Hedwig Schnatmann.<\/span><\/p>\n<p>Der Kreis der Bed\u00fcrftigen, die regelm\u00e4\u00dfig im Tafelladen einkaufen, ist in den letzten Monaten stark gewachsen. Statt 100 wurden jetzt 300 Berechtigungskarten ausgegeben. &#8222;Damit versorgen wir etwa 900 Personen mit<br \/>\ng\u00fcnstigen Nahrungsmitteln. Viele Hartz IV-Empf\u00e4nger sind darunter&#8220;, erkl\u00e4rte Hedwig Schnatmann.<\/p>\n<p>B\u00fcrgermeister L\u00fctkenhorst, der gestern offiziell die Schirmherrschaft \u00fcber die Dorstener Tafel \u00fcbernahm, stellte das Projekt in einen gesamtgesellschaftlichen Zusammenhang. Er sei froh \u00fcber die Initiative, aber<br \/>\nauch traurig \u00fcber deren Notwendigkeit.<\/p>\n<p>Pfarrer Egbert Schlotmann w\u00fcrdigte die Dorstener Tafel als ein Zeichen christlicher N\u00e4chstenliebe. Er w\u00fcnschte sich: &#8222;Alle Menschen, die hier herein kommen, sollen es aufrecht tun k\u00f6nnen.&#8220;<\/p>\n<p>Mit dem evangelischen Pfarrer Daniel Eickmann-Gerland \u00fcberreichte Schlotmann ein Kreuz aus Nicaragua, das &#8222;als Zeichen der Liebe, die von Gott ausgeht und den Menschen zugewandt ist&#8220;, die R\u00e4ume schm\u00fccken soll. &#8211; siwi<\/p>\n<p><span style=\"font-family: Verdana, Tahoma, Arial, Helvetica, sans-serif, sans-serif;\">Mittwoch, 15. Februar 2006 | Quelle: Dorstener Zeitung, Fotos: (C) Eggert<\/span><\/p>\n<p>&nbsp;<\/p>\n","protected":false},"excerpt":{"rendered":"<p>Wulfen &#8211; Die Zeiten des Kellerkindes sind vorbei: Die Dorstener Tafel er\u00f6ffnete\u00a0gestern neue helle R\u00e4ume an der Dimker Allee 20. [&hellip;]<\/p>\n","protected":false},"author":1,"featured_media":0,"comment_status":"open","ping_status":"closed","sticky":false,"template":"","format":"standard","meta":{"footnotes":""},"categories":[1,4],"tags":[],"class_list":["post-397","post","type-post","status-publish","format-standard","hentry","category-allgemein","category-presse"],"yoast_head":"<!-- This site is optimized with the Yoast SEO plugin v26.8 - https:\/\/yoast.com\/product\/yoast-seo-wordpress\/ -->\n<title>Dorstener Tafel er\u00f6ffnete neue R\u00e4ume - Home | Tafel Dorsten<\/title>\n<meta name=\"robots\" content=\"index, follow, max-snippet:-1, max-image-preview:large, max-video-preview:-1\" \/>\n<link rel=\"canonical\" href=\"https:\/\/www.dorstener-tafel.de\/?p=397\" \/>\n<meta property=\"og:locale\" content=\"de_DE\" \/>\n<meta property=\"og:type\" content=\"article\" \/>\n<meta property=\"og:title\" content=\"Dorstener Tafel er\u00f6ffnete neue R\u00e4ume - Home | Tafel Dorsten\" \/>\n<meta property=\"og:description\" content=\"Wulfen &#8211; Die Zeiten des Kellerkindes sind vorbei: Die Dorstener Tafel er\u00f6ffnete\u00a0gestern neue helle R\u00e4ume an der Dimker Allee 20. [&hellip;]\" \/>\n<meta property=\"og:url\" content=\"https:\/\/www.dorstener-tafel.de\/?p=397\" \/>\n<meta property=\"og:site_name\" content=\"Home | Tafel Dorsten\" \/>\n<meta property=\"article:publisher\" content=\"https:\/\/www.facebook.com\/Dorstener-Tafel-eV-710109832448127\/\" \/>\n<meta property=\"article:published_time\" content=\"2006-02-15T18:19:39+00:00\" \/>\n<meta property=\"article:modified_time\" content=\"2015-09-23T17:20:55+00:00\" \/>\n<meta property=\"og:image\" content=\"http:\/\/www.kvg-dorsten.de\/dorstener-tafel\/wordpress\/wp-content\/uploads\/2015\/09\/dz_head.gif\" \/>\n<meta name=\"author\" content=\"jotw\" \/>\n<meta name=\"twitter:card\" content=\"summary_large_image\" \/>\n<meta name=\"twitter:label1\" content=\"Verfasst von\" \/>\n\t<meta name=\"twitter:data1\" content=\"jotw\" \/>\n\t<meta name=\"twitter:label2\" content=\"Gesch\u00e4tzte Lesezeit\" \/>\n\t<meta name=\"twitter:data2\" content=\"2\u00a0Minuten\" \/>\n<script type=\"application\/ld+json\" class=\"yoast-schema-graph\">{\"@context\":\"https:\/\/schema.org\",\"@graph\":[{\"@type\":\"Article\",\"@id\":\"https:\/\/www.dorstener-tafel.de\/?p=397#article\",\"isPartOf\":{\"@id\":\"https:\/\/www.dorstener-tafel.de\/?p=397\"},\"author\":{\"name\":\"jotw\",\"@id\":\"https:\/\/www.dorstener-tafel.de\/#\/schema\/person\/c9a6797db5c21dbeb0851056380dcb01\"},\"headline\":\"Dorstener Tafel er\u00f6ffnete neue R\u00e4ume\",\"datePublished\":\"2006-02-15T18:19:39+00:00\",\"dateModified\":\"2015-09-23T17:20:55+00:00\",\"mainEntityOfPage\":{\"@id\":\"https:\/\/www.dorstener-tafel.de\/?p=397\"},\"wordCount\":343,\"commentCount\":0,\"image\":{\"@id\":\"https:\/\/www.dorstener-tafel.de\/?p=397#primaryimage\"},\"thumbnailUrl\":\"http:\/\/www.kvg-dorsten.de\/dorstener-tafel\/wordpress\/wp-content\/uploads\/2015\/09\/dz_head.gif\",\"articleSection\":[\"Aktuelles\",\"Presse\"],\"inLanguage\":\"de\",\"potentialAction\":[{\"@type\":\"CommentAction\",\"name\":\"Comment\",\"target\":[\"https:\/\/www.dorstener-tafel.de\/?p=397#respond\"]}]},{\"@type\":\"WebPage\",\"@id\":\"https:\/\/www.dorstener-tafel.de\/?p=397\",\"url\":\"https:\/\/www.dorstener-tafel.de\/?p=397\",\"name\":\"Dorstener Tafel er\u00f6ffnete neue R\u00e4ume - Home | Tafel Dorsten\",\"isPartOf\":{\"@id\":\"https:\/\/www.dorstener-tafel.de\/#website\"},\"primaryImageOfPage\":{\"@id\":\"https:\/\/www.dorstener-tafel.de\/?p=397#primaryimage\"},\"image\":{\"@id\":\"https:\/\/www.dorstener-tafel.de\/?p=397#primaryimage\"},\"thumbnailUrl\":\"http:\/\/www.kvg-dorsten.de\/dorstener-tafel\/wordpress\/wp-content\/uploads\/2015\/09\/dz_head.gif\",\"datePublished\":\"2006-02-15T18:19:39+00:00\",\"dateModified\":\"2015-09-23T17:20:55+00:00\",\"author\":{\"@id\":\"https:\/\/www.dorstener-tafel.de\/#\/schema\/person\/c9a6797db5c21dbeb0851056380dcb01\"},\"breadcrumb\":{\"@id\":\"https:\/\/www.dorstener-tafel.de\/?p=397#breadcrumb\"},\"inLanguage\":\"de\",\"potentialAction\":[{\"@type\":\"ReadAction\",\"target\":[\"https:\/\/www.dorstener-tafel.de\/?p=397\"]}]},{\"@type\":\"ImageObject\",\"inLanguage\":\"de\",\"@id\":\"https:\/\/www.dorstener-tafel.de\/?p=397#primaryimage\",\"url\":\"http:\/\/www.kvg-dorsten.de\/dorstener-tafel\/wordpress\/wp-content\/uploads\/2015\/09\/dz_head.gif\",\"contentUrl\":\"http:\/\/www.kvg-dorsten.de\/dorstener-tafel\/wordpress\/wp-content\/uploads\/2015\/09\/dz_head.gif\"},{\"@type\":\"BreadcrumbList\",\"@id\":\"https:\/\/www.dorstener-tafel.de\/?p=397#breadcrumb\",\"itemListElement\":[{\"@type\":\"ListItem\",\"position\":1,\"name\":\"Home\",\"item\":\"https:\/\/www.dorstener-tafel.de\/\"},{\"@type\":\"ListItem\",\"position\":2,\"name\":\"Dorstener Tafel er\u00f6ffnete neue R\u00e4ume\"}]},{\"@type\":\"WebSite\",\"@id\":\"https:\/\/www.dorstener-tafel.de\/#website\",\"url\":\"https:\/\/www.dorstener-tafel.de\/\",\"name\":\"Home | Tafel Dorsten\",\"description\":\"\",\"potentialAction\":[{\"@type\":\"SearchAction\",\"target\":{\"@type\":\"EntryPoint\",\"urlTemplate\":\"https:\/\/www.dorstener-tafel.de\/?s={search_term_string}\"},\"query-input\":{\"@type\":\"PropertyValueSpecification\",\"valueRequired\":true,\"valueName\":\"search_term_string\"}}],\"inLanguage\":\"de\"},{\"@type\":\"Person\",\"@id\":\"https:\/\/www.dorstener-tafel.de\/#\/schema\/person\/c9a6797db5c21dbeb0851056380dcb01\",\"name\":\"jotw\",\"image\":{\"@type\":\"ImageObject\",\"inLanguage\":\"de\",\"@id\":\"https:\/\/www.dorstener-tafel.de\/#\/schema\/person\/image\/\",\"url\":\"https:\/\/secure.gravatar.com\/avatar\/225c6088c3bfecfbb42a2a0d5c9556b6?s=96&d=retro&r=g\",\"contentUrl\":\"https:\/\/secure.gravatar.com\/avatar\/225c6088c3bfecfbb42a2a0d5c9556b6?s=96&d=retro&r=g\",\"caption\":\"jotw\"},\"url\":\"https:\/\/www.dorstener-tafel.de\/?author=1\"}]}<\/script>\n<!-- \/ Yoast SEO plugin. -->","yoast_head_json":{"title":"Dorstener Tafel er\u00f6ffnete neue R\u00e4ume - Home | Tafel Dorsten","robots":{"index":"index","follow":"follow","max-snippet":"max-snippet:-1","max-image-preview":"max-image-preview:large","max-video-preview":"max-video-preview:-1"},"canonical":"https:\/\/www.dorstener-tafel.de\/?p=397","og_locale":"de_DE","og_type":"article","og_title":"Dorstener Tafel er\u00f6ffnete neue R\u00e4ume - Home | Tafel Dorsten","og_description":"Wulfen &#8211; Die Zeiten des Kellerkindes sind vorbei: Die Dorstener Tafel er\u00f6ffnete\u00a0gestern neue helle R\u00e4ume an der Dimker Allee 20. [&hellip;]","og_url":"https:\/\/www.dorstener-tafel.de\/?p=397","og_site_name":"Home | Tafel Dorsten","article_publisher":"https:\/\/www.facebook.com\/Dorstener-Tafel-eV-710109832448127\/","article_published_time":"2006-02-15T18:19:39+00:00","article_modified_time":"2015-09-23T17:20:55+00:00","og_image":[{"url":"http:\/\/www.kvg-dorsten.de\/dorstener-tafel\/wordpress\/wp-content\/uploads\/2015\/09\/dz_head.gif","type":"","width":"","height":""}],"author":"jotw","twitter_card":"summary_large_image","twitter_misc":{"Verfasst von":"jotw","Gesch\u00e4tzte Lesezeit":"2\u00a0Minuten"},"schema":{"@context":"https:\/\/schema.org","@graph":[{"@type":"Article","@id":"https:\/\/www.dorstener-tafel.de\/?p=397#article","isPartOf":{"@id":"https:\/\/www.dorstener-tafel.de\/?p=397"},"author":{"name":"jotw","@id":"https:\/\/www.dorstener-tafel.de\/#\/schema\/person\/c9a6797db5c21dbeb0851056380dcb01"},"headline":"Dorstener Tafel er\u00f6ffnete neue R\u00e4ume","datePublished":"2006-02-15T18:19:39+00:00","dateModified":"2015-09-23T17:20:55+00:00","mainEntityOfPage":{"@id":"https:\/\/www.dorstener-tafel.de\/?p=397"},"wordCount":343,"commentCount":0,"image":{"@id":"https:\/\/www.dorstener-tafel.de\/?p=397#primaryimage"},"thumbnailUrl":"http:\/\/www.kvg-dorsten.de\/dorstener-tafel\/wordpress\/wp-content\/uploads\/2015\/09\/dz_head.gif","articleSection":["Aktuelles","Presse"],"inLanguage":"de","potentialAction":[{"@type":"CommentAction","name":"Comment","target":["https:\/\/www.dorstener-tafel.de\/?p=397#respond"]}]},{"@type":"WebPage","@id":"https:\/\/www.dorstener-tafel.de\/?p=397","url":"https:\/\/www.dorstener-tafel.de\/?p=397","name":"Dorstener Tafel er\u00f6ffnete neue R\u00e4ume - Home | Tafel Dorsten","isPartOf":{"@id":"https:\/\/www.dorstener-tafel.de\/#website"},"primaryImageOfPage":{"@id":"https:\/\/www.dorstener-tafel.de\/?p=397#primaryimage"},"image":{"@id":"https:\/\/www.dorstener-tafel.de\/?p=397#primaryimage"},"thumbnailUrl":"http:\/\/www.kvg-dorsten.de\/dorstener-tafel\/wordpress\/wp-content\/uploads\/2015\/09\/dz_head.gif","datePublished":"2006-02-15T18:19:39+00:00","dateModified":"2015-09-23T17:20:55+00:00","author":{"@id":"https:\/\/www.dorstener-tafel.de\/#\/schema\/person\/c9a6797db5c21dbeb0851056380dcb01"},"breadcrumb":{"@id":"https:\/\/www.dorstener-tafel.de\/?p=397#breadcrumb"},"inLanguage":"de","potentialAction":[{"@type":"ReadAction","target":["https:\/\/www.dorstener-tafel.de\/?p=397"]}]},{"@type":"ImageObject","inLanguage":"de","@id":"https:\/\/www.dorstener-tafel.de\/?p=397#primaryimage","url":"http:\/\/www.kvg-dorsten.de\/dorstener-tafel\/wordpress\/wp-content\/uploads\/2015\/09\/dz_head.gif","contentUrl":"http:\/\/www.kvg-dorsten.de\/dorstener-tafel\/wordpress\/wp-content\/uploads\/2015\/09\/dz_head.gif"},{"@type":"BreadcrumbList","@id":"https:\/\/www.dorstener-tafel.de\/?p=397#breadcrumb","itemListElement":[{"@type":"ListItem","position":1,"name":"Home","item":"https:\/\/www.dorstener-tafel.de\/"},{"@type":"ListItem","position":2,"name":"Dorstener Tafel er\u00f6ffnete neue R\u00e4ume"}]},{"@type":"WebSite","@id":"https:\/\/www.dorstener-tafel.de\/#website","url":"https:\/\/www.dorstener-tafel.de\/","name":"Home | Tafel Dorsten","description":"","potentialAction":[{"@type":"SearchAction","target":{"@type":"EntryPoint","urlTemplate":"https:\/\/www.dorstener-tafel.de\/?s={search_term_string}"},"query-input":{"@type":"PropertyValueSpecification","valueRequired":true,"valueName":"search_term_string"}}],"inLanguage":"de"},{"@type":"Person","@id":"https:\/\/www.dorstener-tafel.de\/#\/schema\/person\/c9a6797db5c21dbeb0851056380dcb01","name":"jotw","image":{"@type":"ImageObject","inLanguage":"de","@id":"https:\/\/www.dorstener-tafel.de\/#\/schema\/person\/image\/","url":"https:\/\/secure.gravatar.com\/avatar\/225c6088c3bfecfbb42a2a0d5c9556b6?s=96&d=retro&r=g","contentUrl":"https:\/\/secure.gravatar.com\/avatar\/225c6088c3bfecfbb42a2a0d5c9556b6?s=96&d=retro&r=g","caption":"jotw"},"url":"https:\/\/www.dorstener-tafel.de\/?author=1"}]}},"_links":{"self":[{"href":"https:\/\/www.dorstener-tafel.de\/index.php?rest_route=\/wp\/v2\/posts\/397","targetHints":{"allow":["GET"]}}],"collection":[{"href":"https:\/\/www.dorstener-tafel.de\/index.php?rest_route=\/wp\/v2\/posts"}],"about":[{"href":"https:\/\/www.dorstener-tafel.de\/index.php?rest_route=\/wp\/v2\/types\/post"}],"author":[{"embeddable":true,"href":"https:\/\/www.dorstener-tafel.de\/index.php?rest_route=\/wp\/v2\/users\/1"}],"replies":[{"embeddable":true,"href":"https:\/\/www.dorstener-tafel.de\/index.php?rest_route=%2Fwp%2Fv2%2Fcomments&post=397"}],"version-history":[{"count":3,"href":"https:\/\/www.dorstener-tafel.de\/index.php?rest_route=\/wp\/v2\/posts\/397\/revisions"}],"predecessor-version":[{"id":402,"href":"https:\/\/www.dorstener-tafel.de\/index.php?rest_route=\/wp\/v2\/posts\/397\/revisions\/402"}],"wp:attachment":[{"href":"https:\/\/www.dorstener-tafel.de\/index.php?rest_route=%2Fwp%2Fv2%2Fmedia&parent=397"}],"wp:term":[{"taxonomy":"category","embeddable":true,"href":"https:\/\/www.dorstener-tafel.de\/index.php?rest_route=%2Fwp%2Fv2%2Fcategories&post=397"},{"taxonomy":"post_tag","embeddable":true,"href":"https:\/\/www.dorstener-tafel.de\/index.php?rest_route=%2Fwp%2Fv2%2Ftags&post=397"}],"curies":[{"name":"wp","href":"https:\/\/api.w.org\/{rel}","templated":true}]}}