{"id":378,"date":"2008-11-19T18:43:55","date_gmt":"2008-11-19T17:43:55","guid":{"rendered":"http:\/\/www.dorstener-tafel.de\/?p=378"},"modified":"2015-09-26T19:39:09","modified_gmt":"2015-09-26T17:39:09","slug":"dorstener-tafel-sammelt-pakete-fuer-beduerftige","status":"publish","type":"post","link":"https:\/\/www.dorstener-tafel.de\/?p=378","title":{"rendered":"Dorstener Tafel sammelt Pakete f\u00fcr Bed\u00fcrftige"},"content":{"rendered":"<p><a href=\"http:\/\/www.kvg-dorsten.de\/dorstener-tafel\/wordpress\/wp-content\/uploads\/2015\/09\/dz_head.gif\"><img loading=\"lazy\" decoding=\"async\" class=\"alignnone size-full wp-image-328\" src=\"http:\/\/www.kvg-dorsten.de\/dorstener-tafel\/wordpress\/wp-content\/uploads\/2015\/09\/dz_head.gif\" alt=\"dz_head\" width=\"334\" height=\"40\" \/><\/a><\/p>\n<p><strong>Dorstener Tafel sammelt Pakete f\u00fcr Bed\u00fcrftige\u00a0<\/strong><\/p>\n<p>Von R\u00fcdiger Eggert am 19. November 2008 17:31 Uhr<\/p>\n<p><b>WULFEN Frohe Weihnachten f\u00fcr alle! Damit auch tats\u00e4chlich m\u00f6glichst alle etwas bekommen, ruft die Dorstener Tafel jetzt auf, Geschenkpakete zu packen und sie in der Vorweihnachtszeit zu spenden.<\/b><\/p>\n<p>Am 18. Dezember sollen dann bed\u00fcrftige Menschen, Rentner, Obdachlose und Personen mit kleinen Einkommen in Dorsten beschert werden. Von der Dorstener Tafel werden derzeit ungef\u00e4hr 600 Personen in 280 Haushalten betreut.<\/p>\n<p>Der hiesige Vorsitzende Josef Vrenegor bittet die Dorstener, Pakete zu packen und an den verschiedenen Sammelstellen abzugeben. &#8222;Es kann alles in die Pakete, was haltbar ist, auch neuwertiges Spielzeug und etwas Weihnachtliches&#8220;, so Vrenegor. Nicht hinein geh\u00f6ren Alkohol, Zigaretten und verderbliche Ware. Abgegeben werden die Pakete offen, damit sie den Bed\u00fcrfnissen der Empf\u00e4nger angepasst werden k\u00f6nnen.<\/p>\n<p>Sammelstellen vom 25. November bis zum 17. Dezember sind: Stadt-Info, Dorstener Tafel, Dimker Allee 20, Kardinal-von-Galen-Schule, Johannes-Grundschule, Marler Stra\u00dfe, und die Pfarrb\u00fcros St. Urbanus, St. Laurentius, St. Bonifatius und St. Agatha.<\/p>\n","protected":false},"excerpt":{"rendered":"<p>Dorstener Tafel sammelt Pakete f\u00fcr Bed\u00fcrftige\u00a0 Von R\u00fcdiger Eggert am 19. November 2008 17:31 Uhr WULFEN Frohe Weihnachten f\u00fcr alle! [&hellip;]<\/p>\n","protected":false},"author":1,"featured_media":0,"comment_status":"open","ping_status":"closed","sticky":false,"template":"","format":"standard","meta":{"footnotes":""},"categories":[4],"tags":[],"class_list":["post-378","post","type-post","status-publish","format-standard","hentry","category-presse"],"yoast_head":"<!-- This site is optimized with the Yoast SEO plugin v26.8 - https:\/\/yoast.com\/product\/yoast-seo-wordpress\/ -->\n<title>Dorstener Tafel sammelt Pakete f\u00fcr Bed\u00fcrftige - Home | Tafel Dorsten<\/title>\n<meta name=\"robots\" content=\"index, follow, max-snippet:-1, max-image-preview:large, max-video-preview:-1\" \/>\n<link rel=\"canonical\" href=\"https:\/\/www.dorstener-tafel.de\/?p=378\" \/>\n<meta property=\"og:locale\" content=\"de_DE\" \/>\n<meta property=\"og:type\" content=\"article\" \/>\n<meta property=\"og:title\" content=\"Dorstener Tafel sammelt Pakete f\u00fcr Bed\u00fcrftige - Home | Tafel Dorsten\" \/>\n<meta property=\"og:description\" content=\"Dorstener Tafel sammelt Pakete f\u00fcr Bed\u00fcrftige\u00a0 Von R\u00fcdiger Eggert am 19. November 2008 17:31 Uhr WULFEN Frohe Weihnachten f\u00fcr alle! [&hellip;]\" \/>\n<meta property=\"og:url\" content=\"https:\/\/www.dorstener-tafel.de\/?p=378\" \/>\n<meta property=\"og:site_name\" content=\"Home | Tafel Dorsten\" \/>\n<meta property=\"article:publisher\" content=\"https:\/\/www.facebook.com\/Dorstener-Tafel-eV-710109832448127\/\" \/>\n<meta property=\"article:published_time\" content=\"2008-11-19T17:43:55+00:00\" \/>\n<meta property=\"article:modified_time\" content=\"2015-09-26T17:39:09+00:00\" \/>\n<meta property=\"og:image\" content=\"http:\/\/www.kvg-dorsten.de\/dorstener-tafel\/wordpress\/wp-content\/uploads\/2015\/09\/dz_head.gif\" \/>\n<meta name=\"author\" content=\"jotw\" \/>\n<meta name=\"twitter:card\" content=\"summary_large_image\" \/>\n<meta name=\"twitter:label1\" content=\"Verfasst von\" \/>\n\t<meta name=\"twitter:data1\" content=\"jotw\" \/>\n\t<meta name=\"twitter:label2\" content=\"Gesch\u00e4tzte Lesezeit\" \/>\n\t<meta name=\"twitter:data2\" content=\"1\u00a0Minute\" \/>\n<script type=\"application\/ld+json\" class=\"yoast-schema-graph\">{\"@context\":\"https:\/\/schema.org\",\"@graph\":[{\"@type\":\"Article\",\"@id\":\"https:\/\/www.dorstener-tafel.de\/?p=378#article\",\"isPartOf\":{\"@id\":\"https:\/\/www.dorstener-tafel.de\/?p=378\"},\"author\":{\"name\":\"jotw\",\"@id\":\"https:\/\/www.dorstener-tafel.de\/#\/schema\/person\/c9a6797db5c21dbeb0851056380dcb01\"},\"headline\":\"Dorstener Tafel sammelt Pakete f\u00fcr Bed\u00fcrftige\",\"datePublished\":\"2008-11-19T17:43:55+00:00\",\"dateModified\":\"2015-09-26T17:39:09+00:00\",\"mainEntityOfPage\":{\"@id\":\"https:\/\/www.dorstener-tafel.de\/?p=378\"},\"wordCount\":174,\"commentCount\":0,\"image\":{\"@id\":\"https:\/\/www.dorstener-tafel.de\/?p=378#primaryimage\"},\"thumbnailUrl\":\"http:\/\/www.kvg-dorsten.de\/dorstener-tafel\/wordpress\/wp-content\/uploads\/2015\/09\/dz_head.gif\",\"articleSection\":[\"Presse\"],\"inLanguage\":\"de\",\"potentialAction\":[{\"@type\":\"CommentAction\",\"name\":\"Comment\",\"target\":[\"https:\/\/www.dorstener-tafel.de\/?p=378#respond\"]}]},{\"@type\":\"WebPage\",\"@id\":\"https:\/\/www.dorstener-tafel.de\/?p=378\",\"url\":\"https:\/\/www.dorstener-tafel.de\/?p=378\",\"name\":\"Dorstener Tafel sammelt Pakete f\u00fcr Bed\u00fcrftige - Home | Tafel Dorsten\",\"isPartOf\":{\"@id\":\"https:\/\/www.dorstener-tafel.de\/#website\"},\"primaryImageOfPage\":{\"@id\":\"https:\/\/www.dorstener-tafel.de\/?p=378#primaryimage\"},\"image\":{\"@id\":\"https:\/\/www.dorstener-tafel.de\/?p=378#primaryimage\"},\"thumbnailUrl\":\"http:\/\/www.kvg-dorsten.de\/dorstener-tafel\/wordpress\/wp-content\/uploads\/2015\/09\/dz_head.gif\",\"datePublished\":\"2008-11-19T17:43:55+00:00\",\"dateModified\":\"2015-09-26T17:39:09+00:00\",\"author\":{\"@id\":\"https:\/\/www.dorstener-tafel.de\/#\/schema\/person\/c9a6797db5c21dbeb0851056380dcb01\"},\"breadcrumb\":{\"@id\":\"https:\/\/www.dorstener-tafel.de\/?p=378#breadcrumb\"},\"inLanguage\":\"de\",\"potentialAction\":[{\"@type\":\"ReadAction\",\"target\":[\"https:\/\/www.dorstener-tafel.de\/?p=378\"]}]},{\"@type\":\"ImageObject\",\"inLanguage\":\"de\",\"@id\":\"https:\/\/www.dorstener-tafel.de\/?p=378#primaryimage\",\"url\":\"http:\/\/www.kvg-dorsten.de\/dorstener-tafel\/wordpress\/wp-content\/uploads\/2015\/09\/dz_head.gif\",\"contentUrl\":\"http:\/\/www.kvg-dorsten.de\/dorstener-tafel\/wordpress\/wp-content\/uploads\/2015\/09\/dz_head.gif\"},{\"@type\":\"BreadcrumbList\",\"@id\":\"https:\/\/www.dorstener-tafel.de\/?p=378#breadcrumb\",\"itemListElement\":[{\"@type\":\"ListItem\",\"position\":1,\"name\":\"Home\",\"item\":\"https:\/\/www.dorstener-tafel.de\/\"},{\"@type\":\"ListItem\",\"position\":2,\"name\":\"Dorstener Tafel sammelt Pakete f\u00fcr Bed\u00fcrftige\"}]},{\"@type\":\"WebSite\",\"@id\":\"https:\/\/www.dorstener-tafel.de\/#website\",\"url\":\"https:\/\/www.dorstener-tafel.de\/\",\"name\":\"Home | Tafel Dorsten\",\"description\":\"\",\"potentialAction\":[{\"@type\":\"SearchAction\",\"target\":{\"@type\":\"EntryPoint\",\"urlTemplate\":\"https:\/\/www.dorstener-tafel.de\/?s={search_term_string}\"},\"query-input\":{\"@type\":\"PropertyValueSpecification\",\"valueRequired\":true,\"valueName\":\"search_term_string\"}}],\"inLanguage\":\"de\"},{\"@type\":\"Person\",\"@id\":\"https:\/\/www.dorstener-tafel.de\/#\/schema\/person\/c9a6797db5c21dbeb0851056380dcb01\",\"name\":\"jotw\",\"image\":{\"@type\":\"ImageObject\",\"inLanguage\":\"de\",\"@id\":\"https:\/\/www.dorstener-tafel.de\/#\/schema\/person\/image\/\",\"url\":\"https:\/\/secure.gravatar.com\/avatar\/225c6088c3bfecfbb42a2a0d5c9556b6?s=96&d=retro&r=g\",\"contentUrl\":\"https:\/\/secure.gravatar.com\/avatar\/225c6088c3bfecfbb42a2a0d5c9556b6?s=96&d=retro&r=g\",\"caption\":\"jotw\"},\"url\":\"https:\/\/www.dorstener-tafel.de\/?author=1\"}]}<\/script>\n<!-- \/ Yoast SEO plugin. -->","yoast_head_json":{"title":"Dorstener Tafel sammelt Pakete f\u00fcr Bed\u00fcrftige - Home | Tafel Dorsten","robots":{"index":"index","follow":"follow","max-snippet":"max-snippet:-1","max-image-preview":"max-image-preview:large","max-video-preview":"max-video-preview:-1"},"canonical":"https:\/\/www.dorstener-tafel.de\/?p=378","og_locale":"de_DE","og_type":"article","og_title":"Dorstener Tafel sammelt Pakete f\u00fcr Bed\u00fcrftige - Home | Tafel Dorsten","og_description":"Dorstener Tafel sammelt Pakete f\u00fcr Bed\u00fcrftige\u00a0 Von R\u00fcdiger Eggert am 19. November 2008 17:31 Uhr WULFEN Frohe Weihnachten f\u00fcr alle! [&hellip;]","og_url":"https:\/\/www.dorstener-tafel.de\/?p=378","og_site_name":"Home | Tafel Dorsten","article_publisher":"https:\/\/www.facebook.com\/Dorstener-Tafel-eV-710109832448127\/","article_published_time":"2008-11-19T17:43:55+00:00","article_modified_time":"2015-09-26T17:39:09+00:00","og_image":[{"url":"http:\/\/www.kvg-dorsten.de\/dorstener-tafel\/wordpress\/wp-content\/uploads\/2015\/09\/dz_head.gif","type":"","width":"","height":""}],"author":"jotw","twitter_card":"summary_large_image","twitter_misc":{"Verfasst von":"jotw","Gesch\u00e4tzte Lesezeit":"1\u00a0Minute"},"schema":{"@context":"https:\/\/schema.org","@graph":[{"@type":"Article","@id":"https:\/\/www.dorstener-tafel.de\/?p=378#article","isPartOf":{"@id":"https:\/\/www.dorstener-tafel.de\/?p=378"},"author":{"name":"jotw","@id":"https:\/\/www.dorstener-tafel.de\/#\/schema\/person\/c9a6797db5c21dbeb0851056380dcb01"},"headline":"Dorstener Tafel sammelt Pakete f\u00fcr Bed\u00fcrftige","datePublished":"2008-11-19T17:43:55+00:00","dateModified":"2015-09-26T17:39:09+00:00","mainEntityOfPage":{"@id":"https:\/\/www.dorstener-tafel.de\/?p=378"},"wordCount":174,"commentCount":0,"image":{"@id":"https:\/\/www.dorstener-tafel.de\/?p=378#primaryimage"},"thumbnailUrl":"http:\/\/www.kvg-dorsten.de\/dorstener-tafel\/wordpress\/wp-content\/uploads\/2015\/09\/dz_head.gif","articleSection":["Presse"],"inLanguage":"de","potentialAction":[{"@type":"CommentAction","name":"Comment","target":["https:\/\/www.dorstener-tafel.de\/?p=378#respond"]}]},{"@type":"WebPage","@id":"https:\/\/www.dorstener-tafel.de\/?p=378","url":"https:\/\/www.dorstener-tafel.de\/?p=378","name":"Dorstener Tafel sammelt Pakete f\u00fcr Bed\u00fcrftige - Home | Tafel Dorsten","isPartOf":{"@id":"https:\/\/www.dorstener-tafel.de\/#website"},"primaryImageOfPage":{"@id":"https:\/\/www.dorstener-tafel.de\/?p=378#primaryimage"},"image":{"@id":"https:\/\/www.dorstener-tafel.de\/?p=378#primaryimage"},"thumbnailUrl":"http:\/\/www.kvg-dorsten.de\/dorstener-tafel\/wordpress\/wp-content\/uploads\/2015\/09\/dz_head.gif","datePublished":"2008-11-19T17:43:55+00:00","dateModified":"2015-09-26T17:39:09+00:00","author":{"@id":"https:\/\/www.dorstener-tafel.de\/#\/schema\/person\/c9a6797db5c21dbeb0851056380dcb01"},"breadcrumb":{"@id":"https:\/\/www.dorstener-tafel.de\/?p=378#breadcrumb"},"inLanguage":"de","potentialAction":[{"@type":"ReadAction","target":["https:\/\/www.dorstener-tafel.de\/?p=378"]}]},{"@type":"ImageObject","inLanguage":"de","@id":"https:\/\/www.dorstener-tafel.de\/?p=378#primaryimage","url":"http:\/\/www.kvg-dorsten.de\/dorstener-tafel\/wordpress\/wp-content\/uploads\/2015\/09\/dz_head.gif","contentUrl":"http:\/\/www.kvg-dorsten.de\/dorstener-tafel\/wordpress\/wp-content\/uploads\/2015\/09\/dz_head.gif"},{"@type":"BreadcrumbList","@id":"https:\/\/www.dorstener-tafel.de\/?p=378#breadcrumb","itemListElement":[{"@type":"ListItem","position":1,"name":"Home","item":"https:\/\/www.dorstener-tafel.de\/"},{"@type":"ListItem","position":2,"name":"Dorstener Tafel sammelt Pakete f\u00fcr Bed\u00fcrftige"}]},{"@type":"WebSite","@id":"https:\/\/www.dorstener-tafel.de\/#website","url":"https:\/\/www.dorstener-tafel.de\/","name":"Home | Tafel Dorsten","description":"","potentialAction":[{"@type":"SearchAction","target":{"@type":"EntryPoint","urlTemplate":"https:\/\/www.dorstener-tafel.de\/?s={search_term_string}"},"query-input":{"@type":"PropertyValueSpecification","valueRequired":true,"valueName":"search_term_string"}}],"inLanguage":"de"},{"@type":"Person","@id":"https:\/\/www.dorstener-tafel.de\/#\/schema\/person\/c9a6797db5c21dbeb0851056380dcb01","name":"jotw","image":{"@type":"ImageObject","inLanguage":"de","@id":"https:\/\/www.dorstener-tafel.de\/#\/schema\/person\/image\/","url":"https:\/\/secure.gravatar.com\/avatar\/225c6088c3bfecfbb42a2a0d5c9556b6?s=96&d=retro&r=g","contentUrl":"https:\/\/secure.gravatar.com\/avatar\/225c6088c3bfecfbb42a2a0d5c9556b6?s=96&d=retro&r=g","caption":"jotw"},"url":"https:\/\/www.dorstener-tafel.de\/?author=1"}]}},"_links":{"self":[{"href":"https:\/\/www.dorstener-tafel.de\/index.php?rest_route=\/wp\/v2\/posts\/378","targetHints":{"allow":["GET"]}}],"collection":[{"href":"https:\/\/www.dorstener-tafel.de\/index.php?rest_route=\/wp\/v2\/posts"}],"about":[{"href":"https:\/\/www.dorstener-tafel.de\/index.php?rest_route=\/wp\/v2\/types\/post"}],"author":[{"embeddable":true,"href":"https:\/\/www.dorstener-tafel.de\/index.php?rest_route=\/wp\/v2\/users\/1"}],"replies":[{"embeddable":true,"href":"https:\/\/www.dorstener-tafel.de\/index.php?rest_route=%2Fwp%2Fv2%2Fcomments&post=378"}],"version-history":[{"count":1,"href":"https:\/\/www.dorstener-tafel.de\/index.php?rest_route=\/wp\/v2\/posts\/378\/revisions"}],"predecessor-version":[{"id":379,"href":"https:\/\/www.dorstener-tafel.de\/index.php?rest_route=\/wp\/v2\/posts\/378\/revisions\/379"}],"wp:attachment":[{"href":"https:\/\/www.dorstener-tafel.de\/index.php?rest_route=%2Fwp%2Fv2%2Fmedia&parent=378"}],"wp:term":[{"taxonomy":"category","embeddable":true,"href":"https:\/\/www.dorstener-tafel.de\/index.php?rest_route=%2Fwp%2Fv2%2Fcategories&post=378"},{"taxonomy":"post_tag","embeddable":true,"href":"https:\/\/www.dorstener-tafel.de\/index.php?rest_route=%2Fwp%2Fv2%2Ftags&post=378"}],"curies":[{"name":"wp","href":"https:\/\/api.w.org\/{rel}","templated":true}]}}