{"id":372,"date":"2008-10-14T15:49:09","date_gmt":"2008-10-14T13:49:09","guid":{"rendered":"http:\/\/www.dorstener-tafel.de\/?p=372"},"modified":"2015-09-23T15:54:49","modified_gmt":"2015-09-23T13:54:49","slug":"dorstener-laden-grosse-auswahl-zum-kleinen-preis","status":"publish","type":"post","link":"https:\/\/www.dorstener-tafel.de\/?p=372","title":{"rendered":"Dorstener Laden: Gro\u00dfe Auswahl zum kleinen Preis"},"content":{"rendered":"<p><strong>Dorstener Laden: Gro\u00dfe Auswahl zum kleinen Preis<\/strong><\/p>\n<p>Von Michael Klein am 14. Oktober 2008 17:24 Uhr<\/p>\n<p><b>WULFEN Zwischen 90 und 100 Bed\u00fcrftige sind es, die jeden Dienstag und Freitag bei der Dorstener Tafel einkaufen. &#8222;Damit sorgen wir daf\u00fcr, dass 800 Menschen in Dorsten g\u00fcnstige Lebensmittel bekommen&#8220;, sagt Hedwig Schnatmann, die zweite Vorsitzende des Dorstener Ladens. F\u00fcnf Jahre besteht die Einrichtung inzwischen. <\/b><\/p>\n<p>Anfangs als Initiative der evangelischen Kirche gestartet, hatte sich der Dorstener Laden sp\u00e4ter als gemeinn\u00fctziger Verein strukturiert, erz\u00e4hlt Vorsitzender Josef Vrenegor: &#8222;Aus dem christlichen Selbstverst\u00e4ndnis heraus, dass man Lebensmittel nicht wegwerfen sollte, wenn es Menschen gibt, die hungern.&#8220;<\/p>\n<figure id=\"attachment_373\" aria-describedby=\"caption-attachment-373\" style=\"width: 200px\" class=\"wp-caption alignnone\"><a href=\"http:\/\/www.kvg-dorsten.de\/dorstener-tafel\/wordpress\/wp-content\/uploads\/2015\/09\/591638_m0t1w200h200q75v43988.jpg\" target=\"_blank\"><img loading=\"lazy\" decoding=\"async\" class=\"wp-image-373 size-full\" src=\"http:\/\/www.kvg-dorsten.de\/dorstener-tafel\/wordpress\/wp-content\/uploads\/2015\/09\/591638_m0t1w200h200q75v43988.jpg\" alt=\"591638_m0t1w200h200q75v43988\" width=\"200\" height=\"187\" \/><\/a><figcaption id=\"caption-attachment-373\" class=\"wp-caption-text\">Feiern das f\u00fcnfj\u00e4hrige Bestehen des Dorstener Ladens: Die beiden Vorsitzenden, Josef Vrenegor und Hedwig Schnatmann, sowie Inge Ruhm und Hugo Bechter. Foto: Michael Klein<\/figcaption><\/figure>\n<p><strong>Viele Spenden<\/strong><\/p>\n<p>24 Gesch\u00e4fte, gro\u00dfe wie Lidl, Penny, Plus und Rewe ebenso wie kleinere L\u00e4den, geben ihre Waren ab an die Mitarbeiter des Dorstener Ladens an der Dimker Allee 20. Brot, Konserven, K\u00e4se, Milchprodukte lagern in den Regalen, in K\u00fchlschr\u00e4nken und Gefriertruhen. Und auch wieder Obst und Gem\u00fcse. &#8222;Da hatten wir leider im Sommer nur wenig von im Angebot&#8220;, sagt Mitarbeiterin Inge Ruhm.<\/p>\n<p>Zw\u00f6lf Fahrer und Beifahrer sind t\u00e4glich im Einsatz, um die Waren in den Gesch\u00e4ften in Wulfen, Dorsten, Lembeck, Rhade und Schermbeck abzuholen. 21 weitere Mitarbeiter sorgen daf\u00fcr, dass die Lebensmittel einsortiert, umverpackt und ausgezeichnet werden. Zehn Verk\u00e4ufer stehen dann abwechselnd dienstags und freitags von 15 Uhr bis 17.30 Uhr im Laden. &#8222;Das ist ganz sch\u00f6n stressig&#8220;, sagen Hedwig Schnatmann und Inge Ruhm.<\/p>\n<p><strong>Einmal pro Woche einkaufen<\/strong><\/p>\n<p>Zehn Prozent des normalen Verkaufspreises kosten die Angebote. &#8222;Wir wollten die Lebensmittel nicht umsonst verteilen, um deutlich zu machen, dass sie einen Wert besitzen&#8220;, so Josef Vrenegor. \u00dcbrigens: Jede Berechtigter darf nur einmal die Woche einkaufen: &#8222;So viele Waren bekommen wir nicht geliefert, als dass sie jedes Mal f\u00fcr alle reichen.&#8220;<\/p>\n<p>Zum 5. Geburtstag werden alle Sponsoren, ehrenamtlichen Mitarbeiter und Interessierten zum Tag der offenen T\u00fcr am Samstag (18.) von 14 Uhr und 18 Uhr eingeladen. \u00dcbrigens: Wer beim Verkauf mithelfen m\u00f6chte oder ebenfalls Lebensmittel spenden m\u00f6chte, ist dort gerne gesehen.<\/p>\n","protected":false},"excerpt":{"rendered":"<p>Dorstener Laden: Gro\u00dfe Auswahl zum kleinen Preis Von Michael Klein am 14. Oktober 2008 17:24 Uhr WULFEN Zwischen 90 und [&hellip;]<\/p>\n","protected":false},"author":1,"featured_media":0,"comment_status":"open","ping_status":"closed","sticky":false,"template":"","format":"standard","meta":{"footnotes":""},"categories":[4],"tags":[],"class_list":["post-372","post","type-post","status-publish","format-standard","hentry","category-presse"],"yoast_head":"<!-- This site is optimized with the Yoast SEO plugin v26.8 - https:\/\/yoast.com\/product\/yoast-seo-wordpress\/ -->\n<title>Dorstener Laden: Gro\u00dfe Auswahl zum kleinen Preis - Home | Tafel Dorsten<\/title>\n<meta name=\"robots\" content=\"index, follow, max-snippet:-1, max-image-preview:large, max-video-preview:-1\" \/>\n<link rel=\"canonical\" href=\"https:\/\/www.dorstener-tafel.de\/?p=372\" \/>\n<meta property=\"og:locale\" content=\"de_DE\" \/>\n<meta property=\"og:type\" content=\"article\" \/>\n<meta property=\"og:title\" content=\"Dorstener Laden: Gro\u00dfe Auswahl zum kleinen Preis - Home | Tafel Dorsten\" \/>\n<meta property=\"og:description\" content=\"Dorstener Laden: Gro\u00dfe Auswahl zum kleinen Preis Von Michael Klein am 14. Oktober 2008 17:24 Uhr WULFEN Zwischen 90 und [&hellip;]\" \/>\n<meta property=\"og:url\" content=\"https:\/\/www.dorstener-tafel.de\/?p=372\" \/>\n<meta property=\"og:site_name\" content=\"Home | Tafel Dorsten\" \/>\n<meta property=\"article:publisher\" content=\"https:\/\/www.facebook.com\/Dorstener-Tafel-eV-710109832448127\/\" \/>\n<meta property=\"article:published_time\" content=\"2008-10-14T13:49:09+00:00\" \/>\n<meta property=\"article:modified_time\" content=\"2015-09-23T13:54:49+00:00\" \/>\n<meta property=\"og:image\" content=\"http:\/\/www.kvg-dorsten.de\/dorstener-tafel\/wordpress\/wp-content\/uploads\/2015\/09\/591638_m0t1w200h200q75v43988.jpg\" \/>\n<meta name=\"author\" content=\"jotw\" \/>\n<meta name=\"twitter:card\" content=\"summary_large_image\" \/>\n<meta name=\"twitter:label1\" content=\"Verfasst von\" \/>\n\t<meta name=\"twitter:data1\" content=\"jotw\" \/>\n\t<meta name=\"twitter:label2\" content=\"Gesch\u00e4tzte Lesezeit\" \/>\n\t<meta name=\"twitter:data2\" content=\"2\u00a0Minuten\" \/>\n<script type=\"application\/ld+json\" class=\"yoast-schema-graph\">{\"@context\":\"https:\/\/schema.org\",\"@graph\":[{\"@type\":\"Article\",\"@id\":\"https:\/\/www.dorstener-tafel.de\/?p=372#article\",\"isPartOf\":{\"@id\":\"https:\/\/www.dorstener-tafel.de\/?p=372\"},\"author\":{\"name\":\"jotw\",\"@id\":\"https:\/\/www.dorstener-tafel.de\/#\/schema\/person\/c9a6797db5c21dbeb0851056380dcb01\"},\"headline\":\"Dorstener Laden: Gro\u00dfe Auswahl zum kleinen Preis\",\"datePublished\":\"2008-10-14T13:49:09+00:00\",\"dateModified\":\"2015-09-23T13:54:49+00:00\",\"mainEntityOfPage\":{\"@id\":\"https:\/\/www.dorstener-tafel.de\/?p=372\"},\"wordCount\":371,\"commentCount\":0,\"image\":{\"@id\":\"https:\/\/www.dorstener-tafel.de\/?p=372#primaryimage\"},\"thumbnailUrl\":\"http:\/\/www.kvg-dorsten.de\/dorstener-tafel\/wordpress\/wp-content\/uploads\/2015\/09\/591638_m0t1w200h200q75v43988.jpg\",\"articleSection\":[\"Presse\"],\"inLanguage\":\"de\",\"potentialAction\":[{\"@type\":\"CommentAction\",\"name\":\"Comment\",\"target\":[\"https:\/\/www.dorstener-tafel.de\/?p=372#respond\"]}]},{\"@type\":\"WebPage\",\"@id\":\"https:\/\/www.dorstener-tafel.de\/?p=372\",\"url\":\"https:\/\/www.dorstener-tafel.de\/?p=372\",\"name\":\"Dorstener Laden: Gro\u00dfe Auswahl zum kleinen Preis - Home | Tafel Dorsten\",\"isPartOf\":{\"@id\":\"https:\/\/www.dorstener-tafel.de\/#website\"},\"primaryImageOfPage\":{\"@id\":\"https:\/\/www.dorstener-tafel.de\/?p=372#primaryimage\"},\"image\":{\"@id\":\"https:\/\/www.dorstener-tafel.de\/?p=372#primaryimage\"},\"thumbnailUrl\":\"http:\/\/www.kvg-dorsten.de\/dorstener-tafel\/wordpress\/wp-content\/uploads\/2015\/09\/591638_m0t1w200h200q75v43988.jpg\",\"datePublished\":\"2008-10-14T13:49:09+00:00\",\"dateModified\":\"2015-09-23T13:54:49+00:00\",\"author\":{\"@id\":\"https:\/\/www.dorstener-tafel.de\/#\/schema\/person\/c9a6797db5c21dbeb0851056380dcb01\"},\"breadcrumb\":{\"@id\":\"https:\/\/www.dorstener-tafel.de\/?p=372#breadcrumb\"},\"inLanguage\":\"de\",\"potentialAction\":[{\"@type\":\"ReadAction\",\"target\":[\"https:\/\/www.dorstener-tafel.de\/?p=372\"]}]},{\"@type\":\"ImageObject\",\"inLanguage\":\"de\",\"@id\":\"https:\/\/www.dorstener-tafel.de\/?p=372#primaryimage\",\"url\":\"http:\/\/www.kvg-dorsten.de\/dorstener-tafel\/wordpress\/wp-content\/uploads\/2015\/09\/591638_m0t1w200h200q75v43988.jpg\",\"contentUrl\":\"http:\/\/www.kvg-dorsten.de\/dorstener-tafel\/wordpress\/wp-content\/uploads\/2015\/09\/591638_m0t1w200h200q75v43988.jpg\"},{\"@type\":\"BreadcrumbList\",\"@id\":\"https:\/\/www.dorstener-tafel.de\/?p=372#breadcrumb\",\"itemListElement\":[{\"@type\":\"ListItem\",\"position\":1,\"name\":\"Home\",\"item\":\"https:\/\/www.dorstener-tafel.de\/\"},{\"@type\":\"ListItem\",\"position\":2,\"name\":\"Dorstener Laden: Gro\u00dfe Auswahl zum kleinen Preis\"}]},{\"@type\":\"WebSite\",\"@id\":\"https:\/\/www.dorstener-tafel.de\/#website\",\"url\":\"https:\/\/www.dorstener-tafel.de\/\",\"name\":\"Home | Tafel Dorsten\",\"description\":\"\",\"potentialAction\":[{\"@type\":\"SearchAction\",\"target\":{\"@type\":\"EntryPoint\",\"urlTemplate\":\"https:\/\/www.dorstener-tafel.de\/?s={search_term_string}\"},\"query-input\":{\"@type\":\"PropertyValueSpecification\",\"valueRequired\":true,\"valueName\":\"search_term_string\"}}],\"inLanguage\":\"de\"},{\"@type\":\"Person\",\"@id\":\"https:\/\/www.dorstener-tafel.de\/#\/schema\/person\/c9a6797db5c21dbeb0851056380dcb01\",\"name\":\"jotw\",\"image\":{\"@type\":\"ImageObject\",\"inLanguage\":\"de\",\"@id\":\"https:\/\/www.dorstener-tafel.de\/#\/schema\/person\/image\/\",\"url\":\"https:\/\/secure.gravatar.com\/avatar\/225c6088c3bfecfbb42a2a0d5c9556b6?s=96&d=retro&r=g\",\"contentUrl\":\"https:\/\/secure.gravatar.com\/avatar\/225c6088c3bfecfbb42a2a0d5c9556b6?s=96&d=retro&r=g\",\"caption\":\"jotw\"},\"url\":\"https:\/\/www.dorstener-tafel.de\/?author=1\"}]}<\/script>\n<!-- \/ Yoast SEO plugin. -->","yoast_head_json":{"title":"Dorstener Laden: Gro\u00dfe Auswahl zum kleinen Preis - Home | Tafel Dorsten","robots":{"index":"index","follow":"follow","max-snippet":"max-snippet:-1","max-image-preview":"max-image-preview:large","max-video-preview":"max-video-preview:-1"},"canonical":"https:\/\/www.dorstener-tafel.de\/?p=372","og_locale":"de_DE","og_type":"article","og_title":"Dorstener Laden: Gro\u00dfe Auswahl zum kleinen Preis - Home | Tafel Dorsten","og_description":"Dorstener Laden: Gro\u00dfe Auswahl zum kleinen Preis Von Michael Klein am 14. Oktober 2008 17:24 Uhr WULFEN Zwischen 90 und [&hellip;]","og_url":"https:\/\/www.dorstener-tafel.de\/?p=372","og_site_name":"Home | Tafel Dorsten","article_publisher":"https:\/\/www.facebook.com\/Dorstener-Tafel-eV-710109832448127\/","article_published_time":"2008-10-14T13:49:09+00:00","article_modified_time":"2015-09-23T13:54:49+00:00","og_image":[{"url":"http:\/\/www.kvg-dorsten.de\/dorstener-tafel\/wordpress\/wp-content\/uploads\/2015\/09\/591638_m0t1w200h200q75v43988.jpg","type":"","width":"","height":""}],"author":"jotw","twitter_card":"summary_large_image","twitter_misc":{"Verfasst von":"jotw","Gesch\u00e4tzte Lesezeit":"2\u00a0Minuten"},"schema":{"@context":"https:\/\/schema.org","@graph":[{"@type":"Article","@id":"https:\/\/www.dorstener-tafel.de\/?p=372#article","isPartOf":{"@id":"https:\/\/www.dorstener-tafel.de\/?p=372"},"author":{"name":"jotw","@id":"https:\/\/www.dorstener-tafel.de\/#\/schema\/person\/c9a6797db5c21dbeb0851056380dcb01"},"headline":"Dorstener Laden: Gro\u00dfe Auswahl zum kleinen Preis","datePublished":"2008-10-14T13:49:09+00:00","dateModified":"2015-09-23T13:54:49+00:00","mainEntityOfPage":{"@id":"https:\/\/www.dorstener-tafel.de\/?p=372"},"wordCount":371,"commentCount":0,"image":{"@id":"https:\/\/www.dorstener-tafel.de\/?p=372#primaryimage"},"thumbnailUrl":"http:\/\/www.kvg-dorsten.de\/dorstener-tafel\/wordpress\/wp-content\/uploads\/2015\/09\/591638_m0t1w200h200q75v43988.jpg","articleSection":["Presse"],"inLanguage":"de","potentialAction":[{"@type":"CommentAction","name":"Comment","target":["https:\/\/www.dorstener-tafel.de\/?p=372#respond"]}]},{"@type":"WebPage","@id":"https:\/\/www.dorstener-tafel.de\/?p=372","url":"https:\/\/www.dorstener-tafel.de\/?p=372","name":"Dorstener Laden: Gro\u00dfe Auswahl zum kleinen Preis - Home | Tafel Dorsten","isPartOf":{"@id":"https:\/\/www.dorstener-tafel.de\/#website"},"primaryImageOfPage":{"@id":"https:\/\/www.dorstener-tafel.de\/?p=372#primaryimage"},"image":{"@id":"https:\/\/www.dorstener-tafel.de\/?p=372#primaryimage"},"thumbnailUrl":"http:\/\/www.kvg-dorsten.de\/dorstener-tafel\/wordpress\/wp-content\/uploads\/2015\/09\/591638_m0t1w200h200q75v43988.jpg","datePublished":"2008-10-14T13:49:09+00:00","dateModified":"2015-09-23T13:54:49+00:00","author":{"@id":"https:\/\/www.dorstener-tafel.de\/#\/schema\/person\/c9a6797db5c21dbeb0851056380dcb01"},"breadcrumb":{"@id":"https:\/\/www.dorstener-tafel.de\/?p=372#breadcrumb"},"inLanguage":"de","potentialAction":[{"@type":"ReadAction","target":["https:\/\/www.dorstener-tafel.de\/?p=372"]}]},{"@type":"ImageObject","inLanguage":"de","@id":"https:\/\/www.dorstener-tafel.de\/?p=372#primaryimage","url":"http:\/\/www.kvg-dorsten.de\/dorstener-tafel\/wordpress\/wp-content\/uploads\/2015\/09\/591638_m0t1w200h200q75v43988.jpg","contentUrl":"http:\/\/www.kvg-dorsten.de\/dorstener-tafel\/wordpress\/wp-content\/uploads\/2015\/09\/591638_m0t1w200h200q75v43988.jpg"},{"@type":"BreadcrumbList","@id":"https:\/\/www.dorstener-tafel.de\/?p=372#breadcrumb","itemListElement":[{"@type":"ListItem","position":1,"name":"Home","item":"https:\/\/www.dorstener-tafel.de\/"},{"@type":"ListItem","position":2,"name":"Dorstener Laden: Gro\u00dfe Auswahl zum kleinen Preis"}]},{"@type":"WebSite","@id":"https:\/\/www.dorstener-tafel.de\/#website","url":"https:\/\/www.dorstener-tafel.de\/","name":"Home | Tafel Dorsten","description":"","potentialAction":[{"@type":"SearchAction","target":{"@type":"EntryPoint","urlTemplate":"https:\/\/www.dorstener-tafel.de\/?s={search_term_string}"},"query-input":{"@type":"PropertyValueSpecification","valueRequired":true,"valueName":"search_term_string"}}],"inLanguage":"de"},{"@type":"Person","@id":"https:\/\/www.dorstener-tafel.de\/#\/schema\/person\/c9a6797db5c21dbeb0851056380dcb01","name":"jotw","image":{"@type":"ImageObject","inLanguage":"de","@id":"https:\/\/www.dorstener-tafel.de\/#\/schema\/person\/image\/","url":"https:\/\/secure.gravatar.com\/avatar\/225c6088c3bfecfbb42a2a0d5c9556b6?s=96&d=retro&r=g","contentUrl":"https:\/\/secure.gravatar.com\/avatar\/225c6088c3bfecfbb42a2a0d5c9556b6?s=96&d=retro&r=g","caption":"jotw"},"url":"https:\/\/www.dorstener-tafel.de\/?author=1"}]}},"_links":{"self":[{"href":"https:\/\/www.dorstener-tafel.de\/index.php?rest_route=\/wp\/v2\/posts\/372","targetHints":{"allow":["GET"]}}],"collection":[{"href":"https:\/\/www.dorstener-tafel.de\/index.php?rest_route=\/wp\/v2\/posts"}],"about":[{"href":"https:\/\/www.dorstener-tafel.de\/index.php?rest_route=\/wp\/v2\/types\/post"}],"author":[{"embeddable":true,"href":"https:\/\/www.dorstener-tafel.de\/index.php?rest_route=\/wp\/v2\/users\/1"}],"replies":[{"embeddable":true,"href":"https:\/\/www.dorstener-tafel.de\/index.php?rest_route=%2Fwp%2Fv2%2Fcomments&post=372"}],"version-history":[{"count":1,"href":"https:\/\/www.dorstener-tafel.de\/index.php?rest_route=\/wp\/v2\/posts\/372\/revisions"}],"predecessor-version":[{"id":374,"href":"https:\/\/www.dorstener-tafel.de\/index.php?rest_route=\/wp\/v2\/posts\/372\/revisions\/374"}],"wp:attachment":[{"href":"https:\/\/www.dorstener-tafel.de\/index.php?rest_route=%2Fwp%2Fv2%2Fmedia&parent=372"}],"wp:term":[{"taxonomy":"category","embeddable":true,"href":"https:\/\/www.dorstener-tafel.de\/index.php?rest_route=%2Fwp%2Fv2%2Fcategories&post=372"},{"taxonomy":"post_tag","embeddable":true,"href":"https:\/\/www.dorstener-tafel.de\/index.php?rest_route=%2Fwp%2Fv2%2Ftags&post=372"}],"curies":[{"name":"wp","href":"https:\/\/api.w.org\/{rel}","templated":true}]}}