{"id":368,"date":"2008-11-20T15:41:12","date_gmt":"2008-11-20T14:41:12","guid":{"rendered":"http:\/\/www.dorstener-tafel.de\/?p=368"},"modified":"2015-09-23T20:02:33","modified_gmt":"2015-09-23T18:02:33","slug":"klaus-fischer-elf-kommt-zum-benefizspiel-nach-dorsten","status":"publish","type":"post","link":"https:\/\/www.dorstener-tafel.de\/?p=368","title":{"rendered":"Klaus-Fischer-Elf kommt zum Benefizspiel nach Dorsten"},"content":{"rendered":"<p><a href=\"http:\/\/www.kvg-dorsten.de\/dorstener-tafel\/wordpress\/wp-content\/uploads\/2015\/09\/dz_head.gif\"><img loading=\"lazy\" decoding=\"async\" class=\"alignnone size-full wp-image-328\" src=\"http:\/\/www.kvg-dorsten.de\/dorstener-tafel\/wordpress\/wp-content\/uploads\/2015\/09\/dz_head.gif\" alt=\"dz_head\" width=\"334\" height=\"40\" \/><\/a><\/p>\n<p><strong>Klaus-Fischer-Elf kommt zum Benefizspiel nach Dorsten<\/strong><\/p>\n<p>am 20. November 2008 17:32 Uhr<\/p>\n<p><b>DORSTEN Die Freunde der Fu\u00dfball-Nostalgie werden am 20. Mai n\u00e4chsten Jahres auf ihre Kosten kommen. Dann tritt die Klaus-Fischer-Ruhrgebiets-Elf auf dem Sportplatz des SV Dorsten-Hardt zu einem Benefizspiel gegen eine Dorstener Auswahl an.<\/b><\/p>\n<figure id=\"attachment_380\" aria-describedby=\"caption-attachment-380\" style=\"width: 540px\" class=\"wp-caption alignnone\"><a href=\"http:\/\/www.kvg-dorsten.de\/dorstener-tafel\/wordpress\/wp-content\/uploads\/2008\/11\/Benefizspiel.jpg\" target=\"_blank\"><img loading=\"lazy\" decoding=\"async\" class=\"wp-image-380 size-full\" src=\"http:\/\/www.kvg-dorsten.de\/dorstener-tafel\/wordpress\/wp-content\/uploads\/2008\/11\/Benefizspiel.jpg\" alt=\"Benefizspiel\" width=\"540\" height=\"270\" srcset=\"https:\/\/www.kvg-dorsten.de\/dorstener-tafel\/wordpress\/wp-content\/uploads\/2008\/11\/Benefizspiel.jpg 540w, https:\/\/www.kvg-dorsten.de\/dorstener-tafel\/wordpress\/wp-content\/uploads\/2008\/11\/Benefizspiel-300x150.jpg 300w\" sizes=\"auto, (max-width: 540px) 100vw, 540px\" \/><\/a><figcaption id=\"caption-attachment-380\" class=\"wp-caption-text\">Klaus Fischer (vorn) und die Organisatoren freuen sich aufs Spiel. Foto: Weihrauch<\/figcaption><\/figure>\n<p>Die Fallr\u00fcckzieher-Legende hat gestern bei der Pressekonferenz angek\u00fcndigt, dass etliche ehemalige Bundesliga- und Nationalspieler zur Storchsbaumstra\u00dfe kommen werden: \u201eKlaus Fichtel, Ente Lippens, Wolfgang Kleff, Olaf Thon oder Matthias Herget sind nur einige Spieler, die regelm\u00e4\u00dfig dabei sind.\u201c Der 58-j\u00e4hrige Fischer verspricht seinen Fans auch, dass er den Fallr\u00fcckzieher immer noch beherrscht: \u201eIch komme zwar nicht mehr so hoch, aber wenn die Flanke stimmt, klappt das immer noch.\u201c<\/p>\n<p><strong>Promis trainieren<\/strong><\/p>\n<p>Seine Ruhrgebiets-Elf wird gegen eine Dorstener Auswahl antreten. In dieser werden Politiker, Sponsoren, aber auch einige alte Fu\u00dfball-Gr\u00f6\u00dfen mit dabei sein. Im Tor wird auf jeden Fall B\u00fcrgermeister Lambert L\u00fctkenhorst stehen. Er wird von Willi Overbeck, Torwarttrainer des Landesligisten SV Dorsten-Hardt und Gesch\u00e4ftsstellenleiter der Dorstener Zeitung, auf dieses Spiel vorbereitet. Damit auch die anderen Dorstener Kicker nicht ganz kalt in die Begegnung gehen, hat der Hardter Trainer Martin Schmidt sich bereiterkl\u00e4rt, einige \u00dcbungseinheiten zu leiten.<\/p>\n<p>Die Idee zu der Benefizpartie, deren Gesamterl\u00f6s der Dorstener Tafel gespendet wird, kam den Organisatoren aus der Stadtverwaltung, nachdem sie so ein Spiel in Stadtlohn gesehen hatten. Schnell nahmen sie mit Heinz Schl\u00fcter, der in Stadtlohn das Match organisiert hatte, Kontakt auf, um sich Ratschl\u00e4ge f\u00fcr das Match in Dorsten zu holen.<\/p>\n<p><strong>Erfahrene Hardter<\/strong><\/p>\n<p>Hans Fogler, Dorstens Sportkoordinator, hatte auch schnell den richtigen Ausrichter parat: \u201eWir wollten, dass das Spiel im Zentrum der Stadt stattfindet. Dieter Panneb\u00e4cker und der SV Dorsten-Hardt haben schnell ihre Zusage gegeben.\u201c Der Landesligist, erfahren in der Ausrichtung gr\u00f6\u00dferer Sportveranstaltungen, wird mit vielen ehrenamtlichen Helfern f\u00fcr optimale Bedingungen sorgen.<\/p>\n<p>Bleibt dann zu hoffen, dass alle Promis den Platz finden. Fischer: \u201eAls wir in Stadtlohn spielten, ist Olaf Thon nach Steinfurt gefahren.\u201c Den Weg von Schermbeck zur Storchsbaumstra\u00dfe wird Thon aber sicher ohne Probleme finden.<\/p>\n<p><a href=\"http:\/\/www.kvg-dorsten.de\/dorstener-tafel\/wordpress\/wp-content\/uploads\/2008\/11\/image013.png\" target=\"_blank\"><img loading=\"lazy\" decoding=\"async\" class=\"alignnone wp-image-422 size-full\" src=\"http:\/\/www.kvg-dorsten.de\/dorstener-tafel\/wordpress\/wp-content\/uploads\/2008\/11\/image013.png\" alt=\"\" width=\"416\" height=\"420\" srcset=\"https:\/\/www.kvg-dorsten.de\/dorstener-tafel\/wordpress\/wp-content\/uploads\/2008\/11\/image013.png 416w, https:\/\/www.kvg-dorsten.de\/dorstener-tafel\/wordpress\/wp-content\/uploads\/2008\/11\/image013-150x150.png 150w, https:\/\/www.kvg-dorsten.de\/dorstener-tafel\/wordpress\/wp-content\/uploads\/2008\/11\/image013-297x300.png 297w\" sizes=\"auto, (max-width: 416px) 100vw, 416px\" \/><\/a><\/p>\n","protected":false},"excerpt":{"rendered":"<p>Klaus-Fischer-Elf kommt zum Benefizspiel nach Dorsten am 20. November 2008 17:32 Uhr DORSTEN Die Freunde der Fu\u00dfball-Nostalgie werden am 20. [&hellip;]<\/p>\n","protected":false},"author":1,"featured_media":0,"comment_status":"open","ping_status":"closed","sticky":false,"template":"","format":"standard","meta":{"footnotes":""},"categories":[1,4],"tags":[],"class_list":["post-368","post","type-post","status-publish","format-standard","hentry","category-allgemein","category-presse"],"yoast_head":"<!-- This site is optimized with the Yoast SEO plugin v26.8 - https:\/\/yoast.com\/product\/yoast-seo-wordpress\/ -->\n<title>Klaus-Fischer-Elf kommt zum Benefizspiel nach Dorsten - Home | Tafel Dorsten<\/title>\n<meta name=\"robots\" content=\"index, follow, max-snippet:-1, max-image-preview:large, max-video-preview:-1\" \/>\n<link rel=\"canonical\" href=\"https:\/\/www.dorstener-tafel.de\/?p=368\" \/>\n<meta property=\"og:locale\" content=\"de_DE\" \/>\n<meta property=\"og:type\" content=\"article\" \/>\n<meta property=\"og:title\" content=\"Klaus-Fischer-Elf kommt zum Benefizspiel nach Dorsten - Home | Tafel Dorsten\" \/>\n<meta property=\"og:description\" content=\"Klaus-Fischer-Elf kommt zum Benefizspiel nach Dorsten am 20. November 2008 17:32 Uhr DORSTEN Die Freunde der Fu\u00dfball-Nostalgie werden am 20. [&hellip;]\" \/>\n<meta property=\"og:url\" content=\"https:\/\/www.dorstener-tafel.de\/?p=368\" \/>\n<meta property=\"og:site_name\" content=\"Home | Tafel Dorsten\" \/>\n<meta property=\"article:publisher\" content=\"https:\/\/www.facebook.com\/Dorstener-Tafel-eV-710109832448127\/\" \/>\n<meta property=\"article:published_time\" content=\"2008-11-20T14:41:12+00:00\" \/>\n<meta property=\"article:modified_time\" content=\"2015-09-23T18:02:33+00:00\" \/>\n<meta property=\"og:image\" content=\"http:\/\/www.kvg-dorsten.de\/dorstener-tafel\/wordpress\/wp-content\/uploads\/2015\/09\/dz_head.gif\" \/>\n<meta name=\"author\" content=\"jotw\" \/>\n<meta name=\"twitter:card\" content=\"summary_large_image\" \/>\n<meta name=\"twitter:label1\" content=\"Verfasst von\" \/>\n\t<meta name=\"twitter:data1\" content=\"jotw\" \/>\n\t<meta name=\"twitter:label2\" content=\"Gesch\u00e4tzte Lesezeit\" \/>\n\t<meta name=\"twitter:data2\" content=\"2\u00a0Minuten\" \/>\n<script type=\"application\/ld+json\" class=\"yoast-schema-graph\">{\"@context\":\"https:\/\/schema.org\",\"@graph\":[{\"@type\":\"Article\",\"@id\":\"https:\/\/www.dorstener-tafel.de\/?p=368#article\",\"isPartOf\":{\"@id\":\"https:\/\/www.dorstener-tafel.de\/?p=368\"},\"author\":{\"name\":\"jotw\",\"@id\":\"https:\/\/www.dorstener-tafel.de\/#\/schema\/person\/c9a6797db5c21dbeb0851056380dcb01\"},\"headline\":\"Klaus-Fischer-Elf kommt zum Benefizspiel nach Dorsten\",\"datePublished\":\"2008-11-20T14:41:12+00:00\",\"dateModified\":\"2015-09-23T18:02:33+00:00\",\"mainEntityOfPage\":{\"@id\":\"https:\/\/www.dorstener-tafel.de\/?p=368\"},\"wordCount\":370,\"commentCount\":0,\"image\":{\"@id\":\"https:\/\/www.dorstener-tafel.de\/?p=368#primaryimage\"},\"thumbnailUrl\":\"http:\/\/www.kvg-dorsten.de\/dorstener-tafel\/wordpress\/wp-content\/uploads\/2015\/09\/dz_head.gif\",\"articleSection\":[\"Aktuelles\",\"Presse\"],\"inLanguage\":\"de\",\"potentialAction\":[{\"@type\":\"CommentAction\",\"name\":\"Comment\",\"target\":[\"https:\/\/www.dorstener-tafel.de\/?p=368#respond\"]}]},{\"@type\":\"WebPage\",\"@id\":\"https:\/\/www.dorstener-tafel.de\/?p=368\",\"url\":\"https:\/\/www.dorstener-tafel.de\/?p=368\",\"name\":\"Klaus-Fischer-Elf kommt zum Benefizspiel nach Dorsten - Home | Tafel Dorsten\",\"isPartOf\":{\"@id\":\"https:\/\/www.dorstener-tafel.de\/#website\"},\"primaryImageOfPage\":{\"@id\":\"https:\/\/www.dorstener-tafel.de\/?p=368#primaryimage\"},\"image\":{\"@id\":\"https:\/\/www.dorstener-tafel.de\/?p=368#primaryimage\"},\"thumbnailUrl\":\"http:\/\/www.kvg-dorsten.de\/dorstener-tafel\/wordpress\/wp-content\/uploads\/2015\/09\/dz_head.gif\",\"datePublished\":\"2008-11-20T14:41:12+00:00\",\"dateModified\":\"2015-09-23T18:02:33+00:00\",\"author\":{\"@id\":\"https:\/\/www.dorstener-tafel.de\/#\/schema\/person\/c9a6797db5c21dbeb0851056380dcb01\"},\"breadcrumb\":{\"@id\":\"https:\/\/www.dorstener-tafel.de\/?p=368#breadcrumb\"},\"inLanguage\":\"de\",\"potentialAction\":[{\"@type\":\"ReadAction\",\"target\":[\"https:\/\/www.dorstener-tafel.de\/?p=368\"]}]},{\"@type\":\"ImageObject\",\"inLanguage\":\"de\",\"@id\":\"https:\/\/www.dorstener-tafel.de\/?p=368#primaryimage\",\"url\":\"http:\/\/www.kvg-dorsten.de\/dorstener-tafel\/wordpress\/wp-content\/uploads\/2015\/09\/dz_head.gif\",\"contentUrl\":\"http:\/\/www.kvg-dorsten.de\/dorstener-tafel\/wordpress\/wp-content\/uploads\/2015\/09\/dz_head.gif\"},{\"@type\":\"BreadcrumbList\",\"@id\":\"https:\/\/www.dorstener-tafel.de\/?p=368#breadcrumb\",\"itemListElement\":[{\"@type\":\"ListItem\",\"position\":1,\"name\":\"Home\",\"item\":\"https:\/\/www.dorstener-tafel.de\/\"},{\"@type\":\"ListItem\",\"position\":2,\"name\":\"Klaus-Fischer-Elf kommt zum Benefizspiel nach Dorsten\"}]},{\"@type\":\"WebSite\",\"@id\":\"https:\/\/www.dorstener-tafel.de\/#website\",\"url\":\"https:\/\/www.dorstener-tafel.de\/\",\"name\":\"Home | Tafel Dorsten\",\"description\":\"\",\"potentialAction\":[{\"@type\":\"SearchAction\",\"target\":{\"@type\":\"EntryPoint\",\"urlTemplate\":\"https:\/\/www.dorstener-tafel.de\/?s={search_term_string}\"},\"query-input\":{\"@type\":\"PropertyValueSpecification\",\"valueRequired\":true,\"valueName\":\"search_term_string\"}}],\"inLanguage\":\"de\"},{\"@type\":\"Person\",\"@id\":\"https:\/\/www.dorstener-tafel.de\/#\/schema\/person\/c9a6797db5c21dbeb0851056380dcb01\",\"name\":\"jotw\",\"image\":{\"@type\":\"ImageObject\",\"inLanguage\":\"de\",\"@id\":\"https:\/\/www.dorstener-tafel.de\/#\/schema\/person\/image\/\",\"url\":\"https:\/\/secure.gravatar.com\/avatar\/225c6088c3bfecfbb42a2a0d5c9556b6?s=96&d=retro&r=g\",\"contentUrl\":\"https:\/\/secure.gravatar.com\/avatar\/225c6088c3bfecfbb42a2a0d5c9556b6?s=96&d=retro&r=g\",\"caption\":\"jotw\"},\"url\":\"https:\/\/www.dorstener-tafel.de\/?author=1\"}]}<\/script>\n<!-- \/ Yoast SEO plugin. -->","yoast_head_json":{"title":"Klaus-Fischer-Elf kommt zum Benefizspiel nach Dorsten - Home | Tafel Dorsten","robots":{"index":"index","follow":"follow","max-snippet":"max-snippet:-1","max-image-preview":"max-image-preview:large","max-video-preview":"max-video-preview:-1"},"canonical":"https:\/\/www.dorstener-tafel.de\/?p=368","og_locale":"de_DE","og_type":"article","og_title":"Klaus-Fischer-Elf kommt zum Benefizspiel nach Dorsten - Home | Tafel Dorsten","og_description":"Klaus-Fischer-Elf kommt zum Benefizspiel nach Dorsten am 20. November 2008 17:32 Uhr DORSTEN Die Freunde der Fu\u00dfball-Nostalgie werden am 20. [&hellip;]","og_url":"https:\/\/www.dorstener-tafel.de\/?p=368","og_site_name":"Home | Tafel Dorsten","article_publisher":"https:\/\/www.facebook.com\/Dorstener-Tafel-eV-710109832448127\/","article_published_time":"2008-11-20T14:41:12+00:00","article_modified_time":"2015-09-23T18:02:33+00:00","og_image":[{"url":"http:\/\/www.kvg-dorsten.de\/dorstener-tafel\/wordpress\/wp-content\/uploads\/2015\/09\/dz_head.gif","type":"","width":"","height":""}],"author":"jotw","twitter_card":"summary_large_image","twitter_misc":{"Verfasst von":"jotw","Gesch\u00e4tzte Lesezeit":"2\u00a0Minuten"},"schema":{"@context":"https:\/\/schema.org","@graph":[{"@type":"Article","@id":"https:\/\/www.dorstener-tafel.de\/?p=368#article","isPartOf":{"@id":"https:\/\/www.dorstener-tafel.de\/?p=368"},"author":{"name":"jotw","@id":"https:\/\/www.dorstener-tafel.de\/#\/schema\/person\/c9a6797db5c21dbeb0851056380dcb01"},"headline":"Klaus-Fischer-Elf kommt zum Benefizspiel nach Dorsten","datePublished":"2008-11-20T14:41:12+00:00","dateModified":"2015-09-23T18:02:33+00:00","mainEntityOfPage":{"@id":"https:\/\/www.dorstener-tafel.de\/?p=368"},"wordCount":370,"commentCount":0,"image":{"@id":"https:\/\/www.dorstener-tafel.de\/?p=368#primaryimage"},"thumbnailUrl":"http:\/\/www.kvg-dorsten.de\/dorstener-tafel\/wordpress\/wp-content\/uploads\/2015\/09\/dz_head.gif","articleSection":["Aktuelles","Presse"],"inLanguage":"de","potentialAction":[{"@type":"CommentAction","name":"Comment","target":["https:\/\/www.dorstener-tafel.de\/?p=368#respond"]}]},{"@type":"WebPage","@id":"https:\/\/www.dorstener-tafel.de\/?p=368","url":"https:\/\/www.dorstener-tafel.de\/?p=368","name":"Klaus-Fischer-Elf kommt zum Benefizspiel nach Dorsten - Home | Tafel Dorsten","isPartOf":{"@id":"https:\/\/www.dorstener-tafel.de\/#website"},"primaryImageOfPage":{"@id":"https:\/\/www.dorstener-tafel.de\/?p=368#primaryimage"},"image":{"@id":"https:\/\/www.dorstener-tafel.de\/?p=368#primaryimage"},"thumbnailUrl":"http:\/\/www.kvg-dorsten.de\/dorstener-tafel\/wordpress\/wp-content\/uploads\/2015\/09\/dz_head.gif","datePublished":"2008-11-20T14:41:12+00:00","dateModified":"2015-09-23T18:02:33+00:00","author":{"@id":"https:\/\/www.dorstener-tafel.de\/#\/schema\/person\/c9a6797db5c21dbeb0851056380dcb01"},"breadcrumb":{"@id":"https:\/\/www.dorstener-tafel.de\/?p=368#breadcrumb"},"inLanguage":"de","potentialAction":[{"@type":"ReadAction","target":["https:\/\/www.dorstener-tafel.de\/?p=368"]}]},{"@type":"ImageObject","inLanguage":"de","@id":"https:\/\/www.dorstener-tafel.de\/?p=368#primaryimage","url":"http:\/\/www.kvg-dorsten.de\/dorstener-tafel\/wordpress\/wp-content\/uploads\/2015\/09\/dz_head.gif","contentUrl":"http:\/\/www.kvg-dorsten.de\/dorstener-tafel\/wordpress\/wp-content\/uploads\/2015\/09\/dz_head.gif"},{"@type":"BreadcrumbList","@id":"https:\/\/www.dorstener-tafel.de\/?p=368#breadcrumb","itemListElement":[{"@type":"ListItem","position":1,"name":"Home","item":"https:\/\/www.dorstener-tafel.de\/"},{"@type":"ListItem","position":2,"name":"Klaus-Fischer-Elf kommt zum Benefizspiel nach Dorsten"}]},{"@type":"WebSite","@id":"https:\/\/www.dorstener-tafel.de\/#website","url":"https:\/\/www.dorstener-tafel.de\/","name":"Home | Tafel Dorsten","description":"","potentialAction":[{"@type":"SearchAction","target":{"@type":"EntryPoint","urlTemplate":"https:\/\/www.dorstener-tafel.de\/?s={search_term_string}"},"query-input":{"@type":"PropertyValueSpecification","valueRequired":true,"valueName":"search_term_string"}}],"inLanguage":"de"},{"@type":"Person","@id":"https:\/\/www.dorstener-tafel.de\/#\/schema\/person\/c9a6797db5c21dbeb0851056380dcb01","name":"jotw","image":{"@type":"ImageObject","inLanguage":"de","@id":"https:\/\/www.dorstener-tafel.de\/#\/schema\/person\/image\/","url":"https:\/\/secure.gravatar.com\/avatar\/225c6088c3bfecfbb42a2a0d5c9556b6?s=96&d=retro&r=g","contentUrl":"https:\/\/secure.gravatar.com\/avatar\/225c6088c3bfecfbb42a2a0d5c9556b6?s=96&d=retro&r=g","caption":"jotw"},"url":"https:\/\/www.dorstener-tafel.de\/?author=1"}]}},"_links":{"self":[{"href":"https:\/\/www.dorstener-tafel.de\/index.php?rest_route=\/wp\/v2\/posts\/368","targetHints":{"allow":["GET"]}}],"collection":[{"href":"https:\/\/www.dorstener-tafel.de\/index.php?rest_route=\/wp\/v2\/posts"}],"about":[{"href":"https:\/\/www.dorstener-tafel.de\/index.php?rest_route=\/wp\/v2\/types\/post"}],"author":[{"embeddable":true,"href":"https:\/\/www.dorstener-tafel.de\/index.php?rest_route=\/wp\/v2\/users\/1"}],"replies":[{"embeddable":true,"href":"https:\/\/www.dorstener-tafel.de\/index.php?rest_route=%2Fwp%2Fv2%2Fcomments&post=368"}],"version-history":[{"count":4,"href":"https:\/\/www.dorstener-tafel.de\/index.php?rest_route=\/wp\/v2\/posts\/368\/revisions"}],"predecessor-version":[{"id":423,"href":"https:\/\/www.dorstener-tafel.de\/index.php?rest_route=\/wp\/v2\/posts\/368\/revisions\/423"}],"wp:attachment":[{"href":"https:\/\/www.dorstener-tafel.de\/index.php?rest_route=%2Fwp%2Fv2%2Fmedia&parent=368"}],"wp:term":[{"taxonomy":"category","embeddable":true,"href":"https:\/\/www.dorstener-tafel.de\/index.php?rest_route=%2Fwp%2Fv2%2Fcategories&post=368"},{"taxonomy":"post_tag","embeddable":true,"href":"https:\/\/www.dorstener-tafel.de\/index.php?rest_route=%2Fwp%2Fv2%2Ftags&post=368"}],"curies":[{"name":"wp","href":"https:\/\/api.w.org\/{rel}","templated":true}]}}