{"id":366,"date":"2007-09-24T15:36:57","date_gmt":"2007-09-24T13:36:57","guid":{"rendered":"http:\/\/www.dorstener-tafel.de\/?p=366"},"modified":"2015-09-23T15:41:01","modified_gmt":"2015-09-23T13:41:01","slug":"der-dorstener-laden-bietet-lebensmittel-fuer-beduerftige-an","status":"publish","type":"post","link":"https:\/\/www.dorstener-tafel.de\/?p=366","title":{"rendered":"Der &#8222;Dorstener Laden&#8220; bietet Lebensmittel f\u00fcr Bed\u00fcrftige an"},"content":{"rendered":"<h2 class=\"dachzeile inline\">Kirche+Leben, 24.09.2007<\/h2>\n<h1 class=\"headline inline\">Eine gro\u00dfe Hilfe f\u00fcr viele Familien<\/h1>\n<p><strong>Dorsten.<\/strong> 60 Ehrenamtliche engagieren sich beim &#8222;Dorstener Laden&#8220;. Aus der \u00f6kumenischen Initiative ist vor drei Jahren auch ein Mittagstisch entstanden, der von zehn Ehrenamtlichen unterst\u00fctzt wird.<\/p>\n<p>Vor vier Jahren gr\u00fcndete sich die Tafel in Dorsten. Nach den Anf\u00e4ngen im Keller der evangelischen Gemeinde in Dorsten-Wulfen-Barkenberg hat die \u00f6kumenische Initiative vor gut einem Jahr einen hellen neuen Verkaufsraum von der Caritas im Handwerkshof angemietet. Auf 100 Quadratmetern ist nun Platz f\u00fcr einen Verkaufs- sowie einen Vorbereitungsraum, f\u00fcr ein Lager und sogar ein kleines K\u00fchlhaus.<\/p>\n<p>Von Anfang an dabei ist Hedwig Schnatmann. Die 70-J\u00e4hrige leitet als Gesch\u00e4ftsf\u00fchrerin das Angebot. Zweimal pro Woche hat der &#8222;Dorstener Laden&#8220; f\u00fcr zweieinhalb Stunden ge\u00f6ffnet. &#8222;Zu den \u00d6ffnungszeiten kommen im Schnitt 90 Berechtigte, die bei uns stark verbilligte Lebensmittel einkaufen. Hinter ihnen stehen rund 400 Menschen, die mit Lebensmitteln versorgt werden&#8220;, erl\u00e4utert Schnatmann. Die Ware wird in der Regel f\u00fcr zehn Prozent des Ladenpreises abgegeben. Berechtigt zum Einkauf sind B\u00fcrger, die aufgrund ihrer geringen Eink\u00fcnfte den Dorsten-Pa\u00df erhalten. &#8222;Das sind mehr als 230 Personen in unserer Stadt&#8220;, wei\u00df Schnatmann.<\/p>\n<p>W\u00e4hrend die eine Schicht der Ehrenamtlichen von ihrer Sponsorentour vom Discounter bis zum B\u00e4cker zur\u00fcckkommt, warten im Vorbereitungsraum bereits weitere Freiwillige. Die Frauen sortieren die angelieferten Spenden, um sie anschlie\u00dfend im Laden zu pr\u00e4sentieren. &#8222;Wir k\u00f6nnten noch mehr Spender und Helfer gebrauchen&#8220;, sagt Schnatmann ohne Umschweife. Jede Tafel, die dem Bundesverband Deutsche Tafel angeschlossen ist, hat Gebietsschutz. &#8222;Das hei\u00dft, dass es in jedem Ort nur eine Tafel gibt, und dass wir nur bei Dorstener Gesch\u00e4ften um Spenden bitten d\u00fcrfen&#8220;, erkl\u00e4rt die pensionierte Chemie-Ingenieurin. Ihr macht die Arbeit viel Spa\u00df. &#8222;Ich habe in meinem Leben immer Gl\u00fcck gehabt. In meinem Beruf bin ich gut bezahlt worden und musste mir um mein Auskommen keine Gedanken machen. Jetzt kann ich etwas an die Gesellschaft zur\u00fcckgeben&#8220;, erl\u00e4utert sie.<\/p>\n<p>W\u00e4hrend vorwiegend Familien im &#8222;Dorstener Laden&#8220; einkaufen, kommen zum Mittagstisch, der jeden Montag und Mittwoch angeboten wird, viele Alleinstehende. &#8222;25 bis 30 Essen gehen \u00fcber den Tisch&#8220;, erz\u00e4hlt Ingrid Sontowske. Sie ist verantwortlich f\u00fcr das Angebot. &#8222;Es sind immer Lebensmittel \u00fcbrig geblieben, die nicht l\u00e4nger gelagert werden konnten. Daraus ist die Idee mit dem Mittagstisch entstanden&#8220;, erkl\u00e4rt die 63-J\u00e4hrige. Nun kochen zweimal pro Woche vier Frauen in der K\u00fcche ein deftiges Essen f\u00fcr die G\u00e4ste.<\/p>\n<p>Die beiden Frauen wissen, dass sie mit ihrem Engagement Menschen in Not helfen. &#8222;Eine Mutter, die eine Zeit lang ohne Arbeit war, hat mir gesagt, dass sie diese Zeit nicht ohne den Einkauf in unserem Laden geschafft h\u00e4tte&#8220;, sagt Schnatmann.<\/p>\n<p align=\"right\">Text und Foto: Michaela Kiepe in <a href=\"http:\/\/kirchensite.de\/index.php?myELEMENT=10839&amp;mySID=231458e7e78b29f01ae95b89158d9b49\">&#8222;Kirche+Leben&#8220;<\/a>, 24.09.2007<\/p>\n","protected":false},"excerpt":{"rendered":"<p>Kirche+Leben, 24.09.2007 Eine gro\u00dfe Hilfe f\u00fcr viele Familien Dorsten. 60 Ehrenamtliche engagieren sich beim &#8222;Dorstener Laden&#8220;. Aus der \u00f6kumenischen Initiative [&hellip;]<\/p>\n","protected":false},"author":1,"featured_media":0,"comment_status":"open","ping_status":"closed","sticky":false,"template":"","format":"standard","meta":{"footnotes":""},"categories":[4],"tags":[],"class_list":["post-366","post","type-post","status-publish","format-standard","hentry","category-presse"],"yoast_head":"<!-- This site is optimized with the Yoast SEO plugin v26.8 - https:\/\/yoast.com\/product\/yoast-seo-wordpress\/ -->\n<title>Der &quot;Dorstener Laden&quot; bietet Lebensmittel f\u00fcr Bed\u00fcrftige an - Home | Tafel Dorsten<\/title>\n<meta name=\"robots\" content=\"index, follow, max-snippet:-1, max-image-preview:large, max-video-preview:-1\" \/>\n<link rel=\"canonical\" href=\"https:\/\/www.dorstener-tafel.de\/?p=366\" \/>\n<meta property=\"og:locale\" content=\"de_DE\" \/>\n<meta property=\"og:type\" content=\"article\" \/>\n<meta property=\"og:title\" content=\"Der &quot;Dorstener Laden&quot; bietet Lebensmittel f\u00fcr Bed\u00fcrftige an - Home | Tafel Dorsten\" \/>\n<meta property=\"og:description\" content=\"Kirche+Leben, 24.09.2007 Eine gro\u00dfe Hilfe f\u00fcr viele Familien Dorsten. 60 Ehrenamtliche engagieren sich beim &#8222;Dorstener Laden&#8220;. Aus der \u00f6kumenischen Initiative [&hellip;]\" \/>\n<meta property=\"og:url\" content=\"https:\/\/www.dorstener-tafel.de\/?p=366\" \/>\n<meta property=\"og:site_name\" content=\"Home | Tafel Dorsten\" \/>\n<meta property=\"article:publisher\" content=\"https:\/\/www.facebook.com\/Dorstener-Tafel-eV-710109832448127\/\" \/>\n<meta property=\"article:published_time\" content=\"2007-09-24T13:36:57+00:00\" \/>\n<meta property=\"article:modified_time\" content=\"2015-09-23T13:41:01+00:00\" \/>\n<meta name=\"author\" content=\"jotw\" \/>\n<meta name=\"twitter:card\" content=\"summary_large_image\" \/>\n<meta name=\"twitter:label1\" content=\"Verfasst von\" \/>\n\t<meta name=\"twitter:data1\" content=\"jotw\" \/>\n\t<meta name=\"twitter:label2\" content=\"Gesch\u00e4tzte Lesezeit\" \/>\n\t<meta name=\"twitter:data2\" content=\"2\u00a0Minuten\" \/>\n<script type=\"application\/ld+json\" class=\"yoast-schema-graph\">{\"@context\":\"https:\/\/schema.org\",\"@graph\":[{\"@type\":\"Article\",\"@id\":\"https:\/\/www.dorstener-tafel.de\/?p=366#article\",\"isPartOf\":{\"@id\":\"https:\/\/www.dorstener-tafel.de\/?p=366\"},\"author\":{\"name\":\"jotw\",\"@id\":\"https:\/\/www.dorstener-tafel.de\/#\/schema\/person\/c9a6797db5c21dbeb0851056380dcb01\"},\"headline\":\"Der &#8222;Dorstener Laden&#8220; bietet Lebensmittel f\u00fcr Bed\u00fcrftige an\",\"datePublished\":\"2007-09-24T13:36:57+00:00\",\"dateModified\":\"2015-09-23T13:41:01+00:00\",\"mainEntityOfPage\":{\"@id\":\"https:\/\/www.dorstener-tafel.de\/?p=366\"},\"wordCount\":470,\"commentCount\":0,\"articleSection\":[\"Presse\"],\"inLanguage\":\"de\",\"potentialAction\":[{\"@type\":\"CommentAction\",\"name\":\"Comment\",\"target\":[\"https:\/\/www.dorstener-tafel.de\/?p=366#respond\"]}]},{\"@type\":\"WebPage\",\"@id\":\"https:\/\/www.dorstener-tafel.de\/?p=366\",\"url\":\"https:\/\/www.dorstener-tafel.de\/?p=366\",\"name\":\"Der \\\"Dorstener Laden\\\" bietet Lebensmittel f\u00fcr Bed\u00fcrftige an - Home | Tafel Dorsten\",\"isPartOf\":{\"@id\":\"https:\/\/www.dorstener-tafel.de\/#website\"},\"datePublished\":\"2007-09-24T13:36:57+00:00\",\"dateModified\":\"2015-09-23T13:41:01+00:00\",\"author\":{\"@id\":\"https:\/\/www.dorstener-tafel.de\/#\/schema\/person\/c9a6797db5c21dbeb0851056380dcb01\"},\"breadcrumb\":{\"@id\":\"https:\/\/www.dorstener-tafel.de\/?p=366#breadcrumb\"},\"inLanguage\":\"de\",\"potentialAction\":[{\"@type\":\"ReadAction\",\"target\":[\"https:\/\/www.dorstener-tafel.de\/?p=366\"]}]},{\"@type\":\"BreadcrumbList\",\"@id\":\"https:\/\/www.dorstener-tafel.de\/?p=366#breadcrumb\",\"itemListElement\":[{\"@type\":\"ListItem\",\"position\":1,\"name\":\"Home\",\"item\":\"https:\/\/www.dorstener-tafel.de\/\"},{\"@type\":\"ListItem\",\"position\":2,\"name\":\"Der &#8222;Dorstener Laden&#8220; bietet Lebensmittel f\u00fcr Bed\u00fcrftige an\"}]},{\"@type\":\"WebSite\",\"@id\":\"https:\/\/www.dorstener-tafel.de\/#website\",\"url\":\"https:\/\/www.dorstener-tafel.de\/\",\"name\":\"Home | Tafel Dorsten\",\"description\":\"\",\"potentialAction\":[{\"@type\":\"SearchAction\",\"target\":{\"@type\":\"EntryPoint\",\"urlTemplate\":\"https:\/\/www.dorstener-tafel.de\/?s={search_term_string}\"},\"query-input\":{\"@type\":\"PropertyValueSpecification\",\"valueRequired\":true,\"valueName\":\"search_term_string\"}}],\"inLanguage\":\"de\"},{\"@type\":\"Person\",\"@id\":\"https:\/\/www.dorstener-tafel.de\/#\/schema\/person\/c9a6797db5c21dbeb0851056380dcb01\",\"name\":\"jotw\",\"image\":{\"@type\":\"ImageObject\",\"inLanguage\":\"de\",\"@id\":\"https:\/\/www.dorstener-tafel.de\/#\/schema\/person\/image\/\",\"url\":\"https:\/\/secure.gravatar.com\/avatar\/225c6088c3bfecfbb42a2a0d5c9556b6?s=96&d=retro&r=g\",\"contentUrl\":\"https:\/\/secure.gravatar.com\/avatar\/225c6088c3bfecfbb42a2a0d5c9556b6?s=96&d=retro&r=g\",\"caption\":\"jotw\"},\"url\":\"https:\/\/www.dorstener-tafel.de\/?author=1\"}]}<\/script>\n<!-- \/ Yoast SEO plugin. -->","yoast_head_json":{"title":"Der \"Dorstener Laden\" bietet Lebensmittel f\u00fcr Bed\u00fcrftige an - Home | Tafel Dorsten","robots":{"index":"index","follow":"follow","max-snippet":"max-snippet:-1","max-image-preview":"max-image-preview:large","max-video-preview":"max-video-preview:-1"},"canonical":"https:\/\/www.dorstener-tafel.de\/?p=366","og_locale":"de_DE","og_type":"article","og_title":"Der \"Dorstener Laden\" bietet Lebensmittel f\u00fcr Bed\u00fcrftige an - Home | Tafel Dorsten","og_description":"Kirche+Leben, 24.09.2007 Eine gro\u00dfe Hilfe f\u00fcr viele Familien Dorsten. 60 Ehrenamtliche engagieren sich beim &#8222;Dorstener Laden&#8220;. Aus der \u00f6kumenischen Initiative [&hellip;]","og_url":"https:\/\/www.dorstener-tafel.de\/?p=366","og_site_name":"Home | Tafel Dorsten","article_publisher":"https:\/\/www.facebook.com\/Dorstener-Tafel-eV-710109832448127\/","article_published_time":"2007-09-24T13:36:57+00:00","article_modified_time":"2015-09-23T13:41:01+00:00","author":"jotw","twitter_card":"summary_large_image","twitter_misc":{"Verfasst von":"jotw","Gesch\u00e4tzte Lesezeit":"2\u00a0Minuten"},"schema":{"@context":"https:\/\/schema.org","@graph":[{"@type":"Article","@id":"https:\/\/www.dorstener-tafel.de\/?p=366#article","isPartOf":{"@id":"https:\/\/www.dorstener-tafel.de\/?p=366"},"author":{"name":"jotw","@id":"https:\/\/www.dorstener-tafel.de\/#\/schema\/person\/c9a6797db5c21dbeb0851056380dcb01"},"headline":"Der &#8222;Dorstener Laden&#8220; bietet Lebensmittel f\u00fcr Bed\u00fcrftige an","datePublished":"2007-09-24T13:36:57+00:00","dateModified":"2015-09-23T13:41:01+00:00","mainEntityOfPage":{"@id":"https:\/\/www.dorstener-tafel.de\/?p=366"},"wordCount":470,"commentCount":0,"articleSection":["Presse"],"inLanguage":"de","potentialAction":[{"@type":"CommentAction","name":"Comment","target":["https:\/\/www.dorstener-tafel.de\/?p=366#respond"]}]},{"@type":"WebPage","@id":"https:\/\/www.dorstener-tafel.de\/?p=366","url":"https:\/\/www.dorstener-tafel.de\/?p=366","name":"Der \"Dorstener Laden\" bietet Lebensmittel f\u00fcr Bed\u00fcrftige an - Home | Tafel Dorsten","isPartOf":{"@id":"https:\/\/www.dorstener-tafel.de\/#website"},"datePublished":"2007-09-24T13:36:57+00:00","dateModified":"2015-09-23T13:41:01+00:00","author":{"@id":"https:\/\/www.dorstener-tafel.de\/#\/schema\/person\/c9a6797db5c21dbeb0851056380dcb01"},"breadcrumb":{"@id":"https:\/\/www.dorstener-tafel.de\/?p=366#breadcrumb"},"inLanguage":"de","potentialAction":[{"@type":"ReadAction","target":["https:\/\/www.dorstener-tafel.de\/?p=366"]}]},{"@type":"BreadcrumbList","@id":"https:\/\/www.dorstener-tafel.de\/?p=366#breadcrumb","itemListElement":[{"@type":"ListItem","position":1,"name":"Home","item":"https:\/\/www.dorstener-tafel.de\/"},{"@type":"ListItem","position":2,"name":"Der &#8222;Dorstener Laden&#8220; bietet Lebensmittel f\u00fcr Bed\u00fcrftige an"}]},{"@type":"WebSite","@id":"https:\/\/www.dorstener-tafel.de\/#website","url":"https:\/\/www.dorstener-tafel.de\/","name":"Home | Tafel Dorsten","description":"","potentialAction":[{"@type":"SearchAction","target":{"@type":"EntryPoint","urlTemplate":"https:\/\/www.dorstener-tafel.de\/?s={search_term_string}"},"query-input":{"@type":"PropertyValueSpecification","valueRequired":true,"valueName":"search_term_string"}}],"inLanguage":"de"},{"@type":"Person","@id":"https:\/\/www.dorstener-tafel.de\/#\/schema\/person\/c9a6797db5c21dbeb0851056380dcb01","name":"jotw","image":{"@type":"ImageObject","inLanguage":"de","@id":"https:\/\/www.dorstener-tafel.de\/#\/schema\/person\/image\/","url":"https:\/\/secure.gravatar.com\/avatar\/225c6088c3bfecfbb42a2a0d5c9556b6?s=96&d=retro&r=g","contentUrl":"https:\/\/secure.gravatar.com\/avatar\/225c6088c3bfecfbb42a2a0d5c9556b6?s=96&d=retro&r=g","caption":"jotw"},"url":"https:\/\/www.dorstener-tafel.de\/?author=1"}]}},"_links":{"self":[{"href":"https:\/\/www.dorstener-tafel.de\/index.php?rest_route=\/wp\/v2\/posts\/366","targetHints":{"allow":["GET"]}}],"collection":[{"href":"https:\/\/www.dorstener-tafel.de\/index.php?rest_route=\/wp\/v2\/posts"}],"about":[{"href":"https:\/\/www.dorstener-tafel.de\/index.php?rest_route=\/wp\/v2\/types\/post"}],"author":[{"embeddable":true,"href":"https:\/\/www.dorstener-tafel.de\/index.php?rest_route=\/wp\/v2\/users\/1"}],"replies":[{"embeddable":true,"href":"https:\/\/www.dorstener-tafel.de\/index.php?rest_route=%2Fwp%2Fv2%2Fcomments&post=366"}],"version-history":[{"count":1,"href":"https:\/\/www.dorstener-tafel.de\/index.php?rest_route=\/wp\/v2\/posts\/366\/revisions"}],"predecessor-version":[{"id":367,"href":"https:\/\/www.dorstener-tafel.de\/index.php?rest_route=\/wp\/v2\/posts\/366\/revisions\/367"}],"wp:attachment":[{"href":"https:\/\/www.dorstener-tafel.de\/index.php?rest_route=%2Fwp%2Fv2%2Fmedia&parent=366"}],"wp:term":[{"taxonomy":"category","embeddable":true,"href":"https:\/\/www.dorstener-tafel.de\/index.php?rest_route=%2Fwp%2Fv2%2Fcategories&post=366"},{"taxonomy":"post_tag","embeddable":true,"href":"https:\/\/www.dorstener-tafel.de\/index.php?rest_route=%2Fwp%2Fv2%2Ftags&post=366"}],"curies":[{"name":"wp","href":"https:\/\/api.w.org\/{rel}","templated":true}]}}