{"id":359,"date":"2009-01-14T15:16:14","date_gmt":"2009-01-14T14:16:14","guid":{"rendered":"http:\/\/www.dorstener-tafel.de\/?p=359"},"modified":"2015-09-23T15:33:21","modified_gmt":"2015-09-23T13:33:21","slug":"dorstener-tafel-ab-februar-auch-in-der-innenstadt","status":"publish","type":"post","link":"https:\/\/www.dorstener-tafel.de\/?p=359","title":{"rendered":"Dorstener Tafel ab Februar auch in der Innenstadt"},"content":{"rendered":"<p><a href=\"http:\/\/www.kvg-dorsten.de\/dorstener-tafel\/wordpress\/wp-content\/uploads\/2015\/09\/dz_head.gif\"><img loading=\"lazy\" decoding=\"async\" class=\"alignnone size-full wp-image-328\" src=\"http:\/\/www.kvg-dorsten.de\/dorstener-tafel\/wordpress\/wp-content\/uploads\/2015\/09\/dz_head.gif\" alt=\"dz_head\" width=\"334\" height=\"40\" \/><\/a><\/p>\n<p><strong>Dorstener Tafel ab Februar auch in der Innenstadt<\/strong><\/p>\n<p>Von Hakan Keser am 14. Januar 2009 11:30 Uhr<\/p>\n<p><b>DORSTEN In Dorsten soll zentral Essen an Bed\u00fcrftige ausgegeben werden. Nach dem Vorbild aus Wulfen wollen Ehrenamtliche die Organisation in die Hand nehmen. Wie das geschehen soll, daf\u00fcr wurden am Dienstagabend die Weichen gestellt.<\/b><\/p>\n<figure id=\"attachment_360\" aria-describedby=\"caption-attachment-360\" style=\"width: 200px\" class=\"wp-caption alignnone\"><a href=\"http:\/\/www.kvg-dorsten.de\/dorstener-tafel\/wordpress\/wp-content\/uploads\/2015\/09\/2009-01-14-Rentmeister-Tafel-Altstadt.jpg\"><img loading=\"lazy\" decoding=\"async\" class=\"wp-image-360 size-full\" src=\"http:\/\/www.kvg-dorsten.de\/dorstener-tafel\/wordpress\/wp-content\/uploads\/2015\/09\/2009-01-14-Rentmeister-Tafel-Altstadt.jpg\" alt=\"2009-01-14 Rentmeister Tafel Altstadt\" width=\"200\" height=\"150\" \/><\/a><figcaption id=\"caption-attachment-360\" class=\"wp-caption-text\">Herbert Rentmeister ist einer der Initiatoren der Dorstener Tafel in der Altstadt. Foto Hakan Keser<\/figcaption><\/figure>\n<p>Rund 30 Personen fanden sich \u00a0im Pfarrheim St. Agatha ein, um f\u00fcr die erste Essensaugabe der Dorstener Tafel in der Innenstadt zu planen. Das bisherige Angebot des Vereins Dorstener Tafel, das nur in Wulfen-Barkenberg zu finden war, wird somit in der Dorstener Innenstadt ausgeweitet.<\/p>\n<p>Hier, mitten in der Stadt, wird ab dem 18. Februar zweimal w\u00f6chentlich bed\u00fcrftigen Menschen ein Mittagessen angeboten werden. Initiator dieser neuen Tafel in Dorsten ist Pfarrer Ulrich Franke, der den Verein Dorstener Tafel angesprochen hat. Nicht nur er, sondern alle caritativen Organisationen stellen zusehens eine Nachfrage nach solch einem Angebot fest.<br \/>\nAlleine im Pfarrheim St. Agatha fragen nach Auskunft von Ulrich Franke t\u00e4glich zehn bis f\u00fcnfzehn Menschen nach Lebensmitteln. In Wulfen-Barkenberg, wo die Dorstener Tafel im sechsten Jahr t\u00e4tig ist, werden zweimal w\u00f6chentlich 20 bis 25 Mahlzeiten, die aus einer Vorspeise, Hauptspeise und Nachspeise bestehen, f\u00fcr einen Kostenbeitrag von einem Euro f\u00fcr Erwachsene und 50 Cent f\u00fcr Kinder ausgegeben.<\/p>\n<p><strong>Keiner wird hungrig weggeschickt<\/strong><\/p>\n<p>Josef Vrenegor, Vorsitzender der Dorstener Tafel e.V., brachte die grunds\u00e4tzliche Regel der Tafel auf den Punkt: Es wird keiner hungrig nach Hause geschickt. Bei dem Treffen galt es, nicht nur die \u00d6ffnungszeiten festzulegen, sondern auch Teams zu bilden, die kochen, Lebensmittelspenden sammeln, Dienstpl\u00e4ne erstellen oder nach getaner Arbeit putzen.<br \/>\nNur durch dieses ehrenamtliche Engagement ist es m\u00f6glich, das ganze Jahr \u00fcber das Angebot aufrecht zu erhalten. Herbert Rentmeister, Gr\u00fcndungsmitglied der Dorstener Tafel, wei\u00df aber auch, dass die Hemmschwelle, dieses Angebot anzunehmen, hoch ist.<\/p>\n<p><strong>Hohe Hemmschwelle der Bed\u00fcrftigen<\/strong><\/p>\n<p>Bei der Er\u00f6ffnung der Tafel in Wulfen-Barkenberg nahmen nur vier Menschen das Angebot an. Das Angebot ist mehr als nur eine Suppenk\u00fcche, erl\u00e4uterte Josef Vrenegor. Den Menschen wird vielmehr ein Anlaufpunkt gegeben, gemeinsam zu essen und soziale Kontakte zu pflegen. Die so genannten Kunden sind nach bisherigen Erfahrungen haupts\u00e4chlich Alte, Familien mit Kindern, Alleinerziehende, die auf ein solches Angebot angewiesen sind. Die Botschaft dieses ehrenamtlichen Engagements ist f\u00fcr alle Beteiligten klar: Nicht der Bed\u00fcrftige, sondern der Mensch ist willkommen.<\/p>\n","protected":false},"excerpt":{"rendered":"<p>Dorstener Tafel ab Februar auch in der Innenstadt Von Hakan Keser am 14. Januar 2009 11:30 Uhr DORSTEN In Dorsten [&hellip;]<\/p>\n","protected":false},"author":1,"featured_media":0,"comment_status":"open","ping_status":"closed","sticky":false,"template":"","format":"standard","meta":{"footnotes":""},"categories":[4],"tags":[],"class_list":["post-359","post","type-post","status-publish","format-standard","hentry","category-presse"],"yoast_head":"<!-- This site is optimized with the Yoast SEO plugin v26.8 - https:\/\/yoast.com\/product\/yoast-seo-wordpress\/ -->\n<title>Dorstener Tafel ab Februar auch in der Innenstadt - Home | Tafel Dorsten<\/title>\n<meta name=\"robots\" content=\"index, follow, max-snippet:-1, max-image-preview:large, max-video-preview:-1\" \/>\n<link rel=\"canonical\" href=\"https:\/\/www.dorstener-tafel.de\/?p=359\" \/>\n<meta property=\"og:locale\" content=\"de_DE\" \/>\n<meta property=\"og:type\" content=\"article\" \/>\n<meta property=\"og:title\" content=\"Dorstener Tafel ab Februar auch in der Innenstadt - Home | Tafel Dorsten\" \/>\n<meta property=\"og:description\" content=\"Dorstener Tafel ab Februar auch in der Innenstadt Von Hakan Keser am 14. Januar 2009 11:30 Uhr DORSTEN In Dorsten [&hellip;]\" \/>\n<meta property=\"og:url\" content=\"https:\/\/www.dorstener-tafel.de\/?p=359\" \/>\n<meta property=\"og:site_name\" content=\"Home | Tafel Dorsten\" \/>\n<meta property=\"article:publisher\" content=\"https:\/\/www.facebook.com\/Dorstener-Tafel-eV-710109832448127\/\" \/>\n<meta property=\"article:published_time\" content=\"2009-01-14T14:16:14+00:00\" \/>\n<meta property=\"article:modified_time\" content=\"2015-09-23T13:33:21+00:00\" \/>\n<meta property=\"og:image\" content=\"http:\/\/www.kvg-dorsten.de\/dorstener-tafel\/wordpress\/wp-content\/uploads\/2015\/09\/dz_head.gif\" \/>\n<meta name=\"author\" content=\"jotw\" \/>\n<meta name=\"twitter:card\" content=\"summary_large_image\" \/>\n<meta name=\"twitter:label1\" content=\"Verfasst von\" \/>\n\t<meta name=\"twitter:data1\" content=\"jotw\" \/>\n\t<meta name=\"twitter:label2\" content=\"Gesch\u00e4tzte Lesezeit\" \/>\n\t<meta name=\"twitter:data2\" content=\"2\u00a0Minuten\" \/>\n<script type=\"application\/ld+json\" class=\"yoast-schema-graph\">{\"@context\":\"https:\/\/schema.org\",\"@graph\":[{\"@type\":\"Article\",\"@id\":\"https:\/\/www.dorstener-tafel.de\/?p=359#article\",\"isPartOf\":{\"@id\":\"https:\/\/www.dorstener-tafel.de\/?p=359\"},\"author\":{\"name\":\"jotw\",\"@id\":\"https:\/\/www.dorstener-tafel.de\/#\/schema\/person\/c9a6797db5c21dbeb0851056380dcb01\"},\"headline\":\"Dorstener Tafel ab Februar auch in der Innenstadt\",\"datePublished\":\"2009-01-14T14:16:14+00:00\",\"dateModified\":\"2015-09-23T13:33:21+00:00\",\"mainEntityOfPage\":{\"@id\":\"https:\/\/www.dorstener-tafel.de\/?p=359\"},\"wordCount\":420,\"commentCount\":0,\"image\":{\"@id\":\"https:\/\/www.dorstener-tafel.de\/?p=359#primaryimage\"},\"thumbnailUrl\":\"http:\/\/www.kvg-dorsten.de\/dorstener-tafel\/wordpress\/wp-content\/uploads\/2015\/09\/dz_head.gif\",\"articleSection\":[\"Presse\"],\"inLanguage\":\"de\",\"potentialAction\":[{\"@type\":\"CommentAction\",\"name\":\"Comment\",\"target\":[\"https:\/\/www.dorstener-tafel.de\/?p=359#respond\"]}]},{\"@type\":\"WebPage\",\"@id\":\"https:\/\/www.dorstener-tafel.de\/?p=359\",\"url\":\"https:\/\/www.dorstener-tafel.de\/?p=359\",\"name\":\"Dorstener Tafel ab Februar auch in der Innenstadt - Home | Tafel Dorsten\",\"isPartOf\":{\"@id\":\"https:\/\/www.dorstener-tafel.de\/#website\"},\"primaryImageOfPage\":{\"@id\":\"https:\/\/www.dorstener-tafel.de\/?p=359#primaryimage\"},\"image\":{\"@id\":\"https:\/\/www.dorstener-tafel.de\/?p=359#primaryimage\"},\"thumbnailUrl\":\"http:\/\/www.kvg-dorsten.de\/dorstener-tafel\/wordpress\/wp-content\/uploads\/2015\/09\/dz_head.gif\",\"datePublished\":\"2009-01-14T14:16:14+00:00\",\"dateModified\":\"2015-09-23T13:33:21+00:00\",\"author\":{\"@id\":\"https:\/\/www.dorstener-tafel.de\/#\/schema\/person\/c9a6797db5c21dbeb0851056380dcb01\"},\"breadcrumb\":{\"@id\":\"https:\/\/www.dorstener-tafel.de\/?p=359#breadcrumb\"},\"inLanguage\":\"de\",\"potentialAction\":[{\"@type\":\"ReadAction\",\"target\":[\"https:\/\/www.dorstener-tafel.de\/?p=359\"]}]},{\"@type\":\"ImageObject\",\"inLanguage\":\"de\",\"@id\":\"https:\/\/www.dorstener-tafel.de\/?p=359#primaryimage\",\"url\":\"http:\/\/www.kvg-dorsten.de\/dorstener-tafel\/wordpress\/wp-content\/uploads\/2015\/09\/dz_head.gif\",\"contentUrl\":\"http:\/\/www.kvg-dorsten.de\/dorstener-tafel\/wordpress\/wp-content\/uploads\/2015\/09\/dz_head.gif\"},{\"@type\":\"BreadcrumbList\",\"@id\":\"https:\/\/www.dorstener-tafel.de\/?p=359#breadcrumb\",\"itemListElement\":[{\"@type\":\"ListItem\",\"position\":1,\"name\":\"Home\",\"item\":\"https:\/\/www.dorstener-tafel.de\/\"},{\"@type\":\"ListItem\",\"position\":2,\"name\":\"Dorstener Tafel ab Februar auch in der Innenstadt\"}]},{\"@type\":\"WebSite\",\"@id\":\"https:\/\/www.dorstener-tafel.de\/#website\",\"url\":\"https:\/\/www.dorstener-tafel.de\/\",\"name\":\"Home | Tafel Dorsten\",\"description\":\"\",\"potentialAction\":[{\"@type\":\"SearchAction\",\"target\":{\"@type\":\"EntryPoint\",\"urlTemplate\":\"https:\/\/www.dorstener-tafel.de\/?s={search_term_string}\"},\"query-input\":{\"@type\":\"PropertyValueSpecification\",\"valueRequired\":true,\"valueName\":\"search_term_string\"}}],\"inLanguage\":\"de\"},{\"@type\":\"Person\",\"@id\":\"https:\/\/www.dorstener-tafel.de\/#\/schema\/person\/c9a6797db5c21dbeb0851056380dcb01\",\"name\":\"jotw\",\"image\":{\"@type\":\"ImageObject\",\"inLanguage\":\"de\",\"@id\":\"https:\/\/www.dorstener-tafel.de\/#\/schema\/person\/image\/\",\"url\":\"https:\/\/secure.gravatar.com\/avatar\/225c6088c3bfecfbb42a2a0d5c9556b6?s=96&d=retro&r=g\",\"contentUrl\":\"https:\/\/secure.gravatar.com\/avatar\/225c6088c3bfecfbb42a2a0d5c9556b6?s=96&d=retro&r=g\",\"caption\":\"jotw\"},\"url\":\"https:\/\/www.dorstener-tafel.de\/?author=1\"}]}<\/script>\n<!-- \/ Yoast SEO plugin. -->","yoast_head_json":{"title":"Dorstener Tafel ab Februar auch in der Innenstadt - Home | Tafel Dorsten","robots":{"index":"index","follow":"follow","max-snippet":"max-snippet:-1","max-image-preview":"max-image-preview:large","max-video-preview":"max-video-preview:-1"},"canonical":"https:\/\/www.dorstener-tafel.de\/?p=359","og_locale":"de_DE","og_type":"article","og_title":"Dorstener Tafel ab Februar auch in der Innenstadt - Home | Tafel Dorsten","og_description":"Dorstener Tafel ab Februar auch in der Innenstadt Von Hakan Keser am 14. Januar 2009 11:30 Uhr DORSTEN In Dorsten [&hellip;]","og_url":"https:\/\/www.dorstener-tafel.de\/?p=359","og_site_name":"Home | Tafel Dorsten","article_publisher":"https:\/\/www.facebook.com\/Dorstener-Tafel-eV-710109832448127\/","article_published_time":"2009-01-14T14:16:14+00:00","article_modified_time":"2015-09-23T13:33:21+00:00","og_image":[{"url":"http:\/\/www.kvg-dorsten.de\/dorstener-tafel\/wordpress\/wp-content\/uploads\/2015\/09\/dz_head.gif","type":"","width":"","height":""}],"author":"jotw","twitter_card":"summary_large_image","twitter_misc":{"Verfasst von":"jotw","Gesch\u00e4tzte Lesezeit":"2\u00a0Minuten"},"schema":{"@context":"https:\/\/schema.org","@graph":[{"@type":"Article","@id":"https:\/\/www.dorstener-tafel.de\/?p=359#article","isPartOf":{"@id":"https:\/\/www.dorstener-tafel.de\/?p=359"},"author":{"name":"jotw","@id":"https:\/\/www.dorstener-tafel.de\/#\/schema\/person\/c9a6797db5c21dbeb0851056380dcb01"},"headline":"Dorstener Tafel ab Februar auch in der Innenstadt","datePublished":"2009-01-14T14:16:14+00:00","dateModified":"2015-09-23T13:33:21+00:00","mainEntityOfPage":{"@id":"https:\/\/www.dorstener-tafel.de\/?p=359"},"wordCount":420,"commentCount":0,"image":{"@id":"https:\/\/www.dorstener-tafel.de\/?p=359#primaryimage"},"thumbnailUrl":"http:\/\/www.kvg-dorsten.de\/dorstener-tafel\/wordpress\/wp-content\/uploads\/2015\/09\/dz_head.gif","articleSection":["Presse"],"inLanguage":"de","potentialAction":[{"@type":"CommentAction","name":"Comment","target":["https:\/\/www.dorstener-tafel.de\/?p=359#respond"]}]},{"@type":"WebPage","@id":"https:\/\/www.dorstener-tafel.de\/?p=359","url":"https:\/\/www.dorstener-tafel.de\/?p=359","name":"Dorstener Tafel ab Februar auch in der Innenstadt - Home | Tafel Dorsten","isPartOf":{"@id":"https:\/\/www.dorstener-tafel.de\/#website"},"primaryImageOfPage":{"@id":"https:\/\/www.dorstener-tafel.de\/?p=359#primaryimage"},"image":{"@id":"https:\/\/www.dorstener-tafel.de\/?p=359#primaryimage"},"thumbnailUrl":"http:\/\/www.kvg-dorsten.de\/dorstener-tafel\/wordpress\/wp-content\/uploads\/2015\/09\/dz_head.gif","datePublished":"2009-01-14T14:16:14+00:00","dateModified":"2015-09-23T13:33:21+00:00","author":{"@id":"https:\/\/www.dorstener-tafel.de\/#\/schema\/person\/c9a6797db5c21dbeb0851056380dcb01"},"breadcrumb":{"@id":"https:\/\/www.dorstener-tafel.de\/?p=359#breadcrumb"},"inLanguage":"de","potentialAction":[{"@type":"ReadAction","target":["https:\/\/www.dorstener-tafel.de\/?p=359"]}]},{"@type":"ImageObject","inLanguage":"de","@id":"https:\/\/www.dorstener-tafel.de\/?p=359#primaryimage","url":"http:\/\/www.kvg-dorsten.de\/dorstener-tafel\/wordpress\/wp-content\/uploads\/2015\/09\/dz_head.gif","contentUrl":"http:\/\/www.kvg-dorsten.de\/dorstener-tafel\/wordpress\/wp-content\/uploads\/2015\/09\/dz_head.gif"},{"@type":"BreadcrumbList","@id":"https:\/\/www.dorstener-tafel.de\/?p=359#breadcrumb","itemListElement":[{"@type":"ListItem","position":1,"name":"Home","item":"https:\/\/www.dorstener-tafel.de\/"},{"@type":"ListItem","position":2,"name":"Dorstener Tafel ab Februar auch in der Innenstadt"}]},{"@type":"WebSite","@id":"https:\/\/www.dorstener-tafel.de\/#website","url":"https:\/\/www.dorstener-tafel.de\/","name":"Home | Tafel Dorsten","description":"","potentialAction":[{"@type":"SearchAction","target":{"@type":"EntryPoint","urlTemplate":"https:\/\/www.dorstener-tafel.de\/?s={search_term_string}"},"query-input":{"@type":"PropertyValueSpecification","valueRequired":true,"valueName":"search_term_string"}}],"inLanguage":"de"},{"@type":"Person","@id":"https:\/\/www.dorstener-tafel.de\/#\/schema\/person\/c9a6797db5c21dbeb0851056380dcb01","name":"jotw","image":{"@type":"ImageObject","inLanguage":"de","@id":"https:\/\/www.dorstener-tafel.de\/#\/schema\/person\/image\/","url":"https:\/\/secure.gravatar.com\/avatar\/225c6088c3bfecfbb42a2a0d5c9556b6?s=96&d=retro&r=g","contentUrl":"https:\/\/secure.gravatar.com\/avatar\/225c6088c3bfecfbb42a2a0d5c9556b6?s=96&d=retro&r=g","caption":"jotw"},"url":"https:\/\/www.dorstener-tafel.de\/?author=1"}]}},"_links":{"self":[{"href":"https:\/\/www.dorstener-tafel.de\/index.php?rest_route=\/wp\/v2\/posts\/359","targetHints":{"allow":["GET"]}}],"collection":[{"href":"https:\/\/www.dorstener-tafel.de\/index.php?rest_route=\/wp\/v2\/posts"}],"about":[{"href":"https:\/\/www.dorstener-tafel.de\/index.php?rest_route=\/wp\/v2\/types\/post"}],"author":[{"embeddable":true,"href":"https:\/\/www.dorstener-tafel.de\/index.php?rest_route=\/wp\/v2\/users\/1"}],"replies":[{"embeddable":true,"href":"https:\/\/www.dorstener-tafel.de\/index.php?rest_route=%2Fwp%2Fv2%2Fcomments&post=359"}],"version-history":[{"count":3,"href":"https:\/\/www.dorstener-tafel.de\/index.php?rest_route=\/wp\/v2\/posts\/359\/revisions"}],"predecessor-version":[{"id":363,"href":"https:\/\/www.dorstener-tafel.de\/index.php?rest_route=\/wp\/v2\/posts\/359\/revisions\/363"}],"wp:attachment":[{"href":"https:\/\/www.dorstener-tafel.de\/index.php?rest_route=%2Fwp%2Fv2%2Fmedia&parent=359"}],"wp:term":[{"taxonomy":"category","embeddable":true,"href":"https:\/\/www.dorstener-tafel.de\/index.php?rest_route=%2Fwp%2Fv2%2Fcategories&post=359"},{"taxonomy":"post_tag","embeddable":true,"href":"https:\/\/www.dorstener-tafel.de\/index.php?rest_route=%2Fwp%2Fv2%2Ftags&post=359"}],"curies":[{"name":"wp","href":"https:\/\/api.w.org\/{rel}","templated":true}]}}