{"id":331,"date":"2009-02-17T00:11:04","date_gmt":"2009-02-16T23:11:04","guid":{"rendered":"http:\/\/www.dorstener-tafel.de\/?p=331"},"modified":"2015-09-23T00:12:59","modified_gmt":"2015-09-22T22:12:59","slug":"beduerftige-bekommen-im-pfarrheim-ein-warmes-essen","status":"publish","type":"post","link":"https:\/\/www.dorstener-tafel.de\/?p=331","title":{"rendered":"Bed\u00fcrftige bekommen im Pfarrheim ein warmes Essen"},"content":{"rendered":"<div class=\"datumhead\"><a href=\"http:\/\/www.kvg-dorsten.de\/dorstener-tafel\/wordpress\/wp-content\/uploads\/2015\/09\/dz_head.gif\"><img loading=\"lazy\" decoding=\"async\" class=\"alignnone size-full wp-image-328\" src=\"http:\/\/www.kvg-dorsten.de\/dorstener-tafel\/wordpress\/wp-content\/uploads\/2015\/09\/dz_head.gif\" alt=\"dz_head\" width=\"334\" height=\"40\" \/><\/a><\/div>\n<div class=\"datumhead\"><span style=\"font-family: Tahoma;\">Mittwoch, 18. Februar 2009<\/span><\/div>\n<p><span style=\"font-family: Tahoma; font-size: x-large;\">Bed\u00fcrftige bekommen im Pfarrheim ein warmes Essen<\/span><\/p>\n<p><span style=\"font-family: Tahoma;\">Von Michael Klein am 17. Februar 2009 13:30 Uhr<\/span><\/p>\n<p><span style=\"font-family: Tahoma;\"><b>DORSTEN Ohne Ehrenamt, aber auch ohne Geld l\u00e4uft bei der Dorstener Tafel nichts. Und so verga\u00df Vorsitzender Josef Vrenegor bei der Einweihung des neuen Mittagstisches im Pfarrheim St. Agatha am Dienstag nicht, neben den vier Kochteams auch dem Dorstener Verkehrsverein zu danken.<\/b><\/span><\/p>\n<p>&nbsp;<\/p>\n<p><span style=\"font-family: Tahoma;\">Denn der sorgte mit einer Spende in H\u00f6he von 4000 Euro daf\u00fcr, dass sich die Dorstener Tafel eine K\u00fcchen-Grundausstattung leisten konnte. Ab Mittwoch sollen im Pfarrheim bed\u00fcrftige Menschen nicht nur einen Ort f\u00fcr ein g\u00fcnstiges Mittagessen vorfinden, sondern auch einen Treffpunkt, an dem sie mit anderen reden k\u00f6nnen.<\/span><\/p>\n<p>Josef Vrenegor betonte, dass nicht der Verein &#8222;Dorstener Tafel&#8220; Initiator daf\u00fcr gewesen sei, dass neben der Zentrale in Wulfen nun eine Nebenstelle in der Innenstadt aufgemacht wird. \u201eDas ist das Verdienst von Pfarrer Ulrich Franke.\u201c Der habe daf\u00fcr gesorgt, dass sich Anfang Januar 30 Frauen zusammengefunden haben, die nun in vier Schichten jeweils mittwochs und freitags f\u00fcr Bed\u00fcrftige kochen und das Essen von 12.30\u00a0bis 13.15 Uhr ausgeben.<\/p>\n<p><strong>&#8222;Es wird niemand weggeschickt&#8220;<\/strong><\/p>\n<p>Mit einem bunten Kreuz aus Honduras, das Pfarrer Ulrich Franke geschenkt worden war, weihte der Pfarrer von St. Agatha die R\u00e4umlichkeit ein. Ein Euro soll dort das Mittagsangebot kosten. \u201eWer nichts hat, wird aber nicht weggeschickt&#8220;, so Josef Vrenegor. Er hofft, dass \u201eviele Leute kommen\u201c. Auch wenn, wie Schirmherr Lambert L\u00fctkenhorst in seiner Begr\u00fc\u00dfung anmerkte, die Einweihung \u201eeigentlich kein Grund zu feiern\u201c sei: \u201eDas zeigt doch, dass es Armut in der Stadt gibt.\u201c Deswegen d\u00fcrfe man die gro\u00dfe Politik nicht aus der Verantwortung entlassen.<br \/>\n<strong><br \/>\nKeine Grundversorgung, sondern Hilfe<\/strong><\/p>\n<p>Die Tafel bedeute keine Grundversorgung, sondern sei eine Hilfe f\u00fcr Menschen, die durch das soziale Netz fallen, so Josef Vrenegor. Die Lebensmittel, die der Verein von den Dorstener Gesch\u00e4ften und Discountern bekommt, werden \u00fcbrigens per Fahrdienst von der Wulfener Zentrale, wo es bessere K\u00fchlungsm\u00f6glichkeiten gibt, nach Dorsten transportiert \u2013 jeweils am Abend vor der Ausgabe.<\/p>\n<p>Was es\u00a0 zur Premiere gibt? \u201eDas entscheiden wir spontan\u201c, erkl\u00e4rten die K\u00f6chinnen am Dienstag.<\/p>\n","protected":false},"excerpt":{"rendered":"<p>Mittwoch, 18. Februar 2009 Bed\u00fcrftige bekommen im Pfarrheim ein warmes Essen Von Michael Klein am 17. Februar 2009 13:30 Uhr [&hellip;]<\/p>\n","protected":false},"author":1,"featured_media":0,"comment_status":"open","ping_status":"open","sticky":false,"template":"","format":"standard","meta":{"footnotes":""},"categories":[1],"tags":[],"class_list":["post-331","post","type-post","status-publish","format-standard","hentry","category-allgemein"],"yoast_head":"<!-- This site is optimized with the Yoast SEO plugin v26.8 - https:\/\/yoast.com\/product\/yoast-seo-wordpress\/ -->\n<title>Bed\u00fcrftige bekommen im Pfarrheim ein warmes Essen - Home | Tafel Dorsten<\/title>\n<meta name=\"robots\" content=\"index, follow, max-snippet:-1, max-image-preview:large, max-video-preview:-1\" \/>\n<link rel=\"canonical\" href=\"https:\/\/www.dorstener-tafel.de\/?p=331\" \/>\n<meta property=\"og:locale\" content=\"de_DE\" \/>\n<meta property=\"og:type\" content=\"article\" \/>\n<meta property=\"og:title\" content=\"Bed\u00fcrftige bekommen im Pfarrheim ein warmes Essen - Home | Tafel Dorsten\" \/>\n<meta property=\"og:description\" content=\"Mittwoch, 18. Februar 2009 Bed\u00fcrftige bekommen im Pfarrheim ein warmes Essen Von Michael Klein am 17. Februar 2009 13:30 Uhr [&hellip;]\" \/>\n<meta property=\"og:url\" content=\"https:\/\/www.dorstener-tafel.de\/?p=331\" \/>\n<meta property=\"og:site_name\" content=\"Home | Tafel Dorsten\" \/>\n<meta property=\"article:publisher\" content=\"https:\/\/www.facebook.com\/Dorstener-Tafel-eV-710109832448127\/\" \/>\n<meta property=\"article:published_time\" content=\"2009-02-16T23:11:04+00:00\" \/>\n<meta property=\"article:modified_time\" content=\"2015-09-22T22:12:59+00:00\" \/>\n<meta property=\"og:image\" content=\"http:\/\/www.kvg-dorsten.de\/dorstener-tafel\/wordpress\/wp-content\/uploads\/2015\/09\/dz_head.gif\" \/>\n<meta name=\"author\" content=\"jotw\" \/>\n<meta name=\"twitter:card\" content=\"summary_large_image\" \/>\n<meta name=\"twitter:label1\" content=\"Verfasst von\" \/>\n\t<meta name=\"twitter:data1\" content=\"jotw\" \/>\n\t<meta name=\"twitter:label2\" content=\"Gesch\u00e4tzte Lesezeit\" \/>\n\t<meta name=\"twitter:data2\" content=\"2\u00a0Minuten\" \/>\n<script type=\"application\/ld+json\" class=\"yoast-schema-graph\">{\"@context\":\"https:\/\/schema.org\",\"@graph\":[{\"@type\":\"Article\",\"@id\":\"https:\/\/www.dorstener-tafel.de\/?p=331#article\",\"isPartOf\":{\"@id\":\"https:\/\/www.dorstener-tafel.de\/?p=331\"},\"author\":{\"name\":\"jotw\",\"@id\":\"https:\/\/www.dorstener-tafel.de\/#\/schema\/person\/c9a6797db5c21dbeb0851056380dcb01\"},\"headline\":\"Bed\u00fcrftige bekommen im Pfarrheim ein warmes Essen\",\"datePublished\":\"2009-02-16T23:11:04+00:00\",\"dateModified\":\"2015-09-22T22:12:59+00:00\",\"mainEntityOfPage\":{\"@id\":\"https:\/\/www.dorstener-tafel.de\/?p=331\"},\"wordCount\":362,\"commentCount\":0,\"image\":{\"@id\":\"https:\/\/www.dorstener-tafel.de\/?p=331#primaryimage\"},\"thumbnailUrl\":\"http:\/\/www.kvg-dorsten.de\/dorstener-tafel\/wordpress\/wp-content\/uploads\/2015\/09\/dz_head.gif\",\"articleSection\":[\"Aktuelles\"],\"inLanguage\":\"de\",\"potentialAction\":[{\"@type\":\"CommentAction\",\"name\":\"Comment\",\"target\":[\"https:\/\/www.dorstener-tafel.de\/?p=331#respond\"]}]},{\"@type\":\"WebPage\",\"@id\":\"https:\/\/www.dorstener-tafel.de\/?p=331\",\"url\":\"https:\/\/www.dorstener-tafel.de\/?p=331\",\"name\":\"Bed\u00fcrftige bekommen im Pfarrheim ein warmes Essen - Home | Tafel Dorsten\",\"isPartOf\":{\"@id\":\"https:\/\/www.dorstener-tafel.de\/#website\"},\"primaryImageOfPage\":{\"@id\":\"https:\/\/www.dorstener-tafel.de\/?p=331#primaryimage\"},\"image\":{\"@id\":\"https:\/\/www.dorstener-tafel.de\/?p=331#primaryimage\"},\"thumbnailUrl\":\"http:\/\/www.kvg-dorsten.de\/dorstener-tafel\/wordpress\/wp-content\/uploads\/2015\/09\/dz_head.gif\",\"datePublished\":\"2009-02-16T23:11:04+00:00\",\"dateModified\":\"2015-09-22T22:12:59+00:00\",\"author\":{\"@id\":\"https:\/\/www.dorstener-tafel.de\/#\/schema\/person\/c9a6797db5c21dbeb0851056380dcb01\"},\"breadcrumb\":{\"@id\":\"https:\/\/www.dorstener-tafel.de\/?p=331#breadcrumb\"},\"inLanguage\":\"de\",\"potentialAction\":[{\"@type\":\"ReadAction\",\"target\":[\"https:\/\/www.dorstener-tafel.de\/?p=331\"]}]},{\"@type\":\"ImageObject\",\"inLanguage\":\"de\",\"@id\":\"https:\/\/www.dorstener-tafel.de\/?p=331#primaryimage\",\"url\":\"http:\/\/www.kvg-dorsten.de\/dorstener-tafel\/wordpress\/wp-content\/uploads\/2015\/09\/dz_head.gif\",\"contentUrl\":\"http:\/\/www.kvg-dorsten.de\/dorstener-tafel\/wordpress\/wp-content\/uploads\/2015\/09\/dz_head.gif\"},{\"@type\":\"BreadcrumbList\",\"@id\":\"https:\/\/www.dorstener-tafel.de\/?p=331#breadcrumb\",\"itemListElement\":[{\"@type\":\"ListItem\",\"position\":1,\"name\":\"Home\",\"item\":\"https:\/\/www.dorstener-tafel.de\/\"},{\"@type\":\"ListItem\",\"position\":2,\"name\":\"Bed\u00fcrftige bekommen im Pfarrheim ein warmes Essen\"}]},{\"@type\":\"WebSite\",\"@id\":\"https:\/\/www.dorstener-tafel.de\/#website\",\"url\":\"https:\/\/www.dorstener-tafel.de\/\",\"name\":\"Home | Tafel Dorsten\",\"description\":\"\",\"potentialAction\":[{\"@type\":\"SearchAction\",\"target\":{\"@type\":\"EntryPoint\",\"urlTemplate\":\"https:\/\/www.dorstener-tafel.de\/?s={search_term_string}\"},\"query-input\":{\"@type\":\"PropertyValueSpecification\",\"valueRequired\":true,\"valueName\":\"search_term_string\"}}],\"inLanguage\":\"de\"},{\"@type\":\"Person\",\"@id\":\"https:\/\/www.dorstener-tafel.de\/#\/schema\/person\/c9a6797db5c21dbeb0851056380dcb01\",\"name\":\"jotw\",\"image\":{\"@type\":\"ImageObject\",\"inLanguage\":\"de\",\"@id\":\"https:\/\/www.dorstener-tafel.de\/#\/schema\/person\/image\/\",\"url\":\"https:\/\/secure.gravatar.com\/avatar\/225c6088c3bfecfbb42a2a0d5c9556b6?s=96&d=retro&r=g\",\"contentUrl\":\"https:\/\/secure.gravatar.com\/avatar\/225c6088c3bfecfbb42a2a0d5c9556b6?s=96&d=retro&r=g\",\"caption\":\"jotw\"},\"url\":\"https:\/\/www.dorstener-tafel.de\/?author=1\"}]}<\/script>\n<!-- \/ Yoast SEO plugin. -->","yoast_head_json":{"title":"Bed\u00fcrftige bekommen im Pfarrheim ein warmes Essen - Home | Tafel Dorsten","robots":{"index":"index","follow":"follow","max-snippet":"max-snippet:-1","max-image-preview":"max-image-preview:large","max-video-preview":"max-video-preview:-1"},"canonical":"https:\/\/www.dorstener-tafel.de\/?p=331","og_locale":"de_DE","og_type":"article","og_title":"Bed\u00fcrftige bekommen im Pfarrheim ein warmes Essen - Home | Tafel Dorsten","og_description":"Mittwoch, 18. Februar 2009 Bed\u00fcrftige bekommen im Pfarrheim ein warmes Essen Von Michael Klein am 17. Februar 2009 13:30 Uhr [&hellip;]","og_url":"https:\/\/www.dorstener-tafel.de\/?p=331","og_site_name":"Home | Tafel Dorsten","article_publisher":"https:\/\/www.facebook.com\/Dorstener-Tafel-eV-710109832448127\/","article_published_time":"2009-02-16T23:11:04+00:00","article_modified_time":"2015-09-22T22:12:59+00:00","og_image":[{"url":"http:\/\/www.kvg-dorsten.de\/dorstener-tafel\/wordpress\/wp-content\/uploads\/2015\/09\/dz_head.gif","type":"","width":"","height":""}],"author":"jotw","twitter_card":"summary_large_image","twitter_misc":{"Verfasst von":"jotw","Gesch\u00e4tzte Lesezeit":"2\u00a0Minuten"},"schema":{"@context":"https:\/\/schema.org","@graph":[{"@type":"Article","@id":"https:\/\/www.dorstener-tafel.de\/?p=331#article","isPartOf":{"@id":"https:\/\/www.dorstener-tafel.de\/?p=331"},"author":{"name":"jotw","@id":"https:\/\/www.dorstener-tafel.de\/#\/schema\/person\/c9a6797db5c21dbeb0851056380dcb01"},"headline":"Bed\u00fcrftige bekommen im Pfarrheim ein warmes Essen","datePublished":"2009-02-16T23:11:04+00:00","dateModified":"2015-09-22T22:12:59+00:00","mainEntityOfPage":{"@id":"https:\/\/www.dorstener-tafel.de\/?p=331"},"wordCount":362,"commentCount":0,"image":{"@id":"https:\/\/www.dorstener-tafel.de\/?p=331#primaryimage"},"thumbnailUrl":"http:\/\/www.kvg-dorsten.de\/dorstener-tafel\/wordpress\/wp-content\/uploads\/2015\/09\/dz_head.gif","articleSection":["Aktuelles"],"inLanguage":"de","potentialAction":[{"@type":"CommentAction","name":"Comment","target":["https:\/\/www.dorstener-tafel.de\/?p=331#respond"]}]},{"@type":"WebPage","@id":"https:\/\/www.dorstener-tafel.de\/?p=331","url":"https:\/\/www.dorstener-tafel.de\/?p=331","name":"Bed\u00fcrftige bekommen im Pfarrheim ein warmes Essen - Home | Tafel Dorsten","isPartOf":{"@id":"https:\/\/www.dorstener-tafel.de\/#website"},"primaryImageOfPage":{"@id":"https:\/\/www.dorstener-tafel.de\/?p=331#primaryimage"},"image":{"@id":"https:\/\/www.dorstener-tafel.de\/?p=331#primaryimage"},"thumbnailUrl":"http:\/\/www.kvg-dorsten.de\/dorstener-tafel\/wordpress\/wp-content\/uploads\/2015\/09\/dz_head.gif","datePublished":"2009-02-16T23:11:04+00:00","dateModified":"2015-09-22T22:12:59+00:00","author":{"@id":"https:\/\/www.dorstener-tafel.de\/#\/schema\/person\/c9a6797db5c21dbeb0851056380dcb01"},"breadcrumb":{"@id":"https:\/\/www.dorstener-tafel.de\/?p=331#breadcrumb"},"inLanguage":"de","potentialAction":[{"@type":"ReadAction","target":["https:\/\/www.dorstener-tafel.de\/?p=331"]}]},{"@type":"ImageObject","inLanguage":"de","@id":"https:\/\/www.dorstener-tafel.de\/?p=331#primaryimage","url":"http:\/\/www.kvg-dorsten.de\/dorstener-tafel\/wordpress\/wp-content\/uploads\/2015\/09\/dz_head.gif","contentUrl":"http:\/\/www.kvg-dorsten.de\/dorstener-tafel\/wordpress\/wp-content\/uploads\/2015\/09\/dz_head.gif"},{"@type":"BreadcrumbList","@id":"https:\/\/www.dorstener-tafel.de\/?p=331#breadcrumb","itemListElement":[{"@type":"ListItem","position":1,"name":"Home","item":"https:\/\/www.dorstener-tafel.de\/"},{"@type":"ListItem","position":2,"name":"Bed\u00fcrftige bekommen im Pfarrheim ein warmes Essen"}]},{"@type":"WebSite","@id":"https:\/\/www.dorstener-tafel.de\/#website","url":"https:\/\/www.dorstener-tafel.de\/","name":"Home | Tafel Dorsten","description":"","potentialAction":[{"@type":"SearchAction","target":{"@type":"EntryPoint","urlTemplate":"https:\/\/www.dorstener-tafel.de\/?s={search_term_string}"},"query-input":{"@type":"PropertyValueSpecification","valueRequired":true,"valueName":"search_term_string"}}],"inLanguage":"de"},{"@type":"Person","@id":"https:\/\/www.dorstener-tafel.de\/#\/schema\/person\/c9a6797db5c21dbeb0851056380dcb01","name":"jotw","image":{"@type":"ImageObject","inLanguage":"de","@id":"https:\/\/www.dorstener-tafel.de\/#\/schema\/person\/image\/","url":"https:\/\/secure.gravatar.com\/avatar\/225c6088c3bfecfbb42a2a0d5c9556b6?s=96&d=retro&r=g","contentUrl":"https:\/\/secure.gravatar.com\/avatar\/225c6088c3bfecfbb42a2a0d5c9556b6?s=96&d=retro&r=g","caption":"jotw"},"url":"https:\/\/www.dorstener-tafel.de\/?author=1"}]}},"_links":{"self":[{"href":"https:\/\/www.dorstener-tafel.de\/index.php?rest_route=\/wp\/v2\/posts\/331","targetHints":{"allow":["GET"]}}],"collection":[{"href":"https:\/\/www.dorstener-tafel.de\/index.php?rest_route=\/wp\/v2\/posts"}],"about":[{"href":"https:\/\/www.dorstener-tafel.de\/index.php?rest_route=\/wp\/v2\/types\/post"}],"author":[{"embeddable":true,"href":"https:\/\/www.dorstener-tafel.de\/index.php?rest_route=\/wp\/v2\/users\/1"}],"replies":[{"embeddable":true,"href":"https:\/\/www.dorstener-tafel.de\/index.php?rest_route=%2Fwp%2Fv2%2Fcomments&post=331"}],"version-history":[{"count":1,"href":"https:\/\/www.dorstener-tafel.de\/index.php?rest_route=\/wp\/v2\/posts\/331\/revisions"}],"predecessor-version":[{"id":332,"href":"https:\/\/www.dorstener-tafel.de\/index.php?rest_route=\/wp\/v2\/posts\/331\/revisions\/332"}],"wp:attachment":[{"href":"https:\/\/www.dorstener-tafel.de\/index.php?rest_route=%2Fwp%2Fv2%2Fmedia&parent=331"}],"wp:term":[{"taxonomy":"category","embeddable":true,"href":"https:\/\/www.dorstener-tafel.de\/index.php?rest_route=%2Fwp%2Fv2%2Fcategories&post=331"},{"taxonomy":"post_tag","embeddable":true,"href":"https:\/\/www.dorstener-tafel.de\/index.php?rest_route=%2Fwp%2Fv2%2Ftags&post=331"}],"curies":[{"name":"wp","href":"https:\/\/api.w.org\/{rel}","templated":true}]}}