{"id":253,"date":"2013-03-14T21:39:12","date_gmt":"2013-03-14T20:39:12","guid":{"rendered":"http:\/\/www.dorstener-tafel.de\/?p=253"},"modified":"2015-09-22T21:40:07","modified_gmt":"2015-09-22T19:40:07","slug":"protokoll-der-mitgliederversammlung-2013","status":"publish","type":"post","link":"https:\/\/www.dorstener-tafel.de\/?p=253","title":{"rendered":"Protokoll der Mitgliederversammlung 2013"},"content":{"rendered":"<p><span style=\"font-family: Tahoma;\">Dorstener Tafel e.V.<br \/>\nSurick 79<br \/>\n46286 Dorsten<\/span><\/p>\n<p><b>Protokoll\u00a0 der Mitgliederversammlung am 14. M\u00e4rz 2013 um 19.00 Uhr<br \/>\nOrt: Pfarrsaal St. Barbara in Dorsten\/Barkenberg<\/b><\/p>\n<p>1) Beg\u00fc\u00dfung, Bekanntgaben und Genehmigung der Tagesordnung<br \/>\nHerr Vrenegor begr\u00fc\u00dft die 24 Teilnehmer. Die Tagesordnung wird einstimmig genehmigt.<br \/>\nHerr Vrenegor erl\u00e4utert zun\u00e4chst, dass nur aktive Mitglieder Stimmrecht haben (f\u00f6rdernde Mitglieder aber nicht). Jedes Jahr findet eine Mitgliederversammlung statt, wobei alle 2 Jahre die Versammlung mit Wahlen abgehalten werden muss.<\/p>\n<p>2) Wahl eines Schriftf\u00fchrers f\u00fcr die Mitgliederversammlung<br \/>\nHerr Vrenegor wird einstimmig zum Schriftf\u00fchrer gew\u00e4hlt und nimmt die Wahl an.<\/p>\n<p>3) Wahl einer Mandatspr\u00fcfungskommission (2 Personen)<br \/>\nHerr Halm und Frau Winkel werden einstimmig gew\u00e4hlt und nehmen die Wahl an.<\/p>\n<p>4) Bericht des Vorsitzenden<br \/>\nHerr Vrenegor gibt eine \u00dcbersicht \u00fcber die Entwicklung der Dorstener Tafel vom Ursprung her, also seit dem 7. Okt. 2003.<br \/>\nRund 85 ehrenamtliche Mitglieder unterst\u00fctzen in Dorsten etwa 800 Personen erg\u00e4nzend mit Lebensmitteln, Kinderkleidern, Mittagessen und weiteren Sachen des t\u00e4glichen Lebens. Er dankte allen Mitarbeiterinnen und Mitarbeitern f\u00fcr ihren unerm\u00fcdlichen, ehrenamtlichen Einsatz. Besonders hob Herr Vrenegor die Leistung von Frau Schnatmann als Leiterin des Ladens hervor.<\/p>\n<ul>\n<li>5) Bericht der Schatzmeisterin<br \/>\nFrau Riedel berichtet, dass im Jahr 2012 ein \u00dcberschuss von 1.800,00 EUR (rund 38.000 EUR Einnahmen, rund 36.000 EUR Ausgaben) erwirtschaftet wurde. Das Jahr 2011 schloss wegen einiger notwendiger Anschaffungen dagegen mit einem Minus.<br \/>\nDie wesentlichen j\u00e4hrlichen Ausgaben stellen sich folgenderma\u00dfen dar:<\/li>\n<li>2 Fahrzeuge kosten rund 11.000,00 EUR (insbes Sprit, Versicherungen); dazu kommen Reparaturen.<\/li>\n<li><span style=\"font-family: Tahoma;\">Raummiete mit Nebenkosten rund 15.000,00 EUR<\/span><\/li>\n<li><span style=\"font-family: Tahoma;\">Versicherungen f\u00fcr die ehrenamtlichen Mitarbeiter rund 2.400,00 EUR<\/span><\/li>\n<\/ul>\n<p><span style=\"font-family: Tahoma;\"><br \/>\nDie R\u00fccklage von 45.000, EUR ist notwendig, weil bereits 2014 ein neues Fahrzeug (30.000,00 EUR) angeschafft werden muss, 15.000,- EUR sind mindestens notwendig angesichts von Schwankungen bei Einnahmen und Ausgaben.<\/span><\/p>\n<p><span style=\"font-family: Tahoma;\"><br \/>\n6) Aussprache<br \/>\n&#8212;&#8212;-<br \/>\n7) Bericht der Kassenpr\u00fcfer<br \/>\nHerr Schroer berichtet \u00fcber die Kassenpr\u00fcfung f\u00fcr den Zeitraum 1.1.2011 31.12.2012. Einnahmen und Ausgaben seien vollst\u00e4ndig aufgelistet. Alle Stichproben zu den Belegen waren in Ordnung.<\/span><\/p>\n<p>8) Entlastung des Vorstandes<br \/>\nHerr Schroer beantragt die Entlastung des Vorstands. Die Entlastung wird bei Enthaltung der betroffenen Vorstandsmitglieder einstimmig erteilt.<\/p>\n<p>9) Bericht der Mandatspr\u00fcfungskommission<br \/>\nDie Mandatspr\u00fcfungskommission stellt fest, dass 24 wahlberechtigte Mitglieder anwesend sind.<\/p>\n<p>10) Wahl von 2 Stimmenz\u00e4hler(innen) n<br \/>\nAls Stimmz\u00e4hler werden Frau Halm und Herr H\u00f6ssl einstimmig gew\u00e4hlt. Sie nehmen die Wahl an.<\/p>\n<p>11) Wahl eines Wahlleiters<br \/>\nHerr Halm wird einstimmig zum Wahlleiter gew\u00e4hlt. Er nimmt die Wahl an.<\/p>\n<p>12) Neuwahl des Vorstandes<br \/>\nHerr Vrenegor erl\u00e4utert vorweg, dass bei den Wahlen dann eine offene Abstimmung m\u00f6glich ist, wenn f\u00fcr die betreffende Funktion nur 1 Kandidat da ist und niemand Widerspruch gegen die offene Wahl erhebt. Die Mitglieder votieren unter den genannten Bedingungen einstimmig f\u00fcr die offene Abstimmung. Entsprechendes gilt auch f\u00fcr die Wahl der Beisitzer\/innen, die im Block gew\u00e4hlt werden sollen. Bei den Kandidaten\/Kandidatinnen, die nicht anwesend sind, liegt das Einverst\u00e4ndnis zur Wahl vor.<br \/>\na) Vorsitzende\/r<br \/>\nHerbert Rentmeister ist einziger Kandidat. Er wird einstimmig (bei 1 Enthaltung) gew\u00e4hlt.<br \/>\nHerbert Rentmeister nimmt die Wahl an.<\/p>\n<p>b) 1. stellv. Vorsitzende\/r<br \/>\nHedwig Schnatmann ist einzige Kandidatin. Sie wird einstimmig (bei 1 Enthaltung) gew\u00e4hlt.<br \/>\nHedwig Schnatmann nimmt die Wahl an.<\/p>\n<p>c) 2. stellv. Vorsitzende\/r<br \/>\nJosef Vrenegor ist einziger Kandidat. Er wird einstimmig (bei 1 Enthaltung) gew\u00e4hlt.<br \/>\nJosef Vrenegor nimmt die Wahl an.<\/p>\n<p>d) Schatzmeister\/in<br \/>\nUrsula Riedel ist einzige Kandidatin. Sie wird einstimmig gew\u00e4hlt.<br \/>\nUrsula Riedel nimmt die Wahl an.<\/p>\n<p>e) Stellv. Schatzmeister\/in<br \/>\nVeronika Plemper ist einzige Kandidatin. Sie wird einstimmig (bei 1 Enthaltung) gew\u00e4hlt.<br \/>\nVeronika Plemper nimmt die Wahl an.<\/p>\n<p>f) Schriftf\u00fchrer\/in<br \/>\nHugo Bechter ist einziger Kandidat. Er wird einstimmig (bei 1 Enthaltung) gew\u00e4hlt.<br \/>\nHugo Bechter nimmt die Wahl an.<\/p>\n<p>g) stellv. Schriftf\u00fchrer\/in<br \/>\nWerner Schroer ist einziger Kandidat. Er wird einstimmig gew\u00e4hlt.<br \/>\nWerner Schroer nimmt die Wahl an.<\/p>\n<p>h) sechs Beisitzer\/innen<br \/>\nPastor Franke<br \/>\nChrista Herberhold<br \/>\nMargarethe Kampert<br \/>\nBeate Michels<br \/>\nAnne Monheim<br \/>\nIngrid Sontowski<br \/>\nDie 6 Kandidaten\/Kandidatinnen werden einstimmig gew\u00e4hlt. Sie nehmen die Wahl an.<\/p>\n<p>13) Wahl von 2 Kassenpr\u00fcfern\/innen<br \/>\nAls Kassenpr\u00fcfer werden Herr Halm und Herr H\u00f6ssl vorgeschlagen und einstimmig bei 1 Enthaltung gew\u00e4hlt. Sie nehmen die Wahl an.<\/p>\n<p>14) Verschiedenes<br \/>\nAm 2. Oktober 2013 wird das 10j\u00e4hrige Bestehen der der Dorstener Tafel e.V. gefeiert. Die DHL sponsert die Feier.<\/p>\n<p>15) Schlusswort der\/des Neuen Vorsitzende\/n<br \/>\nHerr Rentmeister dankt f\u00fcr das Vertrauen der Mitglieder. Er verweist darauf, dass ein Zeitungsartikel \u00fcber \u201eUnversorgte Kinder in Dorsten\u201c den Ansto\u00df gegeben hatte, die Tafel zu gr\u00fcnden. Weiter f\u00fchrt er aus, dass durch die Tafel weitere Aktionen angesto\u00dfen worden sind: z.B. Mittagessen in der Schule, \u201eBildung schafft Zukunft\u201c, \u201eSag ja zu Dorsten\u201c usw.<br \/>\nWeiter betont er, dass eine Sache nur funktioniert, wenn viele Leute in Teams aktiv sind. Die Weihnachtsp\u00e4ckchen-Aktion werde weiter gef\u00fchrt.<\/p>\n<p>Ende der Mitgliederversammlung: 20.50 Uhr<\/p>\n<p>Dorsten, 15.3.13<\/p>\n<p><span style=\"font-family: Tahoma;\">Hugo Bechter\u00a0\u00a0\u00a0\u00a0\u00a0 Josef Vrenegor<br \/>\n(Schriftf\u00fchrer)<\/span><\/p>\n","protected":false},"excerpt":{"rendered":"<p>Dorstener Tafel e.V. Surick 79 46286 Dorsten Protokoll\u00a0 der Mitgliederversammlung am 14. M\u00e4rz 2013 um 19.00 Uhr Ort: Pfarrsaal St. [&hellip;]<\/p>\n","protected":false},"author":1,"featured_media":0,"comment_status":"open","ping_status":"open","sticky":false,"template":"","format":"standard","meta":{"footnotes":""},"categories":[1],"tags":[],"class_list":["post-253","post","type-post","status-publish","format-standard","hentry","category-allgemein"],"yoast_head":"<!-- This site is optimized with the Yoast SEO plugin v26.8 - https:\/\/yoast.com\/product\/yoast-seo-wordpress\/ -->\n<title>Protokoll der Mitgliederversammlung 2013 - Home | Tafel Dorsten<\/title>\n<meta name=\"robots\" content=\"index, follow, max-snippet:-1, max-image-preview:large, max-video-preview:-1\" \/>\n<link rel=\"canonical\" href=\"https:\/\/www.dorstener-tafel.de\/?p=253\" \/>\n<meta property=\"og:locale\" content=\"de_DE\" \/>\n<meta property=\"og:type\" content=\"article\" \/>\n<meta property=\"og:title\" content=\"Protokoll der Mitgliederversammlung 2013 - Home | Tafel Dorsten\" \/>\n<meta property=\"og:description\" content=\"Dorstener Tafel e.V. Surick 79 46286 Dorsten Protokoll\u00a0 der Mitgliederversammlung am 14. M\u00e4rz 2013 um 19.00 Uhr Ort: Pfarrsaal St. [&hellip;]\" \/>\n<meta property=\"og:url\" content=\"https:\/\/www.dorstener-tafel.de\/?p=253\" \/>\n<meta property=\"og:site_name\" content=\"Home | Tafel Dorsten\" \/>\n<meta property=\"article:publisher\" content=\"https:\/\/www.facebook.com\/Dorstener-Tafel-eV-710109832448127\/\" \/>\n<meta property=\"article:published_time\" content=\"2013-03-14T20:39:12+00:00\" \/>\n<meta property=\"article:modified_time\" content=\"2015-09-22T19:40:07+00:00\" \/>\n<meta name=\"author\" content=\"jotw\" \/>\n<meta name=\"twitter:card\" content=\"summary_large_image\" \/>\n<meta name=\"twitter:label1\" content=\"Verfasst von\" \/>\n\t<meta name=\"twitter:data1\" content=\"jotw\" \/>\n\t<meta name=\"twitter:label2\" content=\"Gesch\u00e4tzte Lesezeit\" \/>\n\t<meta name=\"twitter:data2\" content=\"4\u00a0Minuten\" \/>\n<script type=\"application\/ld+json\" class=\"yoast-schema-graph\">{\"@context\":\"https:\/\/schema.org\",\"@graph\":[{\"@type\":\"Article\",\"@id\":\"https:\/\/www.dorstener-tafel.de\/?p=253#article\",\"isPartOf\":{\"@id\":\"https:\/\/www.dorstener-tafel.de\/?p=253\"},\"author\":{\"name\":\"jotw\",\"@id\":\"https:\/\/www.dorstener-tafel.de\/#\/schema\/person\/c9a6797db5c21dbeb0851056380dcb01\"},\"headline\":\"Protokoll der Mitgliederversammlung 2013\",\"datePublished\":\"2013-03-14T20:39:12+00:00\",\"dateModified\":\"2015-09-22T19:40:07+00:00\",\"mainEntityOfPage\":{\"@id\":\"https:\/\/www.dorstener-tafel.de\/?p=253\"},\"wordCount\":788,\"commentCount\":0,\"articleSection\":[\"Aktuelles\"],\"inLanguage\":\"de\",\"potentialAction\":[{\"@type\":\"CommentAction\",\"name\":\"Comment\",\"target\":[\"https:\/\/www.dorstener-tafel.de\/?p=253#respond\"]}]},{\"@type\":\"WebPage\",\"@id\":\"https:\/\/www.dorstener-tafel.de\/?p=253\",\"url\":\"https:\/\/www.dorstener-tafel.de\/?p=253\",\"name\":\"Protokoll der Mitgliederversammlung 2013 - Home | Tafel Dorsten\",\"isPartOf\":{\"@id\":\"https:\/\/www.dorstener-tafel.de\/#website\"},\"datePublished\":\"2013-03-14T20:39:12+00:00\",\"dateModified\":\"2015-09-22T19:40:07+00:00\",\"author\":{\"@id\":\"https:\/\/www.dorstener-tafel.de\/#\/schema\/person\/c9a6797db5c21dbeb0851056380dcb01\"},\"breadcrumb\":{\"@id\":\"https:\/\/www.dorstener-tafel.de\/?p=253#breadcrumb\"},\"inLanguage\":\"de\",\"potentialAction\":[{\"@type\":\"ReadAction\",\"target\":[\"https:\/\/www.dorstener-tafel.de\/?p=253\"]}]},{\"@type\":\"BreadcrumbList\",\"@id\":\"https:\/\/www.dorstener-tafel.de\/?p=253#breadcrumb\",\"itemListElement\":[{\"@type\":\"ListItem\",\"position\":1,\"name\":\"Home\",\"item\":\"https:\/\/www.dorstener-tafel.de\/\"},{\"@type\":\"ListItem\",\"position\":2,\"name\":\"Protokoll der Mitgliederversammlung 2013\"}]},{\"@type\":\"WebSite\",\"@id\":\"https:\/\/www.dorstener-tafel.de\/#website\",\"url\":\"https:\/\/www.dorstener-tafel.de\/\",\"name\":\"Home | Tafel Dorsten\",\"description\":\"\",\"potentialAction\":[{\"@type\":\"SearchAction\",\"target\":{\"@type\":\"EntryPoint\",\"urlTemplate\":\"https:\/\/www.dorstener-tafel.de\/?s={search_term_string}\"},\"query-input\":{\"@type\":\"PropertyValueSpecification\",\"valueRequired\":true,\"valueName\":\"search_term_string\"}}],\"inLanguage\":\"de\"},{\"@type\":\"Person\",\"@id\":\"https:\/\/www.dorstener-tafel.de\/#\/schema\/person\/c9a6797db5c21dbeb0851056380dcb01\",\"name\":\"jotw\",\"image\":{\"@type\":\"ImageObject\",\"inLanguage\":\"de\",\"@id\":\"https:\/\/www.dorstener-tafel.de\/#\/schema\/person\/image\/\",\"url\":\"https:\/\/secure.gravatar.com\/avatar\/225c6088c3bfecfbb42a2a0d5c9556b6?s=96&d=retro&r=g\",\"contentUrl\":\"https:\/\/secure.gravatar.com\/avatar\/225c6088c3bfecfbb42a2a0d5c9556b6?s=96&d=retro&r=g\",\"caption\":\"jotw\"},\"url\":\"https:\/\/www.dorstener-tafel.de\/?author=1\"}]}<\/script>\n<!-- \/ Yoast SEO plugin. -->","yoast_head_json":{"title":"Protokoll der Mitgliederversammlung 2013 - Home | Tafel Dorsten","robots":{"index":"index","follow":"follow","max-snippet":"max-snippet:-1","max-image-preview":"max-image-preview:large","max-video-preview":"max-video-preview:-1"},"canonical":"https:\/\/www.dorstener-tafel.de\/?p=253","og_locale":"de_DE","og_type":"article","og_title":"Protokoll der Mitgliederversammlung 2013 - Home | Tafel Dorsten","og_description":"Dorstener Tafel e.V. Surick 79 46286 Dorsten Protokoll\u00a0 der Mitgliederversammlung am 14. M\u00e4rz 2013 um 19.00 Uhr Ort: Pfarrsaal St. [&hellip;]","og_url":"https:\/\/www.dorstener-tafel.de\/?p=253","og_site_name":"Home | Tafel Dorsten","article_publisher":"https:\/\/www.facebook.com\/Dorstener-Tafel-eV-710109832448127\/","article_published_time":"2013-03-14T20:39:12+00:00","article_modified_time":"2015-09-22T19:40:07+00:00","author":"jotw","twitter_card":"summary_large_image","twitter_misc":{"Verfasst von":"jotw","Gesch\u00e4tzte Lesezeit":"4\u00a0Minuten"},"schema":{"@context":"https:\/\/schema.org","@graph":[{"@type":"Article","@id":"https:\/\/www.dorstener-tafel.de\/?p=253#article","isPartOf":{"@id":"https:\/\/www.dorstener-tafel.de\/?p=253"},"author":{"name":"jotw","@id":"https:\/\/www.dorstener-tafel.de\/#\/schema\/person\/c9a6797db5c21dbeb0851056380dcb01"},"headline":"Protokoll der Mitgliederversammlung 2013","datePublished":"2013-03-14T20:39:12+00:00","dateModified":"2015-09-22T19:40:07+00:00","mainEntityOfPage":{"@id":"https:\/\/www.dorstener-tafel.de\/?p=253"},"wordCount":788,"commentCount":0,"articleSection":["Aktuelles"],"inLanguage":"de","potentialAction":[{"@type":"CommentAction","name":"Comment","target":["https:\/\/www.dorstener-tafel.de\/?p=253#respond"]}]},{"@type":"WebPage","@id":"https:\/\/www.dorstener-tafel.de\/?p=253","url":"https:\/\/www.dorstener-tafel.de\/?p=253","name":"Protokoll der Mitgliederversammlung 2013 - Home | Tafel Dorsten","isPartOf":{"@id":"https:\/\/www.dorstener-tafel.de\/#website"},"datePublished":"2013-03-14T20:39:12+00:00","dateModified":"2015-09-22T19:40:07+00:00","author":{"@id":"https:\/\/www.dorstener-tafel.de\/#\/schema\/person\/c9a6797db5c21dbeb0851056380dcb01"},"breadcrumb":{"@id":"https:\/\/www.dorstener-tafel.de\/?p=253#breadcrumb"},"inLanguage":"de","potentialAction":[{"@type":"ReadAction","target":["https:\/\/www.dorstener-tafel.de\/?p=253"]}]},{"@type":"BreadcrumbList","@id":"https:\/\/www.dorstener-tafel.de\/?p=253#breadcrumb","itemListElement":[{"@type":"ListItem","position":1,"name":"Home","item":"https:\/\/www.dorstener-tafel.de\/"},{"@type":"ListItem","position":2,"name":"Protokoll der Mitgliederversammlung 2013"}]},{"@type":"WebSite","@id":"https:\/\/www.dorstener-tafel.de\/#website","url":"https:\/\/www.dorstener-tafel.de\/","name":"Home | Tafel Dorsten","description":"","potentialAction":[{"@type":"SearchAction","target":{"@type":"EntryPoint","urlTemplate":"https:\/\/www.dorstener-tafel.de\/?s={search_term_string}"},"query-input":{"@type":"PropertyValueSpecification","valueRequired":true,"valueName":"search_term_string"}}],"inLanguage":"de"},{"@type":"Person","@id":"https:\/\/www.dorstener-tafel.de\/#\/schema\/person\/c9a6797db5c21dbeb0851056380dcb01","name":"jotw","image":{"@type":"ImageObject","inLanguage":"de","@id":"https:\/\/www.dorstener-tafel.de\/#\/schema\/person\/image\/","url":"https:\/\/secure.gravatar.com\/avatar\/225c6088c3bfecfbb42a2a0d5c9556b6?s=96&d=retro&r=g","contentUrl":"https:\/\/secure.gravatar.com\/avatar\/225c6088c3bfecfbb42a2a0d5c9556b6?s=96&d=retro&r=g","caption":"jotw"},"url":"https:\/\/www.dorstener-tafel.de\/?author=1"}]}},"_links":{"self":[{"href":"https:\/\/www.dorstener-tafel.de\/index.php?rest_route=\/wp\/v2\/posts\/253","targetHints":{"allow":["GET"]}}],"collection":[{"href":"https:\/\/www.dorstener-tafel.de\/index.php?rest_route=\/wp\/v2\/posts"}],"about":[{"href":"https:\/\/www.dorstener-tafel.de\/index.php?rest_route=\/wp\/v2\/types\/post"}],"author":[{"embeddable":true,"href":"https:\/\/www.dorstener-tafel.de\/index.php?rest_route=\/wp\/v2\/users\/1"}],"replies":[{"embeddable":true,"href":"https:\/\/www.dorstener-tafel.de\/index.php?rest_route=%2Fwp%2Fv2%2Fcomments&post=253"}],"version-history":[{"count":1,"href":"https:\/\/www.dorstener-tafel.de\/index.php?rest_route=\/wp\/v2\/posts\/253\/revisions"}],"predecessor-version":[{"id":254,"href":"https:\/\/www.dorstener-tafel.de\/index.php?rest_route=\/wp\/v2\/posts\/253\/revisions\/254"}],"wp:attachment":[{"href":"https:\/\/www.dorstener-tafel.de\/index.php?rest_route=%2Fwp%2Fv2%2Fmedia&parent=253"}],"wp:term":[{"taxonomy":"category","embeddable":true,"href":"https:\/\/www.dorstener-tafel.de\/index.php?rest_route=%2Fwp%2Fv2%2Fcategories&post=253"},{"taxonomy":"post_tag","embeddable":true,"href":"https:\/\/www.dorstener-tafel.de\/index.php?rest_route=%2Fwp%2Fv2%2Ftags&post=253"}],"curies":[{"name":"wp","href":"https:\/\/api.w.org\/{rel}","templated":true}]}}