{"id":2374,"date":"2023-06-14T13:32:28","date_gmt":"2023-06-14T11:32:28","guid":{"rendered":"https:\/\/www.dorstener-tafel.de\/?p=2374"},"modified":"2023-06-14T13:32:28","modified_gmt":"2023-06-14T11:32:28","slug":"argentinien-gewinnt-auch-die-kicker-wm-der-montagskickerer","status":"publish","type":"post","link":"https:\/\/www.dorstener-tafel.de\/?p=2374","title":{"rendered":"Argentinien gewinnt auch die Kicker-WM der Montagskickerer"},"content":{"rendered":"<p><strong>32 Teams k\u00e4mpfen um den Kickertitel und f\u00fcr den guten Zweck <\/strong><\/p>\n<p><strong>Feldmark: Kicker-WM am 15.04.2023 <\/strong><\/p>\n<p><strong>Die Montagskickerer 99 Josef Hohenhinnebusch, Uwe Haase, Werner Kuhlmann, Thomas Robert, Traugott Paul, Stefan Schroer und Kickerfreunde organisierten zum 3. Mal die Kicker-Weltmeisterschaft. <\/strong><\/p>\n<p>Die Kickerarena wurde uns von Familie Rexfort vom Lohmannskamp auch dieses Jahr wieder zur Verf\u00fcgung gestellt. So konnten sich die \u00fcber 60 Spieler in 32 Teams spannende Spiele auf hohem Niveau liefern. Anfeuerungsrufe der Zuschauer und Spieler, vermischt mit Tor- und Siegesjubel, spornten die Teams weiter an. Die Vorrunde wurde nach dem Spielplan der Fu\u00dfball-WM 2022 in acht Gruppen mit je vier Mannschaften gespielt. Die Erst- und Zweitplatzierten der Gruppen qualifizierten sich f\u00fcr die K.O.-Runde.<\/p>\n<p>Nach mehr als f\u00fcnf Stunden, nach einigen Kaltgetr\u00e4nken und mancher Bratwurst, standen die Finalspiele fest. Im Spiel um Platz 3 setzten sich Team Mexiko (Nils Gross\/Christoph Taschke) in einem spannenden Spiel mit 11 zu 10 gegen Team Kroatien (D. Wagner\/Detlev Blank) durch.<\/p>\n<p>Im Endspiel trafen nicht wie bei der Fu\u00dfball-WM 2022 Argentinien und Frankreich aufeinander, sondern Team Argentinien (Finn Schroer\/Oliver Priech) und Team S\u00fcd-Korea (Dirk Wagner\/Robin Jansen). Die Argentinier setzten sich deutlich mit 10 zu 2 Toren durch. Die drei bestplatzierten Teams erhielten als Preis jeweils ein f\u00fcnf Literf\u00e4sschen Bier. Den Wanderpokal darf Argentinien bis zum n\u00e4chsten Turnier gut pflegen.<\/p>\n<p>Der Gewinn aus dem Turnier wurde von den Montagskickerer 99 auf 1000 \u20ac aufgestockt. So konnten am 05.06.2023 jeweils 500 \u20ac an die Mr. Trucker Kinderhilfe e.V. und die Dorstener Tafel e.V. gespendet werden. Die Vertreter der sozialen Projekte nahmen die Spende bei einem gemeinsamen Abendessen im Stammlokal \u201eDeutsches Eck\u201c dankbar entgegen.<\/p>\n<p>Bildunterschrift: Vordere Reihe v. l. n. r.: Uwe Haase, Norbert Holz (Mr. Trucker Kinderhilfe e.V.), Dirk Wagner, Werner Kuhlmann, Traugott Pauli, Dirk Werwer (Dorstener Tafel e.V.), mittlere Reihe v. l. n. r.: Thomas Robert, Oliver Priedigkeit, Stefan Schroer, hintere Reihe v. l. n. r.: Lars Knohl, Michael Klapheck, Marco Aldenhoff, auf dem Foto fehlen: Josef Hohenhinnebusch, Matthias Soballa<\/p>\n","protected":false},"excerpt":{"rendered":"<p>32 Teams k\u00e4mpfen um den Kickertitel und f\u00fcr den guten Zweck Feldmark: Kicker-WM am 15.04.2023 Die Montagskickerer 99 Josef Hohenhinnebusch, [&hellip;]<\/p>\n","protected":false},"author":2,"featured_media":2375,"comment_status":"open","ping_status":"closed","sticky":false,"template":"","format":"standard","meta":{"footnotes":""},"categories":[1],"tags":[],"class_list":["post-2374","post","type-post","status-publish","format-standard","has-post-thumbnail","hentry","category-allgemein"],"yoast_head":"<!-- This site is optimized with the Yoast SEO plugin v26.8 - https:\/\/yoast.com\/product\/yoast-seo-wordpress\/ -->\n<title>Argentinien gewinnt auch die Kicker-WM der Montagskickerer - Home | Tafel Dorsten<\/title>\n<meta name=\"robots\" content=\"index, follow, max-snippet:-1, max-image-preview:large, max-video-preview:-1\" \/>\n<link rel=\"canonical\" href=\"https:\/\/www.dorstener-tafel.de\/?p=2374\" \/>\n<meta property=\"og:locale\" content=\"de_DE\" \/>\n<meta property=\"og:type\" content=\"article\" \/>\n<meta property=\"og:title\" content=\"Argentinien gewinnt auch die Kicker-WM der Montagskickerer - Home | Tafel Dorsten\" \/>\n<meta property=\"og:description\" content=\"32 Teams k\u00e4mpfen um den Kickertitel und f\u00fcr den guten Zweck Feldmark: Kicker-WM am 15.04.2023 Die Montagskickerer 99 Josef Hohenhinnebusch, [&hellip;]\" \/>\n<meta property=\"og:url\" content=\"https:\/\/www.dorstener-tafel.de\/?p=2374\" \/>\n<meta property=\"og:site_name\" content=\"Home | Tafel Dorsten\" \/>\n<meta property=\"article:publisher\" content=\"https:\/\/www.facebook.com\/Dorstener-Tafel-eV-710109832448127\/\" \/>\n<meta property=\"article:published_time\" content=\"2023-06-14T11:32:28+00:00\" \/>\n<meta property=\"og:image\" content=\"https:\/\/www.kvg-dorsten.de\/dorstener-tafel\/wordpress\/wp-content\/uploads\/2023\/06\/IMG_20230605_183636-Ausschnitt.jpg\" \/>\n\t<meta property=\"og:image:width\" content=\"1477\" \/>\n\t<meta property=\"og:image:height\" content=\"1392\" \/>\n\t<meta property=\"og:image:type\" content=\"image\/jpeg\" \/>\n<meta name=\"author\" content=\"Dirk Werwer\" \/>\n<meta name=\"twitter:card\" content=\"summary_large_image\" \/>\n<meta name=\"twitter:label1\" content=\"Verfasst von\" \/>\n\t<meta name=\"twitter:data1\" content=\"Dirk Werwer\" \/>\n\t<meta name=\"twitter:label2\" content=\"Gesch\u00e4tzte Lesezeit\" \/>\n\t<meta name=\"twitter:data2\" content=\"2\u00a0Minuten\" \/>\n<script type=\"application\/ld+json\" class=\"yoast-schema-graph\">{\"@context\":\"https:\/\/schema.org\",\"@graph\":[{\"@type\":\"Article\",\"@id\":\"https:\/\/www.dorstener-tafel.de\/?p=2374#article\",\"isPartOf\":{\"@id\":\"https:\/\/www.dorstener-tafel.de\/?p=2374\"},\"author\":{\"name\":\"Dirk Werwer\",\"@id\":\"https:\/\/www.dorstener-tafel.de\/#\/schema\/person\/75e0906e4c2b6af10e02c5804f2c98e1\"},\"headline\":\"Argentinien gewinnt auch die Kicker-WM der Montagskickerer\",\"datePublished\":\"2023-06-14T11:32:28+00:00\",\"mainEntityOfPage\":{\"@id\":\"https:\/\/www.dorstener-tafel.de\/?p=2374\"},\"wordCount\":333,\"commentCount\":0,\"image\":{\"@id\":\"https:\/\/www.dorstener-tafel.de\/?p=2374#primaryimage\"},\"thumbnailUrl\":\"https:\/\/www.kvg-dorsten.de\/dorstener-tafel\/wordpress\/wp-content\/uploads\/2023\/06\/IMG_20230605_183636-Ausschnitt.jpg\",\"articleSection\":[\"Aktuelles\"],\"inLanguage\":\"de\",\"potentialAction\":[{\"@type\":\"CommentAction\",\"name\":\"Comment\",\"target\":[\"https:\/\/www.dorstener-tafel.de\/?p=2374#respond\"]}]},{\"@type\":\"WebPage\",\"@id\":\"https:\/\/www.dorstener-tafel.de\/?p=2374\",\"url\":\"https:\/\/www.dorstener-tafel.de\/?p=2374\",\"name\":\"Argentinien gewinnt auch die Kicker-WM der Montagskickerer - Home | Tafel Dorsten\",\"isPartOf\":{\"@id\":\"https:\/\/www.dorstener-tafel.de\/#website\"},\"primaryImageOfPage\":{\"@id\":\"https:\/\/www.dorstener-tafel.de\/?p=2374#primaryimage\"},\"image\":{\"@id\":\"https:\/\/www.dorstener-tafel.de\/?p=2374#primaryimage\"},\"thumbnailUrl\":\"https:\/\/www.kvg-dorsten.de\/dorstener-tafel\/wordpress\/wp-content\/uploads\/2023\/06\/IMG_20230605_183636-Ausschnitt.jpg\",\"datePublished\":\"2023-06-14T11:32:28+00:00\",\"author\":{\"@id\":\"https:\/\/www.dorstener-tafel.de\/#\/schema\/person\/75e0906e4c2b6af10e02c5804f2c98e1\"},\"breadcrumb\":{\"@id\":\"https:\/\/www.dorstener-tafel.de\/?p=2374#breadcrumb\"},\"inLanguage\":\"de\",\"potentialAction\":[{\"@type\":\"ReadAction\",\"target\":[\"https:\/\/www.dorstener-tafel.de\/?p=2374\"]}]},{\"@type\":\"ImageObject\",\"inLanguage\":\"de\",\"@id\":\"https:\/\/www.dorstener-tafel.de\/?p=2374#primaryimage\",\"url\":\"https:\/\/www.kvg-dorsten.de\/dorstener-tafel\/wordpress\/wp-content\/uploads\/2023\/06\/IMG_20230605_183636-Ausschnitt.jpg\",\"contentUrl\":\"https:\/\/www.kvg-dorsten.de\/dorstener-tafel\/wordpress\/wp-content\/uploads\/2023\/06\/IMG_20230605_183636-Ausschnitt.jpg\",\"width\":1477,\"height\":1392,\"caption\":\"Die Montagskickerer 99 Josef Hohenhinnebusch, Uwe Haase, Werner Kuhlmann, Thomas Robert, Traugott Paul, Stefan Schroer und Kickerfreunde\"},{\"@type\":\"BreadcrumbList\",\"@id\":\"https:\/\/www.dorstener-tafel.de\/?p=2374#breadcrumb\",\"itemListElement\":[{\"@type\":\"ListItem\",\"position\":1,\"name\":\"Home\",\"item\":\"https:\/\/www.dorstener-tafel.de\/\"},{\"@type\":\"ListItem\",\"position\":2,\"name\":\"Argentinien gewinnt auch die Kicker-WM der Montagskickerer\"}]},{\"@type\":\"WebSite\",\"@id\":\"https:\/\/www.dorstener-tafel.de\/#website\",\"url\":\"https:\/\/www.dorstener-tafel.de\/\",\"name\":\"Home | Tafel Dorsten\",\"description\":\"\",\"potentialAction\":[{\"@type\":\"SearchAction\",\"target\":{\"@type\":\"EntryPoint\",\"urlTemplate\":\"https:\/\/www.dorstener-tafel.de\/?s={search_term_string}\"},\"query-input\":{\"@type\":\"PropertyValueSpecification\",\"valueRequired\":true,\"valueName\":\"search_term_string\"}}],\"inLanguage\":\"de\"},{\"@type\":\"Person\",\"@id\":\"https:\/\/www.dorstener-tafel.de\/#\/schema\/person\/75e0906e4c2b6af10e02c5804f2c98e1\",\"name\":\"Dirk Werwer\",\"image\":{\"@type\":\"ImageObject\",\"inLanguage\":\"de\",\"@id\":\"https:\/\/www.dorstener-tafel.de\/#\/schema\/person\/image\/\",\"url\":\"https:\/\/secure.gravatar.com\/avatar\/7231c91484f831974b2579bfc56d9bec?s=96&d=retro&r=g\",\"contentUrl\":\"https:\/\/secure.gravatar.com\/avatar\/7231c91484f831974b2579bfc56d9bec?s=96&d=retro&r=g\",\"caption\":\"Dirk Werwer\"},\"url\":\"https:\/\/www.dorstener-tafel.de\/?author=2\"}]}<\/script>\n<!-- \/ Yoast SEO plugin. -->","yoast_head_json":{"title":"Argentinien gewinnt auch die Kicker-WM der Montagskickerer - Home | Tafel Dorsten","robots":{"index":"index","follow":"follow","max-snippet":"max-snippet:-1","max-image-preview":"max-image-preview:large","max-video-preview":"max-video-preview:-1"},"canonical":"https:\/\/www.dorstener-tafel.de\/?p=2374","og_locale":"de_DE","og_type":"article","og_title":"Argentinien gewinnt auch die Kicker-WM der Montagskickerer - Home | Tafel Dorsten","og_description":"32 Teams k\u00e4mpfen um den Kickertitel und f\u00fcr den guten Zweck Feldmark: Kicker-WM am 15.04.2023 Die Montagskickerer 99 Josef Hohenhinnebusch, [&hellip;]","og_url":"https:\/\/www.dorstener-tafel.de\/?p=2374","og_site_name":"Home | Tafel Dorsten","article_publisher":"https:\/\/www.facebook.com\/Dorstener-Tafel-eV-710109832448127\/","article_published_time":"2023-06-14T11:32:28+00:00","og_image":[{"width":1477,"height":1392,"url":"https:\/\/www.kvg-dorsten.de\/dorstener-tafel\/wordpress\/wp-content\/uploads\/2023\/06\/IMG_20230605_183636-Ausschnitt.jpg","type":"image\/jpeg"}],"author":"Dirk Werwer","twitter_card":"summary_large_image","twitter_misc":{"Verfasst von":"Dirk Werwer","Gesch\u00e4tzte Lesezeit":"2\u00a0Minuten"},"schema":{"@context":"https:\/\/schema.org","@graph":[{"@type":"Article","@id":"https:\/\/www.dorstener-tafel.de\/?p=2374#article","isPartOf":{"@id":"https:\/\/www.dorstener-tafel.de\/?p=2374"},"author":{"name":"Dirk Werwer","@id":"https:\/\/www.dorstener-tafel.de\/#\/schema\/person\/75e0906e4c2b6af10e02c5804f2c98e1"},"headline":"Argentinien gewinnt auch die Kicker-WM der Montagskickerer","datePublished":"2023-06-14T11:32:28+00:00","mainEntityOfPage":{"@id":"https:\/\/www.dorstener-tafel.de\/?p=2374"},"wordCount":333,"commentCount":0,"image":{"@id":"https:\/\/www.dorstener-tafel.de\/?p=2374#primaryimage"},"thumbnailUrl":"https:\/\/www.kvg-dorsten.de\/dorstener-tafel\/wordpress\/wp-content\/uploads\/2023\/06\/IMG_20230605_183636-Ausschnitt.jpg","articleSection":["Aktuelles"],"inLanguage":"de","potentialAction":[{"@type":"CommentAction","name":"Comment","target":["https:\/\/www.dorstener-tafel.de\/?p=2374#respond"]}]},{"@type":"WebPage","@id":"https:\/\/www.dorstener-tafel.de\/?p=2374","url":"https:\/\/www.dorstener-tafel.de\/?p=2374","name":"Argentinien gewinnt auch die Kicker-WM der Montagskickerer - Home | Tafel Dorsten","isPartOf":{"@id":"https:\/\/www.dorstener-tafel.de\/#website"},"primaryImageOfPage":{"@id":"https:\/\/www.dorstener-tafel.de\/?p=2374#primaryimage"},"image":{"@id":"https:\/\/www.dorstener-tafel.de\/?p=2374#primaryimage"},"thumbnailUrl":"https:\/\/www.kvg-dorsten.de\/dorstener-tafel\/wordpress\/wp-content\/uploads\/2023\/06\/IMG_20230605_183636-Ausschnitt.jpg","datePublished":"2023-06-14T11:32:28+00:00","author":{"@id":"https:\/\/www.dorstener-tafel.de\/#\/schema\/person\/75e0906e4c2b6af10e02c5804f2c98e1"},"breadcrumb":{"@id":"https:\/\/www.dorstener-tafel.de\/?p=2374#breadcrumb"},"inLanguage":"de","potentialAction":[{"@type":"ReadAction","target":["https:\/\/www.dorstener-tafel.de\/?p=2374"]}]},{"@type":"ImageObject","inLanguage":"de","@id":"https:\/\/www.dorstener-tafel.de\/?p=2374#primaryimage","url":"https:\/\/www.kvg-dorsten.de\/dorstener-tafel\/wordpress\/wp-content\/uploads\/2023\/06\/IMG_20230605_183636-Ausschnitt.jpg","contentUrl":"https:\/\/www.kvg-dorsten.de\/dorstener-tafel\/wordpress\/wp-content\/uploads\/2023\/06\/IMG_20230605_183636-Ausschnitt.jpg","width":1477,"height":1392,"caption":"Die Montagskickerer 99 Josef Hohenhinnebusch, Uwe Haase, Werner Kuhlmann, Thomas Robert, Traugott Paul, Stefan Schroer und Kickerfreunde"},{"@type":"BreadcrumbList","@id":"https:\/\/www.dorstener-tafel.de\/?p=2374#breadcrumb","itemListElement":[{"@type":"ListItem","position":1,"name":"Home","item":"https:\/\/www.dorstener-tafel.de\/"},{"@type":"ListItem","position":2,"name":"Argentinien gewinnt auch die Kicker-WM der Montagskickerer"}]},{"@type":"WebSite","@id":"https:\/\/www.dorstener-tafel.de\/#website","url":"https:\/\/www.dorstener-tafel.de\/","name":"Home | Tafel Dorsten","description":"","potentialAction":[{"@type":"SearchAction","target":{"@type":"EntryPoint","urlTemplate":"https:\/\/www.dorstener-tafel.de\/?s={search_term_string}"},"query-input":{"@type":"PropertyValueSpecification","valueRequired":true,"valueName":"search_term_string"}}],"inLanguage":"de"},{"@type":"Person","@id":"https:\/\/www.dorstener-tafel.de\/#\/schema\/person\/75e0906e4c2b6af10e02c5804f2c98e1","name":"Dirk Werwer","image":{"@type":"ImageObject","inLanguage":"de","@id":"https:\/\/www.dorstener-tafel.de\/#\/schema\/person\/image\/","url":"https:\/\/secure.gravatar.com\/avatar\/7231c91484f831974b2579bfc56d9bec?s=96&d=retro&r=g","contentUrl":"https:\/\/secure.gravatar.com\/avatar\/7231c91484f831974b2579bfc56d9bec?s=96&d=retro&r=g","caption":"Dirk Werwer"},"url":"https:\/\/www.dorstener-tafel.de\/?author=2"}]}},"_links":{"self":[{"href":"https:\/\/www.dorstener-tafel.de\/index.php?rest_route=\/wp\/v2\/posts\/2374","targetHints":{"allow":["GET"]}}],"collection":[{"href":"https:\/\/www.dorstener-tafel.de\/index.php?rest_route=\/wp\/v2\/posts"}],"about":[{"href":"https:\/\/www.dorstener-tafel.de\/index.php?rest_route=\/wp\/v2\/types\/post"}],"author":[{"embeddable":true,"href":"https:\/\/www.dorstener-tafel.de\/index.php?rest_route=\/wp\/v2\/users\/2"}],"replies":[{"embeddable":true,"href":"https:\/\/www.dorstener-tafel.de\/index.php?rest_route=%2Fwp%2Fv2%2Fcomments&post=2374"}],"version-history":[{"count":1,"href":"https:\/\/www.dorstener-tafel.de\/index.php?rest_route=\/wp\/v2\/posts\/2374\/revisions"}],"predecessor-version":[{"id":2376,"href":"https:\/\/www.dorstener-tafel.de\/index.php?rest_route=\/wp\/v2\/posts\/2374\/revisions\/2376"}],"wp:featuredmedia":[{"embeddable":true,"href":"https:\/\/www.dorstener-tafel.de\/index.php?rest_route=\/wp\/v2\/media\/2375"}],"wp:attachment":[{"href":"https:\/\/www.dorstener-tafel.de\/index.php?rest_route=%2Fwp%2Fv2%2Fmedia&parent=2374"}],"wp:term":[{"taxonomy":"category","embeddable":true,"href":"https:\/\/www.dorstener-tafel.de\/index.php?rest_route=%2Fwp%2Fv2%2Fcategories&post=2374"},{"taxonomy":"post_tag","embeddable":true,"href":"https:\/\/www.dorstener-tafel.de\/index.php?rest_route=%2Fwp%2Fv2%2Ftags&post=2374"}],"curies":[{"name":"wp","href":"https:\/\/api.w.org\/{rel}","templated":true}]}}