{"id":2353,"date":"2022-12-21T09:06:07","date_gmt":"2022-12-21T08:06:07","guid":{"rendered":"https:\/\/www.dorstener-tafel.de\/?p=2353"},"modified":"2022-12-21T09:08:53","modified_gmt":"2022-12-21T08:08:53","slug":"2353","status":"publish","type":"post","link":"https:\/\/www.dorstener-tafel.de\/?p=2353","title":{"rendered":"Weihnachtszeit ist Spendenzeit!"},"content":{"rendered":"<p>Bei der Tafel Dorsten gehen zur Zeit sehr viele Spenden ein und das ist auch gut so!<\/p>\n<p>So wurden uns am Samstag vor dem vierten Advent in kurzem Abstand zwei Spenden aus dem Ortsteil Hervest \u00fcberreicht.<\/p>\n<p>Der SPD-Ortsverein Hervest-Dorsten hat bei seinen Mitgliedern gesammelt und es kam der stolze Betrag von 1200 \u20ac zusammen!<\/p>\n<p><a href=\"https:\/\/www.kvg-dorsten.de\/dorstener-tafel\/wordpress\/wp-content\/uploads\/2022\/12\/spd-ov.jpg\"><img loading=\"lazy\" decoding=\"async\" class=\"alignnone size-medium wp-image-2355\" src=\"https:\/\/www.kvg-dorsten.de\/dorstener-tafel\/wordpress\/wp-content\/uploads\/2022\/12\/spd-ov-300x214.jpg\" alt=\"\" width=\"300\" height=\"214\" srcset=\"https:\/\/www.kvg-dorsten.de\/dorstener-tafel\/wordpress\/wp-content\/uploads\/2022\/12\/spd-ov-300x214.jpg 300w, https:\/\/www.kvg-dorsten.de\/dorstener-tafel\/wordpress\/wp-content\/uploads\/2022\/12\/spd-ov-1024x729.jpg 1024w, https:\/\/www.kvg-dorsten.de\/dorstener-tafel\/wordpress\/wp-content\/uploads\/2022\/12\/spd-ov-768x547.jpg 768w, https:\/\/www.kvg-dorsten.de\/dorstener-tafel\/wordpress\/wp-content\/uploads\/2022\/12\/spd-ov.jpg 1387w\" sizes=\"auto, (max-width: 300px) 100vw, 300px\" \/><\/a><\/p>\n<p>(von li.: Dr. Werner Duismann,\u00a0 Marina Talaga, Dirk Gro\u00df, Herbert Rentmeister)<\/p>\n<p>So konnten uns drei Vorstandsmitglieder Einkaufsgutscheine von verschiedenen Dorstener Gesch\u00e4ften \u00fcbergeben, die wir an unsere Kundinnen und Kunden weiter geben k\u00f6nnen. \u00dcberrascht wurden wir von einem Pr\u00e4sentkorb mit Kaffee und liebevoll abgepackten selbstgebackenen Pl\u00e4tzchen f\u00fcr unsere Mitarbeiterinnen und Mitarbeiter. Wir freuen uns \u00fcber diese Wertsch\u00e4tzung unserer Arbeit!<\/p>\n<p>Freuen durften wir uns auch \u00fcber eine Spende des SuS Tennisvereins Hervest-Dorsten. Heike Schnieders und Patrick Steffes \u00fcbergaben uns einen symbolischen Spendenscheck aus der Sammelaktion w\u00e4hrend des \u201eRudelguckens2 bei der Fu\u00dfball-WM. Das fr\u00fche Ausscheiden der deutschen Mannschaft hat das Sammelergebnis nicht getr\u00fcbt!<\/p>\n<p><a href=\"https:\/\/www.kvg-dorsten.de\/dorstener-tafel\/wordpress\/wp-content\/uploads\/2022\/12\/IMG_2158-scaled.jpg\"><img loading=\"lazy\" decoding=\"async\" class=\"alignnone size-medium wp-image-2356\" src=\"https:\/\/www.kvg-dorsten.de\/dorstener-tafel\/wordpress\/wp-content\/uploads\/2022\/12\/IMG_2158-300x225.jpg\" alt=\"\" width=\"300\" height=\"225\" srcset=\"https:\/\/www.kvg-dorsten.de\/dorstener-tafel\/wordpress\/wp-content\/uploads\/2022\/12\/IMG_2158-300x225.jpg 300w, https:\/\/www.kvg-dorsten.de\/dorstener-tafel\/wordpress\/wp-content\/uploads\/2022\/12\/IMG_2158-1024x768.jpg 1024w, https:\/\/www.kvg-dorsten.de\/dorstener-tafel\/wordpress\/wp-content\/uploads\/2022\/12\/IMG_2158-768x576.jpg 768w, https:\/\/www.kvg-dorsten.de\/dorstener-tafel\/wordpress\/wp-content\/uploads\/2022\/12\/IMG_2158-1536x1152.jpg 1536w, https:\/\/www.kvg-dorsten.de\/dorstener-tafel\/wordpress\/wp-content\/uploads\/2022\/12\/IMG_2158-2048x1536.jpg 2048w\" sizes=\"auto, (max-width: 300px) 100vw, 300px\" \/><\/a><\/p>\n<p>(von li.: Patrick Steffes , Herbert Rentmeister, Heike Schnieders)<\/p>\n<p>Dank sagen wir f\u00fcr diese und all die anderen Spenden, die im Moment bei uns eingehen.<\/p>\n<p>So haben in mehreren Firmen die Mitarbeiterinnen und Mitarbeiter auf Weihnachtsgeschenke verzichtet und den Betrag gesammelt an uns gespendet. Gleichzeitig verzichteten diese Firmen auch auf Geschenke f\u00fcr die Kundinnen und Kunden, so dass hohe Betr\u00e4ge f\u00fcr die Tafel Dorsten gespendet wurden.<\/p>\n<p>Wir bedanken uns bei den Mitarbeiterinnen und Mitarbeitern, den Kundinnen und Kunden und der Gesch\u00e4ftsf\u00fchrung der Firmen:<\/p>\n<p><strong>Autohaus Borgmann<\/strong><\/p>\n<p><strong>Tischlerei G\u00f6rg<\/strong><\/p>\n<p><strong>Haartraum Anja Spitzer<\/strong><\/p>\n<p><strong>August Preuss GmbH<\/strong><\/p>\n<p>Auch an Kinderg\u00e4rten und Schulen wurde f\u00fcr die Tafel Dorsten gesammelt. Die noch sehr jungen Kinder haben sich Gedanken gemacht, was andere Kinder gebrauchen k\u00f6nnten, deren Eltern nicht so viel Geld verdienen.Das sind sehr gute Aktionen, die immer wieder gerne von uns begleitet werden.<\/p>\n<p>Wir danken den Kindern und den Erzieherinnen und Erziehern und den Lehrkr\u00e4ften:<\/p>\n<p><strong>Kindergarten Wittenbrink<\/strong><\/p>\n<p><strong>Kinderg\u00e4rten St. Agatha Westwall und Falkenstra\u00dfe<\/strong><\/p>\n<p><strong>Kindergarten St. Johannes<\/strong><\/p>\n<p><strong>Kindergarten St. Bonifatius<\/strong><\/p>\n<p><strong>Agathaschule<\/strong><\/p>\n<p><strong>Gymnasium Petrinum<\/strong><\/p>\n<p>Erw\u00e4hnen m\u00f6chten wir auch die Landwirte, die uns regelm\u00e4\u00dfig mit Lebensmittelspenden unterst\u00fctzen.<\/p>\n<p>Dazu haben uns viele Menschen Spenden in unterschiedlicher H\u00f6he \u00fcberwiesen. Wir m\u00f6chten uns bei jeder Spenderin, bei jedem Spender bedanken!<\/p>\n<p>Sie helfen der Tafel Dorsten und damit den Bed\u00fcrftigen dieser Stadt, die den Weg zu uns suchen.<\/p>\n<p>Von dieser Stelle Ihnen allen herzlichen Dank! Jeder Euro z\u00e4hlt!<\/p>\n<p>Ihnen allen, Ihren Familien, unseren Mitarbeiterinnen und Mitarbeitern und vor allem unseren Kundinnen und Kunden w\u00fcnschen wir ein friedvolles Weihnachtsfest und einen guten Rutsch ins Neue Jahr!<\/p>\n<p>&nbsp;<\/p>\n<h6><\/h6>\n<h6><\/h6>\n","protected":false},"excerpt":{"rendered":"<p>Bei der Tafel Dorsten gehen zur Zeit sehr viele Spenden ein und das ist auch gut so! So wurden uns [&hellip;]<\/p>\n","protected":false},"author":2,"featured_media":2354,"comment_status":"open","ping_status":"closed","sticky":false,"template":"","format":"standard","meta":{"footnotes":""},"categories":[1],"tags":[],"class_list":["post-2353","post","type-post","status-publish","format-standard","has-post-thumbnail","hentry","category-allgemein"],"yoast_head":"<!-- This site is optimized with the Yoast SEO plugin v26.8 - https:\/\/yoast.com\/product\/yoast-seo-wordpress\/ -->\n<title>Weihnachtszeit ist Spendenzeit! - Home | Tafel Dorsten<\/title>\n<meta name=\"robots\" content=\"index, follow, max-snippet:-1, max-image-preview:large, max-video-preview:-1\" \/>\n<link rel=\"canonical\" href=\"https:\/\/www.dorstener-tafel.de\/?p=2353\" \/>\n<meta property=\"og:locale\" content=\"de_DE\" \/>\n<meta property=\"og:type\" content=\"article\" \/>\n<meta property=\"og:title\" content=\"Weihnachtszeit ist Spendenzeit! - Home | Tafel Dorsten\" \/>\n<meta property=\"og:description\" content=\"Bei der Tafel Dorsten gehen zur Zeit sehr viele Spenden ein und das ist auch gut so! So wurden uns [&hellip;]\" \/>\n<meta property=\"og:url\" content=\"https:\/\/www.dorstener-tafel.de\/?p=2353\" \/>\n<meta property=\"og:site_name\" content=\"Home | Tafel Dorsten\" \/>\n<meta property=\"article:publisher\" content=\"https:\/\/www.facebook.com\/Dorstener-Tafel-eV-710109832448127\/\" \/>\n<meta property=\"article:published_time\" content=\"2022-12-21T08:06:07+00:00\" \/>\n<meta property=\"article:modified_time\" content=\"2022-12-21T08:08:53+00:00\" \/>\n<meta property=\"og:image\" content=\"https:\/\/www.kvg-dorsten.de\/dorstener-tafel\/wordpress\/wp-content\/uploads\/2022\/12\/Screenshot-2022-12-21-085427.jpg\" \/>\n\t<meta property=\"og:image:width\" content=\"234\" \/>\n\t<meta property=\"og:image:height\" content=\"253\" \/>\n\t<meta property=\"og:image:type\" content=\"image\/jpeg\" \/>\n<meta name=\"author\" content=\"Dirk Werwer\" \/>\n<meta name=\"twitter:card\" content=\"summary_large_image\" \/>\n<meta name=\"twitter:label1\" content=\"Verfasst von\" \/>\n\t<meta name=\"twitter:data1\" content=\"Dirk Werwer\" \/>\n\t<meta name=\"twitter:label2\" content=\"Gesch\u00e4tzte Lesezeit\" \/>\n\t<meta name=\"twitter:data2\" content=\"2\u00a0Minuten\" \/>\n<script type=\"application\/ld+json\" class=\"yoast-schema-graph\">{\"@context\":\"https:\/\/schema.org\",\"@graph\":[{\"@type\":\"Article\",\"@id\":\"https:\/\/www.dorstener-tafel.de\/?p=2353#article\",\"isPartOf\":{\"@id\":\"https:\/\/www.dorstener-tafel.de\/?p=2353\"},\"author\":{\"name\":\"Dirk Werwer\",\"@id\":\"https:\/\/www.dorstener-tafel.de\/#\/schema\/person\/75e0906e4c2b6af10e02c5804f2c98e1\"},\"headline\":\"Weihnachtszeit ist Spendenzeit!\",\"datePublished\":\"2022-12-21T08:06:07+00:00\",\"dateModified\":\"2022-12-21T08:08:53+00:00\",\"mainEntityOfPage\":{\"@id\":\"https:\/\/www.dorstener-tafel.de\/?p=2353\"},\"wordCount\":440,\"commentCount\":0,\"image\":{\"@id\":\"https:\/\/www.dorstener-tafel.de\/?p=2353#primaryimage\"},\"thumbnailUrl\":\"https:\/\/www.kvg-dorsten.de\/dorstener-tafel\/wordpress\/wp-content\/uploads\/2022\/12\/Screenshot-2022-12-21-085427.jpg\",\"articleSection\":[\"Aktuelles\"],\"inLanguage\":\"de\",\"potentialAction\":[{\"@type\":\"CommentAction\",\"name\":\"Comment\",\"target\":[\"https:\/\/www.dorstener-tafel.de\/?p=2353#respond\"]}]},{\"@type\":\"WebPage\",\"@id\":\"https:\/\/www.dorstener-tafel.de\/?p=2353\",\"url\":\"https:\/\/www.dorstener-tafel.de\/?p=2353\",\"name\":\"Weihnachtszeit ist Spendenzeit! - Home | Tafel Dorsten\",\"isPartOf\":{\"@id\":\"https:\/\/www.dorstener-tafel.de\/#website\"},\"primaryImageOfPage\":{\"@id\":\"https:\/\/www.dorstener-tafel.de\/?p=2353#primaryimage\"},\"image\":{\"@id\":\"https:\/\/www.dorstener-tafel.de\/?p=2353#primaryimage\"},\"thumbnailUrl\":\"https:\/\/www.kvg-dorsten.de\/dorstener-tafel\/wordpress\/wp-content\/uploads\/2022\/12\/Screenshot-2022-12-21-085427.jpg\",\"datePublished\":\"2022-12-21T08:06:07+00:00\",\"dateModified\":\"2022-12-21T08:08:53+00:00\",\"author\":{\"@id\":\"https:\/\/www.dorstener-tafel.de\/#\/schema\/person\/75e0906e4c2b6af10e02c5804f2c98e1\"},\"breadcrumb\":{\"@id\":\"https:\/\/www.dorstener-tafel.de\/?p=2353#breadcrumb\"},\"inLanguage\":\"de\",\"potentialAction\":[{\"@type\":\"ReadAction\",\"target\":[\"https:\/\/www.dorstener-tafel.de\/?p=2353\"]}]},{\"@type\":\"ImageObject\",\"inLanguage\":\"de\",\"@id\":\"https:\/\/www.dorstener-tafel.de\/?p=2353#primaryimage\",\"url\":\"https:\/\/www.kvg-dorsten.de\/dorstener-tafel\/wordpress\/wp-content\/uploads\/2022\/12\/Screenshot-2022-12-21-085427.jpg\",\"contentUrl\":\"https:\/\/www.kvg-dorsten.de\/dorstener-tafel\/wordpress\/wp-content\/uploads\/2022\/12\/Screenshot-2022-12-21-085427.jpg\",\"width\":234,\"height\":253},{\"@type\":\"BreadcrumbList\",\"@id\":\"https:\/\/www.dorstener-tafel.de\/?p=2353#breadcrumb\",\"itemListElement\":[{\"@type\":\"ListItem\",\"position\":1,\"name\":\"Home\",\"item\":\"https:\/\/www.dorstener-tafel.de\/\"},{\"@type\":\"ListItem\",\"position\":2,\"name\":\"Weihnachtszeit ist Spendenzeit!\"}]},{\"@type\":\"WebSite\",\"@id\":\"https:\/\/www.dorstener-tafel.de\/#website\",\"url\":\"https:\/\/www.dorstener-tafel.de\/\",\"name\":\"Home | Tafel Dorsten\",\"description\":\"\",\"potentialAction\":[{\"@type\":\"SearchAction\",\"target\":{\"@type\":\"EntryPoint\",\"urlTemplate\":\"https:\/\/www.dorstener-tafel.de\/?s={search_term_string}\"},\"query-input\":{\"@type\":\"PropertyValueSpecification\",\"valueRequired\":true,\"valueName\":\"search_term_string\"}}],\"inLanguage\":\"de\"},{\"@type\":\"Person\",\"@id\":\"https:\/\/www.dorstener-tafel.de\/#\/schema\/person\/75e0906e4c2b6af10e02c5804f2c98e1\",\"name\":\"Dirk Werwer\",\"image\":{\"@type\":\"ImageObject\",\"inLanguage\":\"de\",\"@id\":\"https:\/\/www.dorstener-tafel.de\/#\/schema\/person\/image\/\",\"url\":\"https:\/\/secure.gravatar.com\/avatar\/7231c91484f831974b2579bfc56d9bec?s=96&d=retro&r=g\",\"contentUrl\":\"https:\/\/secure.gravatar.com\/avatar\/7231c91484f831974b2579bfc56d9bec?s=96&d=retro&r=g\",\"caption\":\"Dirk Werwer\"},\"url\":\"https:\/\/www.dorstener-tafel.de\/?author=2\"}]}<\/script>\n<!-- \/ Yoast SEO plugin. -->","yoast_head_json":{"title":"Weihnachtszeit ist Spendenzeit! - Home | Tafel Dorsten","robots":{"index":"index","follow":"follow","max-snippet":"max-snippet:-1","max-image-preview":"max-image-preview:large","max-video-preview":"max-video-preview:-1"},"canonical":"https:\/\/www.dorstener-tafel.de\/?p=2353","og_locale":"de_DE","og_type":"article","og_title":"Weihnachtszeit ist Spendenzeit! - Home | Tafel Dorsten","og_description":"Bei der Tafel Dorsten gehen zur Zeit sehr viele Spenden ein und das ist auch gut so! So wurden uns [&hellip;]","og_url":"https:\/\/www.dorstener-tafel.de\/?p=2353","og_site_name":"Home | Tafel Dorsten","article_publisher":"https:\/\/www.facebook.com\/Dorstener-Tafel-eV-710109832448127\/","article_published_time":"2022-12-21T08:06:07+00:00","article_modified_time":"2022-12-21T08:08:53+00:00","og_image":[{"width":234,"height":253,"url":"https:\/\/www.kvg-dorsten.de\/dorstener-tafel\/wordpress\/wp-content\/uploads\/2022\/12\/Screenshot-2022-12-21-085427.jpg","type":"image\/jpeg"}],"author":"Dirk Werwer","twitter_card":"summary_large_image","twitter_misc":{"Verfasst von":"Dirk Werwer","Gesch\u00e4tzte Lesezeit":"2\u00a0Minuten"},"schema":{"@context":"https:\/\/schema.org","@graph":[{"@type":"Article","@id":"https:\/\/www.dorstener-tafel.de\/?p=2353#article","isPartOf":{"@id":"https:\/\/www.dorstener-tafel.de\/?p=2353"},"author":{"name":"Dirk Werwer","@id":"https:\/\/www.dorstener-tafel.de\/#\/schema\/person\/75e0906e4c2b6af10e02c5804f2c98e1"},"headline":"Weihnachtszeit ist Spendenzeit!","datePublished":"2022-12-21T08:06:07+00:00","dateModified":"2022-12-21T08:08:53+00:00","mainEntityOfPage":{"@id":"https:\/\/www.dorstener-tafel.de\/?p=2353"},"wordCount":440,"commentCount":0,"image":{"@id":"https:\/\/www.dorstener-tafel.de\/?p=2353#primaryimage"},"thumbnailUrl":"https:\/\/www.kvg-dorsten.de\/dorstener-tafel\/wordpress\/wp-content\/uploads\/2022\/12\/Screenshot-2022-12-21-085427.jpg","articleSection":["Aktuelles"],"inLanguage":"de","potentialAction":[{"@type":"CommentAction","name":"Comment","target":["https:\/\/www.dorstener-tafel.de\/?p=2353#respond"]}]},{"@type":"WebPage","@id":"https:\/\/www.dorstener-tafel.de\/?p=2353","url":"https:\/\/www.dorstener-tafel.de\/?p=2353","name":"Weihnachtszeit ist Spendenzeit! - Home | Tafel Dorsten","isPartOf":{"@id":"https:\/\/www.dorstener-tafel.de\/#website"},"primaryImageOfPage":{"@id":"https:\/\/www.dorstener-tafel.de\/?p=2353#primaryimage"},"image":{"@id":"https:\/\/www.dorstener-tafel.de\/?p=2353#primaryimage"},"thumbnailUrl":"https:\/\/www.kvg-dorsten.de\/dorstener-tafel\/wordpress\/wp-content\/uploads\/2022\/12\/Screenshot-2022-12-21-085427.jpg","datePublished":"2022-12-21T08:06:07+00:00","dateModified":"2022-12-21T08:08:53+00:00","author":{"@id":"https:\/\/www.dorstener-tafel.de\/#\/schema\/person\/75e0906e4c2b6af10e02c5804f2c98e1"},"breadcrumb":{"@id":"https:\/\/www.dorstener-tafel.de\/?p=2353#breadcrumb"},"inLanguage":"de","potentialAction":[{"@type":"ReadAction","target":["https:\/\/www.dorstener-tafel.de\/?p=2353"]}]},{"@type":"ImageObject","inLanguage":"de","@id":"https:\/\/www.dorstener-tafel.de\/?p=2353#primaryimage","url":"https:\/\/www.kvg-dorsten.de\/dorstener-tafel\/wordpress\/wp-content\/uploads\/2022\/12\/Screenshot-2022-12-21-085427.jpg","contentUrl":"https:\/\/www.kvg-dorsten.de\/dorstener-tafel\/wordpress\/wp-content\/uploads\/2022\/12\/Screenshot-2022-12-21-085427.jpg","width":234,"height":253},{"@type":"BreadcrumbList","@id":"https:\/\/www.dorstener-tafel.de\/?p=2353#breadcrumb","itemListElement":[{"@type":"ListItem","position":1,"name":"Home","item":"https:\/\/www.dorstener-tafel.de\/"},{"@type":"ListItem","position":2,"name":"Weihnachtszeit ist Spendenzeit!"}]},{"@type":"WebSite","@id":"https:\/\/www.dorstener-tafel.de\/#website","url":"https:\/\/www.dorstener-tafel.de\/","name":"Home | Tafel Dorsten","description":"","potentialAction":[{"@type":"SearchAction","target":{"@type":"EntryPoint","urlTemplate":"https:\/\/www.dorstener-tafel.de\/?s={search_term_string}"},"query-input":{"@type":"PropertyValueSpecification","valueRequired":true,"valueName":"search_term_string"}}],"inLanguage":"de"},{"@type":"Person","@id":"https:\/\/www.dorstener-tafel.de\/#\/schema\/person\/75e0906e4c2b6af10e02c5804f2c98e1","name":"Dirk Werwer","image":{"@type":"ImageObject","inLanguage":"de","@id":"https:\/\/www.dorstener-tafel.de\/#\/schema\/person\/image\/","url":"https:\/\/secure.gravatar.com\/avatar\/7231c91484f831974b2579bfc56d9bec?s=96&d=retro&r=g","contentUrl":"https:\/\/secure.gravatar.com\/avatar\/7231c91484f831974b2579bfc56d9bec?s=96&d=retro&r=g","caption":"Dirk Werwer"},"url":"https:\/\/www.dorstener-tafel.de\/?author=2"}]}},"_links":{"self":[{"href":"https:\/\/www.dorstener-tafel.de\/index.php?rest_route=\/wp\/v2\/posts\/2353","targetHints":{"allow":["GET"]}}],"collection":[{"href":"https:\/\/www.dorstener-tafel.de\/index.php?rest_route=\/wp\/v2\/posts"}],"about":[{"href":"https:\/\/www.dorstener-tafel.de\/index.php?rest_route=\/wp\/v2\/types\/post"}],"author":[{"embeddable":true,"href":"https:\/\/www.dorstener-tafel.de\/index.php?rest_route=\/wp\/v2\/users\/2"}],"replies":[{"embeddable":true,"href":"https:\/\/www.dorstener-tafel.de\/index.php?rest_route=%2Fwp%2Fv2%2Fcomments&post=2353"}],"version-history":[{"count":4,"href":"https:\/\/www.dorstener-tafel.de\/index.php?rest_route=\/wp\/v2\/posts\/2353\/revisions"}],"predecessor-version":[{"id":2360,"href":"https:\/\/www.dorstener-tafel.de\/index.php?rest_route=\/wp\/v2\/posts\/2353\/revisions\/2360"}],"wp:featuredmedia":[{"embeddable":true,"href":"https:\/\/www.dorstener-tafel.de\/index.php?rest_route=\/wp\/v2\/media\/2354"}],"wp:attachment":[{"href":"https:\/\/www.dorstener-tafel.de\/index.php?rest_route=%2Fwp%2Fv2%2Fmedia&parent=2353"}],"wp:term":[{"taxonomy":"category","embeddable":true,"href":"https:\/\/www.dorstener-tafel.de\/index.php?rest_route=%2Fwp%2Fv2%2Fcategories&post=2353"},{"taxonomy":"post_tag","embeddable":true,"href":"https:\/\/www.dorstener-tafel.de\/index.php?rest_route=%2Fwp%2Fv2%2Ftags&post=2353"}],"curies":[{"name":"wp","href":"https:\/\/api.w.org\/{rel}","templated":true}]}}