{"id":2341,"date":"2022-11-17T09:10:20","date_gmt":"2022-11-17T08:10:20","guid":{"rendered":"https:\/\/www.dorstener-tafel.de\/?p=2341"},"modified":"2022-11-17T09:10:20","modified_gmt":"2022-11-17T08:10:20","slug":"die-tafel-dorsten-freut-sich-ueber-eine-jahrzehntelange-unterstuetzung","status":"publish","type":"post","link":"https:\/\/www.dorstener-tafel.de\/?p=2341","title":{"rendered":"Die Tafel Dorsten freut sich \u00fcber eine jahrzehntelange Unterst\u00fctzung"},"content":{"rendered":"<p>Das Ehepaar Kleinespel besuchte mit einer sch\u00f6nen \u00dcberraschung die R\u00e4umlichkeiten der Tafel Dorsten am 29. September 2022.<\/p>\n<p>Herr Kleinespel hatte zu seinem Geburtstag um Geldspenden gebeten und den \u201eL\u00f6wenanteil\u201c der Tafel Dorsten \u00fcbergeben. Wir freuen uns \u00fcber diese Zuwendung von 2000 \u20ac!<\/p>\n<p>Als der Dorstener Laden im Jahr 2002 seine ersten Gehversuche unternehmen wollte und in den Tageszeitungen um Unterst\u00fctzung geworben wurde, kam umgehend ein Anruf vom Ehepaar Kleinespel. Von Anfang an unterst\u00fctzten sie die Arbeit unserer Tafel durchg\u00e4ngig bis heute mit Geldspenden, aber vor allem mit Brot- und Backwaren.<\/p>\n<p>20 Jahre Unterst\u00fctzung! Das ist doch wohl einen Applaus wert!<\/p>\n<p>Wir w\u00fcnschen den Eheleuten Kleinespel Gesundheit und ein langes Leben! Wir sagen herzlichen Dank f\u00fcr die langj\u00e4hrige Treue und Unterst\u00fctzung. Vergelt\u00b4s Gott!<\/p>\n<p><strong>Bedanken m\u00f6chten wir uns auch bei allen anderen Spenderinnen und Spendern, die unsere Arbeit in dieser schwierigen Zeit unterst\u00fctzen. Jeder Euro z\u00e4hlt!<\/strong><\/p>\n","protected":false},"excerpt":{"rendered":"<p>Das Ehepaar Kleinespel besuchte mit einer sch\u00f6nen \u00dcberraschung die R\u00e4umlichkeiten der Tafel Dorsten am 29. September 2022. Herr Kleinespel hatte [&hellip;]<\/p>\n","protected":false},"author":2,"featured_media":2342,"comment_status":"open","ping_status":"closed","sticky":false,"template":"","format":"standard","meta":{"footnotes":""},"categories":[1],"tags":[],"class_list":["post-2341","post","type-post","status-publish","format-standard","has-post-thumbnail","hentry","category-allgemein"],"yoast_head":"<!-- This site is optimized with the Yoast SEO plugin v26.8 - https:\/\/yoast.com\/product\/yoast-seo-wordpress\/ -->\n<title>Die Tafel Dorsten freut sich \u00fcber eine jahrzehntelange Unterst\u00fctzung - Home | Tafel Dorsten<\/title>\n<meta name=\"robots\" content=\"index, follow, max-snippet:-1, max-image-preview:large, max-video-preview:-1\" \/>\n<link rel=\"canonical\" href=\"https:\/\/www.dorstener-tafel.de\/?p=2341\" \/>\n<meta property=\"og:locale\" content=\"de_DE\" \/>\n<meta property=\"og:type\" content=\"article\" \/>\n<meta property=\"og:title\" content=\"Die Tafel Dorsten freut sich \u00fcber eine jahrzehntelange Unterst\u00fctzung - Home | Tafel Dorsten\" \/>\n<meta property=\"og:description\" content=\"Das Ehepaar Kleinespel besuchte mit einer sch\u00f6nen \u00dcberraschung die R\u00e4umlichkeiten der Tafel Dorsten am 29. September 2022. Herr Kleinespel hatte [&hellip;]\" \/>\n<meta property=\"og:url\" content=\"https:\/\/www.dorstener-tafel.de\/?p=2341\" \/>\n<meta property=\"og:site_name\" content=\"Home | Tafel Dorsten\" \/>\n<meta property=\"article:publisher\" content=\"https:\/\/www.facebook.com\/Dorstener-Tafel-eV-710109832448127\/\" \/>\n<meta property=\"article:published_time\" content=\"2022-11-17T08:10:20+00:00\" \/>\n<meta property=\"og:image\" content=\"https:\/\/www.kvg-dorsten.de\/dorstener-tafel\/wordpress\/wp-content\/uploads\/2022\/11\/Kleinespel_PHOTO-2022-09-29-16-43-05.jpg\" \/>\n\t<meta property=\"og:image:width\" content=\"1200\" \/>\n\t<meta property=\"og:image:height\" content=\"1600\" \/>\n\t<meta property=\"og:image:type\" content=\"image\/jpeg\" \/>\n<meta name=\"author\" content=\"Dirk Werwer\" \/>\n<meta name=\"twitter:card\" content=\"summary_large_image\" \/>\n<meta name=\"twitter:label1\" content=\"Verfasst von\" \/>\n\t<meta name=\"twitter:data1\" content=\"Dirk Werwer\" \/>\n\t<meta name=\"twitter:label2\" content=\"Gesch\u00e4tzte Lesezeit\" \/>\n\t<meta name=\"twitter:data2\" content=\"1\u00a0Minute\" \/>\n<script type=\"application\/ld+json\" class=\"yoast-schema-graph\">{\"@context\":\"https:\/\/schema.org\",\"@graph\":[{\"@type\":\"Article\",\"@id\":\"https:\/\/www.dorstener-tafel.de\/?p=2341#article\",\"isPartOf\":{\"@id\":\"https:\/\/www.dorstener-tafel.de\/?p=2341\"},\"author\":{\"name\":\"Dirk Werwer\",\"@id\":\"https:\/\/www.dorstener-tafel.de\/#\/schema\/person\/75e0906e4c2b6af10e02c5804f2c98e1\"},\"headline\":\"Die Tafel Dorsten freut sich \u00fcber eine jahrzehntelange Unterst\u00fctzung\",\"datePublished\":\"2022-11-17T08:10:20+00:00\",\"mainEntityOfPage\":{\"@id\":\"https:\/\/www.dorstener-tafel.de\/?p=2341\"},\"wordCount\":163,\"commentCount\":0,\"image\":{\"@id\":\"https:\/\/www.dorstener-tafel.de\/?p=2341#primaryimage\"},\"thumbnailUrl\":\"https:\/\/www.kvg-dorsten.de\/dorstener-tafel\/wordpress\/wp-content\/uploads\/2022\/11\/Kleinespel_PHOTO-2022-09-29-16-43-05.jpg\",\"articleSection\":[\"Aktuelles\"],\"inLanguage\":\"de\",\"potentialAction\":[{\"@type\":\"CommentAction\",\"name\":\"Comment\",\"target\":[\"https:\/\/www.dorstener-tafel.de\/?p=2341#respond\"]}]},{\"@type\":\"WebPage\",\"@id\":\"https:\/\/www.dorstener-tafel.de\/?p=2341\",\"url\":\"https:\/\/www.dorstener-tafel.de\/?p=2341\",\"name\":\"Die Tafel Dorsten freut sich \u00fcber eine jahrzehntelange Unterst\u00fctzung - Home | Tafel Dorsten\",\"isPartOf\":{\"@id\":\"https:\/\/www.dorstener-tafel.de\/#website\"},\"primaryImageOfPage\":{\"@id\":\"https:\/\/www.dorstener-tafel.de\/?p=2341#primaryimage\"},\"image\":{\"@id\":\"https:\/\/www.dorstener-tafel.de\/?p=2341#primaryimage\"},\"thumbnailUrl\":\"https:\/\/www.kvg-dorsten.de\/dorstener-tafel\/wordpress\/wp-content\/uploads\/2022\/11\/Kleinespel_PHOTO-2022-09-29-16-43-05.jpg\",\"datePublished\":\"2022-11-17T08:10:20+00:00\",\"author\":{\"@id\":\"https:\/\/www.dorstener-tafel.de\/#\/schema\/person\/75e0906e4c2b6af10e02c5804f2c98e1\"},\"breadcrumb\":{\"@id\":\"https:\/\/www.dorstener-tafel.de\/?p=2341#breadcrumb\"},\"inLanguage\":\"de\",\"potentialAction\":[{\"@type\":\"ReadAction\",\"target\":[\"https:\/\/www.dorstener-tafel.de\/?p=2341\"]}]},{\"@type\":\"ImageObject\",\"inLanguage\":\"de\",\"@id\":\"https:\/\/www.dorstener-tafel.de\/?p=2341#primaryimage\",\"url\":\"https:\/\/www.kvg-dorsten.de\/dorstener-tafel\/wordpress\/wp-content\/uploads\/2022\/11\/Kleinespel_PHOTO-2022-09-29-16-43-05.jpg\",\"contentUrl\":\"https:\/\/www.kvg-dorsten.de\/dorstener-tafel\/wordpress\/wp-content\/uploads\/2022\/11\/Kleinespel_PHOTO-2022-09-29-16-43-05.jpg\",\"width\":1200,\"height\":1600},{\"@type\":\"BreadcrumbList\",\"@id\":\"https:\/\/www.dorstener-tafel.de\/?p=2341#breadcrumb\",\"itemListElement\":[{\"@type\":\"ListItem\",\"position\":1,\"name\":\"Home\",\"item\":\"https:\/\/www.dorstener-tafel.de\/\"},{\"@type\":\"ListItem\",\"position\":2,\"name\":\"Die Tafel Dorsten freut sich \u00fcber eine jahrzehntelange Unterst\u00fctzung\"}]},{\"@type\":\"WebSite\",\"@id\":\"https:\/\/www.dorstener-tafel.de\/#website\",\"url\":\"https:\/\/www.dorstener-tafel.de\/\",\"name\":\"Home | Tafel Dorsten\",\"description\":\"\",\"potentialAction\":[{\"@type\":\"SearchAction\",\"target\":{\"@type\":\"EntryPoint\",\"urlTemplate\":\"https:\/\/www.dorstener-tafel.de\/?s={search_term_string}\"},\"query-input\":{\"@type\":\"PropertyValueSpecification\",\"valueRequired\":true,\"valueName\":\"search_term_string\"}}],\"inLanguage\":\"de\"},{\"@type\":\"Person\",\"@id\":\"https:\/\/www.dorstener-tafel.de\/#\/schema\/person\/75e0906e4c2b6af10e02c5804f2c98e1\",\"name\":\"Dirk Werwer\",\"image\":{\"@type\":\"ImageObject\",\"inLanguage\":\"de\",\"@id\":\"https:\/\/www.dorstener-tafel.de\/#\/schema\/person\/image\/\",\"url\":\"https:\/\/secure.gravatar.com\/avatar\/7231c91484f831974b2579bfc56d9bec?s=96&d=retro&r=g\",\"contentUrl\":\"https:\/\/secure.gravatar.com\/avatar\/7231c91484f831974b2579bfc56d9bec?s=96&d=retro&r=g\",\"caption\":\"Dirk Werwer\"},\"url\":\"https:\/\/www.dorstener-tafel.de\/?author=2\"}]}<\/script>\n<!-- \/ Yoast SEO plugin. -->","yoast_head_json":{"title":"Die Tafel Dorsten freut sich \u00fcber eine jahrzehntelange Unterst\u00fctzung - Home | Tafel Dorsten","robots":{"index":"index","follow":"follow","max-snippet":"max-snippet:-1","max-image-preview":"max-image-preview:large","max-video-preview":"max-video-preview:-1"},"canonical":"https:\/\/www.dorstener-tafel.de\/?p=2341","og_locale":"de_DE","og_type":"article","og_title":"Die Tafel Dorsten freut sich \u00fcber eine jahrzehntelange Unterst\u00fctzung - Home | Tafel Dorsten","og_description":"Das Ehepaar Kleinespel besuchte mit einer sch\u00f6nen \u00dcberraschung die R\u00e4umlichkeiten der Tafel Dorsten am 29. September 2022. Herr Kleinespel hatte [&hellip;]","og_url":"https:\/\/www.dorstener-tafel.de\/?p=2341","og_site_name":"Home | Tafel Dorsten","article_publisher":"https:\/\/www.facebook.com\/Dorstener-Tafel-eV-710109832448127\/","article_published_time":"2022-11-17T08:10:20+00:00","og_image":[{"width":1200,"height":1600,"url":"https:\/\/www.kvg-dorsten.de\/dorstener-tafel\/wordpress\/wp-content\/uploads\/2022\/11\/Kleinespel_PHOTO-2022-09-29-16-43-05.jpg","type":"image\/jpeg"}],"author":"Dirk Werwer","twitter_card":"summary_large_image","twitter_misc":{"Verfasst von":"Dirk Werwer","Gesch\u00e4tzte Lesezeit":"1\u00a0Minute"},"schema":{"@context":"https:\/\/schema.org","@graph":[{"@type":"Article","@id":"https:\/\/www.dorstener-tafel.de\/?p=2341#article","isPartOf":{"@id":"https:\/\/www.dorstener-tafel.de\/?p=2341"},"author":{"name":"Dirk Werwer","@id":"https:\/\/www.dorstener-tafel.de\/#\/schema\/person\/75e0906e4c2b6af10e02c5804f2c98e1"},"headline":"Die Tafel Dorsten freut sich \u00fcber eine jahrzehntelange Unterst\u00fctzung","datePublished":"2022-11-17T08:10:20+00:00","mainEntityOfPage":{"@id":"https:\/\/www.dorstener-tafel.de\/?p=2341"},"wordCount":163,"commentCount":0,"image":{"@id":"https:\/\/www.dorstener-tafel.de\/?p=2341#primaryimage"},"thumbnailUrl":"https:\/\/www.kvg-dorsten.de\/dorstener-tafel\/wordpress\/wp-content\/uploads\/2022\/11\/Kleinespel_PHOTO-2022-09-29-16-43-05.jpg","articleSection":["Aktuelles"],"inLanguage":"de","potentialAction":[{"@type":"CommentAction","name":"Comment","target":["https:\/\/www.dorstener-tafel.de\/?p=2341#respond"]}]},{"@type":"WebPage","@id":"https:\/\/www.dorstener-tafel.de\/?p=2341","url":"https:\/\/www.dorstener-tafel.de\/?p=2341","name":"Die Tafel Dorsten freut sich \u00fcber eine jahrzehntelange Unterst\u00fctzung - Home | Tafel Dorsten","isPartOf":{"@id":"https:\/\/www.dorstener-tafel.de\/#website"},"primaryImageOfPage":{"@id":"https:\/\/www.dorstener-tafel.de\/?p=2341#primaryimage"},"image":{"@id":"https:\/\/www.dorstener-tafel.de\/?p=2341#primaryimage"},"thumbnailUrl":"https:\/\/www.kvg-dorsten.de\/dorstener-tafel\/wordpress\/wp-content\/uploads\/2022\/11\/Kleinespel_PHOTO-2022-09-29-16-43-05.jpg","datePublished":"2022-11-17T08:10:20+00:00","author":{"@id":"https:\/\/www.dorstener-tafel.de\/#\/schema\/person\/75e0906e4c2b6af10e02c5804f2c98e1"},"breadcrumb":{"@id":"https:\/\/www.dorstener-tafel.de\/?p=2341#breadcrumb"},"inLanguage":"de","potentialAction":[{"@type":"ReadAction","target":["https:\/\/www.dorstener-tafel.de\/?p=2341"]}]},{"@type":"ImageObject","inLanguage":"de","@id":"https:\/\/www.dorstener-tafel.de\/?p=2341#primaryimage","url":"https:\/\/www.kvg-dorsten.de\/dorstener-tafel\/wordpress\/wp-content\/uploads\/2022\/11\/Kleinespel_PHOTO-2022-09-29-16-43-05.jpg","contentUrl":"https:\/\/www.kvg-dorsten.de\/dorstener-tafel\/wordpress\/wp-content\/uploads\/2022\/11\/Kleinespel_PHOTO-2022-09-29-16-43-05.jpg","width":1200,"height":1600},{"@type":"BreadcrumbList","@id":"https:\/\/www.dorstener-tafel.de\/?p=2341#breadcrumb","itemListElement":[{"@type":"ListItem","position":1,"name":"Home","item":"https:\/\/www.dorstener-tafel.de\/"},{"@type":"ListItem","position":2,"name":"Die Tafel Dorsten freut sich \u00fcber eine jahrzehntelange Unterst\u00fctzung"}]},{"@type":"WebSite","@id":"https:\/\/www.dorstener-tafel.de\/#website","url":"https:\/\/www.dorstener-tafel.de\/","name":"Home | Tafel Dorsten","description":"","potentialAction":[{"@type":"SearchAction","target":{"@type":"EntryPoint","urlTemplate":"https:\/\/www.dorstener-tafel.de\/?s={search_term_string}"},"query-input":{"@type":"PropertyValueSpecification","valueRequired":true,"valueName":"search_term_string"}}],"inLanguage":"de"},{"@type":"Person","@id":"https:\/\/www.dorstener-tafel.de\/#\/schema\/person\/75e0906e4c2b6af10e02c5804f2c98e1","name":"Dirk Werwer","image":{"@type":"ImageObject","inLanguage":"de","@id":"https:\/\/www.dorstener-tafel.de\/#\/schema\/person\/image\/","url":"https:\/\/secure.gravatar.com\/avatar\/7231c91484f831974b2579bfc56d9bec?s=96&d=retro&r=g","contentUrl":"https:\/\/secure.gravatar.com\/avatar\/7231c91484f831974b2579bfc56d9bec?s=96&d=retro&r=g","caption":"Dirk Werwer"},"url":"https:\/\/www.dorstener-tafel.de\/?author=2"}]}},"_links":{"self":[{"href":"https:\/\/www.dorstener-tafel.de\/index.php?rest_route=\/wp\/v2\/posts\/2341","targetHints":{"allow":["GET"]}}],"collection":[{"href":"https:\/\/www.dorstener-tafel.de\/index.php?rest_route=\/wp\/v2\/posts"}],"about":[{"href":"https:\/\/www.dorstener-tafel.de\/index.php?rest_route=\/wp\/v2\/types\/post"}],"author":[{"embeddable":true,"href":"https:\/\/www.dorstener-tafel.de\/index.php?rest_route=\/wp\/v2\/users\/2"}],"replies":[{"embeddable":true,"href":"https:\/\/www.dorstener-tafel.de\/index.php?rest_route=%2Fwp%2Fv2%2Fcomments&post=2341"}],"version-history":[{"count":1,"href":"https:\/\/www.dorstener-tafel.de\/index.php?rest_route=\/wp\/v2\/posts\/2341\/revisions"}],"predecessor-version":[{"id":2343,"href":"https:\/\/www.dorstener-tafel.de\/index.php?rest_route=\/wp\/v2\/posts\/2341\/revisions\/2343"}],"wp:featuredmedia":[{"embeddable":true,"href":"https:\/\/www.dorstener-tafel.de\/index.php?rest_route=\/wp\/v2\/media\/2342"}],"wp:attachment":[{"href":"https:\/\/www.dorstener-tafel.de\/index.php?rest_route=%2Fwp%2Fv2%2Fmedia&parent=2341"}],"wp:term":[{"taxonomy":"category","embeddable":true,"href":"https:\/\/www.dorstener-tafel.de\/index.php?rest_route=%2Fwp%2Fv2%2Fcategories&post=2341"},{"taxonomy":"post_tag","embeddable":true,"href":"https:\/\/www.dorstener-tafel.de\/index.php?rest_route=%2Fwp%2Fv2%2Ftags&post=2341"}],"curies":[{"name":"wp","href":"https:\/\/api.w.org\/{rel}","templated":true}]}}