{"id":2331,"date":"2022-11-16T00:03:45","date_gmt":"2022-11-15T23:03:45","guid":{"rendered":"https:\/\/www.dorstener-tafel.de\/?p=2331"},"modified":"2022-11-16T00:15:49","modified_gmt":"2022-11-15T23:15:49","slug":"spende-statt-kalender-aussergewoehnliche-ideen-leisten-hilfe-in-einer-aussergewoehnlichen-zeit","status":"publish","type":"post","link":"https:\/\/www.dorstener-tafel.de\/?p=2331","title":{"rendered":"Spende statt Kalender! Au\u00dfergew\u00f6hnliche Ideen leisten Hilfe in einer au\u00dfergew\u00f6hnlichen Zeit!"},"content":{"rendered":"<p>In der \u00d6ffentlichkeit sind die Inflation und die gestiegenen Energiepreise Thema. Aber gerade in der Dorstener Zivilgesellschaft machen sich Viele Sorgen dar\u00fcber, wie gerade die Bed\u00fcrftigen unserer Stadt diese Probleme meistern sollen.<br \/>\nViele lassen auf diese Gedanken Taten folgen und unterst\u00fctzen die Bed\u00fcrftigen der Stadt, indem sie die Tafel Dorsten mit Sach- und Geldspenden bedenken.<\/p>\n<p>Die Vereinte Volksbank \u00fcbergab der Tafel Dorsten am 14.11.22 einen symbolischen Scheck in H\u00f6he von 5000,&#8211; \u20ac. Auch die Tafel Bottrop wird mit einer gleichen Spende bedacht.<br \/>\n\u201eBisher haben wir unseren Mitgliedern, Kundinnen und Kunden am Ende des Jahres Kalender in vielf\u00e4ltiger Form \u00fcberreicht.\u201c, \u00e4u\u00dferte sich Maximilian Stoschek bei der Spenden\u00fcbergabe. \u201eAllerdings ist die Nachfrage in den letzten Jahren gesunken, die Menschen nutzen mehr digitale Kalender.\u201c<br \/>\nSo kam man in der Vereinten Volksbank auf die Idee, auf die Ausgabe der Kalender zu verzichten und das gesparte Kapital den beiden auf dem Gebiet der Vereinten Volksbank arbeitenden Tafeln zu spenden.<\/p>\n<p>Wir in der Tafel Dorsten freuen uns sehr \u00fcber diese Spende! Wir werden daf\u00fcr Einkaufsgutscheine erwerben und diese unseren Kundinnen und Kunden im Februar 2023 zur Verf\u00fcgung stellen. Wir hoffen, damit die Herausforderungen des Winters f\u00fcr unsere Kundinnen und Kunden etwas abzufedern.<\/p>\n<p>Herzlichen Dank sagen wir der Vereinten Volksbank und allen Spenderinnen und Spendern, die unsere Arbeit mit kleinen oder gro\u00dfen Betr\u00e4gen unterst\u00fctzen! Jeder Euro z\u00e4hlt!<\/p>\n<p><iframe loading=\"lazy\" title=\"Spende statt Kalender: Vereinte Volksbank hilft der Dorstener Tafel\" width=\"780\" height=\"439\" src=\"https:\/\/www.youtube.com\/embed\/E1KBq6BbVKk?start=1&#038;feature=oembed\" frameborder=\"0\" allow=\"accelerometer; autoplay; clipboard-write; encrypted-media; gyroscope; picture-in-picture; web-share\" referrerpolicy=\"strict-origin-when-cross-origin\" allowfullscreen><\/iframe><\/p>\n","protected":false},"excerpt":{"rendered":"<p>In der \u00d6ffentlichkeit sind die Inflation und die gestiegenen Energiepreise Thema. Aber gerade in der Dorstener Zivilgesellschaft machen sich Viele [&hellip;]<\/p>\n","protected":false},"author":2,"featured_media":2336,"comment_status":"open","ping_status":"closed","sticky":false,"template":"","format":"standard","meta":{"footnotes":""},"categories":[1],"tags":[],"class_list":["post-2331","post","type-post","status-publish","format-standard","has-post-thumbnail","hentry","category-allgemein"],"yoast_head":"<!-- This site is optimized with the Yoast SEO plugin v26.8 - https:\/\/yoast.com\/product\/yoast-seo-wordpress\/ -->\n<title>Spende statt Kalender! Au\u00dfergew\u00f6hnliche Ideen leisten Hilfe in einer au\u00dfergew\u00f6hnlichen Zeit! - Home | Tafel Dorsten<\/title>\n<meta name=\"robots\" content=\"index, follow, max-snippet:-1, max-image-preview:large, max-video-preview:-1\" \/>\n<link rel=\"canonical\" href=\"https:\/\/www.dorstener-tafel.de\/?p=2331\" \/>\n<meta property=\"og:locale\" content=\"de_DE\" \/>\n<meta property=\"og:type\" content=\"article\" \/>\n<meta property=\"og:title\" content=\"Spende statt Kalender! Au\u00dfergew\u00f6hnliche Ideen leisten Hilfe in einer au\u00dfergew\u00f6hnlichen Zeit! - Home | Tafel Dorsten\" \/>\n<meta property=\"og:description\" content=\"In der \u00d6ffentlichkeit sind die Inflation und die gestiegenen Energiepreise Thema. Aber gerade in der Dorstener Zivilgesellschaft machen sich Viele [&hellip;]\" \/>\n<meta property=\"og:url\" content=\"https:\/\/www.dorstener-tafel.de\/?p=2331\" \/>\n<meta property=\"og:site_name\" content=\"Home | Tafel Dorsten\" \/>\n<meta property=\"article:publisher\" content=\"https:\/\/www.facebook.com\/Dorstener-Tafel-eV-710109832448127\/\" \/>\n<meta property=\"article:published_time\" content=\"2022-11-15T23:03:45+00:00\" \/>\n<meta property=\"article:modified_time\" content=\"2022-11-15T23:15:49+00:00\" \/>\n<meta property=\"og:image\" content=\"https:\/\/www.kvg-dorsten.de\/dorstener-tafel\/wordpress\/wp-content\/uploads\/2022\/11\/Zwischenablage01.jpg\" \/>\n\t<meta property=\"og:image:width\" content=\"1734\" \/>\n\t<meta property=\"og:image:height\" content=\"955\" \/>\n\t<meta property=\"og:image:type\" content=\"image\/jpeg\" \/>\n<meta name=\"author\" content=\"Dirk Werwer\" \/>\n<meta name=\"twitter:card\" content=\"summary_large_image\" \/>\n<meta name=\"twitter:label1\" content=\"Verfasst von\" \/>\n\t<meta name=\"twitter:data1\" content=\"Dirk Werwer\" \/>\n\t<meta name=\"twitter:label2\" content=\"Gesch\u00e4tzte Lesezeit\" \/>\n\t<meta name=\"twitter:data2\" content=\"1\u00a0Minute\" \/>\n<script type=\"application\/ld+json\" class=\"yoast-schema-graph\">{\"@context\":\"https:\/\/schema.org\",\"@graph\":[{\"@type\":\"Article\",\"@id\":\"https:\/\/www.dorstener-tafel.de\/?p=2331#article\",\"isPartOf\":{\"@id\":\"https:\/\/www.dorstener-tafel.de\/?p=2331\"},\"author\":{\"name\":\"Dirk Werwer\",\"@id\":\"https:\/\/www.dorstener-tafel.de\/#\/schema\/person\/75e0906e4c2b6af10e02c5804f2c98e1\"},\"headline\":\"Spende statt Kalender! Au\u00dfergew\u00f6hnliche Ideen leisten Hilfe in einer au\u00dfergew\u00f6hnlichen Zeit!\",\"datePublished\":\"2022-11-15T23:03:45+00:00\",\"dateModified\":\"2022-11-15T23:15:49+00:00\",\"mainEntityOfPage\":{\"@id\":\"https:\/\/www.dorstener-tafel.de\/?p=2331\"},\"wordCount\":259,\"commentCount\":0,\"image\":{\"@id\":\"https:\/\/www.dorstener-tafel.de\/?p=2331#primaryimage\"},\"thumbnailUrl\":\"https:\/\/www.kvg-dorsten.de\/dorstener-tafel\/wordpress\/wp-content\/uploads\/2022\/11\/Zwischenablage01.jpg\",\"articleSection\":[\"Aktuelles\"],\"inLanguage\":\"de\",\"potentialAction\":[{\"@type\":\"CommentAction\",\"name\":\"Comment\",\"target\":[\"https:\/\/www.dorstener-tafel.de\/?p=2331#respond\"]}]},{\"@type\":\"WebPage\",\"@id\":\"https:\/\/www.dorstener-tafel.de\/?p=2331\",\"url\":\"https:\/\/www.dorstener-tafel.de\/?p=2331\",\"name\":\"Spende statt Kalender! Au\u00dfergew\u00f6hnliche Ideen leisten Hilfe in einer au\u00dfergew\u00f6hnlichen Zeit! - Home | Tafel Dorsten\",\"isPartOf\":{\"@id\":\"https:\/\/www.dorstener-tafel.de\/#website\"},\"primaryImageOfPage\":{\"@id\":\"https:\/\/www.dorstener-tafel.de\/?p=2331#primaryimage\"},\"image\":{\"@id\":\"https:\/\/www.dorstener-tafel.de\/?p=2331#primaryimage\"},\"thumbnailUrl\":\"https:\/\/www.kvg-dorsten.de\/dorstener-tafel\/wordpress\/wp-content\/uploads\/2022\/11\/Zwischenablage01.jpg\",\"datePublished\":\"2022-11-15T23:03:45+00:00\",\"dateModified\":\"2022-11-15T23:15:49+00:00\",\"author\":{\"@id\":\"https:\/\/www.dorstener-tafel.de\/#\/schema\/person\/75e0906e4c2b6af10e02c5804f2c98e1\"},\"breadcrumb\":{\"@id\":\"https:\/\/www.dorstener-tafel.de\/?p=2331#breadcrumb\"},\"inLanguage\":\"de\",\"potentialAction\":[{\"@type\":\"ReadAction\",\"target\":[\"https:\/\/www.dorstener-tafel.de\/?p=2331\"]}]},{\"@type\":\"ImageObject\",\"inLanguage\":\"de\",\"@id\":\"https:\/\/www.dorstener-tafel.de\/?p=2331#primaryimage\",\"url\":\"https:\/\/www.kvg-dorsten.de\/dorstener-tafel\/wordpress\/wp-content\/uploads\/2022\/11\/Zwischenablage01.jpg\",\"contentUrl\":\"https:\/\/www.kvg-dorsten.de\/dorstener-tafel\/wordpress\/wp-content\/uploads\/2022\/11\/Zwischenablage01.jpg\",\"width\":1734,\"height\":955},{\"@type\":\"BreadcrumbList\",\"@id\":\"https:\/\/www.dorstener-tafel.de\/?p=2331#breadcrumb\",\"itemListElement\":[{\"@type\":\"ListItem\",\"position\":1,\"name\":\"Home\",\"item\":\"https:\/\/www.dorstener-tafel.de\/\"},{\"@type\":\"ListItem\",\"position\":2,\"name\":\"Spende statt Kalender! Au\u00dfergew\u00f6hnliche Ideen leisten Hilfe in einer au\u00dfergew\u00f6hnlichen Zeit!\"}]},{\"@type\":\"WebSite\",\"@id\":\"https:\/\/www.dorstener-tafel.de\/#website\",\"url\":\"https:\/\/www.dorstener-tafel.de\/\",\"name\":\"Home | Tafel Dorsten\",\"description\":\"\",\"potentialAction\":[{\"@type\":\"SearchAction\",\"target\":{\"@type\":\"EntryPoint\",\"urlTemplate\":\"https:\/\/www.dorstener-tafel.de\/?s={search_term_string}\"},\"query-input\":{\"@type\":\"PropertyValueSpecification\",\"valueRequired\":true,\"valueName\":\"search_term_string\"}}],\"inLanguage\":\"de\"},{\"@type\":\"Person\",\"@id\":\"https:\/\/www.dorstener-tafel.de\/#\/schema\/person\/75e0906e4c2b6af10e02c5804f2c98e1\",\"name\":\"Dirk Werwer\",\"image\":{\"@type\":\"ImageObject\",\"inLanguage\":\"de\",\"@id\":\"https:\/\/www.dorstener-tafel.de\/#\/schema\/person\/image\/\",\"url\":\"https:\/\/secure.gravatar.com\/avatar\/7231c91484f831974b2579bfc56d9bec?s=96&d=retro&r=g\",\"contentUrl\":\"https:\/\/secure.gravatar.com\/avatar\/7231c91484f831974b2579bfc56d9bec?s=96&d=retro&r=g\",\"caption\":\"Dirk Werwer\"},\"url\":\"https:\/\/www.dorstener-tafel.de\/?author=2\"}]}<\/script>\n<!-- \/ Yoast SEO plugin. -->","yoast_head_json":{"title":"Spende statt Kalender! Au\u00dfergew\u00f6hnliche Ideen leisten Hilfe in einer au\u00dfergew\u00f6hnlichen Zeit! - Home | Tafel Dorsten","robots":{"index":"index","follow":"follow","max-snippet":"max-snippet:-1","max-image-preview":"max-image-preview:large","max-video-preview":"max-video-preview:-1"},"canonical":"https:\/\/www.dorstener-tafel.de\/?p=2331","og_locale":"de_DE","og_type":"article","og_title":"Spende statt Kalender! Au\u00dfergew\u00f6hnliche Ideen leisten Hilfe in einer au\u00dfergew\u00f6hnlichen Zeit! - Home | Tafel Dorsten","og_description":"In der \u00d6ffentlichkeit sind die Inflation und die gestiegenen Energiepreise Thema. Aber gerade in der Dorstener Zivilgesellschaft machen sich Viele [&hellip;]","og_url":"https:\/\/www.dorstener-tafel.de\/?p=2331","og_site_name":"Home | Tafel Dorsten","article_publisher":"https:\/\/www.facebook.com\/Dorstener-Tafel-eV-710109832448127\/","article_published_time":"2022-11-15T23:03:45+00:00","article_modified_time":"2022-11-15T23:15:49+00:00","og_image":[{"width":1734,"height":955,"url":"https:\/\/www.kvg-dorsten.de\/dorstener-tafel\/wordpress\/wp-content\/uploads\/2022\/11\/Zwischenablage01.jpg","type":"image\/jpeg"}],"author":"Dirk Werwer","twitter_card":"summary_large_image","twitter_misc":{"Verfasst von":"Dirk Werwer","Gesch\u00e4tzte Lesezeit":"1\u00a0Minute"},"schema":{"@context":"https:\/\/schema.org","@graph":[{"@type":"Article","@id":"https:\/\/www.dorstener-tafel.de\/?p=2331#article","isPartOf":{"@id":"https:\/\/www.dorstener-tafel.de\/?p=2331"},"author":{"name":"Dirk Werwer","@id":"https:\/\/www.dorstener-tafel.de\/#\/schema\/person\/75e0906e4c2b6af10e02c5804f2c98e1"},"headline":"Spende statt Kalender! Au\u00dfergew\u00f6hnliche Ideen leisten Hilfe in einer au\u00dfergew\u00f6hnlichen Zeit!","datePublished":"2022-11-15T23:03:45+00:00","dateModified":"2022-11-15T23:15:49+00:00","mainEntityOfPage":{"@id":"https:\/\/www.dorstener-tafel.de\/?p=2331"},"wordCount":259,"commentCount":0,"image":{"@id":"https:\/\/www.dorstener-tafel.de\/?p=2331#primaryimage"},"thumbnailUrl":"https:\/\/www.kvg-dorsten.de\/dorstener-tafel\/wordpress\/wp-content\/uploads\/2022\/11\/Zwischenablage01.jpg","articleSection":["Aktuelles"],"inLanguage":"de","potentialAction":[{"@type":"CommentAction","name":"Comment","target":["https:\/\/www.dorstener-tafel.de\/?p=2331#respond"]}]},{"@type":"WebPage","@id":"https:\/\/www.dorstener-tafel.de\/?p=2331","url":"https:\/\/www.dorstener-tafel.de\/?p=2331","name":"Spende statt Kalender! Au\u00dfergew\u00f6hnliche Ideen leisten Hilfe in einer au\u00dfergew\u00f6hnlichen Zeit! - Home | Tafel Dorsten","isPartOf":{"@id":"https:\/\/www.dorstener-tafel.de\/#website"},"primaryImageOfPage":{"@id":"https:\/\/www.dorstener-tafel.de\/?p=2331#primaryimage"},"image":{"@id":"https:\/\/www.dorstener-tafel.de\/?p=2331#primaryimage"},"thumbnailUrl":"https:\/\/www.kvg-dorsten.de\/dorstener-tafel\/wordpress\/wp-content\/uploads\/2022\/11\/Zwischenablage01.jpg","datePublished":"2022-11-15T23:03:45+00:00","dateModified":"2022-11-15T23:15:49+00:00","author":{"@id":"https:\/\/www.dorstener-tafel.de\/#\/schema\/person\/75e0906e4c2b6af10e02c5804f2c98e1"},"breadcrumb":{"@id":"https:\/\/www.dorstener-tafel.de\/?p=2331#breadcrumb"},"inLanguage":"de","potentialAction":[{"@type":"ReadAction","target":["https:\/\/www.dorstener-tafel.de\/?p=2331"]}]},{"@type":"ImageObject","inLanguage":"de","@id":"https:\/\/www.dorstener-tafel.de\/?p=2331#primaryimage","url":"https:\/\/www.kvg-dorsten.de\/dorstener-tafel\/wordpress\/wp-content\/uploads\/2022\/11\/Zwischenablage01.jpg","contentUrl":"https:\/\/www.kvg-dorsten.de\/dorstener-tafel\/wordpress\/wp-content\/uploads\/2022\/11\/Zwischenablage01.jpg","width":1734,"height":955},{"@type":"BreadcrumbList","@id":"https:\/\/www.dorstener-tafel.de\/?p=2331#breadcrumb","itemListElement":[{"@type":"ListItem","position":1,"name":"Home","item":"https:\/\/www.dorstener-tafel.de\/"},{"@type":"ListItem","position":2,"name":"Spende statt Kalender! Au\u00dfergew\u00f6hnliche Ideen leisten Hilfe in einer au\u00dfergew\u00f6hnlichen Zeit!"}]},{"@type":"WebSite","@id":"https:\/\/www.dorstener-tafel.de\/#website","url":"https:\/\/www.dorstener-tafel.de\/","name":"Home | Tafel Dorsten","description":"","potentialAction":[{"@type":"SearchAction","target":{"@type":"EntryPoint","urlTemplate":"https:\/\/www.dorstener-tafel.de\/?s={search_term_string}"},"query-input":{"@type":"PropertyValueSpecification","valueRequired":true,"valueName":"search_term_string"}}],"inLanguage":"de"},{"@type":"Person","@id":"https:\/\/www.dorstener-tafel.de\/#\/schema\/person\/75e0906e4c2b6af10e02c5804f2c98e1","name":"Dirk Werwer","image":{"@type":"ImageObject","inLanguage":"de","@id":"https:\/\/www.dorstener-tafel.de\/#\/schema\/person\/image\/","url":"https:\/\/secure.gravatar.com\/avatar\/7231c91484f831974b2579bfc56d9bec?s=96&d=retro&r=g","contentUrl":"https:\/\/secure.gravatar.com\/avatar\/7231c91484f831974b2579bfc56d9bec?s=96&d=retro&r=g","caption":"Dirk Werwer"},"url":"https:\/\/www.dorstener-tafel.de\/?author=2"}]}},"_links":{"self":[{"href":"https:\/\/www.dorstener-tafel.de\/index.php?rest_route=\/wp\/v2\/posts\/2331","targetHints":{"allow":["GET"]}}],"collection":[{"href":"https:\/\/www.dorstener-tafel.de\/index.php?rest_route=\/wp\/v2\/posts"}],"about":[{"href":"https:\/\/www.dorstener-tafel.de\/index.php?rest_route=\/wp\/v2\/types\/post"}],"author":[{"embeddable":true,"href":"https:\/\/www.dorstener-tafel.de\/index.php?rest_route=\/wp\/v2\/users\/2"}],"replies":[{"embeddable":true,"href":"https:\/\/www.dorstener-tafel.de\/index.php?rest_route=%2Fwp%2Fv2%2Fcomments&post=2331"}],"version-history":[{"count":5,"href":"https:\/\/www.dorstener-tafel.de\/index.php?rest_route=\/wp\/v2\/posts\/2331\/revisions"}],"predecessor-version":[{"id":2337,"href":"https:\/\/www.dorstener-tafel.de\/index.php?rest_route=\/wp\/v2\/posts\/2331\/revisions\/2337"}],"wp:featuredmedia":[{"embeddable":true,"href":"https:\/\/www.dorstener-tafel.de\/index.php?rest_route=\/wp\/v2\/media\/2336"}],"wp:attachment":[{"href":"https:\/\/www.dorstener-tafel.de\/index.php?rest_route=%2Fwp%2Fv2%2Fmedia&parent=2331"}],"wp:term":[{"taxonomy":"category","embeddable":true,"href":"https:\/\/www.dorstener-tafel.de\/index.php?rest_route=%2Fwp%2Fv2%2Fcategories&post=2331"},{"taxonomy":"post_tag","embeddable":true,"href":"https:\/\/www.dorstener-tafel.de\/index.php?rest_route=%2Fwp%2Fv2%2Ftags&post=2331"}],"curies":[{"name":"wp","href":"https:\/\/api.w.org\/{rel}","templated":true}]}}