{"id":2316,"date":"2022-09-08T11:07:35","date_gmt":"2022-09-08T09:07:35","guid":{"rendered":"https:\/\/www.dorstener-tafel.de\/?p=2316"},"modified":"2022-11-15T23:49:45","modified_gmt":"2022-11-15T22:49:45","slug":"wir-suchen-verstaerkung","status":"publish","type":"post","link":"https:\/\/www.dorstener-tafel.de\/?p=2316","title":{"rendered":"Wir suchen Verst\u00e4rkung!"},"content":{"rendered":"<p>Liebe Mitb\u00fcrgerinnen und Mitb\u00fcrger,<\/p>\n<p>die TAFEL Dorsten ben\u00f6tigt viele Helferinnen und Helfer (Personen zum Sortieren der Waren und im Verkauf), die ein- oder zweimal pro Woche mitarbeiten.<\/p>\n<p>Die TAFEL Dorsten ist ein rein ehrenamtlich arbeitender Verein.<\/p>\n<p>Wir suchen nach Unterst\u00fctzung beim <strong>Aussortieren und Verpacken<\/strong> der Ware in der Zeit von 9 Uhr bis ca. 12:30 Uhr.<\/p>\n<p>Im Verkauf ist dienstags und freitags Unterst\u00fctzung gefragt f\u00fcr die Zeit von 14 Uhr bis ca. 18 Uhr.<\/p>\n<p>Haben Sie ein- oder zweimal in der Woche Zeit und Lust mitzuarbeiten? Kennen Sie jemanden, den Sie ansprechen k\u00f6nnen? Sie erreichen uns per Mail unter <a href=\"mailto:post@dorstener-tafel.de\">post@dorstener-tafel.de<\/a> oder \u00fcber das <a href=\"https:\/\/www.dorstener-tafel.de\/?page_id=24\">Kontaktformular<\/a> oder vormittags zwischen 10 und 13 Uhr unter 02367\/203795.<\/p>\n<p>Etwa 500 Menschen in Dorsten, die regelm\u00e4\u00dfig Kunden der TAFEL sind, sind dankbar f\u00fcr Ihr Engagement!<\/p>\n<p>&nbsp;<\/p>\n","protected":false},"excerpt":{"rendered":"<p>Liebe Mitb\u00fcrgerinnen und Mitb\u00fcrger, die TAFEL Dorsten ben\u00f6tigt viele Helferinnen und Helfer (Personen zum Sortieren der Waren und im Verkauf), [&hellip;]<\/p>\n","protected":false},"author":2,"featured_media":2317,"comment_status":"open","ping_status":"closed","sticky":false,"template":"","format":"standard","meta":{"footnotes":""},"categories":[1],"tags":[],"class_list":["post-2316","post","type-post","status-publish","format-standard","has-post-thumbnail","hentry","category-allgemein"],"yoast_head":"<!-- This site is optimized with the Yoast SEO plugin v26.8 - https:\/\/yoast.com\/product\/yoast-seo-wordpress\/ -->\n<title>Wir suchen Verst\u00e4rkung! - Home | Tafel Dorsten<\/title>\n<meta name=\"robots\" content=\"index, follow, max-snippet:-1, max-image-preview:large, max-video-preview:-1\" \/>\n<link rel=\"canonical\" href=\"https:\/\/www.dorstener-tafel.de\/?p=2316\" \/>\n<meta property=\"og:locale\" content=\"de_DE\" \/>\n<meta property=\"og:type\" content=\"article\" \/>\n<meta property=\"og:title\" content=\"Wir suchen Verst\u00e4rkung! - Home | Tafel Dorsten\" \/>\n<meta property=\"og:description\" content=\"Liebe Mitb\u00fcrgerinnen und Mitb\u00fcrger, die TAFEL Dorsten ben\u00f6tigt viele Helferinnen und Helfer (Personen zum Sortieren der Waren und im Verkauf), [&hellip;]\" \/>\n<meta property=\"og:url\" content=\"https:\/\/www.dorstener-tafel.de\/?p=2316\" \/>\n<meta property=\"og:site_name\" content=\"Home | Tafel Dorsten\" \/>\n<meta property=\"article:publisher\" content=\"https:\/\/www.facebook.com\/Dorstener-Tafel-eV-710109832448127\/\" \/>\n<meta property=\"article:published_time\" content=\"2022-09-08T09:07:35+00:00\" \/>\n<meta property=\"article:modified_time\" content=\"2022-11-15T22:49:45+00:00\" \/>\n<meta property=\"og:image\" content=\"https:\/\/www.kvg-dorsten.de\/dorstener-tafel\/wordpress\/wp-content\/uploads\/2022\/09\/wir-suchen-verstarkung-deutsche-uebersetzung-wir-suchen-verstaerkung-hiring-poster_499817-279.jpg\" \/>\n\t<meta property=\"og:image:width\" content=\"1480\" \/>\n\t<meta property=\"og:image:height\" content=\"907\" \/>\n\t<meta property=\"og:image:type\" content=\"image\/jpeg\" \/>\n<meta name=\"author\" content=\"Dirk Werwer\" \/>\n<meta name=\"twitter:card\" content=\"summary_large_image\" \/>\n<meta name=\"twitter:label1\" content=\"Verfasst von\" \/>\n\t<meta name=\"twitter:data1\" content=\"Dirk Werwer\" \/>\n\t<meta name=\"twitter:label2\" content=\"Gesch\u00e4tzte Lesezeit\" \/>\n\t<meta name=\"twitter:data2\" content=\"1\u00a0Minute\" \/>\n<script type=\"application\/ld+json\" class=\"yoast-schema-graph\">{\"@context\":\"https:\/\/schema.org\",\"@graph\":[{\"@type\":\"Article\",\"@id\":\"https:\/\/www.dorstener-tafel.de\/?p=2316#article\",\"isPartOf\":{\"@id\":\"https:\/\/www.dorstener-tafel.de\/?p=2316\"},\"author\":{\"name\":\"Dirk Werwer\",\"@id\":\"https:\/\/www.dorstener-tafel.de\/#\/schema\/person\/75e0906e4c2b6af10e02c5804f2c98e1\"},\"headline\":\"Wir suchen Verst\u00e4rkung!\",\"datePublished\":\"2022-09-08T09:07:35+00:00\",\"dateModified\":\"2022-11-15T22:49:45+00:00\",\"mainEntityOfPage\":{\"@id\":\"https:\/\/www.dorstener-tafel.de\/?p=2316\"},\"wordCount\":137,\"commentCount\":0,\"image\":{\"@id\":\"https:\/\/www.dorstener-tafel.de\/?p=2316#primaryimage\"},\"thumbnailUrl\":\"https:\/\/www.kvg-dorsten.de\/dorstener-tafel\/wordpress\/wp-content\/uploads\/2022\/09\/wir-suchen-verstarkung-deutsche-uebersetzung-wir-suchen-verstaerkung-hiring-poster_499817-279.jpg\",\"articleSection\":[\"Aktuelles\"],\"inLanguage\":\"de\",\"potentialAction\":[{\"@type\":\"CommentAction\",\"name\":\"Comment\",\"target\":[\"https:\/\/www.dorstener-tafel.de\/?p=2316#respond\"]}]},{\"@type\":\"WebPage\",\"@id\":\"https:\/\/www.dorstener-tafel.de\/?p=2316\",\"url\":\"https:\/\/www.dorstener-tafel.de\/?p=2316\",\"name\":\"Wir suchen Verst\u00e4rkung! - Home | Tafel Dorsten\",\"isPartOf\":{\"@id\":\"https:\/\/www.dorstener-tafel.de\/#website\"},\"primaryImageOfPage\":{\"@id\":\"https:\/\/www.dorstener-tafel.de\/?p=2316#primaryimage\"},\"image\":{\"@id\":\"https:\/\/www.dorstener-tafel.de\/?p=2316#primaryimage\"},\"thumbnailUrl\":\"https:\/\/www.kvg-dorsten.de\/dorstener-tafel\/wordpress\/wp-content\/uploads\/2022\/09\/wir-suchen-verstarkung-deutsche-uebersetzung-wir-suchen-verstaerkung-hiring-poster_499817-279.jpg\",\"datePublished\":\"2022-09-08T09:07:35+00:00\",\"dateModified\":\"2022-11-15T22:49:45+00:00\",\"author\":{\"@id\":\"https:\/\/www.dorstener-tafel.de\/#\/schema\/person\/75e0906e4c2b6af10e02c5804f2c98e1\"},\"breadcrumb\":{\"@id\":\"https:\/\/www.dorstener-tafel.de\/?p=2316#breadcrumb\"},\"inLanguage\":\"de\",\"potentialAction\":[{\"@type\":\"ReadAction\",\"target\":[\"https:\/\/www.dorstener-tafel.de\/?p=2316\"]}]},{\"@type\":\"ImageObject\",\"inLanguage\":\"de\",\"@id\":\"https:\/\/www.dorstener-tafel.de\/?p=2316#primaryimage\",\"url\":\"https:\/\/www.kvg-dorsten.de\/dorstener-tafel\/wordpress\/wp-content\/uploads\/2022\/09\/wir-suchen-verstarkung-deutsche-uebersetzung-wir-suchen-verstaerkung-hiring-poster_499817-279.jpg\",\"contentUrl\":\"https:\/\/www.kvg-dorsten.de\/dorstener-tafel\/wordpress\/wp-content\/uploads\/2022\/09\/wir-suchen-verstarkung-deutsche-uebersetzung-wir-suchen-verstaerkung-hiring-poster_499817-279.jpg\",\"width\":1480,\"height\":907},{\"@type\":\"BreadcrumbList\",\"@id\":\"https:\/\/www.dorstener-tafel.de\/?p=2316#breadcrumb\",\"itemListElement\":[{\"@type\":\"ListItem\",\"position\":1,\"name\":\"Home\",\"item\":\"https:\/\/www.dorstener-tafel.de\/\"},{\"@type\":\"ListItem\",\"position\":2,\"name\":\"Wir suchen Verst\u00e4rkung!\"}]},{\"@type\":\"WebSite\",\"@id\":\"https:\/\/www.dorstener-tafel.de\/#website\",\"url\":\"https:\/\/www.dorstener-tafel.de\/\",\"name\":\"Home | Tafel Dorsten\",\"description\":\"\",\"potentialAction\":[{\"@type\":\"SearchAction\",\"target\":{\"@type\":\"EntryPoint\",\"urlTemplate\":\"https:\/\/www.dorstener-tafel.de\/?s={search_term_string}\"},\"query-input\":{\"@type\":\"PropertyValueSpecification\",\"valueRequired\":true,\"valueName\":\"search_term_string\"}}],\"inLanguage\":\"de\"},{\"@type\":\"Person\",\"@id\":\"https:\/\/www.dorstener-tafel.de\/#\/schema\/person\/75e0906e4c2b6af10e02c5804f2c98e1\",\"name\":\"Dirk Werwer\",\"image\":{\"@type\":\"ImageObject\",\"inLanguage\":\"de\",\"@id\":\"https:\/\/www.dorstener-tafel.de\/#\/schema\/person\/image\/\",\"url\":\"https:\/\/secure.gravatar.com\/avatar\/7231c91484f831974b2579bfc56d9bec?s=96&d=retro&r=g\",\"contentUrl\":\"https:\/\/secure.gravatar.com\/avatar\/7231c91484f831974b2579bfc56d9bec?s=96&d=retro&r=g\",\"caption\":\"Dirk Werwer\"},\"url\":\"https:\/\/www.dorstener-tafel.de\/?author=2\"}]}<\/script>\n<!-- \/ Yoast SEO plugin. -->","yoast_head_json":{"title":"Wir suchen Verst\u00e4rkung! - Home | Tafel Dorsten","robots":{"index":"index","follow":"follow","max-snippet":"max-snippet:-1","max-image-preview":"max-image-preview:large","max-video-preview":"max-video-preview:-1"},"canonical":"https:\/\/www.dorstener-tafel.de\/?p=2316","og_locale":"de_DE","og_type":"article","og_title":"Wir suchen Verst\u00e4rkung! - Home | Tafel Dorsten","og_description":"Liebe Mitb\u00fcrgerinnen und Mitb\u00fcrger, die TAFEL Dorsten ben\u00f6tigt viele Helferinnen und Helfer (Personen zum Sortieren der Waren und im Verkauf), [&hellip;]","og_url":"https:\/\/www.dorstener-tafel.de\/?p=2316","og_site_name":"Home | Tafel Dorsten","article_publisher":"https:\/\/www.facebook.com\/Dorstener-Tafel-eV-710109832448127\/","article_published_time":"2022-09-08T09:07:35+00:00","article_modified_time":"2022-11-15T22:49:45+00:00","og_image":[{"width":1480,"height":907,"url":"https:\/\/www.kvg-dorsten.de\/dorstener-tafel\/wordpress\/wp-content\/uploads\/2022\/09\/wir-suchen-verstarkung-deutsche-uebersetzung-wir-suchen-verstaerkung-hiring-poster_499817-279.jpg","type":"image\/jpeg"}],"author":"Dirk Werwer","twitter_card":"summary_large_image","twitter_misc":{"Verfasst von":"Dirk Werwer","Gesch\u00e4tzte Lesezeit":"1\u00a0Minute"},"schema":{"@context":"https:\/\/schema.org","@graph":[{"@type":"Article","@id":"https:\/\/www.dorstener-tafel.de\/?p=2316#article","isPartOf":{"@id":"https:\/\/www.dorstener-tafel.de\/?p=2316"},"author":{"name":"Dirk Werwer","@id":"https:\/\/www.dorstener-tafel.de\/#\/schema\/person\/75e0906e4c2b6af10e02c5804f2c98e1"},"headline":"Wir suchen Verst\u00e4rkung!","datePublished":"2022-09-08T09:07:35+00:00","dateModified":"2022-11-15T22:49:45+00:00","mainEntityOfPage":{"@id":"https:\/\/www.dorstener-tafel.de\/?p=2316"},"wordCount":137,"commentCount":0,"image":{"@id":"https:\/\/www.dorstener-tafel.de\/?p=2316#primaryimage"},"thumbnailUrl":"https:\/\/www.kvg-dorsten.de\/dorstener-tafel\/wordpress\/wp-content\/uploads\/2022\/09\/wir-suchen-verstarkung-deutsche-uebersetzung-wir-suchen-verstaerkung-hiring-poster_499817-279.jpg","articleSection":["Aktuelles"],"inLanguage":"de","potentialAction":[{"@type":"CommentAction","name":"Comment","target":["https:\/\/www.dorstener-tafel.de\/?p=2316#respond"]}]},{"@type":"WebPage","@id":"https:\/\/www.dorstener-tafel.de\/?p=2316","url":"https:\/\/www.dorstener-tafel.de\/?p=2316","name":"Wir suchen Verst\u00e4rkung! - Home | Tafel Dorsten","isPartOf":{"@id":"https:\/\/www.dorstener-tafel.de\/#website"},"primaryImageOfPage":{"@id":"https:\/\/www.dorstener-tafel.de\/?p=2316#primaryimage"},"image":{"@id":"https:\/\/www.dorstener-tafel.de\/?p=2316#primaryimage"},"thumbnailUrl":"https:\/\/www.kvg-dorsten.de\/dorstener-tafel\/wordpress\/wp-content\/uploads\/2022\/09\/wir-suchen-verstarkung-deutsche-uebersetzung-wir-suchen-verstaerkung-hiring-poster_499817-279.jpg","datePublished":"2022-09-08T09:07:35+00:00","dateModified":"2022-11-15T22:49:45+00:00","author":{"@id":"https:\/\/www.dorstener-tafel.de\/#\/schema\/person\/75e0906e4c2b6af10e02c5804f2c98e1"},"breadcrumb":{"@id":"https:\/\/www.dorstener-tafel.de\/?p=2316#breadcrumb"},"inLanguage":"de","potentialAction":[{"@type":"ReadAction","target":["https:\/\/www.dorstener-tafel.de\/?p=2316"]}]},{"@type":"ImageObject","inLanguage":"de","@id":"https:\/\/www.dorstener-tafel.de\/?p=2316#primaryimage","url":"https:\/\/www.kvg-dorsten.de\/dorstener-tafel\/wordpress\/wp-content\/uploads\/2022\/09\/wir-suchen-verstarkung-deutsche-uebersetzung-wir-suchen-verstaerkung-hiring-poster_499817-279.jpg","contentUrl":"https:\/\/www.kvg-dorsten.de\/dorstener-tafel\/wordpress\/wp-content\/uploads\/2022\/09\/wir-suchen-verstarkung-deutsche-uebersetzung-wir-suchen-verstaerkung-hiring-poster_499817-279.jpg","width":1480,"height":907},{"@type":"BreadcrumbList","@id":"https:\/\/www.dorstener-tafel.de\/?p=2316#breadcrumb","itemListElement":[{"@type":"ListItem","position":1,"name":"Home","item":"https:\/\/www.dorstener-tafel.de\/"},{"@type":"ListItem","position":2,"name":"Wir suchen Verst\u00e4rkung!"}]},{"@type":"WebSite","@id":"https:\/\/www.dorstener-tafel.de\/#website","url":"https:\/\/www.dorstener-tafel.de\/","name":"Home | Tafel Dorsten","description":"","potentialAction":[{"@type":"SearchAction","target":{"@type":"EntryPoint","urlTemplate":"https:\/\/www.dorstener-tafel.de\/?s={search_term_string}"},"query-input":{"@type":"PropertyValueSpecification","valueRequired":true,"valueName":"search_term_string"}}],"inLanguage":"de"},{"@type":"Person","@id":"https:\/\/www.dorstener-tafel.de\/#\/schema\/person\/75e0906e4c2b6af10e02c5804f2c98e1","name":"Dirk Werwer","image":{"@type":"ImageObject","inLanguage":"de","@id":"https:\/\/www.dorstener-tafel.de\/#\/schema\/person\/image\/","url":"https:\/\/secure.gravatar.com\/avatar\/7231c91484f831974b2579bfc56d9bec?s=96&d=retro&r=g","contentUrl":"https:\/\/secure.gravatar.com\/avatar\/7231c91484f831974b2579bfc56d9bec?s=96&d=retro&r=g","caption":"Dirk Werwer"},"url":"https:\/\/www.dorstener-tafel.de\/?author=2"}]}},"_links":{"self":[{"href":"https:\/\/www.dorstener-tafel.de\/index.php?rest_route=\/wp\/v2\/posts\/2316","targetHints":{"allow":["GET"]}}],"collection":[{"href":"https:\/\/www.dorstener-tafel.de\/index.php?rest_route=\/wp\/v2\/posts"}],"about":[{"href":"https:\/\/www.dorstener-tafel.de\/index.php?rest_route=\/wp\/v2\/types\/post"}],"author":[{"embeddable":true,"href":"https:\/\/www.dorstener-tafel.de\/index.php?rest_route=\/wp\/v2\/users\/2"}],"replies":[{"embeddable":true,"href":"https:\/\/www.dorstener-tafel.de\/index.php?rest_route=%2Fwp%2Fv2%2Fcomments&post=2316"}],"version-history":[{"count":2,"href":"https:\/\/www.dorstener-tafel.de\/index.php?rest_route=\/wp\/v2\/posts\/2316\/revisions"}],"predecessor-version":[{"id":2323,"href":"https:\/\/www.dorstener-tafel.de\/index.php?rest_route=\/wp\/v2\/posts\/2316\/revisions\/2323"}],"wp:featuredmedia":[{"embeddable":true,"href":"https:\/\/www.dorstener-tafel.de\/index.php?rest_route=\/wp\/v2\/media\/2317"}],"wp:attachment":[{"href":"https:\/\/www.dorstener-tafel.de\/index.php?rest_route=%2Fwp%2Fv2%2Fmedia&parent=2316"}],"wp:term":[{"taxonomy":"category","embeddable":true,"href":"https:\/\/www.dorstener-tafel.de\/index.php?rest_route=%2Fwp%2Fv2%2Fcategories&post=2316"},{"taxonomy":"post_tag","embeddable":true,"href":"https:\/\/www.dorstener-tafel.de\/index.php?rest_route=%2Fwp%2Fv2%2Ftags&post=2316"}],"curies":[{"name":"wp","href":"https:\/\/api.w.org\/{rel}","templated":true}]}}