{"id":2232,"date":"2021-09-23T12:24:21","date_gmt":"2021-09-23T10:24:21","guid":{"rendered":"https:\/\/www.dorstener-tafel.de\/?p=2232"},"modified":"2021-09-23T15:40:13","modified_gmt":"2021-09-23T13:40:13","slug":"tafel-beifahrer-gesucht","status":"publish","type":"post","link":"https:\/\/www.dorstener-tafel.de\/?p=2232","title":{"rendered":"Tafel-Fahrer und Beifahrer gesucht"},"content":{"rendered":"<p>Liebe Mitb\u00fcrgerinnen und Mitb\u00fcrger,<\/p>\n<p>seit vielen Jahren unterst\u00fctzt die DORSTENER TAFEL e.V. bed\u00fcrftige Dorstenerinnen und Dorstener. Als bed\u00fcrftig im Sinne der TAFEL gilt jeder, der staatliche Unterst\u00fctzung zum Lebensunterhalt erh\u00e4lt.<\/p>\n<p><a href=\"https:\/\/www.kvg-dorsten.de\/dorstener-tafel\/wordpress\/wp-content\/uploads\/2018\/01\/2018-02-28-Sortieren.jpg\"><img loading=\"lazy\" decoding=\"async\" class=\"alignnone size-medium wp-image-1523\" src=\"https:\/\/www.kvg-dorsten.de\/dorstener-tafel\/wordpress\/wp-content\/uploads\/2018\/01\/2018-02-28-Sortieren-300x200.jpg\" alt=\"\" width=\"300\" height=\"200\" srcset=\"https:\/\/www.kvg-dorsten.de\/dorstener-tafel\/wordpress\/wp-content\/uploads\/2018\/01\/2018-02-28-Sortieren-300x200.jpg 300w, https:\/\/www.kvg-dorsten.de\/dorstener-tafel\/wordpress\/wp-content\/uploads\/2018\/01\/2018-02-28-Sortieren-768x512.jpg 768w, https:\/\/www.kvg-dorsten.de\/dorstener-tafel\/wordpress\/wp-content\/uploads\/2018\/01\/2018-02-28-Sortieren.jpg 1024w, https:\/\/www.kvg-dorsten.de\/dorstener-tafel\/wordpress\/wp-content\/uploads\/2018\/01\/2018-02-28-Sortieren-272x182.jpg 272w\" sizes=\"auto, (max-width: 300px) 100vw, 300px\" \/><\/a><\/p>\n<p>Die allesamt ehrenamtlichen Mitarbeiterinnen und Mitarbeiter brauchen nun Ihre Unterst\u00fctzung:<\/p>\n<p>An jedem Werktag besucht unser Lieferwagen mit Fahrer und Beifahrer morgens die Dorstener B\u00e4ckereien und Superm\u00e4rkte (fast alle M\u00e4rkte in Dorsten beteiligen sich daran! Danke f\u00fcr diese Solidarit\u00e4t!), um Lebensmittelspenden f\u00fcr die TAFEL abzuholen, die dann im Laden kontrolliert, sortiert, verpackt werden, bevor sie in den Verkauf gehen. Hier brauchen wir Unterst\u00fctzung durch Mitmenschen, die nach Absprache und M\u00f6glichkeit einmal pro Woche bereit sind, als Fahrer oder Beifahrer morgens ab 06:45 Uhr f\u00fcr 4-6 Stunden kr\u00e4ftig anzupacken, also Obst- und Gem\u00fcsekisten an der Rampe der Superm\u00e4rkte ein- und am Laden der Tafel wieder auszuladen und am Ende die aussortierte Ware zum Entsorgungsbetrieb zu bringen!<\/p>\n<p>Haben Sie Zeit und Lust oder kennen Sie jemanden, den Sie ansprechen k\u00f6nnen? Sie erreichen uns per Mail unter <a href=\"mailto:post@dorstener-tafel.de\">post@dorstener-tafel.de<\/a> oder \u00fcber das <a href=\"https:\/\/www.dorstener-tafel.de\/?page_id=24\">Kontaktformular<\/a>. Etwa 90 Menschen in Dorsten, die regelm\u00e4\u00dfig Kunden der TAFEL sind, sind dankbar f\u00fcr Ihr Engagement!<\/p>\n","protected":false},"excerpt":{"rendered":"<p>Liebe Mitb\u00fcrgerinnen und Mitb\u00fcrger, seit vielen Jahren unterst\u00fctzt die DORSTENER TAFEL e.V. bed\u00fcrftige Dorstenerinnen und Dorstener. Als bed\u00fcrftig im Sinne [&hellip;]<\/p>\n","protected":false},"author":2,"featured_media":1163,"comment_status":"open","ping_status":"closed","sticky":false,"template":"","format":"standard","meta":{"footnotes":""},"categories":[1],"tags":[],"class_list":["post-2232","post","type-post","status-publish","format-standard","has-post-thumbnail","hentry","category-allgemein"],"yoast_head":"<!-- This site is optimized with the Yoast SEO plugin v26.8 - https:\/\/yoast.com\/product\/yoast-seo-wordpress\/ -->\n<title>Tafel-Fahrer und Beifahrer gesucht - Home | Tafel Dorsten<\/title>\n<meta name=\"robots\" content=\"index, follow, max-snippet:-1, max-image-preview:large, max-video-preview:-1\" \/>\n<link rel=\"canonical\" href=\"https:\/\/www.dorstener-tafel.de\/?p=2232\" \/>\n<meta property=\"og:locale\" content=\"de_DE\" \/>\n<meta property=\"og:type\" content=\"article\" \/>\n<meta property=\"og:title\" content=\"Tafel-Fahrer und Beifahrer gesucht - Home | Tafel Dorsten\" \/>\n<meta property=\"og:description\" content=\"Liebe Mitb\u00fcrgerinnen und Mitb\u00fcrger, seit vielen Jahren unterst\u00fctzt die DORSTENER TAFEL e.V. bed\u00fcrftige Dorstenerinnen und Dorstener. Als bed\u00fcrftig im Sinne [&hellip;]\" \/>\n<meta property=\"og:url\" content=\"https:\/\/www.dorstener-tafel.de\/?p=2232\" \/>\n<meta property=\"og:site_name\" content=\"Home | Tafel Dorsten\" \/>\n<meta property=\"article:publisher\" content=\"https:\/\/www.facebook.com\/Dorstener-Tafel-eV-710109832448127\/\" \/>\n<meta property=\"article:published_time\" content=\"2021-09-23T10:24:21+00:00\" \/>\n<meta property=\"article:modified_time\" content=\"2021-09-23T13:40:13+00:00\" \/>\n<meta property=\"og:image\" content=\"https:\/\/www.kvg-dorsten.de\/dorstener-tafel\/wordpress\/wp-content\/uploads\/2018\/01\/verstaerkung-mit-logo.jpg\" \/>\n\t<meta property=\"og:image:width\" content=\"667\" \/>\n\t<meta property=\"og:image:height\" content=\"290\" \/>\n\t<meta property=\"og:image:type\" content=\"image\/jpeg\" \/>\n<meta name=\"author\" content=\"Dirk Werwer\" \/>\n<meta name=\"twitter:card\" content=\"summary_large_image\" \/>\n<meta name=\"twitter:label1\" content=\"Verfasst von\" \/>\n\t<meta name=\"twitter:data1\" content=\"Dirk Werwer\" \/>\n\t<meta name=\"twitter:label2\" content=\"Gesch\u00e4tzte Lesezeit\" \/>\n\t<meta name=\"twitter:data2\" content=\"2\u00a0Minuten\" \/>\n<script type=\"application\/ld+json\" class=\"yoast-schema-graph\">{\"@context\":\"https:\/\/schema.org\",\"@graph\":[{\"@type\":\"Article\",\"@id\":\"https:\/\/www.dorstener-tafel.de\/?p=2232#article\",\"isPartOf\":{\"@id\":\"https:\/\/www.dorstener-tafel.de\/?p=2232\"},\"author\":{\"name\":\"Dirk Werwer\",\"@id\":\"https:\/\/www.dorstener-tafel.de\/#\/schema\/person\/75e0906e4c2b6af10e02c5804f2c98e1\"},\"headline\":\"Tafel-Fahrer und Beifahrer gesucht\",\"datePublished\":\"2021-09-23T10:24:21+00:00\",\"dateModified\":\"2021-09-23T13:40:13+00:00\",\"mainEntityOfPage\":{\"@id\":\"https:\/\/www.dorstener-tafel.de\/?p=2232\"},\"wordCount\":212,\"commentCount\":0,\"image\":{\"@id\":\"https:\/\/www.dorstener-tafel.de\/?p=2232#primaryimage\"},\"thumbnailUrl\":\"https:\/\/www.kvg-dorsten.de\/dorstener-tafel\/wordpress\/wp-content\/uploads\/2018\/01\/verstaerkung-mit-logo.jpg\",\"articleSection\":[\"Aktuelles\"],\"inLanguage\":\"de\",\"potentialAction\":[{\"@type\":\"CommentAction\",\"name\":\"Comment\",\"target\":[\"https:\/\/www.dorstener-tafel.de\/?p=2232#respond\"]}]},{\"@type\":\"WebPage\",\"@id\":\"https:\/\/www.dorstener-tafel.de\/?p=2232\",\"url\":\"https:\/\/www.dorstener-tafel.de\/?p=2232\",\"name\":\"Tafel-Fahrer und Beifahrer gesucht - Home | Tafel Dorsten\",\"isPartOf\":{\"@id\":\"https:\/\/www.dorstener-tafel.de\/#website\"},\"primaryImageOfPage\":{\"@id\":\"https:\/\/www.dorstener-tafel.de\/?p=2232#primaryimage\"},\"image\":{\"@id\":\"https:\/\/www.dorstener-tafel.de\/?p=2232#primaryimage\"},\"thumbnailUrl\":\"https:\/\/www.kvg-dorsten.de\/dorstener-tafel\/wordpress\/wp-content\/uploads\/2018\/01\/verstaerkung-mit-logo.jpg\",\"datePublished\":\"2021-09-23T10:24:21+00:00\",\"dateModified\":\"2021-09-23T13:40:13+00:00\",\"author\":{\"@id\":\"https:\/\/www.dorstener-tafel.de\/#\/schema\/person\/75e0906e4c2b6af10e02c5804f2c98e1\"},\"breadcrumb\":{\"@id\":\"https:\/\/www.dorstener-tafel.de\/?p=2232#breadcrumb\"},\"inLanguage\":\"de\",\"potentialAction\":[{\"@type\":\"ReadAction\",\"target\":[\"https:\/\/www.dorstener-tafel.de\/?p=2232\"]}]},{\"@type\":\"ImageObject\",\"inLanguage\":\"de\",\"@id\":\"https:\/\/www.dorstener-tafel.de\/?p=2232#primaryimage\",\"url\":\"https:\/\/www.kvg-dorsten.de\/dorstener-tafel\/wordpress\/wp-content\/uploads\/2018\/01\/verstaerkung-mit-logo.jpg\",\"contentUrl\":\"https:\/\/www.kvg-dorsten.de\/dorstener-tafel\/wordpress\/wp-content\/uploads\/2018\/01\/verstaerkung-mit-logo.jpg\",\"width\":667,\"height\":290},{\"@type\":\"BreadcrumbList\",\"@id\":\"https:\/\/www.dorstener-tafel.de\/?p=2232#breadcrumb\",\"itemListElement\":[{\"@type\":\"ListItem\",\"position\":1,\"name\":\"Home\",\"item\":\"https:\/\/www.dorstener-tafel.de\/\"},{\"@type\":\"ListItem\",\"position\":2,\"name\":\"Tafel-Fahrer und Beifahrer gesucht\"}]},{\"@type\":\"WebSite\",\"@id\":\"https:\/\/www.dorstener-tafel.de\/#website\",\"url\":\"https:\/\/www.dorstener-tafel.de\/\",\"name\":\"Home | Tafel Dorsten\",\"description\":\"\",\"potentialAction\":[{\"@type\":\"SearchAction\",\"target\":{\"@type\":\"EntryPoint\",\"urlTemplate\":\"https:\/\/www.dorstener-tafel.de\/?s={search_term_string}\"},\"query-input\":{\"@type\":\"PropertyValueSpecification\",\"valueRequired\":true,\"valueName\":\"search_term_string\"}}],\"inLanguage\":\"de\"},{\"@type\":\"Person\",\"@id\":\"https:\/\/www.dorstener-tafel.de\/#\/schema\/person\/75e0906e4c2b6af10e02c5804f2c98e1\",\"name\":\"Dirk Werwer\",\"image\":{\"@type\":\"ImageObject\",\"inLanguage\":\"de\",\"@id\":\"https:\/\/www.dorstener-tafel.de\/#\/schema\/person\/image\/\",\"url\":\"https:\/\/secure.gravatar.com\/avatar\/7231c91484f831974b2579bfc56d9bec?s=96&d=retro&r=g\",\"contentUrl\":\"https:\/\/secure.gravatar.com\/avatar\/7231c91484f831974b2579bfc56d9bec?s=96&d=retro&r=g\",\"caption\":\"Dirk Werwer\"},\"url\":\"https:\/\/www.dorstener-tafel.de\/?author=2\"}]}<\/script>\n<!-- \/ Yoast SEO plugin. -->","yoast_head_json":{"title":"Tafel-Fahrer und Beifahrer gesucht - Home | Tafel Dorsten","robots":{"index":"index","follow":"follow","max-snippet":"max-snippet:-1","max-image-preview":"max-image-preview:large","max-video-preview":"max-video-preview:-1"},"canonical":"https:\/\/www.dorstener-tafel.de\/?p=2232","og_locale":"de_DE","og_type":"article","og_title":"Tafel-Fahrer und Beifahrer gesucht - Home | Tafel Dorsten","og_description":"Liebe Mitb\u00fcrgerinnen und Mitb\u00fcrger, seit vielen Jahren unterst\u00fctzt die DORSTENER TAFEL e.V. bed\u00fcrftige Dorstenerinnen und Dorstener. Als bed\u00fcrftig im Sinne [&hellip;]","og_url":"https:\/\/www.dorstener-tafel.de\/?p=2232","og_site_name":"Home | Tafel Dorsten","article_publisher":"https:\/\/www.facebook.com\/Dorstener-Tafel-eV-710109832448127\/","article_published_time":"2021-09-23T10:24:21+00:00","article_modified_time":"2021-09-23T13:40:13+00:00","og_image":[{"width":667,"height":290,"url":"https:\/\/www.kvg-dorsten.de\/dorstener-tafel\/wordpress\/wp-content\/uploads\/2018\/01\/verstaerkung-mit-logo.jpg","type":"image\/jpeg"}],"author":"Dirk Werwer","twitter_card":"summary_large_image","twitter_misc":{"Verfasst von":"Dirk Werwer","Gesch\u00e4tzte Lesezeit":"2\u00a0Minuten"},"schema":{"@context":"https:\/\/schema.org","@graph":[{"@type":"Article","@id":"https:\/\/www.dorstener-tafel.de\/?p=2232#article","isPartOf":{"@id":"https:\/\/www.dorstener-tafel.de\/?p=2232"},"author":{"name":"Dirk Werwer","@id":"https:\/\/www.dorstener-tafel.de\/#\/schema\/person\/75e0906e4c2b6af10e02c5804f2c98e1"},"headline":"Tafel-Fahrer und Beifahrer gesucht","datePublished":"2021-09-23T10:24:21+00:00","dateModified":"2021-09-23T13:40:13+00:00","mainEntityOfPage":{"@id":"https:\/\/www.dorstener-tafel.de\/?p=2232"},"wordCount":212,"commentCount":0,"image":{"@id":"https:\/\/www.dorstener-tafel.de\/?p=2232#primaryimage"},"thumbnailUrl":"https:\/\/www.kvg-dorsten.de\/dorstener-tafel\/wordpress\/wp-content\/uploads\/2018\/01\/verstaerkung-mit-logo.jpg","articleSection":["Aktuelles"],"inLanguage":"de","potentialAction":[{"@type":"CommentAction","name":"Comment","target":["https:\/\/www.dorstener-tafel.de\/?p=2232#respond"]}]},{"@type":"WebPage","@id":"https:\/\/www.dorstener-tafel.de\/?p=2232","url":"https:\/\/www.dorstener-tafel.de\/?p=2232","name":"Tafel-Fahrer und Beifahrer gesucht - Home | Tafel Dorsten","isPartOf":{"@id":"https:\/\/www.dorstener-tafel.de\/#website"},"primaryImageOfPage":{"@id":"https:\/\/www.dorstener-tafel.de\/?p=2232#primaryimage"},"image":{"@id":"https:\/\/www.dorstener-tafel.de\/?p=2232#primaryimage"},"thumbnailUrl":"https:\/\/www.kvg-dorsten.de\/dorstener-tafel\/wordpress\/wp-content\/uploads\/2018\/01\/verstaerkung-mit-logo.jpg","datePublished":"2021-09-23T10:24:21+00:00","dateModified":"2021-09-23T13:40:13+00:00","author":{"@id":"https:\/\/www.dorstener-tafel.de\/#\/schema\/person\/75e0906e4c2b6af10e02c5804f2c98e1"},"breadcrumb":{"@id":"https:\/\/www.dorstener-tafel.de\/?p=2232#breadcrumb"},"inLanguage":"de","potentialAction":[{"@type":"ReadAction","target":["https:\/\/www.dorstener-tafel.de\/?p=2232"]}]},{"@type":"ImageObject","inLanguage":"de","@id":"https:\/\/www.dorstener-tafel.de\/?p=2232#primaryimage","url":"https:\/\/www.kvg-dorsten.de\/dorstener-tafel\/wordpress\/wp-content\/uploads\/2018\/01\/verstaerkung-mit-logo.jpg","contentUrl":"https:\/\/www.kvg-dorsten.de\/dorstener-tafel\/wordpress\/wp-content\/uploads\/2018\/01\/verstaerkung-mit-logo.jpg","width":667,"height":290},{"@type":"BreadcrumbList","@id":"https:\/\/www.dorstener-tafel.de\/?p=2232#breadcrumb","itemListElement":[{"@type":"ListItem","position":1,"name":"Home","item":"https:\/\/www.dorstener-tafel.de\/"},{"@type":"ListItem","position":2,"name":"Tafel-Fahrer und Beifahrer gesucht"}]},{"@type":"WebSite","@id":"https:\/\/www.dorstener-tafel.de\/#website","url":"https:\/\/www.dorstener-tafel.de\/","name":"Home | Tafel Dorsten","description":"","potentialAction":[{"@type":"SearchAction","target":{"@type":"EntryPoint","urlTemplate":"https:\/\/www.dorstener-tafel.de\/?s={search_term_string}"},"query-input":{"@type":"PropertyValueSpecification","valueRequired":true,"valueName":"search_term_string"}}],"inLanguage":"de"},{"@type":"Person","@id":"https:\/\/www.dorstener-tafel.de\/#\/schema\/person\/75e0906e4c2b6af10e02c5804f2c98e1","name":"Dirk Werwer","image":{"@type":"ImageObject","inLanguage":"de","@id":"https:\/\/www.dorstener-tafel.de\/#\/schema\/person\/image\/","url":"https:\/\/secure.gravatar.com\/avatar\/7231c91484f831974b2579bfc56d9bec?s=96&d=retro&r=g","contentUrl":"https:\/\/secure.gravatar.com\/avatar\/7231c91484f831974b2579bfc56d9bec?s=96&d=retro&r=g","caption":"Dirk Werwer"},"url":"https:\/\/www.dorstener-tafel.de\/?author=2"}]}},"_links":{"self":[{"href":"https:\/\/www.dorstener-tafel.de\/index.php?rest_route=\/wp\/v2\/posts\/2232","targetHints":{"allow":["GET"]}}],"collection":[{"href":"https:\/\/www.dorstener-tafel.de\/index.php?rest_route=\/wp\/v2\/posts"}],"about":[{"href":"https:\/\/www.dorstener-tafel.de\/index.php?rest_route=\/wp\/v2\/types\/post"}],"author":[{"embeddable":true,"href":"https:\/\/www.dorstener-tafel.de\/index.php?rest_route=\/wp\/v2\/users\/2"}],"replies":[{"embeddable":true,"href":"https:\/\/www.dorstener-tafel.de\/index.php?rest_route=%2Fwp%2Fv2%2Fcomments&post=2232"}],"version-history":[{"count":7,"href":"https:\/\/www.dorstener-tafel.de\/index.php?rest_route=\/wp\/v2\/posts\/2232\/revisions"}],"predecessor-version":[{"id":2269,"href":"https:\/\/www.dorstener-tafel.de\/index.php?rest_route=\/wp\/v2\/posts\/2232\/revisions\/2269"}],"wp:featuredmedia":[{"embeddable":true,"href":"https:\/\/www.dorstener-tafel.de\/index.php?rest_route=\/wp\/v2\/media\/1163"}],"wp:attachment":[{"href":"https:\/\/www.dorstener-tafel.de\/index.php?rest_route=%2Fwp%2Fv2%2Fmedia&parent=2232"}],"wp:term":[{"taxonomy":"category","embeddable":true,"href":"https:\/\/www.dorstener-tafel.de\/index.php?rest_route=%2Fwp%2Fv2%2Fcategories&post=2232"},{"taxonomy":"post_tag","embeddable":true,"href":"https:\/\/www.dorstener-tafel.de\/index.php?rest_route=%2Fwp%2Fv2%2Ftags&post=2232"}],"curies":[{"name":"wp","href":"https:\/\/api.w.org\/{rel}","templated":true}]}}