{"id":2171,"date":"2021-01-07T14:48:38","date_gmt":"2021-01-07T13:48:38","guid":{"rendered":"https:\/\/www.dorstener-tafel.de\/?p=2171"},"modified":"2021-01-10T11:53:26","modified_gmt":"2021-01-10T10:53:26","slug":"2171","status":"publish","type":"post","link":"https:\/\/www.dorstener-tafel.de\/?p=2171","title":{"rendered":"\u00d6ffnungszeiten Kinderladen Kunterbunt"},"content":{"rendered":"<div data-contents=\"true\">\n<div class=\"\" data-block=\"true\" data-editor=\"2d8bu\" data-offset-key=\"6i6iq-0-0\">\n<div class=\"_1mf _1mj\" data-offset-key=\"6i6iq-0-0\"><span data-offset-key=\"6i6iq-0-0\">\u00d6ffnungszeiten Kinderladen Kunterbunt <\/span><\/div>\n<\/div>\n<div class=\"\" data-block=\"true\" data-editor=\"2d8bu\" data-offset-key=\"7i788-0-0\">\n<div class=\"_1mf _1mj\" data-offset-key=\"7i788-0-0\"><span data-offset-key=\"7i788-0-0\">Corona-bedingt ge\u00e4nderte \u00d6ffnungszeiten!<\/span><\/div>\n<\/div>\n<div class=\"\" data-block=\"true\" data-editor=\"2d8bu\" data-offset-key=\"ao605-0-0\">\n<div class=\"_1mf _1mj\" data-offset-key=\"ao605-0-0\"><span data-offset-key=\"ao605-0-0\">\u00a0<\/span><\/div>\n<\/div>\n<div class=\"\" data-block=\"true\" data-editor=\"2d8bu\" data-offset-key=\"oa08-0-0\">\n<div class=\"_1mf _1mj\" data-offset-key=\"oa08-0-0\"><span data-offset-key=\"oa08-0-0\">Leider kann der erste Verkauf im Kinderladen nicht wie geplant am Freitag, 08.1.2021 wieder stattfinden. Der Kinderladen bleibt im Januar geschlossen.<\/span><\/div>\n<\/div>\n<div class=\"\" data-block=\"true\" data-editor=\"2d8bu\" data-offset-key=\"3vheo-0-0\">\n<div class=\"_1mf _1mj\" data-offset-key=\"3vheo-0-0\"><span data-offset-key=\"3vheo-0-0\">\u00a0<\/span><\/div>\n<\/div>\n<div class=\"\" data-block=\"true\" data-editor=\"2d8bu\" data-offset-key=\"busi3-0-0\">\n<div class=\"_1mf _1mj\" data-offset-key=\"busi3-0-0\"><span data-offset-key=\"busi3-0-0\">Beachten Sie bitte die tagesaktuellen Ver\u00f6ffentlichungen!<\/span><\/div>\n<\/div>\n<div class=\"\" data-block=\"true\" data-editor=\"2d8bu\" data-offset-key=\"fumdu-0-0\">\n<div class=\"_1mf _1mj\" data-offset-key=\"fumdu-0-0\"><span data-offset-key=\"fumdu-0-0\">Dimker Allee 20<\/span><\/div>\n<\/div>\n<div class=\"\" data-block=\"true\" data-editor=\"2d8bu\" data-offset-key=\"aeqpj-0-0\">\n<div class=\"_1mf _1mj\" data-offset-key=\"aeqpj-0-0\"><span data-offset-key=\"aeqpj-0-0\">46286 Dorsten-Barkenberg<\/span><\/div>\n<\/div>\n<\/div>\n","protected":false},"excerpt":{"rendered":"<p>\u00d6ffnungszeiten Kinderladen Kunterbunt Corona-bedingt ge\u00e4nderte \u00d6ffnungszeiten! \u00a0 Leider kann der erste Verkauf im Kinderladen nicht wie geplant am Freitag, 08.1.2021 [&hellip;]<\/p>\n","protected":false},"author":2,"featured_media":2172,"comment_status":"open","ping_status":"closed","sticky":false,"template":"","format":"standard","meta":{"footnotes":""},"categories":[1],"tags":[],"class_list":["post-2171","post","type-post","status-publish","format-standard","has-post-thumbnail","hentry","category-allgemein"],"yoast_head":"<!-- This site is optimized with the Yoast SEO plugin v26.8 - https:\/\/yoast.com\/product\/yoast-seo-wordpress\/ -->\n<title>\u00d6ffnungszeiten Kinderladen Kunterbunt - Home | Tafel Dorsten<\/title>\n<meta name=\"robots\" content=\"index, follow, max-snippet:-1, max-image-preview:large, max-video-preview:-1\" \/>\n<link rel=\"canonical\" href=\"https:\/\/www.dorstener-tafel.de\/?p=2171\" \/>\n<meta property=\"og:locale\" content=\"de_DE\" \/>\n<meta property=\"og:type\" content=\"article\" \/>\n<meta property=\"og:title\" content=\"\u00d6ffnungszeiten Kinderladen Kunterbunt - Home | Tafel Dorsten\" \/>\n<meta property=\"og:description\" content=\"\u00d6ffnungszeiten Kinderladen Kunterbunt Corona-bedingt ge\u00e4nderte \u00d6ffnungszeiten! \u00a0 Leider kann der erste Verkauf im Kinderladen nicht wie geplant am Freitag, 08.1.2021 [&hellip;]\" \/>\n<meta property=\"og:url\" content=\"https:\/\/www.dorstener-tafel.de\/?p=2171\" \/>\n<meta property=\"og:site_name\" content=\"Home | Tafel Dorsten\" \/>\n<meta property=\"article:publisher\" content=\"https:\/\/www.facebook.com\/Dorstener-Tafel-eV-710109832448127\/\" \/>\n<meta property=\"article:published_time\" content=\"2021-01-07T13:48:38+00:00\" \/>\n<meta property=\"article:modified_time\" content=\"2021-01-10T10:53:26+00:00\" \/>\n<meta property=\"og:image\" content=\"https:\/\/www.kvg-dorsten.de\/dorstener-tafel\/wordpress\/wp-content\/uploads\/2021\/01\/129009748_3361857387273345_7547486007332871561_n.jpg\" \/>\n\t<meta property=\"og:image:width\" content=\"600\" \/>\n\t<meta property=\"og:image:height\" content=\"340\" \/>\n\t<meta property=\"og:image:type\" content=\"image\/jpeg\" \/>\n<meta name=\"author\" content=\"Dirk Werwer\" \/>\n<meta name=\"twitter:card\" content=\"summary_large_image\" \/>\n<meta name=\"twitter:label1\" content=\"Verfasst von\" \/>\n\t<meta name=\"twitter:data1\" content=\"Dirk Werwer\" \/>\n<script type=\"application\/ld+json\" class=\"yoast-schema-graph\">{\"@context\":\"https:\/\/schema.org\",\"@graph\":[{\"@type\":\"Article\",\"@id\":\"https:\/\/www.dorstener-tafel.de\/?p=2171#article\",\"isPartOf\":{\"@id\":\"https:\/\/www.dorstener-tafel.de\/?p=2171\"},\"author\":{\"name\":\"Dirk Werwer\",\"@id\":\"https:\/\/www.dorstener-tafel.de\/#\/schema\/person\/75e0906e4c2b6af10e02c5804f2c98e1\"},\"headline\":\"\u00d6ffnungszeiten Kinderladen Kunterbunt\",\"datePublished\":\"2021-01-07T13:48:38+00:00\",\"dateModified\":\"2021-01-10T10:53:26+00:00\",\"mainEntityOfPage\":{\"@id\":\"https:\/\/www.dorstener-tafel.de\/?p=2171\"},\"wordCount\":40,\"commentCount\":0,\"image\":{\"@id\":\"https:\/\/www.dorstener-tafel.de\/?p=2171#primaryimage\"},\"thumbnailUrl\":\"https:\/\/www.kvg-dorsten.de\/dorstener-tafel\/wordpress\/wp-content\/uploads\/2021\/01\/129009748_3361857387273345_7547486007332871561_n.jpg\",\"articleSection\":[\"Aktuelles\"],\"inLanguage\":\"de\",\"potentialAction\":[{\"@type\":\"CommentAction\",\"name\":\"Comment\",\"target\":[\"https:\/\/www.dorstener-tafel.de\/?p=2171#respond\"]}]},{\"@type\":\"WebPage\",\"@id\":\"https:\/\/www.dorstener-tafel.de\/?p=2171\",\"url\":\"https:\/\/www.dorstener-tafel.de\/?p=2171\",\"name\":\"\u00d6ffnungszeiten Kinderladen Kunterbunt - Home | Tafel Dorsten\",\"isPartOf\":{\"@id\":\"https:\/\/www.dorstener-tafel.de\/#website\"},\"primaryImageOfPage\":{\"@id\":\"https:\/\/www.dorstener-tafel.de\/?p=2171#primaryimage\"},\"image\":{\"@id\":\"https:\/\/www.dorstener-tafel.de\/?p=2171#primaryimage\"},\"thumbnailUrl\":\"https:\/\/www.kvg-dorsten.de\/dorstener-tafel\/wordpress\/wp-content\/uploads\/2021\/01\/129009748_3361857387273345_7547486007332871561_n.jpg\",\"datePublished\":\"2021-01-07T13:48:38+00:00\",\"dateModified\":\"2021-01-10T10:53:26+00:00\",\"author\":{\"@id\":\"https:\/\/www.dorstener-tafel.de\/#\/schema\/person\/75e0906e4c2b6af10e02c5804f2c98e1\"},\"breadcrumb\":{\"@id\":\"https:\/\/www.dorstener-tafel.de\/?p=2171#breadcrumb\"},\"inLanguage\":\"de\",\"potentialAction\":[{\"@type\":\"ReadAction\",\"target\":[\"https:\/\/www.dorstener-tafel.de\/?p=2171\"]}]},{\"@type\":\"ImageObject\",\"inLanguage\":\"de\",\"@id\":\"https:\/\/www.dorstener-tafel.de\/?p=2171#primaryimage\",\"url\":\"https:\/\/www.kvg-dorsten.de\/dorstener-tafel\/wordpress\/wp-content\/uploads\/2021\/01\/129009748_3361857387273345_7547486007332871561_n.jpg\",\"contentUrl\":\"https:\/\/www.kvg-dorsten.de\/dorstener-tafel\/wordpress\/wp-content\/uploads\/2021\/01\/129009748_3361857387273345_7547486007332871561_n.jpg\",\"width\":600,\"height\":340},{\"@type\":\"BreadcrumbList\",\"@id\":\"https:\/\/www.dorstener-tafel.de\/?p=2171#breadcrumb\",\"itemListElement\":[{\"@type\":\"ListItem\",\"position\":1,\"name\":\"Home\",\"item\":\"https:\/\/www.dorstener-tafel.de\/\"},{\"@type\":\"ListItem\",\"position\":2,\"name\":\"\u00d6ffnungszeiten Kinderladen Kunterbunt\"}]},{\"@type\":\"WebSite\",\"@id\":\"https:\/\/www.dorstener-tafel.de\/#website\",\"url\":\"https:\/\/www.dorstener-tafel.de\/\",\"name\":\"Home | Tafel Dorsten\",\"description\":\"\",\"potentialAction\":[{\"@type\":\"SearchAction\",\"target\":{\"@type\":\"EntryPoint\",\"urlTemplate\":\"https:\/\/www.dorstener-tafel.de\/?s={search_term_string}\"},\"query-input\":{\"@type\":\"PropertyValueSpecification\",\"valueRequired\":true,\"valueName\":\"search_term_string\"}}],\"inLanguage\":\"de\"},{\"@type\":\"Person\",\"@id\":\"https:\/\/www.dorstener-tafel.de\/#\/schema\/person\/75e0906e4c2b6af10e02c5804f2c98e1\",\"name\":\"Dirk Werwer\",\"image\":{\"@type\":\"ImageObject\",\"inLanguage\":\"de\",\"@id\":\"https:\/\/www.dorstener-tafel.de\/#\/schema\/person\/image\/\",\"url\":\"https:\/\/secure.gravatar.com\/avatar\/7231c91484f831974b2579bfc56d9bec?s=96&d=retro&r=g\",\"contentUrl\":\"https:\/\/secure.gravatar.com\/avatar\/7231c91484f831974b2579bfc56d9bec?s=96&d=retro&r=g\",\"caption\":\"Dirk Werwer\"},\"url\":\"https:\/\/www.dorstener-tafel.de\/?author=2\"}]}<\/script>\n<!-- \/ Yoast SEO plugin. -->","yoast_head_json":{"title":"\u00d6ffnungszeiten Kinderladen Kunterbunt - Home | Tafel Dorsten","robots":{"index":"index","follow":"follow","max-snippet":"max-snippet:-1","max-image-preview":"max-image-preview:large","max-video-preview":"max-video-preview:-1"},"canonical":"https:\/\/www.dorstener-tafel.de\/?p=2171","og_locale":"de_DE","og_type":"article","og_title":"\u00d6ffnungszeiten Kinderladen Kunterbunt - Home | Tafel Dorsten","og_description":"\u00d6ffnungszeiten Kinderladen Kunterbunt Corona-bedingt ge\u00e4nderte \u00d6ffnungszeiten! \u00a0 Leider kann der erste Verkauf im Kinderladen nicht wie geplant am Freitag, 08.1.2021 [&hellip;]","og_url":"https:\/\/www.dorstener-tafel.de\/?p=2171","og_site_name":"Home | Tafel Dorsten","article_publisher":"https:\/\/www.facebook.com\/Dorstener-Tafel-eV-710109832448127\/","article_published_time":"2021-01-07T13:48:38+00:00","article_modified_time":"2021-01-10T10:53:26+00:00","og_image":[{"width":600,"height":340,"url":"https:\/\/www.kvg-dorsten.de\/dorstener-tafel\/wordpress\/wp-content\/uploads\/2021\/01\/129009748_3361857387273345_7547486007332871561_n.jpg","type":"image\/jpeg"}],"author":"Dirk Werwer","twitter_card":"summary_large_image","twitter_misc":{"Verfasst von":"Dirk Werwer"},"schema":{"@context":"https:\/\/schema.org","@graph":[{"@type":"Article","@id":"https:\/\/www.dorstener-tafel.de\/?p=2171#article","isPartOf":{"@id":"https:\/\/www.dorstener-tafel.de\/?p=2171"},"author":{"name":"Dirk Werwer","@id":"https:\/\/www.dorstener-tafel.de\/#\/schema\/person\/75e0906e4c2b6af10e02c5804f2c98e1"},"headline":"\u00d6ffnungszeiten Kinderladen Kunterbunt","datePublished":"2021-01-07T13:48:38+00:00","dateModified":"2021-01-10T10:53:26+00:00","mainEntityOfPage":{"@id":"https:\/\/www.dorstener-tafel.de\/?p=2171"},"wordCount":40,"commentCount":0,"image":{"@id":"https:\/\/www.dorstener-tafel.de\/?p=2171#primaryimage"},"thumbnailUrl":"https:\/\/www.kvg-dorsten.de\/dorstener-tafel\/wordpress\/wp-content\/uploads\/2021\/01\/129009748_3361857387273345_7547486007332871561_n.jpg","articleSection":["Aktuelles"],"inLanguage":"de","potentialAction":[{"@type":"CommentAction","name":"Comment","target":["https:\/\/www.dorstener-tafel.de\/?p=2171#respond"]}]},{"@type":"WebPage","@id":"https:\/\/www.dorstener-tafel.de\/?p=2171","url":"https:\/\/www.dorstener-tafel.de\/?p=2171","name":"\u00d6ffnungszeiten Kinderladen Kunterbunt - Home | Tafel Dorsten","isPartOf":{"@id":"https:\/\/www.dorstener-tafel.de\/#website"},"primaryImageOfPage":{"@id":"https:\/\/www.dorstener-tafel.de\/?p=2171#primaryimage"},"image":{"@id":"https:\/\/www.dorstener-tafel.de\/?p=2171#primaryimage"},"thumbnailUrl":"https:\/\/www.kvg-dorsten.de\/dorstener-tafel\/wordpress\/wp-content\/uploads\/2021\/01\/129009748_3361857387273345_7547486007332871561_n.jpg","datePublished":"2021-01-07T13:48:38+00:00","dateModified":"2021-01-10T10:53:26+00:00","author":{"@id":"https:\/\/www.dorstener-tafel.de\/#\/schema\/person\/75e0906e4c2b6af10e02c5804f2c98e1"},"breadcrumb":{"@id":"https:\/\/www.dorstener-tafel.de\/?p=2171#breadcrumb"},"inLanguage":"de","potentialAction":[{"@type":"ReadAction","target":["https:\/\/www.dorstener-tafel.de\/?p=2171"]}]},{"@type":"ImageObject","inLanguage":"de","@id":"https:\/\/www.dorstener-tafel.de\/?p=2171#primaryimage","url":"https:\/\/www.kvg-dorsten.de\/dorstener-tafel\/wordpress\/wp-content\/uploads\/2021\/01\/129009748_3361857387273345_7547486007332871561_n.jpg","contentUrl":"https:\/\/www.kvg-dorsten.de\/dorstener-tafel\/wordpress\/wp-content\/uploads\/2021\/01\/129009748_3361857387273345_7547486007332871561_n.jpg","width":600,"height":340},{"@type":"BreadcrumbList","@id":"https:\/\/www.dorstener-tafel.de\/?p=2171#breadcrumb","itemListElement":[{"@type":"ListItem","position":1,"name":"Home","item":"https:\/\/www.dorstener-tafel.de\/"},{"@type":"ListItem","position":2,"name":"\u00d6ffnungszeiten Kinderladen Kunterbunt"}]},{"@type":"WebSite","@id":"https:\/\/www.dorstener-tafel.de\/#website","url":"https:\/\/www.dorstener-tafel.de\/","name":"Home | Tafel Dorsten","description":"","potentialAction":[{"@type":"SearchAction","target":{"@type":"EntryPoint","urlTemplate":"https:\/\/www.dorstener-tafel.de\/?s={search_term_string}"},"query-input":{"@type":"PropertyValueSpecification","valueRequired":true,"valueName":"search_term_string"}}],"inLanguage":"de"},{"@type":"Person","@id":"https:\/\/www.dorstener-tafel.de\/#\/schema\/person\/75e0906e4c2b6af10e02c5804f2c98e1","name":"Dirk Werwer","image":{"@type":"ImageObject","inLanguage":"de","@id":"https:\/\/www.dorstener-tafel.de\/#\/schema\/person\/image\/","url":"https:\/\/secure.gravatar.com\/avatar\/7231c91484f831974b2579bfc56d9bec?s=96&d=retro&r=g","contentUrl":"https:\/\/secure.gravatar.com\/avatar\/7231c91484f831974b2579bfc56d9bec?s=96&d=retro&r=g","caption":"Dirk Werwer"},"url":"https:\/\/www.dorstener-tafel.de\/?author=2"}]}},"_links":{"self":[{"href":"https:\/\/www.dorstener-tafel.de\/index.php?rest_route=\/wp\/v2\/posts\/2171","targetHints":{"allow":["GET"]}}],"collection":[{"href":"https:\/\/www.dorstener-tafel.de\/index.php?rest_route=\/wp\/v2\/posts"}],"about":[{"href":"https:\/\/www.dorstener-tafel.de\/index.php?rest_route=\/wp\/v2\/types\/post"}],"author":[{"embeddable":true,"href":"https:\/\/www.dorstener-tafel.de\/index.php?rest_route=\/wp\/v2\/users\/2"}],"replies":[{"embeddable":true,"href":"https:\/\/www.dorstener-tafel.de\/index.php?rest_route=%2Fwp%2Fv2%2Fcomments&post=2171"}],"version-history":[{"count":2,"href":"https:\/\/www.dorstener-tafel.de\/index.php?rest_route=\/wp\/v2\/posts\/2171\/revisions"}],"predecessor-version":[{"id":2190,"href":"https:\/\/www.dorstener-tafel.de\/index.php?rest_route=\/wp\/v2\/posts\/2171\/revisions\/2190"}],"wp:featuredmedia":[{"embeddable":true,"href":"https:\/\/www.dorstener-tafel.de\/index.php?rest_route=\/wp\/v2\/media\/2172"}],"wp:attachment":[{"href":"https:\/\/www.dorstener-tafel.de\/index.php?rest_route=%2Fwp%2Fv2%2Fmedia&parent=2171"}],"wp:term":[{"taxonomy":"category","embeddable":true,"href":"https:\/\/www.dorstener-tafel.de\/index.php?rest_route=%2Fwp%2Fv2%2Fcategories&post=2171"},{"taxonomy":"post_tag","embeddable":true,"href":"https:\/\/www.dorstener-tafel.de\/index.php?rest_route=%2Fwp%2Fv2%2Ftags&post=2171"}],"curies":[{"name":"wp","href":"https:\/\/api.w.org\/{rel}","templated":true}]}}