{"id":2144,"date":"2020-12-03T13:09:45","date_gmt":"2020-12-03T12:09:45","guid":{"rendered":"https:\/\/www.dorstener-tafel.de\/?p=2144"},"modified":"2020-12-03T13:11:35","modified_gmt":"2020-12-03T12:11:35","slug":"rive-stiftung-e-2500-fuer-die-tafel","status":"publish","type":"post","link":"https:\/\/www.dorstener-tafel.de\/?p=2144","title":{"rendered":"Rive-Stiftung: \u20ac 2500 f\u00fcr die Tafel"},"content":{"rendered":"<p>Noch ein gro\u00dfes und wichtiges Weihnachtsgeschenk f\u00fcr die TAFEL DORSTEN: Der Stiftungsvorstand der <strong><a href=\"https:\/\/www.dorsten.de\/Unsere_Stadt\/Stadtinformationen\/IgnarRiveStiftung.asp\" target=\"_blank\" rel=\"noopener noreferrer\">Ignaz-Rive-Stiftung<\/a><\/strong> bedenkt bei der Aussch\u00fcttung des \u00dcberschusses die TAFEL mit \u20ac 2500!<\/p>\n<p>Wir alle bei der TAFEL bedanken uns sehr herzlich f\u00fcr die gro\u00dfz\u00fcgige Spende; sie ist eine gute Unterst\u00fctzung f\u00fcr unsere Arbeit in dieser nicht so ganz einfachen Zeit.<br \/>\nGleichzeitig bedeutet sie auch eine Anerkennung f\u00fcr das Engagement der vielen Mitarbeiter*innen, die trotz der Corona-Pandemie \u2013 und obwohl die allermeisten von ihnen vom Alter her der Risikogruppe angeh\u00f6ren \u2013\u00a0 unerm\u00fcdlich ihren ehrenamtlichen Dienst machen als Fahrer*in, Beifahrer*in, Packer*in und Verk\u00e4uferin.<\/p>\n<p>Wir freuen uns auch mit den weiteren Spendenempf\u00e4ngern und danken dem Stiftungsvorstand, der ein gutes Gesp\u00fcr f\u00fcr die Benachteiligten in unserer Stadt zeigt.<\/p>\n<hr \/>\n<p><strong><em>Pressemitteilung der Stadt Dorsten vom 2.12.2020:<\/em><\/strong><\/p>\n<p><em><strong>Rive-Stiftung sch\u00fcttet 14 500 Euro f\u00fcr gemeinn\u00fctzige Zwecke aus<\/strong><\/em><\/p>\n<p><em><strong>Zuwendungen flie\u00dfen u.a. an Spes Viva, Dorstener Tafel, Frauenhaus und Lebenshilfe<\/strong><\/em><\/p>\n<p><em>Die Ignaz-Rive-Stiftung, Gesellschafterin der Dorstener Wohnungsgesellschaft DWG, hat im Jahr 2019 einen \u00dcberschuss in H\u00f6he von rund 14 500 Euro erzielt, der f\u00fcr gemeinn\u00fctzige Zwecke ausgesch\u00fcttet wird.<\/em><\/p>\n<p><em>Nach der Beschlussfassung im Stiftungsvorstand sollen folgende Einrichtungen und Anliegen mit einer Zuwendung der Rive-Stiftung bedacht werden:<\/em><\/p>\n<ul>\n<li><em>4000 Euro Palliativ-Station Spes Viva<\/em><\/li>\n<li><em>2500 Euro Dorstener Tafel<\/em><\/li>\n<li><em>1500 Euro Frauenhaus Dorsten<\/em><\/li>\n<li><em>3000 Euro Lebenshilfe Dorsten<\/em><\/li>\n<li><em>500 Euro Deutsche Sauerstoff- und Beatmungsliga<\/em><\/li>\n<li><em>2000 Euro F\u00f6rdervereine der Grundschulen \u2013 mobiles Lernen erm\u00f6glichen<\/em><\/li>\n<li><em>1000 Euro \u201eHilfe f\u00fcr Max\u201c<\/em><\/li>\n<\/ul>\n<p><em>Spenden f\u00fcr die Unterst\u00fctzung der Initiative \u201eHilfe f\u00fcr Max\u201c werden zwar nicht mehr ben\u00f6tigt, um f\u00fcr den unheilbar an einem Hirntumor erkrankten Jungen eine besondere Therapie zu finanzieren. Das Geld soll allerdings eingesetzt werden, um f\u00fcr Max eventuell n\u00f6tige Hilfsmittel zu bezahlen oder um ihm eine verbesserte Lebensqualit\u00e4t zu erm\u00f6glichen.<\/em><\/p>\n<figure id=\"attachment_2147\" aria-describedby=\"caption-attachment-2147\" style=\"width: 160px\" class=\"wp-caption alignleft\"><a href=\"https:\/\/www.kvg-dorsten.de\/dorstener-tafel\/wordpress\/wp-content\/uploads\/2020\/12\/rive-familienwappen_neu_1236.jpg\"><img loading=\"lazy\" decoding=\"async\" class=\"wp-image-2147 size-full\" src=\"https:\/\/www.kvg-dorsten.de\/dorstener-tafel\/wordpress\/wp-content\/uploads\/2020\/12\/rive-familienwappen_neu_1236.jpg\" alt=\"\" width=\"160\" height=\"211\" \/><\/a><figcaption id=\"caption-attachment-2147\" class=\"wp-caption-text\">Familienwappen<\/figcaption><\/figure>\n<p><strong><em>Zum Hintergrund der Ignaz-Rive-Stiftung:<\/em><\/strong><\/p>\n<p><em>1831 gr\u00fcndete der Dorstener Hermann Bernhard Ignaz Goswin Rive die \u201eIgnaz Rive&#8217;sche Familienstiftung&#8220; in seinem Testament, nach seinem Tod 1841 und der Genehmigung durch durch K\u00f6nig Friedrich Wilhelm von Preu\u00dfen wurde diese Stiftung wirksam.<\/em><\/p>\n<p><em>Rive verstarb kinderlos und hatte verf\u00fcgt, dass sein Verm\u00f6gen ungeteilt bleiben und unter \u00f6ffentliche Verwaltung gestellt werden sollte. Erl\u00f6se sollten zun\u00e4chst j\u00e4hrlich bed\u00fcrftigen Familienmitgliedern zukommen, ansonsten dem Armenfonds der Stadt zuflie\u00dfen.<\/em><\/p>\n<p><em>Die Stiftung, Mitgesellschafter der Dorstener Wohnungs-Gesellschaft DWG, wird heute gem\u00e4\u00df aktueller Rechtslage in NRW als selbstst\u00e4ndige Stiftung gef\u00fchrt.<\/em><\/p>\n<p><em>Weitere Informationen zur <b>\u201cIgnaz Rive\u2019sche Familienstiftung\u201d<\/b>:<\/em><br \/>\n<em><strong><a href=\"http:\/\/www.goedde-net.de\/C__Goedde\/Genealogie\/rive_sche-stiftung\/rive_sche-stiftung.html\" target=\"_blank\" rel=\"noopener noreferrer\">http:\/\/www.goedde-net.de\/C__Goedde\/Genealogie\/rive_sche-stiftung\/rive_sche-stiftung.html<\/a><\/strong><\/em><\/p>\n<p><em>s. auch <strong><a href=\"https:\/\/www.dorstener-tafel.de\/?p=1003\" target=\"_blank\" rel=\"noopener noreferrer\">https:\/\/www.dorstener-tafel.de\/?p=1003<\/a><\/strong><\/em><\/p>\n","protected":false},"excerpt":{"rendered":"<p>Noch ein gro\u00dfes und wichtiges Weihnachtsgeschenk f\u00fcr die TAFEL DORSTEN: Der Stiftungsvorstand der Ignaz-Rive-Stiftung bedenkt bei der Aussch\u00fcttung des \u00dcberschusses [&hellip;]<\/p>\n","protected":false},"author":1,"featured_media":2148,"comment_status":"open","ping_status":"closed","sticky":false,"template":"","format":"standard","meta":{"footnotes":""},"categories":[1],"tags":[],"class_list":["post-2144","post","type-post","status-publish","format-standard","has-post-thumbnail","hentry","category-allgemein"],"yoast_head":"<!-- This site is optimized with the Yoast SEO plugin v26.8 - https:\/\/yoast.com\/product\/yoast-seo-wordpress\/ -->\n<title>Rive-Stiftung: \u20ac 2500 f\u00fcr die Tafel - Home | Tafel Dorsten<\/title>\n<meta name=\"robots\" content=\"index, follow, max-snippet:-1, max-image-preview:large, max-video-preview:-1\" \/>\n<link rel=\"canonical\" href=\"https:\/\/www.dorstener-tafel.de\/?p=2144\" \/>\n<meta property=\"og:locale\" content=\"de_DE\" \/>\n<meta property=\"og:type\" content=\"article\" \/>\n<meta property=\"og:title\" content=\"Rive-Stiftung: \u20ac 2500 f\u00fcr die Tafel - Home | Tafel Dorsten\" \/>\n<meta property=\"og:description\" content=\"Noch ein gro\u00dfes und wichtiges Weihnachtsgeschenk f\u00fcr die TAFEL DORSTEN: Der Stiftungsvorstand der Ignaz-Rive-Stiftung bedenkt bei der Aussch\u00fcttung des \u00dcberschusses [&hellip;]\" \/>\n<meta property=\"og:url\" content=\"https:\/\/www.dorstener-tafel.de\/?p=2144\" \/>\n<meta property=\"og:site_name\" content=\"Home | Tafel Dorsten\" \/>\n<meta property=\"article:publisher\" content=\"https:\/\/www.facebook.com\/Dorstener-Tafel-eV-710109832448127\/\" \/>\n<meta property=\"article:published_time\" content=\"2020-12-03T12:09:45+00:00\" \/>\n<meta property=\"article:modified_time\" content=\"2020-12-03T12:11:35+00:00\" \/>\n<meta property=\"og:image\" content=\"https:\/\/www.kvg-dorsten.de\/dorstener-tafel\/wordpress\/wp-content\/uploads\/2020\/12\/rive-jpg-klein.jpg\" \/>\n\t<meta property=\"og:image:width\" content=\"960\" \/>\n\t<meta property=\"og:image:height\" content=\"320\" \/>\n\t<meta property=\"og:image:type\" content=\"image\/jpeg\" \/>\n<meta name=\"author\" content=\"jotw\" \/>\n<meta name=\"twitter:card\" content=\"summary_large_image\" \/>\n<meta name=\"twitter:label1\" content=\"Verfasst von\" \/>\n\t<meta name=\"twitter:data1\" content=\"jotw\" \/>\n\t<meta name=\"twitter:label2\" content=\"Gesch\u00e4tzte Lesezeit\" \/>\n\t<meta name=\"twitter:data2\" content=\"2\u00a0Minuten\" \/>\n<script type=\"application\/ld+json\" class=\"yoast-schema-graph\">{\"@context\":\"https:\/\/schema.org\",\"@graph\":[{\"@type\":\"Article\",\"@id\":\"https:\/\/www.dorstener-tafel.de\/?p=2144#article\",\"isPartOf\":{\"@id\":\"https:\/\/www.dorstener-tafel.de\/?p=2144\"},\"author\":{\"name\":\"jotw\",\"@id\":\"https:\/\/www.dorstener-tafel.de\/#\/schema\/person\/c9a6797db5c21dbeb0851056380dcb01\"},\"headline\":\"Rive-Stiftung: \u20ac 2500 f\u00fcr die Tafel\",\"datePublished\":\"2020-12-03T12:09:45+00:00\",\"dateModified\":\"2020-12-03T12:11:35+00:00\",\"mainEntityOfPage\":{\"@id\":\"https:\/\/www.dorstener-tafel.de\/?p=2144\"},\"wordCount\":433,\"commentCount\":0,\"image\":{\"@id\":\"https:\/\/www.dorstener-tafel.de\/?p=2144#primaryimage\"},\"thumbnailUrl\":\"https:\/\/www.kvg-dorsten.de\/dorstener-tafel\/wordpress\/wp-content\/uploads\/2020\/12\/rive-jpg-klein.jpg\",\"articleSection\":[\"Aktuelles\"],\"inLanguage\":\"de\",\"potentialAction\":[{\"@type\":\"CommentAction\",\"name\":\"Comment\",\"target\":[\"https:\/\/www.dorstener-tafel.de\/?p=2144#respond\"]}]},{\"@type\":\"WebPage\",\"@id\":\"https:\/\/www.dorstener-tafel.de\/?p=2144\",\"url\":\"https:\/\/www.dorstener-tafel.de\/?p=2144\",\"name\":\"Rive-Stiftung: \u20ac 2500 f\u00fcr die Tafel - Home | Tafel Dorsten\",\"isPartOf\":{\"@id\":\"https:\/\/www.dorstener-tafel.de\/#website\"},\"primaryImageOfPage\":{\"@id\":\"https:\/\/www.dorstener-tafel.de\/?p=2144#primaryimage\"},\"image\":{\"@id\":\"https:\/\/www.dorstener-tafel.de\/?p=2144#primaryimage\"},\"thumbnailUrl\":\"https:\/\/www.kvg-dorsten.de\/dorstener-tafel\/wordpress\/wp-content\/uploads\/2020\/12\/rive-jpg-klein.jpg\",\"datePublished\":\"2020-12-03T12:09:45+00:00\",\"dateModified\":\"2020-12-03T12:11:35+00:00\",\"author\":{\"@id\":\"https:\/\/www.dorstener-tafel.de\/#\/schema\/person\/c9a6797db5c21dbeb0851056380dcb01\"},\"breadcrumb\":{\"@id\":\"https:\/\/www.dorstener-tafel.de\/?p=2144#breadcrumb\"},\"inLanguage\":\"de\",\"potentialAction\":[{\"@type\":\"ReadAction\",\"target\":[\"https:\/\/www.dorstener-tafel.de\/?p=2144\"]}]},{\"@type\":\"ImageObject\",\"inLanguage\":\"de\",\"@id\":\"https:\/\/www.dorstener-tafel.de\/?p=2144#primaryimage\",\"url\":\"https:\/\/www.kvg-dorsten.de\/dorstener-tafel\/wordpress\/wp-content\/uploads\/2020\/12\/rive-jpg-klein.jpg\",\"contentUrl\":\"https:\/\/www.kvg-dorsten.de\/dorstener-tafel\/wordpress\/wp-content\/uploads\/2020\/12\/rive-jpg-klein.jpg\",\"width\":960,\"height\":320},{\"@type\":\"BreadcrumbList\",\"@id\":\"https:\/\/www.dorstener-tafel.de\/?p=2144#breadcrumb\",\"itemListElement\":[{\"@type\":\"ListItem\",\"position\":1,\"name\":\"Home\",\"item\":\"https:\/\/www.dorstener-tafel.de\/\"},{\"@type\":\"ListItem\",\"position\":2,\"name\":\"Rive-Stiftung: \u20ac 2500 f\u00fcr die Tafel\"}]},{\"@type\":\"WebSite\",\"@id\":\"https:\/\/www.dorstener-tafel.de\/#website\",\"url\":\"https:\/\/www.dorstener-tafel.de\/\",\"name\":\"Home | Tafel Dorsten\",\"description\":\"\",\"potentialAction\":[{\"@type\":\"SearchAction\",\"target\":{\"@type\":\"EntryPoint\",\"urlTemplate\":\"https:\/\/www.dorstener-tafel.de\/?s={search_term_string}\"},\"query-input\":{\"@type\":\"PropertyValueSpecification\",\"valueRequired\":true,\"valueName\":\"search_term_string\"}}],\"inLanguage\":\"de\"},{\"@type\":\"Person\",\"@id\":\"https:\/\/www.dorstener-tafel.de\/#\/schema\/person\/c9a6797db5c21dbeb0851056380dcb01\",\"name\":\"jotw\",\"image\":{\"@type\":\"ImageObject\",\"inLanguage\":\"de\",\"@id\":\"https:\/\/www.dorstener-tafel.de\/#\/schema\/person\/image\/\",\"url\":\"https:\/\/secure.gravatar.com\/avatar\/225c6088c3bfecfbb42a2a0d5c9556b6?s=96&d=retro&r=g\",\"contentUrl\":\"https:\/\/secure.gravatar.com\/avatar\/225c6088c3bfecfbb42a2a0d5c9556b6?s=96&d=retro&r=g\",\"caption\":\"jotw\"},\"url\":\"https:\/\/www.dorstener-tafel.de\/?author=1\"}]}<\/script>\n<!-- \/ Yoast SEO plugin. -->","yoast_head_json":{"title":"Rive-Stiftung: \u20ac 2500 f\u00fcr die Tafel - Home | Tafel Dorsten","robots":{"index":"index","follow":"follow","max-snippet":"max-snippet:-1","max-image-preview":"max-image-preview:large","max-video-preview":"max-video-preview:-1"},"canonical":"https:\/\/www.dorstener-tafel.de\/?p=2144","og_locale":"de_DE","og_type":"article","og_title":"Rive-Stiftung: \u20ac 2500 f\u00fcr die Tafel - Home | Tafel Dorsten","og_description":"Noch ein gro\u00dfes und wichtiges Weihnachtsgeschenk f\u00fcr die TAFEL DORSTEN: Der Stiftungsvorstand der Ignaz-Rive-Stiftung bedenkt bei der Aussch\u00fcttung des \u00dcberschusses [&hellip;]","og_url":"https:\/\/www.dorstener-tafel.de\/?p=2144","og_site_name":"Home | Tafel Dorsten","article_publisher":"https:\/\/www.facebook.com\/Dorstener-Tafel-eV-710109832448127\/","article_published_time":"2020-12-03T12:09:45+00:00","article_modified_time":"2020-12-03T12:11:35+00:00","og_image":[{"width":960,"height":320,"url":"https:\/\/www.kvg-dorsten.de\/dorstener-tafel\/wordpress\/wp-content\/uploads\/2020\/12\/rive-jpg-klein.jpg","type":"image\/jpeg"}],"author":"jotw","twitter_card":"summary_large_image","twitter_misc":{"Verfasst von":"jotw","Gesch\u00e4tzte Lesezeit":"2\u00a0Minuten"},"schema":{"@context":"https:\/\/schema.org","@graph":[{"@type":"Article","@id":"https:\/\/www.dorstener-tafel.de\/?p=2144#article","isPartOf":{"@id":"https:\/\/www.dorstener-tafel.de\/?p=2144"},"author":{"name":"jotw","@id":"https:\/\/www.dorstener-tafel.de\/#\/schema\/person\/c9a6797db5c21dbeb0851056380dcb01"},"headline":"Rive-Stiftung: \u20ac 2500 f\u00fcr die Tafel","datePublished":"2020-12-03T12:09:45+00:00","dateModified":"2020-12-03T12:11:35+00:00","mainEntityOfPage":{"@id":"https:\/\/www.dorstener-tafel.de\/?p=2144"},"wordCount":433,"commentCount":0,"image":{"@id":"https:\/\/www.dorstener-tafel.de\/?p=2144#primaryimage"},"thumbnailUrl":"https:\/\/www.kvg-dorsten.de\/dorstener-tafel\/wordpress\/wp-content\/uploads\/2020\/12\/rive-jpg-klein.jpg","articleSection":["Aktuelles"],"inLanguage":"de","potentialAction":[{"@type":"CommentAction","name":"Comment","target":["https:\/\/www.dorstener-tafel.de\/?p=2144#respond"]}]},{"@type":"WebPage","@id":"https:\/\/www.dorstener-tafel.de\/?p=2144","url":"https:\/\/www.dorstener-tafel.de\/?p=2144","name":"Rive-Stiftung: \u20ac 2500 f\u00fcr die Tafel - Home | Tafel Dorsten","isPartOf":{"@id":"https:\/\/www.dorstener-tafel.de\/#website"},"primaryImageOfPage":{"@id":"https:\/\/www.dorstener-tafel.de\/?p=2144#primaryimage"},"image":{"@id":"https:\/\/www.dorstener-tafel.de\/?p=2144#primaryimage"},"thumbnailUrl":"https:\/\/www.kvg-dorsten.de\/dorstener-tafel\/wordpress\/wp-content\/uploads\/2020\/12\/rive-jpg-klein.jpg","datePublished":"2020-12-03T12:09:45+00:00","dateModified":"2020-12-03T12:11:35+00:00","author":{"@id":"https:\/\/www.dorstener-tafel.de\/#\/schema\/person\/c9a6797db5c21dbeb0851056380dcb01"},"breadcrumb":{"@id":"https:\/\/www.dorstener-tafel.de\/?p=2144#breadcrumb"},"inLanguage":"de","potentialAction":[{"@type":"ReadAction","target":["https:\/\/www.dorstener-tafel.de\/?p=2144"]}]},{"@type":"ImageObject","inLanguage":"de","@id":"https:\/\/www.dorstener-tafel.de\/?p=2144#primaryimage","url":"https:\/\/www.kvg-dorsten.de\/dorstener-tafel\/wordpress\/wp-content\/uploads\/2020\/12\/rive-jpg-klein.jpg","contentUrl":"https:\/\/www.kvg-dorsten.de\/dorstener-tafel\/wordpress\/wp-content\/uploads\/2020\/12\/rive-jpg-klein.jpg","width":960,"height":320},{"@type":"BreadcrumbList","@id":"https:\/\/www.dorstener-tafel.de\/?p=2144#breadcrumb","itemListElement":[{"@type":"ListItem","position":1,"name":"Home","item":"https:\/\/www.dorstener-tafel.de\/"},{"@type":"ListItem","position":2,"name":"Rive-Stiftung: \u20ac 2500 f\u00fcr die Tafel"}]},{"@type":"WebSite","@id":"https:\/\/www.dorstener-tafel.de\/#website","url":"https:\/\/www.dorstener-tafel.de\/","name":"Home | Tafel Dorsten","description":"","potentialAction":[{"@type":"SearchAction","target":{"@type":"EntryPoint","urlTemplate":"https:\/\/www.dorstener-tafel.de\/?s={search_term_string}"},"query-input":{"@type":"PropertyValueSpecification","valueRequired":true,"valueName":"search_term_string"}}],"inLanguage":"de"},{"@type":"Person","@id":"https:\/\/www.dorstener-tafel.de\/#\/schema\/person\/c9a6797db5c21dbeb0851056380dcb01","name":"jotw","image":{"@type":"ImageObject","inLanguage":"de","@id":"https:\/\/www.dorstener-tafel.de\/#\/schema\/person\/image\/","url":"https:\/\/secure.gravatar.com\/avatar\/225c6088c3bfecfbb42a2a0d5c9556b6?s=96&d=retro&r=g","contentUrl":"https:\/\/secure.gravatar.com\/avatar\/225c6088c3bfecfbb42a2a0d5c9556b6?s=96&d=retro&r=g","caption":"jotw"},"url":"https:\/\/www.dorstener-tafel.de\/?author=1"}]}},"_links":{"self":[{"href":"https:\/\/www.dorstener-tafel.de\/index.php?rest_route=\/wp\/v2\/posts\/2144","targetHints":{"allow":["GET"]}}],"collection":[{"href":"https:\/\/www.dorstener-tafel.de\/index.php?rest_route=\/wp\/v2\/posts"}],"about":[{"href":"https:\/\/www.dorstener-tafel.de\/index.php?rest_route=\/wp\/v2\/types\/post"}],"author":[{"embeddable":true,"href":"https:\/\/www.dorstener-tafel.de\/index.php?rest_route=\/wp\/v2\/users\/1"}],"replies":[{"embeddable":true,"href":"https:\/\/www.dorstener-tafel.de\/index.php?rest_route=%2Fwp%2Fv2%2Fcomments&post=2144"}],"version-history":[{"count":3,"href":"https:\/\/www.dorstener-tafel.de\/index.php?rest_route=\/wp\/v2\/posts\/2144\/revisions"}],"predecessor-version":[{"id":2150,"href":"https:\/\/www.dorstener-tafel.de\/index.php?rest_route=\/wp\/v2\/posts\/2144\/revisions\/2150"}],"wp:featuredmedia":[{"embeddable":true,"href":"https:\/\/www.dorstener-tafel.de\/index.php?rest_route=\/wp\/v2\/media\/2148"}],"wp:attachment":[{"href":"https:\/\/www.dorstener-tafel.de\/index.php?rest_route=%2Fwp%2Fv2%2Fmedia&parent=2144"}],"wp:term":[{"taxonomy":"category","embeddable":true,"href":"https:\/\/www.dorstener-tafel.de\/index.php?rest_route=%2Fwp%2Fv2%2Fcategories&post=2144"},{"taxonomy":"post_tag","embeddable":true,"href":"https:\/\/www.dorstener-tafel.de\/index.php?rest_route=%2Fwp%2Fv2%2Ftags&post=2144"}],"curies":[{"name":"wp","href":"https:\/\/api.w.org\/{rel}","templated":true}]}}