{"id":2029,"date":"2020-05-06T12:47:26","date_gmt":"2020-05-06T10:47:26","guid":{"rendered":"https:\/\/www.dorstener-tafel.de\/?p=2029"},"modified":"2020-05-09T20:56:22","modified_gmt":"2020-05-09T18:56:22","slug":"der-laden-der-dorstener-tafel-oeffnet-wieder","status":"publish","type":"post","link":"https:\/\/www.dorstener-tafel.de\/?p=2029","title":{"rendered":"Der Laden der Dorstener Tafel \u00f6ffnet wieder!"},"content":{"rendered":"<p><strong>Dorsten, 06.05.2020<\/strong><\/p>\n<p>Sehr geehrte Kundinnen und Kunden der Dorstener Tafel!<\/p>\n<p>Die Coronakrise h\u00e4lt uns im Griff! Wir haben \u00fcberlegt, wie man unter Einhaltung der Abstandsregel den Laden wieder f\u00fcr Sie \u00f6ffnen kann.<\/p>\n<p>Dazu haben wir folgende Vereinbarungen getroffen:<\/p>\n<ul>\n<li>Der Laden ist dienstags in der Zeit von 10 \u2013 12 Uhr<\/li>\n<\/ul>\n<p>und von 15 \u2013 17 Uhr ge\u00f6ffnet.<\/p>\n<ul>\n<li>Sie ersehen aus der unteren Liste, zu welcher Uhrzeit Sie kommen d\u00fcrfen.<\/li>\n<li>Sie d\u00fcrfen nur kommen, wenn Sie frei von Krankheiten sind.<\/li>\n<li>Es darf immer nur eine Person pro Ausweis kommen.<\/li>\n<li>Kinder haben keinen Zutritt.<\/li>\n<li>Auch beim Warten vor der Tafel ist auf die Abstandsregel zu achten.<\/li>\n<li>Sie werden bedient. Sie d\u00fcrfen die Ware aussuchen, aber nicht anfassen.<\/li>\n<\/ul>\n<p><strong>Dienstag, 12. Mai 2020:\u00a0 Kundennummern 1 \u2013 100\u00a0\u00a0 Gruppe A<\/strong><\/p>\n<table>\n<tbody>\n<tr>\n<td width=\"79\">Zeit<\/td>\n<td width=\"70\">10:00<\/td>\n<td width=\"70\">10:15<\/td>\n<td width=\"70\">10:30<\/td>\n<td width=\"70\">10:45<\/td>\n<td width=\"70\">11:00<\/td>\n<td width=\"70\">11:15<\/td>\n<td width=\"70\">11:30<\/td>\n<td width=\"70\">11:45<\/td>\n<\/tr>\n<tr>\n<td width=\"79\">Nummer<\/td>\n<td width=\"70\">1-6<\/td>\n<td width=\"70\">7-12<\/td>\n<td width=\"70\">13-18<\/td>\n<td width=\"70\">19-24<\/td>\n<td width=\"70\">25-30<\/td>\n<td width=\"70\">31-36<\/td>\n<td width=\"70\">37-42<\/td>\n<td width=\"70\">43-50<\/td>\n<\/tr>\n<\/tbody>\n<\/table>\n<p>&nbsp;<\/p>\n<table>\n<tbody>\n<tr>\n<td width=\"79\">Zeit<\/td>\n<td width=\"70\">15:00<\/td>\n<td width=\"70\">15:15<\/td>\n<td width=\"70\">15:30<\/td>\n<td width=\"70\">15:45<\/td>\n<td width=\"70\">16:00<\/td>\n<td width=\"70\">16:15<\/td>\n<td width=\"70\">16:30<\/td>\n<td width=\"70\">16:45<\/td>\n<\/tr>\n<tr>\n<td width=\"79\">Nummer<\/td>\n<td width=\"70\">51-56<\/td>\n<td width=\"70\">57-62<\/td>\n<td width=\"70\">63-68<\/td>\n<td width=\"70\">69-74<\/td>\n<td width=\"70\">75-80<\/td>\n<td width=\"70\">81-86<\/td>\n<td width=\"70\">87-92<\/td>\n<td width=\"70\">93-100<\/td>\n<\/tr>\n<\/tbody>\n<\/table>\n<p>&nbsp;<\/p>\n<p><strong>Dienstag, 19. Mai 2020:\u00a0 Kundennummern 101 \u2013 200\u00a0\u00a0 Gruppe B<\/strong><\/p>\n<table>\n<tbody>\n<tr>\n<td width=\"79\">Zeit<\/td>\n<td width=\"70\">10:00<\/td>\n<td width=\"70\">10:15<\/td>\n<td width=\"70\">10:30<\/td>\n<td width=\"70\">10:45<\/td>\n<td width=\"70\">11:00<\/td>\n<td width=\"70\">11:15<\/td>\n<td width=\"70\">11:30<\/td>\n<td width=\"70\">11:45<\/td>\n<\/tr>\n<tr>\n<td width=\"79\">Nummer<\/td>\n<td width=\"70\">101-106<\/td>\n<td width=\"70\">107-112<\/td>\n<td width=\"70\">113-118<\/td>\n<td width=\"70\">119-124<\/td>\n<td width=\"70\">125-130<\/td>\n<td width=\"70\">131-136<\/td>\n<td width=\"70\">137-142<\/td>\n<td width=\"70\">143-150<\/td>\n<\/tr>\n<\/tbody>\n<\/table>\n<p>&nbsp;<\/p>\n<table>\n<tbody>\n<tr>\n<td width=\"79\">Zeit<\/td>\n<td width=\"70\">15:00<\/td>\n<td width=\"70\">15:15<\/td>\n<td width=\"70\">15:30<\/td>\n<td width=\"70\">15:45<\/td>\n<td width=\"70\">16:00<\/td>\n<td width=\"70\">16:15<\/td>\n<td width=\"70\">16:30<\/td>\n<td width=\"70\">16:45<\/td>\n<\/tr>\n<tr>\n<td width=\"79\">Nummer<\/td>\n<td width=\"70\">151-156<\/td>\n<td width=\"70\">157-162<\/td>\n<td width=\"70\">163-168<\/td>\n<td width=\"70\">169-174<\/td>\n<td width=\"70\">175-180<\/td>\n<td width=\"70\">181-186<\/td>\n<td width=\"70\">187-192<\/td>\n<td width=\"70\">193-200<\/td>\n<\/tr>\n<\/tbody>\n<\/table>\n<p>&nbsp;<\/p>\n<p>Gruppe A kommt dann wieder am Dienstag, 26. Mai, 9. Juni, 23. Juni.<\/p>\n<p>Gruppe B kommt an folgenden Tagen: 02. Juni; 16. Juni; 30. Juni.<\/p>\n<p>Anfang Juli geben wir neue Ausweise aus. Dann erfolgt eine neue Regelung.<\/p>\n<p>Bitte haben Sie Verst\u00e4ndnis daf\u00fcr, dass wir in dieser krisengesch\u00fcttelten Zeit keine Neuaufnahmen t\u00e4tigen k\u00f6nnen.<\/p>\n<p>Das Verfahren ist mit dem Sozialamt und dem Ordnungsamt der Stadt Dorsten abgesprochen. Wir k\u00f6nnen keine Ausnahmen machen und auch keinen Tausch bei den Zeiten vornehmen.<\/p>\n<p>Sie haben Sorgen, sich beim Einkauf anzustecken? Sie geh\u00f6ren der Risikogruppe an? Dann geben Sie doch einem netten Nachbarn Ihren Einkaufsausweis und lassen sich vertreten.<\/p>\n<p>Wir freuen uns, Sie wieder begr\u00fc\u00dfen zu d\u00fcrfen! Nat\u00fcrlich nur mit einem Augenzwinkern und nicht mit Handschlag!<\/p>\n<p>&nbsp;<\/p>\n<p><a href=\"https:\/\/www.kvg-dorsten.de\/dorstener-tafel\/wordpress\/wp-content\/uploads\/2020\/05\/herbert.jpg\"><img loading=\"lazy\" decoding=\"async\" class=\"alignnone size-medium wp-image-2030\" src=\"https:\/\/www.kvg-dorsten.de\/dorstener-tafel\/wordpress\/wp-content\/uploads\/2020\/05\/herbert-300x76.jpg\" alt=\"\" width=\"300\" height=\"76\" srcset=\"https:\/\/www.kvg-dorsten.de\/dorstener-tafel\/wordpress\/wp-content\/uploads\/2020\/05\/herbert-300x76.jpg 300w, https:\/\/www.kvg-dorsten.de\/dorstener-tafel\/wordpress\/wp-content\/uploads\/2020\/05\/herbert.jpg 601w\" sizes=\"auto, (max-width: 300px) 100vw, 300px\" \/><\/a><\/p>\n<p>Vorsitzender<\/p>\n","protected":false},"excerpt":{"rendered":"<p>Dorsten, 06.05.2020 Sehr geehrte Kundinnen und Kunden der Dorstener Tafel! Die Coronakrise h\u00e4lt uns im Griff! Wir haben \u00fcberlegt, wie [&hellip;]<\/p>\n","protected":false},"author":2,"featured_media":2031,"comment_status":"open","ping_status":"closed","sticky":false,"template":"","format":"standard","meta":{"footnotes":""},"categories":[1],"tags":[],"class_list":["post-2029","post","type-post","status-publish","format-standard","has-post-thumbnail","hentry","category-allgemein"],"yoast_head":"<!-- This site is optimized with the Yoast SEO plugin v26.8 - https:\/\/yoast.com\/product\/yoast-seo-wordpress\/ -->\n<title>Der Laden der Dorstener Tafel \u00f6ffnet wieder! - Home | Tafel Dorsten<\/title>\n<meta name=\"robots\" content=\"index, follow, max-snippet:-1, max-image-preview:large, max-video-preview:-1\" \/>\n<link rel=\"canonical\" href=\"https:\/\/www.dorstener-tafel.de\/?p=2029\" \/>\n<meta property=\"og:locale\" content=\"de_DE\" \/>\n<meta property=\"og:type\" content=\"article\" \/>\n<meta property=\"og:title\" content=\"Der Laden der Dorstener Tafel \u00f6ffnet wieder! - Home | Tafel Dorsten\" \/>\n<meta property=\"og:description\" content=\"Dorsten, 06.05.2020 Sehr geehrte Kundinnen und Kunden der Dorstener Tafel! Die Coronakrise h\u00e4lt uns im Griff! Wir haben \u00fcberlegt, wie [&hellip;]\" \/>\n<meta property=\"og:url\" content=\"https:\/\/www.dorstener-tafel.de\/?p=2029\" \/>\n<meta property=\"og:site_name\" content=\"Home | Tafel Dorsten\" \/>\n<meta property=\"article:publisher\" content=\"https:\/\/www.facebook.com\/Dorstener-Tafel-eV-710109832448127\/\" \/>\n<meta property=\"article:published_time\" content=\"2020-05-06T10:47:26+00:00\" \/>\n<meta property=\"article:modified_time\" content=\"2020-05-09T18:56:22+00:00\" \/>\n<meta property=\"og:image\" content=\"https:\/\/www.kvg-dorsten.de\/dorstener-tafel\/wordpress\/wp-content\/uploads\/2020\/05\/Neuer\u00f6ffnung.jpg\" \/>\n\t<meta property=\"og:image:width\" content=\"484\" \/>\n\t<meta property=\"og:image:height\" content=\"292\" \/>\n\t<meta property=\"og:image:type\" content=\"image\/jpeg\" \/>\n<meta name=\"author\" content=\"Dirk Werwer\" \/>\n<meta name=\"twitter:card\" content=\"summary_large_image\" \/>\n<meta name=\"twitter:label1\" content=\"Verfasst von\" \/>\n\t<meta name=\"twitter:data1\" content=\"Dirk Werwer\" \/>\n\t<meta name=\"twitter:label2\" content=\"Gesch\u00e4tzte Lesezeit\" \/>\n\t<meta name=\"twitter:data2\" content=\"1\u00a0Minute\" \/>\n<script type=\"application\/ld+json\" class=\"yoast-schema-graph\">{\"@context\":\"https:\/\/schema.org\",\"@graph\":[{\"@type\":\"Article\",\"@id\":\"https:\/\/www.dorstener-tafel.de\/?p=2029#article\",\"isPartOf\":{\"@id\":\"https:\/\/www.dorstener-tafel.de\/?p=2029\"},\"author\":{\"name\":\"Dirk Werwer\",\"@id\":\"https:\/\/www.dorstener-tafel.de\/#\/schema\/person\/75e0906e4c2b6af10e02c5804f2c98e1\"},\"headline\":\"Der Laden der Dorstener Tafel \u00f6ffnet wieder!\",\"datePublished\":\"2020-05-06T10:47:26+00:00\",\"dateModified\":\"2020-05-09T18:56:22+00:00\",\"mainEntityOfPage\":{\"@id\":\"https:\/\/www.dorstener-tafel.de\/?p=2029\"},\"wordCount\":301,\"commentCount\":0,\"image\":{\"@id\":\"https:\/\/www.dorstener-tafel.de\/?p=2029#primaryimage\"},\"thumbnailUrl\":\"https:\/\/www.kvg-dorsten.de\/dorstener-tafel\/wordpress\/wp-content\/uploads\/2020\/05\/Neuer\u00f6ffnung.jpg\",\"articleSection\":[\"Aktuelles\"],\"inLanguage\":\"de\",\"potentialAction\":[{\"@type\":\"CommentAction\",\"name\":\"Comment\",\"target\":[\"https:\/\/www.dorstener-tafel.de\/?p=2029#respond\"]}]},{\"@type\":\"WebPage\",\"@id\":\"https:\/\/www.dorstener-tafel.de\/?p=2029\",\"url\":\"https:\/\/www.dorstener-tafel.de\/?p=2029\",\"name\":\"Der Laden der Dorstener Tafel \u00f6ffnet wieder! - Home | Tafel Dorsten\",\"isPartOf\":{\"@id\":\"https:\/\/www.dorstener-tafel.de\/#website\"},\"primaryImageOfPage\":{\"@id\":\"https:\/\/www.dorstener-tafel.de\/?p=2029#primaryimage\"},\"image\":{\"@id\":\"https:\/\/www.dorstener-tafel.de\/?p=2029#primaryimage\"},\"thumbnailUrl\":\"https:\/\/www.kvg-dorsten.de\/dorstener-tafel\/wordpress\/wp-content\/uploads\/2020\/05\/Neuer\u00f6ffnung.jpg\",\"datePublished\":\"2020-05-06T10:47:26+00:00\",\"dateModified\":\"2020-05-09T18:56:22+00:00\",\"author\":{\"@id\":\"https:\/\/www.dorstener-tafel.de\/#\/schema\/person\/75e0906e4c2b6af10e02c5804f2c98e1\"},\"breadcrumb\":{\"@id\":\"https:\/\/www.dorstener-tafel.de\/?p=2029#breadcrumb\"},\"inLanguage\":\"de\",\"potentialAction\":[{\"@type\":\"ReadAction\",\"target\":[\"https:\/\/www.dorstener-tafel.de\/?p=2029\"]}]},{\"@type\":\"ImageObject\",\"inLanguage\":\"de\",\"@id\":\"https:\/\/www.dorstener-tafel.de\/?p=2029#primaryimage\",\"url\":\"https:\/\/www.kvg-dorsten.de\/dorstener-tafel\/wordpress\/wp-content\/uploads\/2020\/05\/Neuer\u00f6ffnung.jpg\",\"contentUrl\":\"https:\/\/www.kvg-dorsten.de\/dorstener-tafel\/wordpress\/wp-content\/uploads\/2020\/05\/Neuer\u00f6ffnung.jpg\",\"width\":484,\"height\":292},{\"@type\":\"BreadcrumbList\",\"@id\":\"https:\/\/www.dorstener-tafel.de\/?p=2029#breadcrumb\",\"itemListElement\":[{\"@type\":\"ListItem\",\"position\":1,\"name\":\"Home\",\"item\":\"https:\/\/www.dorstener-tafel.de\/\"},{\"@type\":\"ListItem\",\"position\":2,\"name\":\"Der Laden der Dorstener Tafel \u00f6ffnet wieder!\"}]},{\"@type\":\"WebSite\",\"@id\":\"https:\/\/www.dorstener-tafel.de\/#website\",\"url\":\"https:\/\/www.dorstener-tafel.de\/\",\"name\":\"Home | Tafel Dorsten\",\"description\":\"\",\"potentialAction\":[{\"@type\":\"SearchAction\",\"target\":{\"@type\":\"EntryPoint\",\"urlTemplate\":\"https:\/\/www.dorstener-tafel.de\/?s={search_term_string}\"},\"query-input\":{\"@type\":\"PropertyValueSpecification\",\"valueRequired\":true,\"valueName\":\"search_term_string\"}}],\"inLanguage\":\"de\"},{\"@type\":\"Person\",\"@id\":\"https:\/\/www.dorstener-tafel.de\/#\/schema\/person\/75e0906e4c2b6af10e02c5804f2c98e1\",\"name\":\"Dirk Werwer\",\"image\":{\"@type\":\"ImageObject\",\"inLanguage\":\"de\",\"@id\":\"https:\/\/www.dorstener-tafel.de\/#\/schema\/person\/image\/\",\"url\":\"https:\/\/secure.gravatar.com\/avatar\/7231c91484f831974b2579bfc56d9bec?s=96&d=retro&r=g\",\"contentUrl\":\"https:\/\/secure.gravatar.com\/avatar\/7231c91484f831974b2579bfc56d9bec?s=96&d=retro&r=g\",\"caption\":\"Dirk Werwer\"},\"url\":\"https:\/\/www.dorstener-tafel.de\/?author=2\"}]}<\/script>\n<!-- \/ Yoast SEO plugin. -->","yoast_head_json":{"title":"Der Laden der Dorstener Tafel \u00f6ffnet wieder! - Home | Tafel Dorsten","robots":{"index":"index","follow":"follow","max-snippet":"max-snippet:-1","max-image-preview":"max-image-preview:large","max-video-preview":"max-video-preview:-1"},"canonical":"https:\/\/www.dorstener-tafel.de\/?p=2029","og_locale":"de_DE","og_type":"article","og_title":"Der Laden der Dorstener Tafel \u00f6ffnet wieder! - Home | Tafel Dorsten","og_description":"Dorsten, 06.05.2020 Sehr geehrte Kundinnen und Kunden der Dorstener Tafel! Die Coronakrise h\u00e4lt uns im Griff! Wir haben \u00fcberlegt, wie [&hellip;]","og_url":"https:\/\/www.dorstener-tafel.de\/?p=2029","og_site_name":"Home | Tafel Dorsten","article_publisher":"https:\/\/www.facebook.com\/Dorstener-Tafel-eV-710109832448127\/","article_published_time":"2020-05-06T10:47:26+00:00","article_modified_time":"2020-05-09T18:56:22+00:00","og_image":[{"width":484,"height":292,"url":"https:\/\/www.kvg-dorsten.de\/dorstener-tafel\/wordpress\/wp-content\/uploads\/2020\/05\/Neuer\u00f6ffnung.jpg","type":"image\/jpeg"}],"author":"Dirk Werwer","twitter_card":"summary_large_image","twitter_misc":{"Verfasst von":"Dirk Werwer","Gesch\u00e4tzte Lesezeit":"1\u00a0Minute"},"schema":{"@context":"https:\/\/schema.org","@graph":[{"@type":"Article","@id":"https:\/\/www.dorstener-tafel.de\/?p=2029#article","isPartOf":{"@id":"https:\/\/www.dorstener-tafel.de\/?p=2029"},"author":{"name":"Dirk Werwer","@id":"https:\/\/www.dorstener-tafel.de\/#\/schema\/person\/75e0906e4c2b6af10e02c5804f2c98e1"},"headline":"Der Laden der Dorstener Tafel \u00f6ffnet wieder!","datePublished":"2020-05-06T10:47:26+00:00","dateModified":"2020-05-09T18:56:22+00:00","mainEntityOfPage":{"@id":"https:\/\/www.dorstener-tafel.de\/?p=2029"},"wordCount":301,"commentCount":0,"image":{"@id":"https:\/\/www.dorstener-tafel.de\/?p=2029#primaryimage"},"thumbnailUrl":"https:\/\/www.kvg-dorsten.de\/dorstener-tafel\/wordpress\/wp-content\/uploads\/2020\/05\/Neuer\u00f6ffnung.jpg","articleSection":["Aktuelles"],"inLanguage":"de","potentialAction":[{"@type":"CommentAction","name":"Comment","target":["https:\/\/www.dorstener-tafel.de\/?p=2029#respond"]}]},{"@type":"WebPage","@id":"https:\/\/www.dorstener-tafel.de\/?p=2029","url":"https:\/\/www.dorstener-tafel.de\/?p=2029","name":"Der Laden der Dorstener Tafel \u00f6ffnet wieder! - Home | Tafel Dorsten","isPartOf":{"@id":"https:\/\/www.dorstener-tafel.de\/#website"},"primaryImageOfPage":{"@id":"https:\/\/www.dorstener-tafel.de\/?p=2029#primaryimage"},"image":{"@id":"https:\/\/www.dorstener-tafel.de\/?p=2029#primaryimage"},"thumbnailUrl":"https:\/\/www.kvg-dorsten.de\/dorstener-tafel\/wordpress\/wp-content\/uploads\/2020\/05\/Neuer\u00f6ffnung.jpg","datePublished":"2020-05-06T10:47:26+00:00","dateModified":"2020-05-09T18:56:22+00:00","author":{"@id":"https:\/\/www.dorstener-tafel.de\/#\/schema\/person\/75e0906e4c2b6af10e02c5804f2c98e1"},"breadcrumb":{"@id":"https:\/\/www.dorstener-tafel.de\/?p=2029#breadcrumb"},"inLanguage":"de","potentialAction":[{"@type":"ReadAction","target":["https:\/\/www.dorstener-tafel.de\/?p=2029"]}]},{"@type":"ImageObject","inLanguage":"de","@id":"https:\/\/www.dorstener-tafel.de\/?p=2029#primaryimage","url":"https:\/\/www.kvg-dorsten.de\/dorstener-tafel\/wordpress\/wp-content\/uploads\/2020\/05\/Neuer\u00f6ffnung.jpg","contentUrl":"https:\/\/www.kvg-dorsten.de\/dorstener-tafel\/wordpress\/wp-content\/uploads\/2020\/05\/Neuer\u00f6ffnung.jpg","width":484,"height":292},{"@type":"BreadcrumbList","@id":"https:\/\/www.dorstener-tafel.de\/?p=2029#breadcrumb","itemListElement":[{"@type":"ListItem","position":1,"name":"Home","item":"https:\/\/www.dorstener-tafel.de\/"},{"@type":"ListItem","position":2,"name":"Der Laden der Dorstener Tafel \u00f6ffnet wieder!"}]},{"@type":"WebSite","@id":"https:\/\/www.dorstener-tafel.de\/#website","url":"https:\/\/www.dorstener-tafel.de\/","name":"Home | Tafel Dorsten","description":"","potentialAction":[{"@type":"SearchAction","target":{"@type":"EntryPoint","urlTemplate":"https:\/\/www.dorstener-tafel.de\/?s={search_term_string}"},"query-input":{"@type":"PropertyValueSpecification","valueRequired":true,"valueName":"search_term_string"}}],"inLanguage":"de"},{"@type":"Person","@id":"https:\/\/www.dorstener-tafel.de\/#\/schema\/person\/75e0906e4c2b6af10e02c5804f2c98e1","name":"Dirk Werwer","image":{"@type":"ImageObject","inLanguage":"de","@id":"https:\/\/www.dorstener-tafel.de\/#\/schema\/person\/image\/","url":"https:\/\/secure.gravatar.com\/avatar\/7231c91484f831974b2579bfc56d9bec?s=96&d=retro&r=g","contentUrl":"https:\/\/secure.gravatar.com\/avatar\/7231c91484f831974b2579bfc56d9bec?s=96&d=retro&r=g","caption":"Dirk Werwer"},"url":"https:\/\/www.dorstener-tafel.de\/?author=2"}]}},"_links":{"self":[{"href":"https:\/\/www.dorstener-tafel.de\/index.php?rest_route=\/wp\/v2\/posts\/2029","targetHints":{"allow":["GET"]}}],"collection":[{"href":"https:\/\/www.dorstener-tafel.de\/index.php?rest_route=\/wp\/v2\/posts"}],"about":[{"href":"https:\/\/www.dorstener-tafel.de\/index.php?rest_route=\/wp\/v2\/types\/post"}],"author":[{"embeddable":true,"href":"https:\/\/www.dorstener-tafel.de\/index.php?rest_route=\/wp\/v2\/users\/2"}],"replies":[{"embeddable":true,"href":"https:\/\/www.dorstener-tafel.de\/index.php?rest_route=%2Fwp%2Fv2%2Fcomments&post=2029"}],"version-history":[{"count":4,"href":"https:\/\/www.dorstener-tafel.de\/index.php?rest_route=\/wp\/v2\/posts\/2029\/revisions"}],"predecessor-version":[{"id":2036,"href":"https:\/\/www.dorstener-tafel.de\/index.php?rest_route=\/wp\/v2\/posts\/2029\/revisions\/2036"}],"wp:featuredmedia":[{"embeddable":true,"href":"https:\/\/www.dorstener-tafel.de\/index.php?rest_route=\/wp\/v2\/media\/2031"}],"wp:attachment":[{"href":"https:\/\/www.dorstener-tafel.de\/index.php?rest_route=%2Fwp%2Fv2%2Fmedia&parent=2029"}],"wp:term":[{"taxonomy":"category","embeddable":true,"href":"https:\/\/www.dorstener-tafel.de\/index.php?rest_route=%2Fwp%2Fv2%2Fcategories&post=2029"},{"taxonomy":"post_tag","embeddable":true,"href":"https:\/\/www.dorstener-tafel.de\/index.php?rest_route=%2Fwp%2Fv2%2Ftags&post=2029"}],"curies":[{"name":"wp","href":"https:\/\/api.w.org\/{rel}","templated":true}]}}