{"id":2009,"date":"2020-04-02T13:14:21","date_gmt":"2020-04-02T11:14:21","guid":{"rendered":"https:\/\/www.dorstener-tafel.de\/?p=2009"},"modified":"2020-04-02T13:14:21","modified_gmt":"2020-04-02T11:14:21","slug":"ostertuetenaktion","status":"publish","type":"post","link":"https:\/\/www.dorstener-tafel.de\/?p=2009","title":{"rendered":"Ostert\u00fctenaktion"},"content":{"rendered":"<p>Wir m\u00f6chten unsere Kundinnen und Kunden in einer besonderen Aktion f\u00fcr die Ostertage mit einer Lebensmittelt\u00fcte erfreuen!<\/p>\n<p><strong>Die T\u00fcte wird haltbare Lebensmittel und Hygieneartikel enthalten.<\/strong><br \/>\n<strong>Wir geben die T\u00fcten entsprechend der Zahl der Haushaltsmitglieder ab.<\/strong><br \/>\n<strong>Jede T\u00fcte ist im Wert gleich gepackt! <\/strong><br \/>\n<strong>Es sind gen\u00fcgend T\u00fcten da!<\/strong><br \/>\n<strong>Wir m\u00fcssen die Ansteckungsgefahr so gering wie m\u00f6glich halten!<\/strong><\/p>\n<p><strong>Voraussetzungen:<\/strong><\/p>\n<ul>\n<li><strong>Wichtig:<\/strong> Schauen Sie auf Ihren Tafelausweis. Dort finden Sie Ihre Nummer.<br \/>\nIn der Tabelle unten finden Sie die Zeit, zu der Sie zur Tafel kommen d\u00fcrfen.<\/li>\n<\/ul>\n<ul>\n<li>Der Kundenpass der Dorstener Tafel <strong>muss<\/strong> vorgelegt werden!<\/li>\n<li>Es darf immer nur<strong> eine Person pro Haushalt<\/strong> kommen!<\/li>\n<li><strong>Diese Person muss gesund sein!<\/strong><\/li>\n<li>Man darf auch einen Vertreter schicken!<\/li>\n<li>Fahrgemeinschaften d\u00fcrfen einen Vertreter mit mehreren Ausweisen schicken!<\/li>\n<li>Bei der Ausgabe <strong>muss immer<\/strong> ein Mindestabstand von1,5 Metern zum N\u00e4chsten eingehalten werden! Es werden Ordner da sein!<\/li>\n<li>Wer sich nicht an die Regeln h\u00e4lt, bekommt keine T\u00fcte! Der Tafelausweis wird dann auch eingezogen!<\/li>\n<\/ul>\n<p>&nbsp;<\/p>\n<p>Termine der T\u00fctenausgabe:Tag<\/p>\n<table>\n<tbody>\n<tr>\n<td width=\"208\"><\/td>\n<td width=\"142\">Uhrzeit<\/td>\n<td width=\"274\">Nummer des Tafelausweises<\/td>\n<\/tr>\n<tr>\n<td width=\"208\">Dienstag, 07.04.2020<\/td>\n<td width=\"142\">10 &#8211; 11 Uhr<\/td>\n<td width=\"274\">\u00a0\u00a0\u00a0\u00a0 1 &#8211; 25<\/td>\n<\/tr>\n<tr>\n<td width=\"208\">Dienstag, 07.04.2020<\/td>\n<td width=\"142\">11 &#8211; 12 Uhr<\/td>\n<td width=\"274\">\u00a0\u00a0 26 &#8211; 50<\/td>\n<\/tr>\n<tr>\n<td width=\"208\">Dienstag, 07.04.2020<\/td>\n<td width=\"142\">15 \u2013 16 Uhr<\/td>\n<td width=\"274\">\u00a0\u00a0 51 &#8211; 75<\/td>\n<\/tr>\n<tr>\n<td width=\"208\">Dienstag, 07.04.2020<\/td>\n<td width=\"142\">16 \u2013 17 Uhr<\/td>\n<td width=\"274\">\u00a076 \u2013 100<\/td>\n<\/tr>\n<tr>\n<td width=\"208\"><\/td>\n<td width=\"142\"><\/td>\n<td width=\"274\"><\/td>\n<\/tr>\n<tr>\n<td width=\"208\">Mittwoch, 08.04.2020<\/td>\n<td width=\"142\">10 &#8211; 11 Uhr<\/td>\n<td width=\"274\">101 &#8211; 125<\/td>\n<\/tr>\n<tr>\n<td width=\"208\">Mittwoch, 08.04.2020<\/td>\n<td width=\"142\">11 &#8211; 12 Uhr<\/td>\n<td width=\"274\">126 &#8211; 150<\/td>\n<\/tr>\n<tr>\n<td width=\"208\">Mittwoch, 08.04.2020<\/td>\n<td width=\"142\">15 \u2013 16 Uhr<\/td>\n<td width=\"274\">151 &#8211; 175<\/td>\n<\/tr>\n<tr>\n<td width=\"208\">Mittwoch, 08.04.2020<\/td>\n<td width=\"142\">16 \u2013 17 Uhr<\/td>\n<td width=\"274\">176 &#8211; 200<\/td>\n<\/tr>\n<\/tbody>\n<\/table>\n<h2>Ort der T\u00fctenausgabe:<\/h2>\n<h3><strong>Im Hof vor der Tafel<\/strong><\/h3>\n<p>Handwerkshof<br \/>\nDimker Allee 20<br \/>\n46286 Dorsten<\/p>\n<p>Sie erreichen uns mit dem Schnellbus 26 oder der Buslinie 298.<\/p>\n","protected":false},"excerpt":{"rendered":"<p>Wir m\u00f6chten unsere Kundinnen und Kunden in einer besonderen Aktion f\u00fcr die Ostertage mit einer Lebensmittelt\u00fcte erfreuen! Die T\u00fcte wird [&hellip;]<\/p>\n","protected":false},"author":2,"featured_media":2011,"comment_status":"open","ping_status":"closed","sticky":false,"template":"","format":"standard","meta":{"footnotes":""},"categories":[1],"tags":[],"class_list":["post-2009","post","type-post","status-publish","format-standard","has-post-thumbnail","hentry","category-allgemein"],"yoast_head":"<!-- This site is optimized with the Yoast SEO plugin v26.8 - https:\/\/yoast.com\/product\/yoast-seo-wordpress\/ -->\n<title>Ostert\u00fctenaktion - Home | Tafel Dorsten<\/title>\n<meta name=\"robots\" content=\"index, follow, max-snippet:-1, max-image-preview:large, max-video-preview:-1\" \/>\n<link rel=\"canonical\" href=\"https:\/\/www.dorstener-tafel.de\/?p=2009\" \/>\n<meta property=\"og:locale\" content=\"de_DE\" \/>\n<meta property=\"og:type\" content=\"article\" \/>\n<meta property=\"og:title\" content=\"Ostert\u00fctenaktion - Home | Tafel Dorsten\" \/>\n<meta property=\"og:description\" content=\"Wir m\u00f6chten unsere Kundinnen und Kunden in einer besonderen Aktion f\u00fcr die Ostertage mit einer Lebensmittelt\u00fcte erfreuen! Die T\u00fcte wird [&hellip;]\" \/>\n<meta property=\"og:url\" content=\"https:\/\/www.dorstener-tafel.de\/?p=2009\" \/>\n<meta property=\"og:site_name\" content=\"Home | Tafel Dorsten\" \/>\n<meta property=\"article:publisher\" content=\"https:\/\/www.facebook.com\/Dorstener-Tafel-eV-710109832448127\/\" \/>\n<meta property=\"article:published_time\" content=\"2020-04-02T11:14:21+00:00\" \/>\n<meta property=\"og:image\" content=\"https:\/\/www.kvg-dorsten.de\/dorstener-tafel\/wordpress\/wp-content\/uploads\/2020\/04\/freestocks-BFZ7tDug0Ys-unsplash-scaled.jpg\" \/>\n\t<meta property=\"og:image:width\" content=\"2560\" \/>\n\t<meta property=\"og:image:height\" content=\"1707\" \/>\n\t<meta property=\"og:image:type\" content=\"image\/jpeg\" \/>\n<meta name=\"author\" content=\"Dirk Werwer\" \/>\n<meta name=\"twitter:card\" content=\"summary_large_image\" \/>\n<meta name=\"twitter:label1\" content=\"Verfasst von\" \/>\n\t<meta name=\"twitter:data1\" content=\"Dirk Werwer\" \/>\n\t<meta name=\"twitter:label2\" content=\"Gesch\u00e4tzte Lesezeit\" \/>\n\t<meta name=\"twitter:data2\" content=\"1\u00a0Minute\" \/>\n<script type=\"application\/ld+json\" class=\"yoast-schema-graph\">{\"@context\":\"https:\/\/schema.org\",\"@graph\":[{\"@type\":\"Article\",\"@id\":\"https:\/\/www.dorstener-tafel.de\/?p=2009#article\",\"isPartOf\":{\"@id\":\"https:\/\/www.dorstener-tafel.de\/?p=2009\"},\"author\":{\"name\":\"Dirk Werwer\",\"@id\":\"https:\/\/www.dorstener-tafel.de\/#\/schema\/person\/75e0906e4c2b6af10e02c5804f2c98e1\"},\"headline\":\"Ostert\u00fctenaktion\",\"datePublished\":\"2020-04-02T11:14:21+00:00\",\"mainEntityOfPage\":{\"@id\":\"https:\/\/www.dorstener-tafel.de\/?p=2009\"},\"wordCount\":229,\"commentCount\":0,\"image\":{\"@id\":\"https:\/\/www.dorstener-tafel.de\/?p=2009#primaryimage\"},\"thumbnailUrl\":\"https:\/\/www.kvg-dorsten.de\/dorstener-tafel\/wordpress\/wp-content\/uploads\/2020\/04\/freestocks-BFZ7tDug0Ys-unsplash-scaled.jpg\",\"articleSection\":[\"Aktuelles\"],\"inLanguage\":\"de\",\"potentialAction\":[{\"@type\":\"CommentAction\",\"name\":\"Comment\",\"target\":[\"https:\/\/www.dorstener-tafel.de\/?p=2009#respond\"]}]},{\"@type\":\"WebPage\",\"@id\":\"https:\/\/www.dorstener-tafel.de\/?p=2009\",\"url\":\"https:\/\/www.dorstener-tafel.de\/?p=2009\",\"name\":\"Ostert\u00fctenaktion - Home | Tafel Dorsten\",\"isPartOf\":{\"@id\":\"https:\/\/www.dorstener-tafel.de\/#website\"},\"primaryImageOfPage\":{\"@id\":\"https:\/\/www.dorstener-tafel.de\/?p=2009#primaryimage\"},\"image\":{\"@id\":\"https:\/\/www.dorstener-tafel.de\/?p=2009#primaryimage\"},\"thumbnailUrl\":\"https:\/\/www.kvg-dorsten.de\/dorstener-tafel\/wordpress\/wp-content\/uploads\/2020\/04\/freestocks-BFZ7tDug0Ys-unsplash-scaled.jpg\",\"datePublished\":\"2020-04-02T11:14:21+00:00\",\"author\":{\"@id\":\"https:\/\/www.dorstener-tafel.de\/#\/schema\/person\/75e0906e4c2b6af10e02c5804f2c98e1\"},\"breadcrumb\":{\"@id\":\"https:\/\/www.dorstener-tafel.de\/?p=2009#breadcrumb\"},\"inLanguage\":\"de\",\"potentialAction\":[{\"@type\":\"ReadAction\",\"target\":[\"https:\/\/www.dorstener-tafel.de\/?p=2009\"]}]},{\"@type\":\"ImageObject\",\"inLanguage\":\"de\",\"@id\":\"https:\/\/www.dorstener-tafel.de\/?p=2009#primaryimage\",\"url\":\"https:\/\/www.kvg-dorsten.de\/dorstener-tafel\/wordpress\/wp-content\/uploads\/2020\/04\/freestocks-BFZ7tDug0Ys-unsplash-scaled.jpg\",\"contentUrl\":\"https:\/\/www.kvg-dorsten.de\/dorstener-tafel\/wordpress\/wp-content\/uploads\/2020\/04\/freestocks-BFZ7tDug0Ys-unsplash-scaled.jpg\",\"width\":2560,\"height\":1707},{\"@type\":\"BreadcrumbList\",\"@id\":\"https:\/\/www.dorstener-tafel.de\/?p=2009#breadcrumb\",\"itemListElement\":[{\"@type\":\"ListItem\",\"position\":1,\"name\":\"Home\",\"item\":\"https:\/\/www.dorstener-tafel.de\/\"},{\"@type\":\"ListItem\",\"position\":2,\"name\":\"Ostert\u00fctenaktion\"}]},{\"@type\":\"WebSite\",\"@id\":\"https:\/\/www.dorstener-tafel.de\/#website\",\"url\":\"https:\/\/www.dorstener-tafel.de\/\",\"name\":\"Home | Tafel Dorsten\",\"description\":\"\",\"potentialAction\":[{\"@type\":\"SearchAction\",\"target\":{\"@type\":\"EntryPoint\",\"urlTemplate\":\"https:\/\/www.dorstener-tafel.de\/?s={search_term_string}\"},\"query-input\":{\"@type\":\"PropertyValueSpecification\",\"valueRequired\":true,\"valueName\":\"search_term_string\"}}],\"inLanguage\":\"de\"},{\"@type\":\"Person\",\"@id\":\"https:\/\/www.dorstener-tafel.de\/#\/schema\/person\/75e0906e4c2b6af10e02c5804f2c98e1\",\"name\":\"Dirk Werwer\",\"image\":{\"@type\":\"ImageObject\",\"inLanguage\":\"de\",\"@id\":\"https:\/\/www.dorstener-tafel.de\/#\/schema\/person\/image\/\",\"url\":\"https:\/\/secure.gravatar.com\/avatar\/7231c91484f831974b2579bfc56d9bec?s=96&d=retro&r=g\",\"contentUrl\":\"https:\/\/secure.gravatar.com\/avatar\/7231c91484f831974b2579bfc56d9bec?s=96&d=retro&r=g\",\"caption\":\"Dirk Werwer\"},\"url\":\"https:\/\/www.dorstener-tafel.de\/?author=2\"}]}<\/script>\n<!-- \/ Yoast SEO plugin. -->","yoast_head_json":{"title":"Ostert\u00fctenaktion - Home | Tafel Dorsten","robots":{"index":"index","follow":"follow","max-snippet":"max-snippet:-1","max-image-preview":"max-image-preview:large","max-video-preview":"max-video-preview:-1"},"canonical":"https:\/\/www.dorstener-tafel.de\/?p=2009","og_locale":"de_DE","og_type":"article","og_title":"Ostert\u00fctenaktion - Home | Tafel Dorsten","og_description":"Wir m\u00f6chten unsere Kundinnen und Kunden in einer besonderen Aktion f\u00fcr die Ostertage mit einer Lebensmittelt\u00fcte erfreuen! Die T\u00fcte wird [&hellip;]","og_url":"https:\/\/www.dorstener-tafel.de\/?p=2009","og_site_name":"Home | Tafel Dorsten","article_publisher":"https:\/\/www.facebook.com\/Dorstener-Tafel-eV-710109832448127\/","article_published_time":"2020-04-02T11:14:21+00:00","og_image":[{"width":2560,"height":1707,"url":"https:\/\/www.kvg-dorsten.de\/dorstener-tafel\/wordpress\/wp-content\/uploads\/2020\/04\/freestocks-BFZ7tDug0Ys-unsplash-scaled.jpg","type":"image\/jpeg"}],"author":"Dirk Werwer","twitter_card":"summary_large_image","twitter_misc":{"Verfasst von":"Dirk Werwer","Gesch\u00e4tzte Lesezeit":"1\u00a0Minute"},"schema":{"@context":"https:\/\/schema.org","@graph":[{"@type":"Article","@id":"https:\/\/www.dorstener-tafel.de\/?p=2009#article","isPartOf":{"@id":"https:\/\/www.dorstener-tafel.de\/?p=2009"},"author":{"name":"Dirk Werwer","@id":"https:\/\/www.dorstener-tafel.de\/#\/schema\/person\/75e0906e4c2b6af10e02c5804f2c98e1"},"headline":"Ostert\u00fctenaktion","datePublished":"2020-04-02T11:14:21+00:00","mainEntityOfPage":{"@id":"https:\/\/www.dorstener-tafel.de\/?p=2009"},"wordCount":229,"commentCount":0,"image":{"@id":"https:\/\/www.dorstener-tafel.de\/?p=2009#primaryimage"},"thumbnailUrl":"https:\/\/www.kvg-dorsten.de\/dorstener-tafel\/wordpress\/wp-content\/uploads\/2020\/04\/freestocks-BFZ7tDug0Ys-unsplash-scaled.jpg","articleSection":["Aktuelles"],"inLanguage":"de","potentialAction":[{"@type":"CommentAction","name":"Comment","target":["https:\/\/www.dorstener-tafel.de\/?p=2009#respond"]}]},{"@type":"WebPage","@id":"https:\/\/www.dorstener-tafel.de\/?p=2009","url":"https:\/\/www.dorstener-tafel.de\/?p=2009","name":"Ostert\u00fctenaktion - Home | Tafel Dorsten","isPartOf":{"@id":"https:\/\/www.dorstener-tafel.de\/#website"},"primaryImageOfPage":{"@id":"https:\/\/www.dorstener-tafel.de\/?p=2009#primaryimage"},"image":{"@id":"https:\/\/www.dorstener-tafel.de\/?p=2009#primaryimage"},"thumbnailUrl":"https:\/\/www.kvg-dorsten.de\/dorstener-tafel\/wordpress\/wp-content\/uploads\/2020\/04\/freestocks-BFZ7tDug0Ys-unsplash-scaled.jpg","datePublished":"2020-04-02T11:14:21+00:00","author":{"@id":"https:\/\/www.dorstener-tafel.de\/#\/schema\/person\/75e0906e4c2b6af10e02c5804f2c98e1"},"breadcrumb":{"@id":"https:\/\/www.dorstener-tafel.de\/?p=2009#breadcrumb"},"inLanguage":"de","potentialAction":[{"@type":"ReadAction","target":["https:\/\/www.dorstener-tafel.de\/?p=2009"]}]},{"@type":"ImageObject","inLanguage":"de","@id":"https:\/\/www.dorstener-tafel.de\/?p=2009#primaryimage","url":"https:\/\/www.kvg-dorsten.de\/dorstener-tafel\/wordpress\/wp-content\/uploads\/2020\/04\/freestocks-BFZ7tDug0Ys-unsplash-scaled.jpg","contentUrl":"https:\/\/www.kvg-dorsten.de\/dorstener-tafel\/wordpress\/wp-content\/uploads\/2020\/04\/freestocks-BFZ7tDug0Ys-unsplash-scaled.jpg","width":2560,"height":1707},{"@type":"BreadcrumbList","@id":"https:\/\/www.dorstener-tafel.de\/?p=2009#breadcrumb","itemListElement":[{"@type":"ListItem","position":1,"name":"Home","item":"https:\/\/www.dorstener-tafel.de\/"},{"@type":"ListItem","position":2,"name":"Ostert\u00fctenaktion"}]},{"@type":"WebSite","@id":"https:\/\/www.dorstener-tafel.de\/#website","url":"https:\/\/www.dorstener-tafel.de\/","name":"Home | Tafel Dorsten","description":"","potentialAction":[{"@type":"SearchAction","target":{"@type":"EntryPoint","urlTemplate":"https:\/\/www.dorstener-tafel.de\/?s={search_term_string}"},"query-input":{"@type":"PropertyValueSpecification","valueRequired":true,"valueName":"search_term_string"}}],"inLanguage":"de"},{"@type":"Person","@id":"https:\/\/www.dorstener-tafel.de\/#\/schema\/person\/75e0906e4c2b6af10e02c5804f2c98e1","name":"Dirk Werwer","image":{"@type":"ImageObject","inLanguage":"de","@id":"https:\/\/www.dorstener-tafel.de\/#\/schema\/person\/image\/","url":"https:\/\/secure.gravatar.com\/avatar\/7231c91484f831974b2579bfc56d9bec?s=96&d=retro&r=g","contentUrl":"https:\/\/secure.gravatar.com\/avatar\/7231c91484f831974b2579bfc56d9bec?s=96&d=retro&r=g","caption":"Dirk Werwer"},"url":"https:\/\/www.dorstener-tafel.de\/?author=2"}]}},"_links":{"self":[{"href":"https:\/\/www.dorstener-tafel.de\/index.php?rest_route=\/wp\/v2\/posts\/2009","targetHints":{"allow":["GET"]}}],"collection":[{"href":"https:\/\/www.dorstener-tafel.de\/index.php?rest_route=\/wp\/v2\/posts"}],"about":[{"href":"https:\/\/www.dorstener-tafel.de\/index.php?rest_route=\/wp\/v2\/types\/post"}],"author":[{"embeddable":true,"href":"https:\/\/www.dorstener-tafel.de\/index.php?rest_route=\/wp\/v2\/users\/2"}],"replies":[{"embeddable":true,"href":"https:\/\/www.dorstener-tafel.de\/index.php?rest_route=%2Fwp%2Fv2%2Fcomments&post=2009"}],"version-history":[{"count":2,"href":"https:\/\/www.dorstener-tafel.de\/index.php?rest_route=\/wp\/v2\/posts\/2009\/revisions"}],"predecessor-version":[{"id":2012,"href":"https:\/\/www.dorstener-tafel.de\/index.php?rest_route=\/wp\/v2\/posts\/2009\/revisions\/2012"}],"wp:featuredmedia":[{"embeddable":true,"href":"https:\/\/www.dorstener-tafel.de\/index.php?rest_route=\/wp\/v2\/media\/2011"}],"wp:attachment":[{"href":"https:\/\/www.dorstener-tafel.de\/index.php?rest_route=%2Fwp%2Fv2%2Fmedia&parent=2009"}],"wp:term":[{"taxonomy":"category","embeddable":true,"href":"https:\/\/www.dorstener-tafel.de\/index.php?rest_route=%2Fwp%2Fv2%2Fcategories&post=2009"},{"taxonomy":"post_tag","embeddable":true,"href":"https:\/\/www.dorstener-tafel.de\/index.php?rest_route=%2Fwp%2Fv2%2Ftags&post=2009"}],"curies":[{"name":"wp","href":"https:\/\/api.w.org\/{rel}","templated":true}]}}