{"id":2005,"date":"2020-03-25T10:47:41","date_gmt":"2020-03-25T09:47:41","guid":{"rendered":"https:\/\/www.dorstener-tafel.de\/?p=2005"},"modified":"2020-03-25T10:47:41","modified_gmt":"2020-03-25T09:47:41","slug":"information-notbetrieb-leider-nicht-moeglich","status":"publish","type":"post","link":"https:\/\/www.dorstener-tafel.de\/?p=2005","title":{"rendered":"Information: Notbetrieb leider nicht m\u00f6glich"},"content":{"rendered":"<p><strong>Sehr geehrte Damen und Herren!<br \/>\n<\/strong><\/p>\n<p><strong>Immer mehr Freiwillige melden sich, um die Tafelkundinnen und \u2013kunden zu unterst\u00fctzen.<br \/>\n<\/strong><strong>Sehr herzlich bedanken wir uns f\u00fcr dieses gro\u00dfe Engagement!<br \/>\n<\/strong><strong>Mittlerweile haben uns die Ereignisse \u00fcberholt. Im Zeichen des Coronavirus m\u00fcssen wir beinahe t\u00e4glich neu planen.<\/strong><\/p>\n<p>Die Kontaktsperre setzt einen Mindestabstand von 1,5 m voraus, besser sind zwei Meter.<\/p>\n<p>Unser Tafelladen hat gerade mal ca. 40 m\u00b2 und ist sowohl an den Au\u00dfenseiten als auch im Innenbereich mit Regalen und K\u00fchlger\u00e4ten gef\u00fcllt. Den Mindestabstand k\u00f6nnen wir beim Einkauf selbst f\u00fcr einen einzelnen Kunden nicht gew\u00e4hrleisten.<\/p>\n<p>Daher erf\u00fcllen wir nicht die Voraussetzungen, einen Notdienst einzurichten. Wir d\u00fcrften auch nicht mehr von uns aus \u00f6ffnen, wir m\u00fcssen das Kreisgesundheitsamt um Genehmigung bitten. Doch erf\u00fcllen wir leider nicht die r\u00e4umlichen Voraussetzungen zur Antragstellung.<\/p>\n<p>Wir m\u00f6chten Sie bitten, Ihr Engagement auf Ihr Wohnumfeld zu richten:<\/p>\n<ul>\n<li>Gibt es in Ihrer Nachbarschaft Menschen, die Unterst\u00fctzung ben\u00f6tigen?<\/li>\n<li>Kaufen Sie bitte f\u00fcr andere Menschen mit ein.<\/li>\n<li>Schenken Sie einsamen Menschen ein gutes Wort, auch \u00fcber den Balkon hinweg oder durch das Fenster.<\/li>\n<\/ul>\n<p>Wir w\u00fcrden uns freuen, wenn nach Beendigung der Krise einige ihr Engagement f\u00fcr die Tafel aufrecht halten k\u00f6nnten. Wir k\u00f6nnen auch im laufenden Betrieb Unterst\u00fctzung gebrauchen.<\/p>\n<p>Mit freundlichen Gr\u00fc\u00dfen<\/p>\n<p><a href=\"https:\/\/www.kvg-dorsten.de\/dorstener-tafel\/wordpress\/wp-content\/uploads\/2020\/03\/herbert.jpg\"><img loading=\"lazy\" decoding=\"async\" class=\"alignnone size-medium wp-image-1991\" src=\"https:\/\/www.kvg-dorsten.de\/dorstener-tafel\/wordpress\/wp-content\/uploads\/2020\/03\/herbert-300x76.jpg\" alt=\"\" width=\"300\" height=\"76\" srcset=\"https:\/\/www.kvg-dorsten.de\/dorstener-tafel\/wordpress\/wp-content\/uploads\/2020\/03\/herbert-300x76.jpg 300w, https:\/\/www.kvg-dorsten.de\/dorstener-tafel\/wordpress\/wp-content\/uploads\/2020\/03\/herbert.jpg 601w\" sizes=\"auto, (max-width: 300px) 100vw, 300px\" \/><\/a><\/p>\n<p>Vorsitzender<\/p>\n","protected":false},"excerpt":{"rendered":"<p>Sehr geehrte Damen und Herren! Immer mehr Freiwillige melden sich, um die Tafelkundinnen und \u2013kunden zu unterst\u00fctzen. Sehr herzlich bedanken [&hellip;]<\/p>\n","protected":false},"author":2,"featured_media":2006,"comment_status":"open","ping_status":"closed","sticky":false,"template":"","format":"standard","meta":{"footnotes":""},"categories":[1],"tags":[],"class_list":["post-2005","post","type-post","status-publish","format-standard","has-post-thumbnail","hentry","category-allgemein"],"yoast_head":"<!-- This site is optimized with the Yoast SEO plugin v26.8 - https:\/\/yoast.com\/product\/yoast-seo-wordpress\/ -->\n<title>Information: Notbetrieb leider nicht m\u00f6glich - Home | Tafel Dorsten<\/title>\n<meta name=\"robots\" content=\"index, follow, max-snippet:-1, max-image-preview:large, max-video-preview:-1\" \/>\n<link rel=\"canonical\" href=\"https:\/\/www.dorstener-tafel.de\/?p=2005\" \/>\n<meta property=\"og:locale\" content=\"de_DE\" \/>\n<meta property=\"og:type\" content=\"article\" \/>\n<meta property=\"og:title\" content=\"Information: Notbetrieb leider nicht m\u00f6glich - Home | Tafel Dorsten\" \/>\n<meta property=\"og:description\" content=\"Sehr geehrte Damen und Herren! Immer mehr Freiwillige melden sich, um die Tafelkundinnen und \u2013kunden zu unterst\u00fctzen. Sehr herzlich bedanken [&hellip;]\" \/>\n<meta property=\"og:url\" content=\"https:\/\/www.dorstener-tafel.de\/?p=2005\" \/>\n<meta property=\"og:site_name\" content=\"Home | Tafel Dorsten\" \/>\n<meta property=\"article:publisher\" content=\"https:\/\/www.facebook.com\/Dorstener-Tafel-eV-710109832448127\/\" \/>\n<meta property=\"article:published_time\" content=\"2020-03-25T09:47:41+00:00\" \/>\n<meta property=\"og:image\" content=\"https:\/\/www.kvg-dorsten.de\/dorstener-tafel\/wordpress\/wp-content\/uploads\/2020\/03\/w950_h526_x640_y453_20200313_Coronavirus_rot_schnitt-66eaf4491b3714e7.jpg\" \/>\n\t<meta property=\"og:image:width\" content=\"950\" \/>\n\t<meta property=\"og:image:height\" content=\"526\" \/>\n\t<meta property=\"og:image:type\" content=\"image\/jpeg\" \/>\n<meta name=\"author\" content=\"Dirk Werwer\" \/>\n<meta name=\"twitter:card\" content=\"summary_large_image\" \/>\n<meta name=\"twitter:label1\" content=\"Verfasst von\" \/>\n\t<meta name=\"twitter:data1\" content=\"Dirk Werwer\" \/>\n\t<meta name=\"twitter:label2\" content=\"Gesch\u00e4tzte Lesezeit\" \/>\n\t<meta name=\"twitter:data2\" content=\"1\u00a0Minute\" \/>\n<script type=\"application\/ld+json\" class=\"yoast-schema-graph\">{\"@context\":\"https:\/\/schema.org\",\"@graph\":[{\"@type\":\"Article\",\"@id\":\"https:\/\/www.dorstener-tafel.de\/?p=2005#article\",\"isPartOf\":{\"@id\":\"https:\/\/www.dorstener-tafel.de\/?p=2005\"},\"author\":{\"name\":\"Dirk Werwer\",\"@id\":\"https:\/\/www.dorstener-tafel.de\/#\/schema\/person\/75e0906e4c2b6af10e02c5804f2c98e1\"},\"headline\":\"Information: Notbetrieb leider nicht m\u00f6glich\",\"datePublished\":\"2020-03-25T09:47:41+00:00\",\"mainEntityOfPage\":{\"@id\":\"https:\/\/www.dorstener-tafel.de\/?p=2005\"},\"wordCount\":231,\"commentCount\":0,\"image\":{\"@id\":\"https:\/\/www.dorstener-tafel.de\/?p=2005#primaryimage\"},\"thumbnailUrl\":\"https:\/\/www.kvg-dorsten.de\/dorstener-tafel\/wordpress\/wp-content\/uploads\/2020\/03\/w950_h526_x640_y453_20200313_Coronavirus_rot_schnitt-66eaf4491b3714e7.jpg\",\"articleSection\":[\"Aktuelles\"],\"inLanguage\":\"de\",\"potentialAction\":[{\"@type\":\"CommentAction\",\"name\":\"Comment\",\"target\":[\"https:\/\/www.dorstener-tafel.de\/?p=2005#respond\"]}]},{\"@type\":\"WebPage\",\"@id\":\"https:\/\/www.dorstener-tafel.de\/?p=2005\",\"url\":\"https:\/\/www.dorstener-tafel.de\/?p=2005\",\"name\":\"Information: Notbetrieb leider nicht m\u00f6glich - Home | Tafel Dorsten\",\"isPartOf\":{\"@id\":\"https:\/\/www.dorstener-tafel.de\/#website\"},\"primaryImageOfPage\":{\"@id\":\"https:\/\/www.dorstener-tafel.de\/?p=2005#primaryimage\"},\"image\":{\"@id\":\"https:\/\/www.dorstener-tafel.de\/?p=2005#primaryimage\"},\"thumbnailUrl\":\"https:\/\/www.kvg-dorsten.de\/dorstener-tafel\/wordpress\/wp-content\/uploads\/2020\/03\/w950_h526_x640_y453_20200313_Coronavirus_rot_schnitt-66eaf4491b3714e7.jpg\",\"datePublished\":\"2020-03-25T09:47:41+00:00\",\"author\":{\"@id\":\"https:\/\/www.dorstener-tafel.de\/#\/schema\/person\/75e0906e4c2b6af10e02c5804f2c98e1\"},\"breadcrumb\":{\"@id\":\"https:\/\/www.dorstener-tafel.de\/?p=2005#breadcrumb\"},\"inLanguage\":\"de\",\"potentialAction\":[{\"@type\":\"ReadAction\",\"target\":[\"https:\/\/www.dorstener-tafel.de\/?p=2005\"]}]},{\"@type\":\"ImageObject\",\"inLanguage\":\"de\",\"@id\":\"https:\/\/www.dorstener-tafel.de\/?p=2005#primaryimage\",\"url\":\"https:\/\/www.kvg-dorsten.de\/dorstener-tafel\/wordpress\/wp-content\/uploads\/2020\/03\/w950_h526_x640_y453_20200313_Coronavirus_rot_schnitt-66eaf4491b3714e7.jpg\",\"contentUrl\":\"https:\/\/www.kvg-dorsten.de\/dorstener-tafel\/wordpress\/wp-content\/uploads\/2020\/03\/w950_h526_x640_y453_20200313_Coronavirus_rot_schnitt-66eaf4491b3714e7.jpg\",\"width\":950,\"height\":526},{\"@type\":\"BreadcrumbList\",\"@id\":\"https:\/\/www.dorstener-tafel.de\/?p=2005#breadcrumb\",\"itemListElement\":[{\"@type\":\"ListItem\",\"position\":1,\"name\":\"Home\",\"item\":\"https:\/\/www.dorstener-tafel.de\/\"},{\"@type\":\"ListItem\",\"position\":2,\"name\":\"Information: Notbetrieb leider nicht m\u00f6glich\"}]},{\"@type\":\"WebSite\",\"@id\":\"https:\/\/www.dorstener-tafel.de\/#website\",\"url\":\"https:\/\/www.dorstener-tafel.de\/\",\"name\":\"Home | Tafel Dorsten\",\"description\":\"\",\"potentialAction\":[{\"@type\":\"SearchAction\",\"target\":{\"@type\":\"EntryPoint\",\"urlTemplate\":\"https:\/\/www.dorstener-tafel.de\/?s={search_term_string}\"},\"query-input\":{\"@type\":\"PropertyValueSpecification\",\"valueRequired\":true,\"valueName\":\"search_term_string\"}}],\"inLanguage\":\"de\"},{\"@type\":\"Person\",\"@id\":\"https:\/\/www.dorstener-tafel.de\/#\/schema\/person\/75e0906e4c2b6af10e02c5804f2c98e1\",\"name\":\"Dirk Werwer\",\"image\":{\"@type\":\"ImageObject\",\"inLanguage\":\"de\",\"@id\":\"https:\/\/www.dorstener-tafel.de\/#\/schema\/person\/image\/\",\"url\":\"https:\/\/secure.gravatar.com\/avatar\/7231c91484f831974b2579bfc56d9bec?s=96&d=retro&r=g\",\"contentUrl\":\"https:\/\/secure.gravatar.com\/avatar\/7231c91484f831974b2579bfc56d9bec?s=96&d=retro&r=g\",\"caption\":\"Dirk Werwer\"},\"url\":\"https:\/\/www.dorstener-tafel.de\/?author=2\"}]}<\/script>\n<!-- \/ Yoast SEO plugin. -->","yoast_head_json":{"title":"Information: Notbetrieb leider nicht m\u00f6glich - Home | Tafel Dorsten","robots":{"index":"index","follow":"follow","max-snippet":"max-snippet:-1","max-image-preview":"max-image-preview:large","max-video-preview":"max-video-preview:-1"},"canonical":"https:\/\/www.dorstener-tafel.de\/?p=2005","og_locale":"de_DE","og_type":"article","og_title":"Information: Notbetrieb leider nicht m\u00f6glich - Home | Tafel Dorsten","og_description":"Sehr geehrte Damen und Herren! Immer mehr Freiwillige melden sich, um die Tafelkundinnen und \u2013kunden zu unterst\u00fctzen. Sehr herzlich bedanken [&hellip;]","og_url":"https:\/\/www.dorstener-tafel.de\/?p=2005","og_site_name":"Home | Tafel Dorsten","article_publisher":"https:\/\/www.facebook.com\/Dorstener-Tafel-eV-710109832448127\/","article_published_time":"2020-03-25T09:47:41+00:00","og_image":[{"width":950,"height":526,"url":"https:\/\/www.kvg-dorsten.de\/dorstener-tafel\/wordpress\/wp-content\/uploads\/2020\/03\/w950_h526_x640_y453_20200313_Coronavirus_rot_schnitt-66eaf4491b3714e7.jpg","type":"image\/jpeg"}],"author":"Dirk Werwer","twitter_card":"summary_large_image","twitter_misc":{"Verfasst von":"Dirk Werwer","Gesch\u00e4tzte Lesezeit":"1\u00a0Minute"},"schema":{"@context":"https:\/\/schema.org","@graph":[{"@type":"Article","@id":"https:\/\/www.dorstener-tafel.de\/?p=2005#article","isPartOf":{"@id":"https:\/\/www.dorstener-tafel.de\/?p=2005"},"author":{"name":"Dirk Werwer","@id":"https:\/\/www.dorstener-tafel.de\/#\/schema\/person\/75e0906e4c2b6af10e02c5804f2c98e1"},"headline":"Information: Notbetrieb leider nicht m\u00f6glich","datePublished":"2020-03-25T09:47:41+00:00","mainEntityOfPage":{"@id":"https:\/\/www.dorstener-tafel.de\/?p=2005"},"wordCount":231,"commentCount":0,"image":{"@id":"https:\/\/www.dorstener-tafel.de\/?p=2005#primaryimage"},"thumbnailUrl":"https:\/\/www.kvg-dorsten.de\/dorstener-tafel\/wordpress\/wp-content\/uploads\/2020\/03\/w950_h526_x640_y453_20200313_Coronavirus_rot_schnitt-66eaf4491b3714e7.jpg","articleSection":["Aktuelles"],"inLanguage":"de","potentialAction":[{"@type":"CommentAction","name":"Comment","target":["https:\/\/www.dorstener-tafel.de\/?p=2005#respond"]}]},{"@type":"WebPage","@id":"https:\/\/www.dorstener-tafel.de\/?p=2005","url":"https:\/\/www.dorstener-tafel.de\/?p=2005","name":"Information: Notbetrieb leider nicht m\u00f6glich - Home | Tafel Dorsten","isPartOf":{"@id":"https:\/\/www.dorstener-tafel.de\/#website"},"primaryImageOfPage":{"@id":"https:\/\/www.dorstener-tafel.de\/?p=2005#primaryimage"},"image":{"@id":"https:\/\/www.dorstener-tafel.de\/?p=2005#primaryimage"},"thumbnailUrl":"https:\/\/www.kvg-dorsten.de\/dorstener-tafel\/wordpress\/wp-content\/uploads\/2020\/03\/w950_h526_x640_y453_20200313_Coronavirus_rot_schnitt-66eaf4491b3714e7.jpg","datePublished":"2020-03-25T09:47:41+00:00","author":{"@id":"https:\/\/www.dorstener-tafel.de\/#\/schema\/person\/75e0906e4c2b6af10e02c5804f2c98e1"},"breadcrumb":{"@id":"https:\/\/www.dorstener-tafel.de\/?p=2005#breadcrumb"},"inLanguage":"de","potentialAction":[{"@type":"ReadAction","target":["https:\/\/www.dorstener-tafel.de\/?p=2005"]}]},{"@type":"ImageObject","inLanguage":"de","@id":"https:\/\/www.dorstener-tafel.de\/?p=2005#primaryimage","url":"https:\/\/www.kvg-dorsten.de\/dorstener-tafel\/wordpress\/wp-content\/uploads\/2020\/03\/w950_h526_x640_y453_20200313_Coronavirus_rot_schnitt-66eaf4491b3714e7.jpg","contentUrl":"https:\/\/www.kvg-dorsten.de\/dorstener-tafel\/wordpress\/wp-content\/uploads\/2020\/03\/w950_h526_x640_y453_20200313_Coronavirus_rot_schnitt-66eaf4491b3714e7.jpg","width":950,"height":526},{"@type":"BreadcrumbList","@id":"https:\/\/www.dorstener-tafel.de\/?p=2005#breadcrumb","itemListElement":[{"@type":"ListItem","position":1,"name":"Home","item":"https:\/\/www.dorstener-tafel.de\/"},{"@type":"ListItem","position":2,"name":"Information: Notbetrieb leider nicht m\u00f6glich"}]},{"@type":"WebSite","@id":"https:\/\/www.dorstener-tafel.de\/#website","url":"https:\/\/www.dorstener-tafel.de\/","name":"Home | Tafel Dorsten","description":"","potentialAction":[{"@type":"SearchAction","target":{"@type":"EntryPoint","urlTemplate":"https:\/\/www.dorstener-tafel.de\/?s={search_term_string}"},"query-input":{"@type":"PropertyValueSpecification","valueRequired":true,"valueName":"search_term_string"}}],"inLanguage":"de"},{"@type":"Person","@id":"https:\/\/www.dorstener-tafel.de\/#\/schema\/person\/75e0906e4c2b6af10e02c5804f2c98e1","name":"Dirk Werwer","image":{"@type":"ImageObject","inLanguage":"de","@id":"https:\/\/www.dorstener-tafel.de\/#\/schema\/person\/image\/","url":"https:\/\/secure.gravatar.com\/avatar\/7231c91484f831974b2579bfc56d9bec?s=96&d=retro&r=g","contentUrl":"https:\/\/secure.gravatar.com\/avatar\/7231c91484f831974b2579bfc56d9bec?s=96&d=retro&r=g","caption":"Dirk Werwer"},"url":"https:\/\/www.dorstener-tafel.de\/?author=2"}]}},"_links":{"self":[{"href":"https:\/\/www.dorstener-tafel.de\/index.php?rest_route=\/wp\/v2\/posts\/2005","targetHints":{"allow":["GET"]}}],"collection":[{"href":"https:\/\/www.dorstener-tafel.de\/index.php?rest_route=\/wp\/v2\/posts"}],"about":[{"href":"https:\/\/www.dorstener-tafel.de\/index.php?rest_route=\/wp\/v2\/types\/post"}],"author":[{"embeddable":true,"href":"https:\/\/www.dorstener-tafel.de\/index.php?rest_route=\/wp\/v2\/users\/2"}],"replies":[{"embeddable":true,"href":"https:\/\/www.dorstener-tafel.de\/index.php?rest_route=%2Fwp%2Fv2%2Fcomments&post=2005"}],"version-history":[{"count":1,"href":"https:\/\/www.dorstener-tafel.de\/index.php?rest_route=\/wp\/v2\/posts\/2005\/revisions"}],"predecessor-version":[{"id":2007,"href":"https:\/\/www.dorstener-tafel.de\/index.php?rest_route=\/wp\/v2\/posts\/2005\/revisions\/2007"}],"wp:featuredmedia":[{"embeddable":true,"href":"https:\/\/www.dorstener-tafel.de\/index.php?rest_route=\/wp\/v2\/media\/2006"}],"wp:attachment":[{"href":"https:\/\/www.dorstener-tafel.de\/index.php?rest_route=%2Fwp%2Fv2%2Fmedia&parent=2005"}],"wp:term":[{"taxonomy":"category","embeddable":true,"href":"https:\/\/www.dorstener-tafel.de\/index.php?rest_route=%2Fwp%2Fv2%2Fcategories&post=2005"},{"taxonomy":"post_tag","embeddable":true,"href":"https:\/\/www.dorstener-tafel.de\/index.php?rest_route=%2Fwp%2Fv2%2Ftags&post=2005"}],"curies":[{"name":"wp","href":"https:\/\/api.w.org\/{rel}","templated":true}]}}