{"id":1997,"date":"2020-03-21T17:58:25","date_gmt":"2020-03-21T16:58:25","guid":{"rendered":"https:\/\/www.dorstener-tafel.de\/?p=1997"},"modified":"2020-03-21T17:58:25","modified_gmt":"2020-03-21T16:58:25","slug":"corona-fragen-und-antworten","status":"publish","type":"post","link":"https:\/\/www.dorstener-tafel.de\/?p=1997","title":{"rendered":"Corona &#8211; Fragen und Antworten"},"content":{"rendered":"<p>Sehr geehrte Damen und Herren!<\/p>\n<p>Wegen der Coronakrise mussten wir leider vor\u00fcbergehend die Tafel Dorsten schlie\u00dfen.<\/p>\n<p>Dies ist ein solidarischer Akt unseren fast 80 Mitarbeiterinnen und Mitarbeitern gegen\u00fcber, die fast ausschlie\u00dflich der sogenannten Risikogruppe angeh\u00f6ren.<\/p>\n<p>T\u00e4glich erreichen uns Nachfragen und Angebote von hilfsbereiten Menschen, die nicht der Risikogruppe angeh\u00f6ren und die Arbeit auch in dieser schweren Zeit aufrechterhalten m\u00f6chten. Diese momentane hilfsbereite Stimmung erinnert uns sehr an die Zeit von 2002, als wir den Dorstener Laden gegr\u00fcndet haben.<\/p>\n<p>Ausdr\u00fccklich bedanken wir uns f\u00fcr jedes dieser Angebote! Aber nicht alles ist umsetzbar. Aus zeitlichen Gr\u00fcnden k\u00f6nnen wir nicht auf jede Anfrage einzeln antworten. Ich m\u00f6chte in Form eines Frage-Antwort-Spiegels eine allgemeine Auskunft zu h\u00e4ufig gestellten Anfragen geben:<\/p>\n<ol>\n<li><strong>Wir bieten uns an, Waren zu bed\u00fcrftigen Menschen auszufahren.<\/strong><\/li>\n<\/ol>\n<p>Antwort: Wir sichern unseren Kundinnen und Kunden Verschwiegenheit zu. Die meisten sch\u00e4men sich wegen ihrer Armut. Wir nehmen das ernst und geben keine Adressen an Dritte weiter.<\/p>\n<ol start=\"2\">\n<li><strong>M\u00fcssen Kundinnen und Kunden der Tafel jetzt hungern?<\/strong><\/li>\n<\/ol>\n<p>Antwort: Nein! Da die Zuspitzung der Krise vorhersehbar war, haben wir in den letzten Wochen die Warenmenge erh\u00f6ht, die die Kunden mitnehmen konnten. Dabei haben wir vor allem zus\u00e4tzlich Konserven ausgegeben. Au\u00dferdem bieten die Lohnersatzleistungen eine ausk\u00f6mmliche Versorgung mit preiswerten Lebensmitteln aus den Discountern.<\/p>\n<ol start=\"3\">\n<li><strong>Hat die Tafel gen\u00fcgend Ware? Viele Tafeln klagen \u00fcber zu geringe Warenspenden.<\/strong><\/li>\n<\/ol>\n<p>Kurze Antwort: Ja! In der Tafel Dorsten haben wir gen\u00fcgend Ware. Nur Frischware wie Obst und Gem\u00fcse kommt wegen der Hamsterk\u00e4ufe nat\u00fcrlich nicht mehr in den Warenkorb der Tafel.<\/p>\n<ol start=\"4\">\n<li><strong>Kann ich als junger Mensch nicht den Warenverkauf im Dorstener Laden wieder initiieren?<\/strong><\/li>\n<\/ol>\n<p>Antwort: Ja, das geht! Wir brauchen nur gen\u00fcgend Freiwillige. Der Laden ist beengt, wegen der Ansteckungsgefahr k\u00f6nnen wir immer nur einen Kunden bedienen und nicht mehr wie bisher drei bis vier gleichzeitig. Wir m\u00fcssten daher die bisherige Anzahl der Ausgabetage von zwei auf sechs erh\u00f6hen, um alle Berechtigten zu bedienen. Wir m\u00fcssen im Wartebereich drau\u00dfen den Abstand gew\u00e4hrleisten. Wir brauchen an jedem Tag folgende Personen:<\/p>\n<p>2 Personen im Verkauf<\/p>\n<p>2 Personen im Eingangsbereich (Einlass\/ Kasse)<\/p>\n<p>2 Personen zum Nachr\u00e4umen<\/p>\n<p>2 Personen f\u00fcr die Hygiene\/ Putzen<\/p>\n<p>3 Personen f\u00fcr den Ordnerdienst drau\u00dfen (Einhalten des Abstands)<\/p>\n<p>1 Ersatzkraft, wenn jemand mal zur Toilette muss<\/p>\n<p>&nbsp;<\/p>\n<ol start=\"5\">\n<li><strong>Wie viel Zeit muss ich mitbringen?<\/strong><\/li>\n<\/ol>\n<p>Antwort: Morgens wird die Ware angeliefert, sortiert und gepackt. Wegen des fehlenden Kundenkontakts k\u00f6nnten dies bisherige Mitarbeiter machen.<\/p>\n<p>Die Personen f\u00fcr den Verkauf und das Nachr\u00e4umen m\u00fcssten um 13 Uhr da sein, Ausgabeende ist gegen 18:30 Uhr, wenn alles gut l\u00e4uft. Es kann auch schon einmal etwas sp\u00e4ter werden.<\/p>\n<ol start=\"6\">\n<li><strong>Erhalte ich eine Verg\u00fctung?<\/strong><\/li>\n<\/ol>\n<p>Antwort: Nein! Alle Tafelmitarbeiterinnen und -mitarbeiter arbeiten rein ehrenamtlich. Es wird keine Verg\u00fctung oder Fahrtkostenpauschale gew\u00e4hrt.<\/p>\n<ol start=\"7\">\n<li><strong>Bin ich bei der T\u00e4tigkeit versichert?<\/strong><\/li>\n<\/ol>\n<p>Antwort: Die Tafel Dorsten hat alle Mitarbeiterinnen und Mitarbeiter in einer Haftpflichtversicherung abgesichert. Ein besonderes Risiko (hier: Ansteckung) tr\u00e4gt jeder selber.<\/p>\n<ol start=\"8\">\n<li><strong>Gibt es besondere Schutzma\u00dfnahmen?<\/strong><\/li>\n<\/ol>\n<p>Antwort: Wir haben gen\u00fcgend Einweghandschuhe und Einmaltaschent\u00fccher vorr\u00e4tig. Auf den Toiletten k\u00f6nnen wir das regelm\u00e4\u00dfige H\u00e4ndewaschen gew\u00e4hrleisten. Durch den Ordnerdienst und die Begrenzung des Einlasses k\u00f6nnen wir versuchen, die Ansteckungsgefahr zu minimieren.<\/p>\n<ol start=\"9\">\n<li><strong>Wie kann ich in dieser besonderen Zeit helfen?<\/strong><\/li>\n<\/ol>\n<p>Antwort: Richten Sie Ihren Blick bitte in Ihre direkte Wohnumgebung: Wo ist jemand einsam? Gibt es alte oder gebrechliche Menschen? Kann ich Eink\u00e4ufe f\u00fcr andere t\u00e4tigen? Kann ich vielleicht f\u00fcr Menschen in finanziell prek\u00e4ren Situationen den Einkaufspreis f\u00fcr diese Waren selber etwas unterst\u00fctzen?<\/p>\n<p>Denken Sie bitte auch an die Obdachlosenhilfe. Hier unterst\u00fctzt die Dorstener Tafel weiterhin diese Organisation, aber es wird immer neu Ware ben\u00f6tigt.<\/p>\n<ol start=\"10\">\n<li><strong>K\u00f6nnen sich Bed\u00fcrftige weiterhin mit Lebensmitteln versorgen?<\/strong><\/li>\n<\/ol>\n<p>Antwort: Es gibt in Dorsten am Hervester Bahnhof (Am Holzplatz 19, neben der Moschee) einen kleinen Raum der Foodsaver. Dort liegen Lebensmittel, auch aus der Tafel. Dort k\u00f6nnen alle Menschen dieser Stadt ohne Nachweis ihrer Bed\u00fcrftigkeit Lebensmittel abholen, die sonst weggeworfen w\u00fcrden. Auch die Foodsaver sind auf Lebensmittelspenden angewiesen, denn\u00a0 in dieser Zeit gibt es in den Lebensmittelm\u00e4rkten ja kaum Ware, die das Ablaufdatum erreicht.<\/p>\n<p>Sie sehen: In Dorsten muss niemand verhungern! Viele Organisationen arbeiten im Ehrenamt, da ist eine Zusammenarbeit ohne lange Konferenzen und Vertr\u00e4ge m\u00f6glich. W\u00e4hrend die Tafel geschlossen hat, fahren die Helferinnen und Helfer der Foodsaver die Lebensmittelm\u00e4rkte ab.<\/p>\n<p>Die Dorstener Tafel unterst\u00fctzt die Obdachlosenhilfe.<\/p>\n<p>Eine gro\u00dfe Sorge ist, was mit den riesigen Mengen an Lebensmitteln geschieht, die Menschen jetzt zu Hause horten. Sie k\u00f6nnen gar nicht alles aufessen. Wir bef\u00fcrchten ein hohes Ma\u00df an Lebensmittelverschwendung nach der Krise.<\/p>\n<p>Hier w\u00fcrden wir uns freuen, wenn Sie nach der Krise in Ihrem Umfeld solche Lebensmittel sammeln und uns bringen w\u00fcrden. Unsere Kundinnen und Kunden freuen sich dar\u00fcber und wir auch!<\/p>\n<p>Bleiben Sie gesund! Bleiben Sie solidarisch! Helfen Sie in Ihrer Nachbarschaft!<\/p>\n<p>F\u00fcr die Dorstener Tafel<\/p>\n<p><a href=\"https:\/\/www.kvg-dorsten.de\/dorstener-tafel\/wordpress\/wp-content\/uploads\/2020\/03\/herbert.jpg\"><img loading=\"lazy\" decoding=\"async\" class=\"alignnone size-medium wp-image-1991\" src=\"https:\/\/www.kvg-dorsten.de\/dorstener-tafel\/wordpress\/wp-content\/uploads\/2020\/03\/herbert-300x76.jpg\" alt=\"\" width=\"300\" height=\"76\" srcset=\"https:\/\/www.kvg-dorsten.de\/dorstener-tafel\/wordpress\/wp-content\/uploads\/2020\/03\/herbert-300x76.jpg 300w, https:\/\/www.kvg-dorsten.de\/dorstener-tafel\/wordpress\/wp-content\/uploads\/2020\/03\/herbert.jpg 601w\" sizes=\"auto, (max-width: 300px) 100vw, 300px\" \/><\/a><\/p>\n<p>Vorsitzender<\/p>\n","protected":false},"excerpt":{"rendered":"<p>Sehr geehrte Damen und Herren! Wegen der Coronakrise mussten wir leider vor\u00fcbergehend die Tafel Dorsten schlie\u00dfen. Dies ist ein solidarischer [&hellip;]<\/p>\n","protected":false},"author":2,"featured_media":2000,"comment_status":"open","ping_status":"closed","sticky":false,"template":"","format":"standard","meta":{"footnotes":""},"categories":[1],"tags":[],"class_list":["post-1997","post","type-post","status-publish","format-standard","has-post-thumbnail","hentry","category-allgemein"],"yoast_head":"<!-- This site is optimized with the Yoast SEO plugin v26.8 - https:\/\/yoast.com\/product\/yoast-seo-wordpress\/ -->\n<title>Corona - Fragen und Antworten - Home | Tafel Dorsten<\/title>\n<meta name=\"robots\" content=\"index, follow, max-snippet:-1, max-image-preview:large, max-video-preview:-1\" \/>\n<link rel=\"canonical\" href=\"https:\/\/www.dorstener-tafel.de\/?p=1997\" \/>\n<meta property=\"og:locale\" content=\"de_DE\" \/>\n<meta property=\"og:type\" content=\"article\" \/>\n<meta property=\"og:title\" content=\"Corona - Fragen und Antworten - Home | Tafel Dorsten\" \/>\n<meta property=\"og:description\" content=\"Sehr geehrte Damen und Herren! Wegen der Coronakrise mussten wir leider vor\u00fcbergehend die Tafel Dorsten schlie\u00dfen. Dies ist ein solidarischer [&hellip;]\" \/>\n<meta property=\"og:url\" content=\"https:\/\/www.dorstener-tafel.de\/?p=1997\" \/>\n<meta property=\"og:site_name\" content=\"Home | Tafel Dorsten\" \/>\n<meta property=\"article:publisher\" content=\"https:\/\/www.facebook.com\/Dorstener-Tafel-eV-710109832448127\/\" \/>\n<meta property=\"article:published_time\" content=\"2020-03-21T16:58:25+00:00\" \/>\n<meta property=\"og:image\" content=\"https:\/\/www.kvg-dorsten.de\/dorstener-tafel\/wordpress\/wp-content\/uploads\/2020\/03\/12abde4095814b24b32f0c3d6543508e.jpg\" \/>\n\t<meta property=\"og:image:width\" content=\"1600\" \/>\n\t<meta property=\"og:image:height\" content=\"900\" \/>\n\t<meta property=\"og:image:type\" content=\"image\/jpeg\" \/>\n<meta name=\"author\" content=\"Dirk Werwer\" \/>\n<meta name=\"twitter:card\" content=\"summary_large_image\" \/>\n<meta name=\"twitter:label1\" content=\"Verfasst von\" \/>\n\t<meta name=\"twitter:data1\" content=\"Dirk Werwer\" \/>\n\t<meta name=\"twitter:label2\" content=\"Gesch\u00e4tzte Lesezeit\" \/>\n\t<meta name=\"twitter:data2\" content=\"4\u00a0Minuten\" \/>\n<script type=\"application\/ld+json\" class=\"yoast-schema-graph\">{\"@context\":\"https:\/\/schema.org\",\"@graph\":[{\"@type\":\"Article\",\"@id\":\"https:\/\/www.dorstener-tafel.de\/?p=1997#article\",\"isPartOf\":{\"@id\":\"https:\/\/www.dorstener-tafel.de\/?p=1997\"},\"author\":{\"name\":\"Dirk Werwer\",\"@id\":\"https:\/\/www.dorstener-tafel.de\/#\/schema\/person\/75e0906e4c2b6af10e02c5804f2c98e1\"},\"headline\":\"Corona &#8211; Fragen und Antworten\",\"datePublished\":\"2020-03-21T16:58:25+00:00\",\"mainEntityOfPage\":{\"@id\":\"https:\/\/www.dorstener-tafel.de\/?p=1997\"},\"wordCount\":846,\"commentCount\":0,\"image\":{\"@id\":\"https:\/\/www.dorstener-tafel.de\/?p=1997#primaryimage\"},\"thumbnailUrl\":\"https:\/\/www.kvg-dorsten.de\/dorstener-tafel\/wordpress\/wp-content\/uploads\/2020\/03\/12abde4095814b24b32f0c3d6543508e.jpg\",\"articleSection\":[\"Aktuelles\"],\"inLanguage\":\"de\",\"potentialAction\":[{\"@type\":\"CommentAction\",\"name\":\"Comment\",\"target\":[\"https:\/\/www.dorstener-tafel.de\/?p=1997#respond\"]}]},{\"@type\":\"WebPage\",\"@id\":\"https:\/\/www.dorstener-tafel.de\/?p=1997\",\"url\":\"https:\/\/www.dorstener-tafel.de\/?p=1997\",\"name\":\"Corona - Fragen und Antworten - Home | Tafel Dorsten\",\"isPartOf\":{\"@id\":\"https:\/\/www.dorstener-tafel.de\/#website\"},\"primaryImageOfPage\":{\"@id\":\"https:\/\/www.dorstener-tafel.de\/?p=1997#primaryimage\"},\"image\":{\"@id\":\"https:\/\/www.dorstener-tafel.de\/?p=1997#primaryimage\"},\"thumbnailUrl\":\"https:\/\/www.kvg-dorsten.de\/dorstener-tafel\/wordpress\/wp-content\/uploads\/2020\/03\/12abde4095814b24b32f0c3d6543508e.jpg\",\"datePublished\":\"2020-03-21T16:58:25+00:00\",\"author\":{\"@id\":\"https:\/\/www.dorstener-tafel.de\/#\/schema\/person\/75e0906e4c2b6af10e02c5804f2c98e1\"},\"breadcrumb\":{\"@id\":\"https:\/\/www.dorstener-tafel.de\/?p=1997#breadcrumb\"},\"inLanguage\":\"de\",\"potentialAction\":[{\"@type\":\"ReadAction\",\"target\":[\"https:\/\/www.dorstener-tafel.de\/?p=1997\"]}]},{\"@type\":\"ImageObject\",\"inLanguage\":\"de\",\"@id\":\"https:\/\/www.dorstener-tafel.de\/?p=1997#primaryimage\",\"url\":\"https:\/\/www.kvg-dorsten.de\/dorstener-tafel\/wordpress\/wp-content\/uploads\/2020\/03\/12abde4095814b24b32f0c3d6543508e.jpg\",\"contentUrl\":\"https:\/\/www.kvg-dorsten.de\/dorstener-tafel\/wordpress\/wp-content\/uploads\/2020\/03\/12abde4095814b24b32f0c3d6543508e.jpg\",\"width\":1600,\"height\":900},{\"@type\":\"BreadcrumbList\",\"@id\":\"https:\/\/www.dorstener-tafel.de\/?p=1997#breadcrumb\",\"itemListElement\":[{\"@type\":\"ListItem\",\"position\":1,\"name\":\"Home\",\"item\":\"https:\/\/www.dorstener-tafel.de\/\"},{\"@type\":\"ListItem\",\"position\":2,\"name\":\"Corona &#8211; Fragen und Antworten\"}]},{\"@type\":\"WebSite\",\"@id\":\"https:\/\/www.dorstener-tafel.de\/#website\",\"url\":\"https:\/\/www.dorstener-tafel.de\/\",\"name\":\"Home | Tafel Dorsten\",\"description\":\"\",\"potentialAction\":[{\"@type\":\"SearchAction\",\"target\":{\"@type\":\"EntryPoint\",\"urlTemplate\":\"https:\/\/www.dorstener-tafel.de\/?s={search_term_string}\"},\"query-input\":{\"@type\":\"PropertyValueSpecification\",\"valueRequired\":true,\"valueName\":\"search_term_string\"}}],\"inLanguage\":\"de\"},{\"@type\":\"Person\",\"@id\":\"https:\/\/www.dorstener-tafel.de\/#\/schema\/person\/75e0906e4c2b6af10e02c5804f2c98e1\",\"name\":\"Dirk Werwer\",\"image\":{\"@type\":\"ImageObject\",\"inLanguage\":\"de\",\"@id\":\"https:\/\/www.dorstener-tafel.de\/#\/schema\/person\/image\/\",\"url\":\"https:\/\/secure.gravatar.com\/avatar\/7231c91484f831974b2579bfc56d9bec?s=96&d=retro&r=g\",\"contentUrl\":\"https:\/\/secure.gravatar.com\/avatar\/7231c91484f831974b2579bfc56d9bec?s=96&d=retro&r=g\",\"caption\":\"Dirk Werwer\"},\"url\":\"https:\/\/www.dorstener-tafel.de\/?author=2\"}]}<\/script>\n<!-- \/ Yoast SEO plugin. -->","yoast_head_json":{"title":"Corona - Fragen und Antworten - Home | Tafel Dorsten","robots":{"index":"index","follow":"follow","max-snippet":"max-snippet:-1","max-image-preview":"max-image-preview:large","max-video-preview":"max-video-preview:-1"},"canonical":"https:\/\/www.dorstener-tafel.de\/?p=1997","og_locale":"de_DE","og_type":"article","og_title":"Corona - Fragen und Antworten - Home | Tafel Dorsten","og_description":"Sehr geehrte Damen und Herren! Wegen der Coronakrise mussten wir leider vor\u00fcbergehend die Tafel Dorsten schlie\u00dfen. Dies ist ein solidarischer [&hellip;]","og_url":"https:\/\/www.dorstener-tafel.de\/?p=1997","og_site_name":"Home | Tafel Dorsten","article_publisher":"https:\/\/www.facebook.com\/Dorstener-Tafel-eV-710109832448127\/","article_published_time":"2020-03-21T16:58:25+00:00","og_image":[{"width":1600,"height":900,"url":"https:\/\/www.kvg-dorsten.de\/dorstener-tafel\/wordpress\/wp-content\/uploads\/2020\/03\/12abde4095814b24b32f0c3d6543508e.jpg","type":"image\/jpeg"}],"author":"Dirk Werwer","twitter_card":"summary_large_image","twitter_misc":{"Verfasst von":"Dirk Werwer","Gesch\u00e4tzte Lesezeit":"4\u00a0Minuten"},"schema":{"@context":"https:\/\/schema.org","@graph":[{"@type":"Article","@id":"https:\/\/www.dorstener-tafel.de\/?p=1997#article","isPartOf":{"@id":"https:\/\/www.dorstener-tafel.de\/?p=1997"},"author":{"name":"Dirk Werwer","@id":"https:\/\/www.dorstener-tafel.de\/#\/schema\/person\/75e0906e4c2b6af10e02c5804f2c98e1"},"headline":"Corona &#8211; Fragen und Antworten","datePublished":"2020-03-21T16:58:25+00:00","mainEntityOfPage":{"@id":"https:\/\/www.dorstener-tafel.de\/?p=1997"},"wordCount":846,"commentCount":0,"image":{"@id":"https:\/\/www.dorstener-tafel.de\/?p=1997#primaryimage"},"thumbnailUrl":"https:\/\/www.kvg-dorsten.de\/dorstener-tafel\/wordpress\/wp-content\/uploads\/2020\/03\/12abde4095814b24b32f0c3d6543508e.jpg","articleSection":["Aktuelles"],"inLanguage":"de","potentialAction":[{"@type":"CommentAction","name":"Comment","target":["https:\/\/www.dorstener-tafel.de\/?p=1997#respond"]}]},{"@type":"WebPage","@id":"https:\/\/www.dorstener-tafel.de\/?p=1997","url":"https:\/\/www.dorstener-tafel.de\/?p=1997","name":"Corona - Fragen und Antworten - Home | Tafel Dorsten","isPartOf":{"@id":"https:\/\/www.dorstener-tafel.de\/#website"},"primaryImageOfPage":{"@id":"https:\/\/www.dorstener-tafel.de\/?p=1997#primaryimage"},"image":{"@id":"https:\/\/www.dorstener-tafel.de\/?p=1997#primaryimage"},"thumbnailUrl":"https:\/\/www.kvg-dorsten.de\/dorstener-tafel\/wordpress\/wp-content\/uploads\/2020\/03\/12abde4095814b24b32f0c3d6543508e.jpg","datePublished":"2020-03-21T16:58:25+00:00","author":{"@id":"https:\/\/www.dorstener-tafel.de\/#\/schema\/person\/75e0906e4c2b6af10e02c5804f2c98e1"},"breadcrumb":{"@id":"https:\/\/www.dorstener-tafel.de\/?p=1997#breadcrumb"},"inLanguage":"de","potentialAction":[{"@type":"ReadAction","target":["https:\/\/www.dorstener-tafel.de\/?p=1997"]}]},{"@type":"ImageObject","inLanguage":"de","@id":"https:\/\/www.dorstener-tafel.de\/?p=1997#primaryimage","url":"https:\/\/www.kvg-dorsten.de\/dorstener-tafel\/wordpress\/wp-content\/uploads\/2020\/03\/12abde4095814b24b32f0c3d6543508e.jpg","contentUrl":"https:\/\/www.kvg-dorsten.de\/dorstener-tafel\/wordpress\/wp-content\/uploads\/2020\/03\/12abde4095814b24b32f0c3d6543508e.jpg","width":1600,"height":900},{"@type":"BreadcrumbList","@id":"https:\/\/www.dorstener-tafel.de\/?p=1997#breadcrumb","itemListElement":[{"@type":"ListItem","position":1,"name":"Home","item":"https:\/\/www.dorstener-tafel.de\/"},{"@type":"ListItem","position":2,"name":"Corona &#8211; Fragen und Antworten"}]},{"@type":"WebSite","@id":"https:\/\/www.dorstener-tafel.de\/#website","url":"https:\/\/www.dorstener-tafel.de\/","name":"Home | Tafel Dorsten","description":"","potentialAction":[{"@type":"SearchAction","target":{"@type":"EntryPoint","urlTemplate":"https:\/\/www.dorstener-tafel.de\/?s={search_term_string}"},"query-input":{"@type":"PropertyValueSpecification","valueRequired":true,"valueName":"search_term_string"}}],"inLanguage":"de"},{"@type":"Person","@id":"https:\/\/www.dorstener-tafel.de\/#\/schema\/person\/75e0906e4c2b6af10e02c5804f2c98e1","name":"Dirk Werwer","image":{"@type":"ImageObject","inLanguage":"de","@id":"https:\/\/www.dorstener-tafel.de\/#\/schema\/person\/image\/","url":"https:\/\/secure.gravatar.com\/avatar\/7231c91484f831974b2579bfc56d9bec?s=96&d=retro&r=g","contentUrl":"https:\/\/secure.gravatar.com\/avatar\/7231c91484f831974b2579bfc56d9bec?s=96&d=retro&r=g","caption":"Dirk Werwer"},"url":"https:\/\/www.dorstener-tafel.de\/?author=2"}]}},"_links":{"self":[{"href":"https:\/\/www.dorstener-tafel.de\/index.php?rest_route=\/wp\/v2\/posts\/1997","targetHints":{"allow":["GET"]}}],"collection":[{"href":"https:\/\/www.dorstener-tafel.de\/index.php?rest_route=\/wp\/v2\/posts"}],"about":[{"href":"https:\/\/www.dorstener-tafel.de\/index.php?rest_route=\/wp\/v2\/types\/post"}],"author":[{"embeddable":true,"href":"https:\/\/www.dorstener-tafel.de\/index.php?rest_route=\/wp\/v2\/users\/2"}],"replies":[{"embeddable":true,"href":"https:\/\/www.dorstener-tafel.de\/index.php?rest_route=%2Fwp%2Fv2%2Fcomments&post=1997"}],"version-history":[{"count":2,"href":"https:\/\/www.dorstener-tafel.de\/index.php?rest_route=\/wp\/v2\/posts\/1997\/revisions"}],"predecessor-version":[{"id":1999,"href":"https:\/\/www.dorstener-tafel.de\/index.php?rest_route=\/wp\/v2\/posts\/1997\/revisions\/1999"}],"wp:featuredmedia":[{"embeddable":true,"href":"https:\/\/www.dorstener-tafel.de\/index.php?rest_route=\/wp\/v2\/media\/2000"}],"wp:attachment":[{"href":"https:\/\/www.dorstener-tafel.de\/index.php?rest_route=%2Fwp%2Fv2%2Fmedia&parent=1997"}],"wp:term":[{"taxonomy":"category","embeddable":true,"href":"https:\/\/www.dorstener-tafel.de\/index.php?rest_route=%2Fwp%2Fv2%2Fcategories&post=1997"},{"taxonomy":"post_tag","embeddable":true,"href":"https:\/\/www.dorstener-tafel.de\/index.php?rest_route=%2Fwp%2Fv2%2Ftags&post=1997"}],"curies":[{"name":"wp","href":"https:\/\/api.w.org\/{rel}","templated":true}]}}