{"id":1989,"date":"2020-03-14T16:03:54","date_gmt":"2020-03-14T15:03:54","guid":{"rendered":"https:\/\/www.dorstener-tafel.de\/?p=1989"},"modified":"2020-03-14T17:25:11","modified_gmt":"2020-03-14T16:25:11","slug":"corona-pressemitteilung","status":"publish","type":"post","link":"https:\/\/www.dorstener-tafel.de\/?p=1989","title":{"rendered":"Corona: Tafel vor\u00fcbergehend geschlossen"},"content":{"rendered":"<p>Leider m\u00fcssen wir vor\u00fcbergehend die drei Einrichtungen der Dorstener Tafel schlie\u00dfen.<\/p>\n<p>Grund ist die Bedrohung durch das Corona-Virus SARS-CoV-2.<\/p>\n<p>Bis auf sehr wenige Ausnahmen geh\u00f6ren unsere Mitarbeiterinnen und Mitarbeiter der Risikogruppe an und wir m\u00fcssen sie vor Ansteckung sch\u00fctzen.<\/p>\n<p>Die Gesundheit aller in unserer Stadt liegt uns am Herzen und wir m\u00fcssen die Ansteckungswege unterbrechen.<\/p>\n<p><strong>Daher bleiben die Einrichtungen der Tafel bis auf weiteres geschlossen. <\/strong><\/p>\n<p>Der Kinderkleidermarkt und der Mittagstisch sind ab sofort geschlossen, der Laden \u00f6ffnet zum letzten Mal am Dienstag, 17.3.2020.<\/p>\n<p>Sp\u00e4testens mit \u00d6ffnung der Schulen werden auch wir wieder \u00f6ffnen.<\/p>\n<p>Dieser Schritt ist uns nicht leichtgefallen, denn die vor\u00fcbergehende Schlie\u00dfung trifft die Schwachen unserer Gesellschaft.<\/p>\n<p>Die Ausgabestellen der drei Einrichtungen der Dorstener Tafel sind r\u00e4umlich sehr beengt, wir k\u00f6nnen eine Ansteckung der Mitarbeiterinnen und Mitarbeiter und der Kunden nach jetziger Lageeinsch\u00e4tzung durch das Robert-Koch-Institut durch die bisher angewandten Hygienema\u00dfnahmen nicht vermeiden.<\/p>\n<p>Hier gilt es, die Erhaltung der pers\u00f6nlichen Gesundheit verantwortungsvoll in den Fokus zu stellen.<\/p>\n<p>&nbsp;<\/p>\n<p><strong>Bleiben Sie gesund!<\/strong><\/p>\n<p><a href=\"https:\/\/www.kvg-dorsten.de\/dorstener-tafel\/wordpress\/wp-content\/uploads\/2020\/03\/herbert.jpg\"><img loading=\"lazy\" decoding=\"async\" class=\"alignnone size-medium wp-image-1991\" src=\"https:\/\/www.kvg-dorsten.de\/dorstener-tafel\/wordpress\/wp-content\/uploads\/2020\/03\/herbert-300x76.jpg\" alt=\"\" width=\"300\" height=\"76\" srcset=\"https:\/\/www.kvg-dorsten.de\/dorstener-tafel\/wordpress\/wp-content\/uploads\/2020\/03\/herbert-300x76.jpg 300w, https:\/\/www.kvg-dorsten.de\/dorstener-tafel\/wordpress\/wp-content\/uploads\/2020\/03\/herbert.jpg 601w\" sizes=\"auto, (max-width: 300px) 100vw, 300px\" \/><\/a><\/p>\n<p>Vorsitzender<\/p>\n","protected":false},"excerpt":{"rendered":"<p>Leider m\u00fcssen wir vor\u00fcbergehend die drei Einrichtungen der Dorstener Tafel schlie\u00dfen. Grund ist die Bedrohung durch das Corona-Virus SARS-CoV-2. Bis [&hellip;]<\/p>\n","protected":false},"author":2,"featured_media":1993,"comment_status":"open","ping_status":"closed","sticky":false,"template":"","format":"standard","meta":{"footnotes":""},"categories":[1],"tags":[],"class_list":["post-1989","post","type-post","status-publish","format-standard","has-post-thumbnail","hentry","category-allgemein"],"yoast_head":"<!-- This site is optimized with the Yoast SEO plugin v26.8 - https:\/\/yoast.com\/product\/yoast-seo-wordpress\/ -->\n<title>Corona: Tafel vor\u00fcbergehend geschlossen - Home | Tafel Dorsten<\/title>\n<meta name=\"robots\" content=\"index, follow, max-snippet:-1, max-image-preview:large, max-video-preview:-1\" \/>\n<link rel=\"canonical\" href=\"https:\/\/www.dorstener-tafel.de\/?p=1989\" \/>\n<meta property=\"og:locale\" content=\"de_DE\" \/>\n<meta property=\"og:type\" content=\"article\" \/>\n<meta property=\"og:title\" content=\"Corona: Tafel vor\u00fcbergehend geschlossen - Home | Tafel Dorsten\" \/>\n<meta property=\"og:description\" content=\"Leider m\u00fcssen wir vor\u00fcbergehend die drei Einrichtungen der Dorstener Tafel schlie\u00dfen. Grund ist die Bedrohung durch das Corona-Virus SARS-CoV-2. Bis [&hellip;]\" \/>\n<meta property=\"og:url\" content=\"https:\/\/www.dorstener-tafel.de\/?p=1989\" \/>\n<meta property=\"og:site_name\" content=\"Home | Tafel Dorsten\" \/>\n<meta property=\"article:publisher\" content=\"https:\/\/www.facebook.com\/Dorstener-Tafel-eV-710109832448127\/\" \/>\n<meta property=\"article:published_time\" content=\"2020-03-14T15:03:54+00:00\" \/>\n<meta property=\"article:modified_time\" content=\"2020-03-14T16:25:11+00:00\" \/>\n<meta property=\"og:image\" content=\"https:\/\/www.kvg-dorsten.de\/dorstener-tafel\/wordpress\/wp-content\/uploads\/2020\/03\/2020-03-14-connection-4884862_1920.jpg\" \/>\n\t<meta property=\"og:image:width\" content=\"1920\" \/>\n\t<meta property=\"og:image:height\" content=\"1308\" \/>\n\t<meta property=\"og:image:type\" content=\"image\/jpeg\" \/>\n<meta name=\"author\" content=\"Dirk Werwer\" \/>\n<meta name=\"twitter:card\" content=\"summary_large_image\" \/>\n<meta name=\"twitter:label1\" content=\"Verfasst von\" \/>\n\t<meta name=\"twitter:data1\" content=\"Dirk Werwer\" \/>\n\t<meta name=\"twitter:label2\" content=\"Gesch\u00e4tzte Lesezeit\" \/>\n\t<meta name=\"twitter:data2\" content=\"1\u00a0Minute\" \/>\n<script type=\"application\/ld+json\" class=\"yoast-schema-graph\">{\"@context\":\"https:\/\/schema.org\",\"@graph\":[{\"@type\":\"Article\",\"@id\":\"https:\/\/www.dorstener-tafel.de\/?p=1989#article\",\"isPartOf\":{\"@id\":\"https:\/\/www.dorstener-tafel.de\/?p=1989\"},\"author\":{\"name\":\"Dirk Werwer\",\"@id\":\"https:\/\/www.dorstener-tafel.de\/#\/schema\/person\/75e0906e4c2b6af10e02c5804f2c98e1\"},\"headline\":\"Corona: Tafel vor\u00fcbergehend geschlossen\",\"datePublished\":\"2020-03-14T15:03:54+00:00\",\"dateModified\":\"2020-03-14T16:25:11+00:00\",\"mainEntityOfPage\":{\"@id\":\"https:\/\/www.dorstener-tafel.de\/?p=1989\"},\"wordCount\":182,\"commentCount\":0,\"image\":{\"@id\":\"https:\/\/www.dorstener-tafel.de\/?p=1989#primaryimage\"},\"thumbnailUrl\":\"https:\/\/www.kvg-dorsten.de\/dorstener-tafel\/wordpress\/wp-content\/uploads\/2020\/03\/2020-03-14-connection-4884862_1920.jpg\",\"articleSection\":[\"Aktuelles\"],\"inLanguage\":\"de\",\"potentialAction\":[{\"@type\":\"CommentAction\",\"name\":\"Comment\",\"target\":[\"https:\/\/www.dorstener-tafel.de\/?p=1989#respond\"]}]},{\"@type\":\"WebPage\",\"@id\":\"https:\/\/www.dorstener-tafel.de\/?p=1989\",\"url\":\"https:\/\/www.dorstener-tafel.de\/?p=1989\",\"name\":\"Corona: Tafel vor\u00fcbergehend geschlossen - Home | Tafel Dorsten\",\"isPartOf\":{\"@id\":\"https:\/\/www.dorstener-tafel.de\/#website\"},\"primaryImageOfPage\":{\"@id\":\"https:\/\/www.dorstener-tafel.de\/?p=1989#primaryimage\"},\"image\":{\"@id\":\"https:\/\/www.dorstener-tafel.de\/?p=1989#primaryimage\"},\"thumbnailUrl\":\"https:\/\/www.kvg-dorsten.de\/dorstener-tafel\/wordpress\/wp-content\/uploads\/2020\/03\/2020-03-14-connection-4884862_1920.jpg\",\"datePublished\":\"2020-03-14T15:03:54+00:00\",\"dateModified\":\"2020-03-14T16:25:11+00:00\",\"author\":{\"@id\":\"https:\/\/www.dorstener-tafel.de\/#\/schema\/person\/75e0906e4c2b6af10e02c5804f2c98e1\"},\"breadcrumb\":{\"@id\":\"https:\/\/www.dorstener-tafel.de\/?p=1989#breadcrumb\"},\"inLanguage\":\"de\",\"potentialAction\":[{\"@type\":\"ReadAction\",\"target\":[\"https:\/\/www.dorstener-tafel.de\/?p=1989\"]}]},{\"@type\":\"ImageObject\",\"inLanguage\":\"de\",\"@id\":\"https:\/\/www.dorstener-tafel.de\/?p=1989#primaryimage\",\"url\":\"https:\/\/www.kvg-dorsten.de\/dorstener-tafel\/wordpress\/wp-content\/uploads\/2020\/03\/2020-03-14-connection-4884862_1920.jpg\",\"contentUrl\":\"https:\/\/www.kvg-dorsten.de\/dorstener-tafel\/wordpress\/wp-content\/uploads\/2020\/03\/2020-03-14-connection-4884862_1920.jpg\",\"width\":1920,\"height\":1308},{\"@type\":\"BreadcrumbList\",\"@id\":\"https:\/\/www.dorstener-tafel.de\/?p=1989#breadcrumb\",\"itemListElement\":[{\"@type\":\"ListItem\",\"position\":1,\"name\":\"Home\",\"item\":\"https:\/\/www.dorstener-tafel.de\/\"},{\"@type\":\"ListItem\",\"position\":2,\"name\":\"Corona: Tafel vor\u00fcbergehend geschlossen\"}]},{\"@type\":\"WebSite\",\"@id\":\"https:\/\/www.dorstener-tafel.de\/#website\",\"url\":\"https:\/\/www.dorstener-tafel.de\/\",\"name\":\"Home | Tafel Dorsten\",\"description\":\"\",\"potentialAction\":[{\"@type\":\"SearchAction\",\"target\":{\"@type\":\"EntryPoint\",\"urlTemplate\":\"https:\/\/www.dorstener-tafel.de\/?s={search_term_string}\"},\"query-input\":{\"@type\":\"PropertyValueSpecification\",\"valueRequired\":true,\"valueName\":\"search_term_string\"}}],\"inLanguage\":\"de\"},{\"@type\":\"Person\",\"@id\":\"https:\/\/www.dorstener-tafel.de\/#\/schema\/person\/75e0906e4c2b6af10e02c5804f2c98e1\",\"name\":\"Dirk Werwer\",\"image\":{\"@type\":\"ImageObject\",\"inLanguage\":\"de\",\"@id\":\"https:\/\/www.dorstener-tafel.de\/#\/schema\/person\/image\/\",\"url\":\"https:\/\/secure.gravatar.com\/avatar\/7231c91484f831974b2579bfc56d9bec?s=96&d=retro&r=g\",\"contentUrl\":\"https:\/\/secure.gravatar.com\/avatar\/7231c91484f831974b2579bfc56d9bec?s=96&d=retro&r=g\",\"caption\":\"Dirk Werwer\"},\"url\":\"https:\/\/www.dorstener-tafel.de\/?author=2\"}]}<\/script>\n<!-- \/ Yoast SEO plugin. -->","yoast_head_json":{"title":"Corona: Tafel vor\u00fcbergehend geschlossen - Home | Tafel Dorsten","robots":{"index":"index","follow":"follow","max-snippet":"max-snippet:-1","max-image-preview":"max-image-preview:large","max-video-preview":"max-video-preview:-1"},"canonical":"https:\/\/www.dorstener-tafel.de\/?p=1989","og_locale":"de_DE","og_type":"article","og_title":"Corona: Tafel vor\u00fcbergehend geschlossen - Home | Tafel Dorsten","og_description":"Leider m\u00fcssen wir vor\u00fcbergehend die drei Einrichtungen der Dorstener Tafel schlie\u00dfen. Grund ist die Bedrohung durch das Corona-Virus SARS-CoV-2. Bis [&hellip;]","og_url":"https:\/\/www.dorstener-tafel.de\/?p=1989","og_site_name":"Home | Tafel Dorsten","article_publisher":"https:\/\/www.facebook.com\/Dorstener-Tafel-eV-710109832448127\/","article_published_time":"2020-03-14T15:03:54+00:00","article_modified_time":"2020-03-14T16:25:11+00:00","og_image":[{"width":1920,"height":1308,"url":"https:\/\/www.kvg-dorsten.de\/dorstener-tafel\/wordpress\/wp-content\/uploads\/2020\/03\/2020-03-14-connection-4884862_1920.jpg","type":"image\/jpeg"}],"author":"Dirk Werwer","twitter_card":"summary_large_image","twitter_misc":{"Verfasst von":"Dirk Werwer","Gesch\u00e4tzte Lesezeit":"1\u00a0Minute"},"schema":{"@context":"https:\/\/schema.org","@graph":[{"@type":"Article","@id":"https:\/\/www.dorstener-tafel.de\/?p=1989#article","isPartOf":{"@id":"https:\/\/www.dorstener-tafel.de\/?p=1989"},"author":{"name":"Dirk Werwer","@id":"https:\/\/www.dorstener-tafel.de\/#\/schema\/person\/75e0906e4c2b6af10e02c5804f2c98e1"},"headline":"Corona: Tafel vor\u00fcbergehend geschlossen","datePublished":"2020-03-14T15:03:54+00:00","dateModified":"2020-03-14T16:25:11+00:00","mainEntityOfPage":{"@id":"https:\/\/www.dorstener-tafel.de\/?p=1989"},"wordCount":182,"commentCount":0,"image":{"@id":"https:\/\/www.dorstener-tafel.de\/?p=1989#primaryimage"},"thumbnailUrl":"https:\/\/www.kvg-dorsten.de\/dorstener-tafel\/wordpress\/wp-content\/uploads\/2020\/03\/2020-03-14-connection-4884862_1920.jpg","articleSection":["Aktuelles"],"inLanguage":"de","potentialAction":[{"@type":"CommentAction","name":"Comment","target":["https:\/\/www.dorstener-tafel.de\/?p=1989#respond"]}]},{"@type":"WebPage","@id":"https:\/\/www.dorstener-tafel.de\/?p=1989","url":"https:\/\/www.dorstener-tafel.de\/?p=1989","name":"Corona: Tafel vor\u00fcbergehend geschlossen - Home | Tafel Dorsten","isPartOf":{"@id":"https:\/\/www.dorstener-tafel.de\/#website"},"primaryImageOfPage":{"@id":"https:\/\/www.dorstener-tafel.de\/?p=1989#primaryimage"},"image":{"@id":"https:\/\/www.dorstener-tafel.de\/?p=1989#primaryimage"},"thumbnailUrl":"https:\/\/www.kvg-dorsten.de\/dorstener-tafel\/wordpress\/wp-content\/uploads\/2020\/03\/2020-03-14-connection-4884862_1920.jpg","datePublished":"2020-03-14T15:03:54+00:00","dateModified":"2020-03-14T16:25:11+00:00","author":{"@id":"https:\/\/www.dorstener-tafel.de\/#\/schema\/person\/75e0906e4c2b6af10e02c5804f2c98e1"},"breadcrumb":{"@id":"https:\/\/www.dorstener-tafel.de\/?p=1989#breadcrumb"},"inLanguage":"de","potentialAction":[{"@type":"ReadAction","target":["https:\/\/www.dorstener-tafel.de\/?p=1989"]}]},{"@type":"ImageObject","inLanguage":"de","@id":"https:\/\/www.dorstener-tafel.de\/?p=1989#primaryimage","url":"https:\/\/www.kvg-dorsten.de\/dorstener-tafel\/wordpress\/wp-content\/uploads\/2020\/03\/2020-03-14-connection-4884862_1920.jpg","contentUrl":"https:\/\/www.kvg-dorsten.de\/dorstener-tafel\/wordpress\/wp-content\/uploads\/2020\/03\/2020-03-14-connection-4884862_1920.jpg","width":1920,"height":1308},{"@type":"BreadcrumbList","@id":"https:\/\/www.dorstener-tafel.de\/?p=1989#breadcrumb","itemListElement":[{"@type":"ListItem","position":1,"name":"Home","item":"https:\/\/www.dorstener-tafel.de\/"},{"@type":"ListItem","position":2,"name":"Corona: Tafel vor\u00fcbergehend geschlossen"}]},{"@type":"WebSite","@id":"https:\/\/www.dorstener-tafel.de\/#website","url":"https:\/\/www.dorstener-tafel.de\/","name":"Home | Tafel Dorsten","description":"","potentialAction":[{"@type":"SearchAction","target":{"@type":"EntryPoint","urlTemplate":"https:\/\/www.dorstener-tafel.de\/?s={search_term_string}"},"query-input":{"@type":"PropertyValueSpecification","valueRequired":true,"valueName":"search_term_string"}}],"inLanguage":"de"},{"@type":"Person","@id":"https:\/\/www.dorstener-tafel.de\/#\/schema\/person\/75e0906e4c2b6af10e02c5804f2c98e1","name":"Dirk Werwer","image":{"@type":"ImageObject","inLanguage":"de","@id":"https:\/\/www.dorstener-tafel.de\/#\/schema\/person\/image\/","url":"https:\/\/secure.gravatar.com\/avatar\/7231c91484f831974b2579bfc56d9bec?s=96&d=retro&r=g","contentUrl":"https:\/\/secure.gravatar.com\/avatar\/7231c91484f831974b2579bfc56d9bec?s=96&d=retro&r=g","caption":"Dirk Werwer"},"url":"https:\/\/www.dorstener-tafel.de\/?author=2"}]}},"_links":{"self":[{"href":"https:\/\/www.dorstener-tafel.de\/index.php?rest_route=\/wp\/v2\/posts\/1989","targetHints":{"allow":["GET"]}}],"collection":[{"href":"https:\/\/www.dorstener-tafel.de\/index.php?rest_route=\/wp\/v2\/posts"}],"about":[{"href":"https:\/\/www.dorstener-tafel.de\/index.php?rest_route=\/wp\/v2\/types\/post"}],"author":[{"embeddable":true,"href":"https:\/\/www.dorstener-tafel.de\/index.php?rest_route=\/wp\/v2\/users\/2"}],"replies":[{"embeddable":true,"href":"https:\/\/www.dorstener-tafel.de\/index.php?rest_route=%2Fwp%2Fv2%2Fcomments&post=1989"}],"version-history":[{"count":4,"href":"https:\/\/www.dorstener-tafel.de\/index.php?rest_route=\/wp\/v2\/posts\/1989\/revisions"}],"predecessor-version":[{"id":1995,"href":"https:\/\/www.dorstener-tafel.de\/index.php?rest_route=\/wp\/v2\/posts\/1989\/revisions\/1995"}],"wp:featuredmedia":[{"embeddable":true,"href":"https:\/\/www.dorstener-tafel.de\/index.php?rest_route=\/wp\/v2\/media\/1993"}],"wp:attachment":[{"href":"https:\/\/www.dorstener-tafel.de\/index.php?rest_route=%2Fwp%2Fv2%2Fmedia&parent=1989"}],"wp:term":[{"taxonomy":"category","embeddable":true,"href":"https:\/\/www.dorstener-tafel.de\/index.php?rest_route=%2Fwp%2Fv2%2Fcategories&post=1989"},{"taxonomy":"post_tag","embeddable":true,"href":"https:\/\/www.dorstener-tafel.de\/index.php?rest_route=%2Fwp%2Fv2%2Ftags&post=1989"}],"curies":[{"name":"wp","href":"https:\/\/api.w.org\/{rel}","templated":true}]}}