{"id":1977,"date":"2019-12-20T18:56:45","date_gmt":"2019-12-20T17:56:45","guid":{"rendered":"https:\/\/www.dorstener-tafel.de\/?p=1977"},"modified":"2019-12-20T19:01:41","modified_gmt":"2019-12-20T18:01:41","slug":"2019-ist-fast-um-danke-fuer-ihre-hilfe","status":"publish","type":"post","link":"https:\/\/www.dorstener-tafel.de\/?p=1977","title":{"rendered":"2019 ist fast um: Danke f\u00fcr Ihre Hilfe"},"content":{"rendered":"<p>Liebe Mitb\u00fcrgerinnen und Mitb\u00fcrger,<\/p>\n<p>im fast vergangenen haben wir TAFEL-MitarbeiterInnen wiederum viel Lob und Zuspruch erhalten f\u00fcr unsere ehrenamtliche T\u00e4tigkeit. Daf\u00fcr m\u00f6chten wir uns herzlich bedanken \u2013 und sind auch ein bisschen stolz darauf, als kleiner Verein so positiv in unserer Stadt wahrgenommen zu werden.<\/p>\n<p>In diesem Jahr haben wir bei der eigentlichen TAFEL pro Quartal etwa 280 Kundenausweise ausgegeben an Einzelpersonen und kleine und gro\u00dfe Familien; ungef\u00e4hr 1000 bed\u00fcrftige Mitmenschen in unserer Stadt kamen pro Woche so zu guten und preiswerten Lebensmitteln.<\/p>\n<p>Der KINDERLADEN KUNTERBUNT konnte sehr vielen Familien gute gebrauchte Kinderkleidung, Spielsachen, Schulartikel \u2026 zu kleinen Preisen zur Verf\u00fcgung stellen.<\/p>\n<p>Die Frauen vom MITTAGSTISCH ALTSTADT bekochten zweimal pro Woche schmackhaft, liebevoll und gesund etwa 20 Menschen und \u2013 nicht weniger wichtig \u2013 boten den BesucherInnen Raum f\u00fcr Begegnungen und soziale Kontakte.<\/p>\n<p><strong>Unsere Arbeit w\u00e4re aber nicht m\u00f6glich ohne Sie, liebe Dorstenerinnen und Dorstener!<\/strong><\/p>\n<p><a href=\"https:\/\/www.kvg-dorsten.de\/dorstener-tafel\/wordpress\/wp-content\/uploads\/2015\/09\/image001.jpg\"><img loading=\"lazy\" decoding=\"async\" class=\"alignnone size-full wp-image-7\" src=\"https:\/\/www.kvg-dorsten.de\/dorstener-tafel\/wordpress\/wp-content\/uploads\/2015\/09\/image001.jpg\" alt=\"\" width=\"1038\" height=\"266\" srcset=\"https:\/\/www.kvg-dorsten.de\/dorstener-tafel\/wordpress\/wp-content\/uploads\/2015\/09\/image001.jpg 1038w, https:\/\/www.kvg-dorsten.de\/dorstener-tafel\/wordpress\/wp-content\/uploads\/2015\/09\/image001-300x77.jpg 300w, https:\/\/www.kvg-dorsten.de\/dorstener-tafel\/wordpress\/wp-content\/uploads\/2015\/09\/image001-1024x262.jpg 1024w\" sizes=\"auto, (max-width: 1038px) 100vw, 1038px\" \/><\/a><\/p>\n<p>Da sind die Lebensmittelm\u00e4rkte, Discounter und B\u00e4ckereien, deren gute Waren wir f\u00fcr wenig Geld an Menschen, die von und mit staatlichen Unterst\u00fctzungsleistungen leben, weitergeben k\u00f6nnen; immer mehr sind Kinder und \u00e4ltere Menschen von Armut betroffen.<\/p>\n<p>Da sind die Geldspender, Banken, Firmen, Vereine, Privatleute, die uns den Betrieb der TAFEL erst erm\u00f6glichen: Mieten f\u00fcr die Lokale am Handwerkshof, Kfz-Kosten f\u00fcr die Lieferfahrzeuge, Versicherungen f\u00fcr die MitarbeiterInnen, Strom, Telefon, neue K\u00fchlger\u00e4te \u2026 wollen bezahlt werden. \u00dcbrigens: Alle Aktiven der TAFEL arbeiten rein ehrenamtlich; es werden keinerlei Aufwandsentsch\u00e4digungen, Sprit- oder Buskosten, z. B. f\u00fcr die Fahrt \u201azur Arbeit\u2018 gezahlt!<\/p>\n<p>Da sind die Print- und Online-Medien, die in ihrer Berichterstattung wohlwollend \u00fcber uns schreiben, unsere Aktionen ver\u00f6ffentlichen und so \u201aReklame\u2018 f\u00fcr uns machen.<\/p>\n<p>Da sind die Richter, die uns Gelder aus Strafbefehlen zukommen lassen (und manchmal auch daf\u00fcr sorgen, dass kleine \u00dcbelt\u00e4ter ihre Sozialstunden bei uns ableisten und damit gro\u00dfe Hilfe leisten \u2026).<\/p>\n<p>Da sind die Stadtinfo, die Pfarr- und Gemeindeb\u00fcros, die die vielen P\u00e4ckchen unserer Weihnachtsaktion &#8222;Frohe Weihnachten! F\u00fcr alle!&#8220; annehmen \u2013 und nat\u00fcrlich die vielen Menschen, die diese P\u00e4ckchen liebevoll zusammenstellen.<\/p>\n<p>Ihnen allen gilt unser aufrichtiger Dank!<br \/>\nEinschlie\u00dfen in diese Dankesch\u00f6n m\u00f6chten wir auch ganz bewusst all jene, die nicht unsere TAFEL, sondern \u2013 jede\/jeder nach seinen M\u00f6glichkeiten \u2013 andere, \u00e4hnliche Hilfsorganisationen und Hilfsprojekte unterst\u00fctzen: Es ist wichtig, DASS Bed\u00fcrftigen geholfen wird, nicht, WER es tut.<\/p>\n<p>Und es geht nicht nur darum, Hunger zu stillen: Auch ohne die 940 deutschen TAFELN w\u00fcrde hierzulande kein Mensch verhungern. Der Schirmherr der DORSTENER TAFEL, B\u00fcrgermeister Stockhoff, stellt in seinem Gru\u00dfwort an die Dorstener zu Weihnachten und Jahreswechsel den Begriff der \u201aW\u00fcrde\u2018 in den Vordergrund, ein unver\u00e4u\u00dferliches Recht <u>aller<\/u> Menschen, das im Grundgesetz in Artikel 1 fest zementiert ist:<br \/>\n<strong>\u201eDie W\u00fcrde des Menschen ist unantastbar.\u201c<br \/>\n<\/strong>Durch unser solidarisches Handeln versuchen wir, Menschen die W\u00fcrde zur\u00fcckzugeben, sie ihnen zu erhalten \u2013 ohne Ansinnen der Person, der Herkunft, der Religion, der Hautfarbe und vor allem auch ohne die Frage zu stellen, warum jemand bed\u00fcrftig ist: Die W\u00fcrde<strong> aller<\/strong> Menschen ist unantastbar.<\/p>\n<p>In diesem Sinne: Allen herzlichen Dank, die im vergangenen Jahr durch kleine oder gro\u00dfe Taten und Gesten ihre Menschenliebe zeigten.<\/p>\n<p>Ein frohes Weihnachtsfest und alles Liebe &amp; Gute, Gl\u00fcck &amp; Gesundheit w\u00fcnschen Ihnen<\/p>\n<p>die Aktiven der DORSTENER TAFEL<\/p>\n<p><a href=\"https:\/\/www.kvg-dorsten.de\/dorstener-tafel\/wordpress\/wp-content\/uploads\/2017\/01\/Logo-neu-003-Obst-Gem\u00fcse.png\"><img loading=\"lazy\" decoding=\"async\" class=\"alignnone size-full wp-image-882\" src=\"https:\/\/www.kvg-dorsten.de\/dorstener-tafel\/wordpress\/wp-content\/uploads\/2017\/01\/Logo-neu-003-Obst-Gem\u00fcse.png\" alt=\"\" width=\"8472\" height=\"2235\" srcset=\"https:\/\/www.kvg-dorsten.de\/dorstener-tafel\/wordpress\/wp-content\/uploads\/2017\/01\/Logo-neu-003-Obst-Gem\u00fcse.png 8472w, https:\/\/www.kvg-dorsten.de\/dorstener-tafel\/wordpress\/wp-content\/uploads\/2017\/01\/Logo-neu-003-Obst-Gem\u00fcse-300x79.png 300w, https:\/\/www.kvg-dorsten.de\/dorstener-tafel\/wordpress\/wp-content\/uploads\/2017\/01\/Logo-neu-003-Obst-Gem\u00fcse-768x203.png 768w, https:\/\/www.kvg-dorsten.de\/dorstener-tafel\/wordpress\/wp-content\/uploads\/2017\/01\/Logo-neu-003-Obst-Gem\u00fcse-1024x270.png 1024w\" sizes=\"auto, (max-width: 8472px) 100vw, 8472px\" \/><\/a><\/p>\n","protected":false},"excerpt":{"rendered":"<p>Liebe Mitb\u00fcrgerinnen und Mitb\u00fcrger, im fast vergangenen haben wir TAFEL-MitarbeiterInnen wiederum viel Lob und Zuspruch erhalten f\u00fcr unsere ehrenamtliche T\u00e4tigkeit. [&hellip;]<\/p>\n","protected":false},"author":1,"featured_media":1228,"comment_status":"open","ping_status":"closed","sticky":false,"template":"","format":"standard","meta":{"footnotes":""},"categories":[1],"tags":[],"class_list":["post-1977","post","type-post","status-publish","format-standard","has-post-thumbnail","hentry","category-allgemein"],"yoast_head":"<!-- This site is optimized with the Yoast SEO plugin v26.8 - https:\/\/yoast.com\/product\/yoast-seo-wordpress\/ -->\n<title>2019 ist fast um: Danke f\u00fcr Ihre Hilfe - Home | Tafel Dorsten<\/title>\n<meta name=\"robots\" content=\"index, follow, max-snippet:-1, max-image-preview:large, max-video-preview:-1\" \/>\n<link rel=\"canonical\" href=\"https:\/\/www.dorstener-tafel.de\/?p=1977\" \/>\n<meta property=\"og:locale\" content=\"de_DE\" \/>\n<meta property=\"og:type\" content=\"article\" \/>\n<meta property=\"og:title\" content=\"2019 ist fast um: Danke f\u00fcr Ihre Hilfe - Home | Tafel Dorsten\" \/>\n<meta property=\"og:description\" content=\"Liebe Mitb\u00fcrgerinnen und Mitb\u00fcrger, im fast vergangenen haben wir TAFEL-MitarbeiterInnen wiederum viel Lob und Zuspruch erhalten f\u00fcr unsere ehrenamtliche T\u00e4tigkeit. [&hellip;]\" \/>\n<meta property=\"og:url\" content=\"https:\/\/www.dorstener-tafel.de\/?p=1977\" \/>\n<meta property=\"og:site_name\" content=\"Home | Tafel Dorsten\" \/>\n<meta property=\"article:publisher\" content=\"https:\/\/www.facebook.com\/Dorstener-Tafel-eV-710109832448127\/\" \/>\n<meta property=\"article:published_time\" content=\"2019-12-20T17:56:45+00:00\" \/>\n<meta property=\"article:modified_time\" content=\"2019-12-20T18:01:41+00:00\" \/>\n<meta property=\"og:image\" content=\"https:\/\/www.kvg-dorsten.de\/dorstener-tafel\/wordpress\/wp-content\/uploads\/2018\/02\/tafellogo-gross.jpg\" \/>\n\t<meta property=\"og:image:width\" content=\"600\" \/>\n\t<meta property=\"og:image:height\" content=\"595\" \/>\n\t<meta property=\"og:image:type\" content=\"image\/jpeg\" \/>\n<meta name=\"author\" content=\"jotw\" \/>\n<meta name=\"twitter:card\" content=\"summary_large_image\" \/>\n<meta name=\"twitter:label1\" content=\"Verfasst von\" \/>\n\t<meta name=\"twitter:data1\" content=\"jotw\" \/>\n\t<meta name=\"twitter:label2\" content=\"Gesch\u00e4tzte Lesezeit\" \/>\n\t<meta name=\"twitter:data2\" content=\"3\u00a0Minuten\" \/>\n<script type=\"application\/ld+json\" class=\"yoast-schema-graph\">{\"@context\":\"https:\/\/schema.org\",\"@graph\":[{\"@type\":\"Article\",\"@id\":\"https:\/\/www.dorstener-tafel.de\/?p=1977#article\",\"isPartOf\":{\"@id\":\"https:\/\/www.dorstener-tafel.de\/?p=1977\"},\"author\":{\"name\":\"jotw\",\"@id\":\"https:\/\/www.dorstener-tafel.de\/#\/schema\/person\/c9a6797db5c21dbeb0851056380dcb01\"},\"headline\":\"2019 ist fast um: Danke f\u00fcr Ihre Hilfe\",\"datePublished\":\"2019-12-20T17:56:45+00:00\",\"dateModified\":\"2019-12-20T18:01:41+00:00\",\"mainEntityOfPage\":{\"@id\":\"https:\/\/www.dorstener-tafel.de\/?p=1977\"},\"wordCount\":566,\"commentCount\":0,\"image\":{\"@id\":\"https:\/\/www.dorstener-tafel.de\/?p=1977#primaryimage\"},\"thumbnailUrl\":\"https:\/\/www.kvg-dorsten.de\/dorstener-tafel\/wordpress\/wp-content\/uploads\/2018\/02\/tafellogo-gross.jpg\",\"articleSection\":[\"Aktuelles\"],\"inLanguage\":\"de\",\"potentialAction\":[{\"@type\":\"CommentAction\",\"name\":\"Comment\",\"target\":[\"https:\/\/www.dorstener-tafel.de\/?p=1977#respond\"]}]},{\"@type\":\"WebPage\",\"@id\":\"https:\/\/www.dorstener-tafel.de\/?p=1977\",\"url\":\"https:\/\/www.dorstener-tafel.de\/?p=1977\",\"name\":\"2019 ist fast um: Danke f\u00fcr Ihre Hilfe - Home | Tafel Dorsten\",\"isPartOf\":{\"@id\":\"https:\/\/www.dorstener-tafel.de\/#website\"},\"primaryImageOfPage\":{\"@id\":\"https:\/\/www.dorstener-tafel.de\/?p=1977#primaryimage\"},\"image\":{\"@id\":\"https:\/\/www.dorstener-tafel.de\/?p=1977#primaryimage\"},\"thumbnailUrl\":\"https:\/\/www.kvg-dorsten.de\/dorstener-tafel\/wordpress\/wp-content\/uploads\/2018\/02\/tafellogo-gross.jpg\",\"datePublished\":\"2019-12-20T17:56:45+00:00\",\"dateModified\":\"2019-12-20T18:01:41+00:00\",\"author\":{\"@id\":\"https:\/\/www.dorstener-tafel.de\/#\/schema\/person\/c9a6797db5c21dbeb0851056380dcb01\"},\"breadcrumb\":{\"@id\":\"https:\/\/www.dorstener-tafel.de\/?p=1977#breadcrumb\"},\"inLanguage\":\"de\",\"potentialAction\":[{\"@type\":\"ReadAction\",\"target\":[\"https:\/\/www.dorstener-tafel.de\/?p=1977\"]}]},{\"@type\":\"ImageObject\",\"inLanguage\":\"de\",\"@id\":\"https:\/\/www.dorstener-tafel.de\/?p=1977#primaryimage\",\"url\":\"https:\/\/www.kvg-dorsten.de\/dorstener-tafel\/wordpress\/wp-content\/uploads\/2018\/02\/tafellogo-gross.jpg\",\"contentUrl\":\"https:\/\/www.kvg-dorsten.de\/dorstener-tafel\/wordpress\/wp-content\/uploads\/2018\/02\/tafellogo-gross.jpg\",\"width\":600,\"height\":595},{\"@type\":\"BreadcrumbList\",\"@id\":\"https:\/\/www.dorstener-tafel.de\/?p=1977#breadcrumb\",\"itemListElement\":[{\"@type\":\"ListItem\",\"position\":1,\"name\":\"Home\",\"item\":\"https:\/\/www.dorstener-tafel.de\/\"},{\"@type\":\"ListItem\",\"position\":2,\"name\":\"2019 ist fast um: Danke f\u00fcr Ihre Hilfe\"}]},{\"@type\":\"WebSite\",\"@id\":\"https:\/\/www.dorstener-tafel.de\/#website\",\"url\":\"https:\/\/www.dorstener-tafel.de\/\",\"name\":\"Home | Tafel Dorsten\",\"description\":\"\",\"potentialAction\":[{\"@type\":\"SearchAction\",\"target\":{\"@type\":\"EntryPoint\",\"urlTemplate\":\"https:\/\/www.dorstener-tafel.de\/?s={search_term_string}\"},\"query-input\":{\"@type\":\"PropertyValueSpecification\",\"valueRequired\":true,\"valueName\":\"search_term_string\"}}],\"inLanguage\":\"de\"},{\"@type\":\"Person\",\"@id\":\"https:\/\/www.dorstener-tafel.de\/#\/schema\/person\/c9a6797db5c21dbeb0851056380dcb01\",\"name\":\"jotw\",\"image\":{\"@type\":\"ImageObject\",\"inLanguage\":\"de\",\"@id\":\"https:\/\/www.dorstener-tafel.de\/#\/schema\/person\/image\/\",\"url\":\"https:\/\/secure.gravatar.com\/avatar\/225c6088c3bfecfbb42a2a0d5c9556b6?s=96&d=retro&r=g\",\"contentUrl\":\"https:\/\/secure.gravatar.com\/avatar\/225c6088c3bfecfbb42a2a0d5c9556b6?s=96&d=retro&r=g\",\"caption\":\"jotw\"},\"url\":\"https:\/\/www.dorstener-tafel.de\/?author=1\"}]}<\/script>\n<!-- \/ Yoast SEO plugin. -->","yoast_head_json":{"title":"2019 ist fast um: Danke f\u00fcr Ihre Hilfe - Home | Tafel Dorsten","robots":{"index":"index","follow":"follow","max-snippet":"max-snippet:-1","max-image-preview":"max-image-preview:large","max-video-preview":"max-video-preview:-1"},"canonical":"https:\/\/www.dorstener-tafel.de\/?p=1977","og_locale":"de_DE","og_type":"article","og_title":"2019 ist fast um: Danke f\u00fcr Ihre Hilfe - Home | Tafel Dorsten","og_description":"Liebe Mitb\u00fcrgerinnen und Mitb\u00fcrger, im fast vergangenen haben wir TAFEL-MitarbeiterInnen wiederum viel Lob und Zuspruch erhalten f\u00fcr unsere ehrenamtliche T\u00e4tigkeit. [&hellip;]","og_url":"https:\/\/www.dorstener-tafel.de\/?p=1977","og_site_name":"Home | Tafel Dorsten","article_publisher":"https:\/\/www.facebook.com\/Dorstener-Tafel-eV-710109832448127\/","article_published_time":"2019-12-20T17:56:45+00:00","article_modified_time":"2019-12-20T18:01:41+00:00","og_image":[{"width":600,"height":595,"url":"https:\/\/www.kvg-dorsten.de\/dorstener-tafel\/wordpress\/wp-content\/uploads\/2018\/02\/tafellogo-gross.jpg","type":"image\/jpeg"}],"author":"jotw","twitter_card":"summary_large_image","twitter_misc":{"Verfasst von":"jotw","Gesch\u00e4tzte Lesezeit":"3\u00a0Minuten"},"schema":{"@context":"https:\/\/schema.org","@graph":[{"@type":"Article","@id":"https:\/\/www.dorstener-tafel.de\/?p=1977#article","isPartOf":{"@id":"https:\/\/www.dorstener-tafel.de\/?p=1977"},"author":{"name":"jotw","@id":"https:\/\/www.dorstener-tafel.de\/#\/schema\/person\/c9a6797db5c21dbeb0851056380dcb01"},"headline":"2019 ist fast um: Danke f\u00fcr Ihre Hilfe","datePublished":"2019-12-20T17:56:45+00:00","dateModified":"2019-12-20T18:01:41+00:00","mainEntityOfPage":{"@id":"https:\/\/www.dorstener-tafel.de\/?p=1977"},"wordCount":566,"commentCount":0,"image":{"@id":"https:\/\/www.dorstener-tafel.de\/?p=1977#primaryimage"},"thumbnailUrl":"https:\/\/www.kvg-dorsten.de\/dorstener-tafel\/wordpress\/wp-content\/uploads\/2018\/02\/tafellogo-gross.jpg","articleSection":["Aktuelles"],"inLanguage":"de","potentialAction":[{"@type":"CommentAction","name":"Comment","target":["https:\/\/www.dorstener-tafel.de\/?p=1977#respond"]}]},{"@type":"WebPage","@id":"https:\/\/www.dorstener-tafel.de\/?p=1977","url":"https:\/\/www.dorstener-tafel.de\/?p=1977","name":"2019 ist fast um: Danke f\u00fcr Ihre Hilfe - Home | Tafel Dorsten","isPartOf":{"@id":"https:\/\/www.dorstener-tafel.de\/#website"},"primaryImageOfPage":{"@id":"https:\/\/www.dorstener-tafel.de\/?p=1977#primaryimage"},"image":{"@id":"https:\/\/www.dorstener-tafel.de\/?p=1977#primaryimage"},"thumbnailUrl":"https:\/\/www.kvg-dorsten.de\/dorstener-tafel\/wordpress\/wp-content\/uploads\/2018\/02\/tafellogo-gross.jpg","datePublished":"2019-12-20T17:56:45+00:00","dateModified":"2019-12-20T18:01:41+00:00","author":{"@id":"https:\/\/www.dorstener-tafel.de\/#\/schema\/person\/c9a6797db5c21dbeb0851056380dcb01"},"breadcrumb":{"@id":"https:\/\/www.dorstener-tafel.de\/?p=1977#breadcrumb"},"inLanguage":"de","potentialAction":[{"@type":"ReadAction","target":["https:\/\/www.dorstener-tafel.de\/?p=1977"]}]},{"@type":"ImageObject","inLanguage":"de","@id":"https:\/\/www.dorstener-tafel.de\/?p=1977#primaryimage","url":"https:\/\/www.kvg-dorsten.de\/dorstener-tafel\/wordpress\/wp-content\/uploads\/2018\/02\/tafellogo-gross.jpg","contentUrl":"https:\/\/www.kvg-dorsten.de\/dorstener-tafel\/wordpress\/wp-content\/uploads\/2018\/02\/tafellogo-gross.jpg","width":600,"height":595},{"@type":"BreadcrumbList","@id":"https:\/\/www.dorstener-tafel.de\/?p=1977#breadcrumb","itemListElement":[{"@type":"ListItem","position":1,"name":"Home","item":"https:\/\/www.dorstener-tafel.de\/"},{"@type":"ListItem","position":2,"name":"2019 ist fast um: Danke f\u00fcr Ihre Hilfe"}]},{"@type":"WebSite","@id":"https:\/\/www.dorstener-tafel.de\/#website","url":"https:\/\/www.dorstener-tafel.de\/","name":"Home | Tafel Dorsten","description":"","potentialAction":[{"@type":"SearchAction","target":{"@type":"EntryPoint","urlTemplate":"https:\/\/www.dorstener-tafel.de\/?s={search_term_string}"},"query-input":{"@type":"PropertyValueSpecification","valueRequired":true,"valueName":"search_term_string"}}],"inLanguage":"de"},{"@type":"Person","@id":"https:\/\/www.dorstener-tafel.de\/#\/schema\/person\/c9a6797db5c21dbeb0851056380dcb01","name":"jotw","image":{"@type":"ImageObject","inLanguage":"de","@id":"https:\/\/www.dorstener-tafel.de\/#\/schema\/person\/image\/","url":"https:\/\/secure.gravatar.com\/avatar\/225c6088c3bfecfbb42a2a0d5c9556b6?s=96&d=retro&r=g","contentUrl":"https:\/\/secure.gravatar.com\/avatar\/225c6088c3bfecfbb42a2a0d5c9556b6?s=96&d=retro&r=g","caption":"jotw"},"url":"https:\/\/www.dorstener-tafel.de\/?author=1"}]}},"_links":{"self":[{"href":"https:\/\/www.dorstener-tafel.de\/index.php?rest_route=\/wp\/v2\/posts\/1977","targetHints":{"allow":["GET"]}}],"collection":[{"href":"https:\/\/www.dorstener-tafel.de\/index.php?rest_route=\/wp\/v2\/posts"}],"about":[{"href":"https:\/\/www.dorstener-tafel.de\/index.php?rest_route=\/wp\/v2\/types\/post"}],"author":[{"embeddable":true,"href":"https:\/\/www.dorstener-tafel.de\/index.php?rest_route=\/wp\/v2\/users\/1"}],"replies":[{"embeddable":true,"href":"https:\/\/www.dorstener-tafel.de\/index.php?rest_route=%2Fwp%2Fv2%2Fcomments&post=1977"}],"version-history":[{"count":3,"href":"https:\/\/www.dorstener-tafel.de\/index.php?rest_route=\/wp\/v2\/posts\/1977\/revisions"}],"predecessor-version":[{"id":1980,"href":"https:\/\/www.dorstener-tafel.de\/index.php?rest_route=\/wp\/v2\/posts\/1977\/revisions\/1980"}],"wp:featuredmedia":[{"embeddable":true,"href":"https:\/\/www.dorstener-tafel.de\/index.php?rest_route=\/wp\/v2\/media\/1228"}],"wp:attachment":[{"href":"https:\/\/www.dorstener-tafel.de\/index.php?rest_route=%2Fwp%2Fv2%2Fmedia&parent=1977"}],"wp:term":[{"taxonomy":"category","embeddable":true,"href":"https:\/\/www.dorstener-tafel.de\/index.php?rest_route=%2Fwp%2Fv2%2Fcategories&post=1977"},{"taxonomy":"post_tag","embeddable":true,"href":"https:\/\/www.dorstener-tafel.de\/index.php?rest_route=%2Fwp%2Fv2%2Ftags&post=1977"}],"curies":[{"name":"wp","href":"https:\/\/api.w.org\/{rel}","templated":true}]}}