{"id":1971,"date":"2019-12-16T20:11:40","date_gmt":"2019-12-16T19:11:40","guid":{"rendered":"https:\/\/www.dorstener-tafel.de\/?p=1971"},"modified":"2019-12-16T20:11:40","modified_gmt":"2019-12-16T19:11:40","slug":"volksbank-mitarbeiterinnen-packen-ein","status":"publish","type":"post","link":"https:\/\/www.dorstener-tafel.de\/?p=1971","title":{"rendered":"Volksbank-MitarbeiterInnen packen ein &#8230;"},"content":{"rendered":"<div><a href=\"https:\/\/www.kvg-dorsten.de\/dorstener-tafel\/wordpress\/wp-content\/uploads\/2019\/12\/Vereinte_Volksbank_RBG_MZ_links_400x50.jpg\"><img loading=\"lazy\" decoding=\"async\" class=\"alignnone size-full wp-image-1973\" src=\"https:\/\/www.kvg-dorsten.de\/dorstener-tafel\/wordpress\/wp-content\/uploads\/2019\/12\/Vereinte_Volksbank_RBG_MZ_links_400x50.jpg\" alt=\"\" width=\"400\" height=\"50\" srcset=\"https:\/\/www.kvg-dorsten.de\/dorstener-tafel\/wordpress\/wp-content\/uploads\/2019\/12\/Vereinte_Volksbank_RBG_MZ_links_400x50.jpg 400w, https:\/\/www.kvg-dorsten.de\/dorstener-tafel\/wordpress\/wp-content\/uploads\/2019\/12\/Vereinte_Volksbank_RBG_MZ_links_400x50-300x38.jpg 300w\" sizes=\"auto, (max-width: 400px) 100vw, 400px\" \/><\/a><\/div>\n<div class=\"_xlr\"><span id=\"fbPhotoSnowliftCaption\" class=\"fbPhotosPhotoCaption\" tabindex=\"0\" aria-live=\"polite\" data-ft=\"{&quot;tn&quot;:&quot;K&quot;}\"><span class=\"hasCaption\">Die Vereinte Volksbank schreibt bei Facebook:<br \/>\n&#8222;Freude schenken: Unsere Kolleginnen und Kollegen haben flei\u00dfig P\u00e4ckchen f\u00fcr die <a href=\"https:\/\/www.facebook.com\/dorstenertafel\/?__xts__%5B0%5D=68.ARAVnwWnmu2o07Wdc4xb_0Pnjo88bTsWMelxFa0omGWC7nVwl4HhkanWWCdfR8OQk5y2TQiN7JG7qu5YKZwYjmjk4aexbdkmTYLkfni6tlMKH0vJLPufmJtxJ7Aj-rpkwnvB1tmO_JjPlQQEYcP-ZXJJfJVRD8bcioFCq2Qp4Fc3W2WbTvzUhI5R_u8kbSLGr_hAIutCQFswAd3qJgyeu8HpAn7q38Rn-jKeg41-W4rnWp1UEimQz03cRRA8XIhgXTW5iCP-pgOIOpluUwR2zn3VZsvgEs_HY1fb4PU7DOn4WaYFL_Y5IMYYTIWNzUJ8fuq_c_XbtanVy1n_RKVUXBzHUQ&amp;__tn__=%2CdK%2AF-R&amp;eid=ARCUpt8fjzDji7WjXehCRa2WgnbK6SJ0981crHA6rUO83LFv5lHU9fDK8Edetbx6Ez-93GQdC2lZOW4G\" data-hovercard=\"\/ajax\/hovercard\/page.php?id=710109832448127&amp;extragetparams=%7B%22__tn__%22%3A%22%2CdK%2AF-R%22%2C%22eid%22%3A%22ARCUpt8fjzDji7WjXehCRa2WgnbK6SJ0981crHA6rUO83LFv5lHU9fDK8Edetbx6Ez-93GQdC2lZOW4G%22%2C%22directed_target_id%22%3Anull%2C%22groups_location%22%3Anull%7D&amp;av=710109832448127&amp;eav=AfZkU8L2vrkFrB7A46GnOKueDxwm__P_E7xYt17lyZD9KdYj0AEZGKVrWgZS9su61x4\" data-hovercard-prefer-more-content-show=\"1\">Dorstener Tafel e.V.<\/a>\u00a0gepackt. Wir freuen uns, auch in diesem Jahr die Weihnachtsaktion der Tafel zu unterst\u00fctzen.<\/p>\n<p><a class=\"_58cn\" href=\"https:\/\/www.facebook.com\/hashtag\/wasunsantreibt?epa=HASHTAG\" data-ft=\"{&quot;type&quot;:104,&quot;tn&quot;:&quot;*N&quot;}\">#wasunsantreibt<\/a>\u00a0<a class=\"_58cn\" href=\"https:\/\/www.facebook.com\/hashtag\/wirfoerdernunsereregion?epa=HASHTAG\" data-ft=\"{&quot;type&quot;:104,&quot;tn&quot;:&quot;*N&quot;}\">#wirfoerdernunsereregion<\/a>\u00a0<a class=\"_58cn\" href=\"https:\/\/www.facebook.com\/hashtag\/ehrenamt?epa=HASHTAG\" data-ft=\"{&quot;type&quot;:104,&quot;tn&quot;:&quot;*N&quot;}\">#ehrenamt<\/a>\u00a0<a class=\"_58cn\" href=\"https:\/\/www.facebook.com\/hashtag\/engagement?epa=HASHTAG\" data-ft=\"{&quot;type&quot;:104,&quot;tn&quot;:&quot;*N&quot;}\">#engagement<\/a>\u00a0<a class=\"_58cn\" href=\"https:\/\/www.facebook.com\/hashtag\/vereintevolksbank?epa=HASHTAG\" data-ft=\"{&quot;type&quot;:104,&quot;tn&quot;:&quot;*N&quot;}\">#vereintevolksbank&#8220;<\/a><\/span><\/span><\/div>\n<div><\/div>\n<div class=\"_xlr\">\n<div id=\"fbPhotoSnowliftProductMiniListHscroll\" class=\"fbCommerceProductMiniListHscroll\"><\/div>\n<div><\/div>\n<div id=\"fbPhotoSnowliftLegacyTagList\" class=\"pts fbPhotoLegacyTagList\">\n<div>Auch im Namen der Kundinnen und Kunden der DORSTENER TAFEL bedankt sich das TAFEL-Team f\u00fcr die vielen tollen P\u00e4ckchen und die Unterst\u00fctzung unserer Weihnachtsaktion unter dem Motto: <strong>Frohe Weihnachten! F\u00fcr alle!<\/strong><\/div>\n<\/div>\n<div id=\"fbPhotoSnowliftCallToActionButton\" class=\"fbPhotosPhotoButtons\">\u00a0<a href=\"https:\/\/www.kvg-dorsten.de\/dorstener-tafel\/wordpress\/wp-content\/uploads\/2019\/12\/Kopf-WEIHNACHTSAKTION-2019-600.jpg\"><img loading=\"lazy\" decoding=\"async\" class=\"alignnone size-full wp-image-1974\" src=\"https:\/\/www.kvg-dorsten.de\/dorstener-tafel\/wordpress\/wp-content\/uploads\/2019\/12\/Kopf-WEIHNACHTSAKTION-2019-600.jpg\" alt=\"\" width=\"1496\" height=\"341\" srcset=\"https:\/\/www.kvg-dorsten.de\/dorstener-tafel\/wordpress\/wp-content\/uploads\/2019\/12\/Kopf-WEIHNACHTSAKTION-2019-600.jpg 1496w, https:\/\/www.kvg-dorsten.de\/dorstener-tafel\/wordpress\/wp-content\/uploads\/2019\/12\/Kopf-WEIHNACHTSAKTION-2019-600-300x68.jpg 300w, https:\/\/www.kvg-dorsten.de\/dorstener-tafel\/wordpress\/wp-content\/uploads\/2019\/12\/Kopf-WEIHNACHTSAKTION-2019-600-1024x233.jpg 1024w, https:\/\/www.kvg-dorsten.de\/dorstener-tafel\/wordpress\/wp-content\/uploads\/2019\/12\/Kopf-WEIHNACHTSAKTION-2019-600-768x175.jpg 768w\" sizes=\"auto, (max-width: 1496px) 100vw, 1496px\" \/><\/a><\/div>\n<div id=\"fbPhotoSnowliftPhotoFundraiser\"><\/div>\n<div id=\"fbPhotoSnowliftOwnerButtons\" class=\"mvm fbPhotosPhotoOwnerButtons stat_elem\"><\/div>\n<div id=\"fbPhotoSnowliftOriginalStory\" class=\"_56lj\"><\/div>\n<div id=\"fbPhotoSnowliftComputerVisionAnnotation\" class=\"fbPhotosPhotoCVAnnotation\"><\/div>\n<\/div>\n<div id=\"fbPhotoSnowliftVideoFundraiser\"><\/div>\n<div id=\"fbPhotoSnowliftViews\" class=\"_4p3v\"><\/div>\n<form id=\"u_1l_2\" class=\"fbPhotosSnowliftFeedbackForm commentable_item collapsible_comments\" action=\"https:\/\/www.facebook.com\/ajax\/ufi\/modify.php\" method=\"post\" data-ft=\"{&quot;tn&quot;:&quot;]&quot;}\">\n<div id=\"fbPhotoSnowliftFeedback\" class=\"fbPhotosSnowliftFeedback\"><\/div>\n<div>\n<div>\n<div class=\"_6iib\" data-testid=\"fbSnowliftUFI\/feedbackSummary\">\n<div class=\"_6iic\">\n<div class=\"_6iid\"><\/div>\n<\/div>\n<\/div>\n<\/div>\n<\/div>\n<\/form>\n","protected":false},"excerpt":{"rendered":"<p>Die Vereinte Volksbank schreibt bei Facebook: &#8222;Freude schenken: Unsere Kolleginnen und Kollegen haben flei\u00dfig P\u00e4ckchen f\u00fcr die Dorstener Tafel e.V.\u00a0gepackt. [&hellip;]<\/p>\n","protected":false},"author":1,"featured_media":1972,"comment_status":"open","ping_status":"closed","sticky":false,"template":"","format":"standard","meta":{"footnotes":""},"categories":[1],"tags":[],"class_list":["post-1971","post","type-post","status-publish","format-standard","has-post-thumbnail","hentry","category-allgemein"],"yoast_head":"<!-- This site is optimized with the Yoast SEO plugin v26.8 - https:\/\/yoast.com\/product\/yoast-seo-wordpress\/ -->\n<title>Volksbank-MitarbeiterInnen packen ein ... - Home | Tafel Dorsten<\/title>\n<meta name=\"robots\" content=\"index, follow, max-snippet:-1, max-image-preview:large, max-video-preview:-1\" \/>\n<link rel=\"canonical\" href=\"https:\/\/www.dorstener-tafel.de\/?p=1971\" \/>\n<meta property=\"og:locale\" content=\"de_DE\" \/>\n<meta property=\"og:type\" content=\"article\" \/>\n<meta property=\"og:title\" content=\"Volksbank-MitarbeiterInnen packen ein ... - Home | Tafel Dorsten\" \/>\n<meta property=\"og:description\" content=\"Die Vereinte Volksbank schreibt bei Facebook: &#8222;Freude schenken: Unsere Kolleginnen und Kollegen haben flei\u00dfig P\u00e4ckchen f\u00fcr die Dorstener Tafel e.V.\u00a0gepackt. [&hellip;]\" \/>\n<meta property=\"og:url\" content=\"https:\/\/www.dorstener-tafel.de\/?p=1971\" \/>\n<meta property=\"og:site_name\" content=\"Home | Tafel Dorsten\" \/>\n<meta property=\"article:publisher\" content=\"https:\/\/www.facebook.com\/Dorstener-Tafel-eV-710109832448127\/\" \/>\n<meta property=\"article:published_time\" content=\"2019-12-16T19:11:40+00:00\" \/>\n<meta property=\"og:image\" content=\"https:\/\/www.kvg-dorsten.de\/dorstener-tafel\/wordpress\/wp-content\/uploads\/2019\/12\/80490658_2658991820857891_334488737297727488_n.jpg\" \/>\n\t<meta property=\"og:image:width\" content=\"960\" \/>\n\t<meta property=\"og:image:height\" content=\"902\" \/>\n\t<meta property=\"og:image:type\" content=\"image\/jpeg\" \/>\n<meta name=\"author\" content=\"jotw\" \/>\n<meta name=\"twitter:card\" content=\"summary_large_image\" \/>\n<meta name=\"twitter:label1\" content=\"Verfasst von\" \/>\n\t<meta name=\"twitter:data1\" content=\"jotw\" \/>\n<script type=\"application\/ld+json\" class=\"yoast-schema-graph\">{\"@context\":\"https:\/\/schema.org\",\"@graph\":[{\"@type\":\"Article\",\"@id\":\"https:\/\/www.dorstener-tafel.de\/?p=1971#article\",\"isPartOf\":{\"@id\":\"https:\/\/www.dorstener-tafel.de\/?p=1971\"},\"author\":{\"name\":\"jotw\",\"@id\":\"https:\/\/www.dorstener-tafel.de\/#\/schema\/person\/c9a6797db5c21dbeb0851056380dcb01\"},\"headline\":\"Volksbank-MitarbeiterInnen packen ein &#8230;\",\"datePublished\":\"2019-12-16T19:11:40+00:00\",\"mainEntityOfPage\":{\"@id\":\"https:\/\/www.dorstener-tafel.de\/?p=1971\"},\"wordCount\":82,\"commentCount\":0,\"image\":{\"@id\":\"https:\/\/www.dorstener-tafel.de\/?p=1971#primaryimage\"},\"thumbnailUrl\":\"https:\/\/www.kvg-dorsten.de\/dorstener-tafel\/wordpress\/wp-content\/uploads\/2019\/12\/80490658_2658991820857891_334488737297727488_n.jpg\",\"articleSection\":[\"Aktuelles\"],\"inLanguage\":\"de\",\"potentialAction\":[{\"@type\":\"CommentAction\",\"name\":\"Comment\",\"target\":[\"https:\/\/www.dorstener-tafel.de\/?p=1971#respond\"]}]},{\"@type\":\"WebPage\",\"@id\":\"https:\/\/www.dorstener-tafel.de\/?p=1971\",\"url\":\"https:\/\/www.dorstener-tafel.de\/?p=1971\",\"name\":\"Volksbank-MitarbeiterInnen packen ein ... - Home | Tafel Dorsten\",\"isPartOf\":{\"@id\":\"https:\/\/www.dorstener-tafel.de\/#website\"},\"primaryImageOfPage\":{\"@id\":\"https:\/\/www.dorstener-tafel.de\/?p=1971#primaryimage\"},\"image\":{\"@id\":\"https:\/\/www.dorstener-tafel.de\/?p=1971#primaryimage\"},\"thumbnailUrl\":\"https:\/\/www.kvg-dorsten.de\/dorstener-tafel\/wordpress\/wp-content\/uploads\/2019\/12\/80490658_2658991820857891_334488737297727488_n.jpg\",\"datePublished\":\"2019-12-16T19:11:40+00:00\",\"author\":{\"@id\":\"https:\/\/www.dorstener-tafel.de\/#\/schema\/person\/c9a6797db5c21dbeb0851056380dcb01\"},\"breadcrumb\":{\"@id\":\"https:\/\/www.dorstener-tafel.de\/?p=1971#breadcrumb\"},\"inLanguage\":\"de\",\"potentialAction\":[{\"@type\":\"ReadAction\",\"target\":[\"https:\/\/www.dorstener-tafel.de\/?p=1971\"]}]},{\"@type\":\"ImageObject\",\"inLanguage\":\"de\",\"@id\":\"https:\/\/www.dorstener-tafel.de\/?p=1971#primaryimage\",\"url\":\"https:\/\/www.kvg-dorsten.de\/dorstener-tafel\/wordpress\/wp-content\/uploads\/2019\/12\/80490658_2658991820857891_334488737297727488_n.jpg\",\"contentUrl\":\"https:\/\/www.kvg-dorsten.de\/dorstener-tafel\/wordpress\/wp-content\/uploads\/2019\/12\/80490658_2658991820857891_334488737297727488_n.jpg\",\"width\":960,\"height\":902},{\"@type\":\"BreadcrumbList\",\"@id\":\"https:\/\/www.dorstener-tafel.de\/?p=1971#breadcrumb\",\"itemListElement\":[{\"@type\":\"ListItem\",\"position\":1,\"name\":\"Home\",\"item\":\"https:\/\/www.dorstener-tafel.de\/\"},{\"@type\":\"ListItem\",\"position\":2,\"name\":\"Volksbank-MitarbeiterInnen packen ein &#8230;\"}]},{\"@type\":\"WebSite\",\"@id\":\"https:\/\/www.dorstener-tafel.de\/#website\",\"url\":\"https:\/\/www.dorstener-tafel.de\/\",\"name\":\"Home | Tafel Dorsten\",\"description\":\"\",\"potentialAction\":[{\"@type\":\"SearchAction\",\"target\":{\"@type\":\"EntryPoint\",\"urlTemplate\":\"https:\/\/www.dorstener-tafel.de\/?s={search_term_string}\"},\"query-input\":{\"@type\":\"PropertyValueSpecification\",\"valueRequired\":true,\"valueName\":\"search_term_string\"}}],\"inLanguage\":\"de\"},{\"@type\":\"Person\",\"@id\":\"https:\/\/www.dorstener-tafel.de\/#\/schema\/person\/c9a6797db5c21dbeb0851056380dcb01\",\"name\":\"jotw\",\"image\":{\"@type\":\"ImageObject\",\"inLanguage\":\"de\",\"@id\":\"https:\/\/www.dorstener-tafel.de\/#\/schema\/person\/image\/\",\"url\":\"https:\/\/secure.gravatar.com\/avatar\/225c6088c3bfecfbb42a2a0d5c9556b6?s=96&d=retro&r=g\",\"contentUrl\":\"https:\/\/secure.gravatar.com\/avatar\/225c6088c3bfecfbb42a2a0d5c9556b6?s=96&d=retro&r=g\",\"caption\":\"jotw\"},\"url\":\"https:\/\/www.dorstener-tafel.de\/?author=1\"}]}<\/script>\n<!-- \/ Yoast SEO plugin. -->","yoast_head_json":{"title":"Volksbank-MitarbeiterInnen packen ein ... - Home | Tafel Dorsten","robots":{"index":"index","follow":"follow","max-snippet":"max-snippet:-1","max-image-preview":"max-image-preview:large","max-video-preview":"max-video-preview:-1"},"canonical":"https:\/\/www.dorstener-tafel.de\/?p=1971","og_locale":"de_DE","og_type":"article","og_title":"Volksbank-MitarbeiterInnen packen ein ... - Home | Tafel Dorsten","og_description":"Die Vereinte Volksbank schreibt bei Facebook: &#8222;Freude schenken: Unsere Kolleginnen und Kollegen haben flei\u00dfig P\u00e4ckchen f\u00fcr die Dorstener Tafel e.V.\u00a0gepackt. [&hellip;]","og_url":"https:\/\/www.dorstener-tafel.de\/?p=1971","og_site_name":"Home | Tafel Dorsten","article_publisher":"https:\/\/www.facebook.com\/Dorstener-Tafel-eV-710109832448127\/","article_published_time":"2019-12-16T19:11:40+00:00","og_image":[{"width":960,"height":902,"url":"https:\/\/www.kvg-dorsten.de\/dorstener-tafel\/wordpress\/wp-content\/uploads\/2019\/12\/80490658_2658991820857891_334488737297727488_n.jpg","type":"image\/jpeg"}],"author":"jotw","twitter_card":"summary_large_image","twitter_misc":{"Verfasst von":"jotw"},"schema":{"@context":"https:\/\/schema.org","@graph":[{"@type":"Article","@id":"https:\/\/www.dorstener-tafel.de\/?p=1971#article","isPartOf":{"@id":"https:\/\/www.dorstener-tafel.de\/?p=1971"},"author":{"name":"jotw","@id":"https:\/\/www.dorstener-tafel.de\/#\/schema\/person\/c9a6797db5c21dbeb0851056380dcb01"},"headline":"Volksbank-MitarbeiterInnen packen ein &#8230;","datePublished":"2019-12-16T19:11:40+00:00","mainEntityOfPage":{"@id":"https:\/\/www.dorstener-tafel.de\/?p=1971"},"wordCount":82,"commentCount":0,"image":{"@id":"https:\/\/www.dorstener-tafel.de\/?p=1971#primaryimage"},"thumbnailUrl":"https:\/\/www.kvg-dorsten.de\/dorstener-tafel\/wordpress\/wp-content\/uploads\/2019\/12\/80490658_2658991820857891_334488737297727488_n.jpg","articleSection":["Aktuelles"],"inLanguage":"de","potentialAction":[{"@type":"CommentAction","name":"Comment","target":["https:\/\/www.dorstener-tafel.de\/?p=1971#respond"]}]},{"@type":"WebPage","@id":"https:\/\/www.dorstener-tafel.de\/?p=1971","url":"https:\/\/www.dorstener-tafel.de\/?p=1971","name":"Volksbank-MitarbeiterInnen packen ein ... - Home | Tafel Dorsten","isPartOf":{"@id":"https:\/\/www.dorstener-tafel.de\/#website"},"primaryImageOfPage":{"@id":"https:\/\/www.dorstener-tafel.de\/?p=1971#primaryimage"},"image":{"@id":"https:\/\/www.dorstener-tafel.de\/?p=1971#primaryimage"},"thumbnailUrl":"https:\/\/www.kvg-dorsten.de\/dorstener-tafel\/wordpress\/wp-content\/uploads\/2019\/12\/80490658_2658991820857891_334488737297727488_n.jpg","datePublished":"2019-12-16T19:11:40+00:00","author":{"@id":"https:\/\/www.dorstener-tafel.de\/#\/schema\/person\/c9a6797db5c21dbeb0851056380dcb01"},"breadcrumb":{"@id":"https:\/\/www.dorstener-tafel.de\/?p=1971#breadcrumb"},"inLanguage":"de","potentialAction":[{"@type":"ReadAction","target":["https:\/\/www.dorstener-tafel.de\/?p=1971"]}]},{"@type":"ImageObject","inLanguage":"de","@id":"https:\/\/www.dorstener-tafel.de\/?p=1971#primaryimage","url":"https:\/\/www.kvg-dorsten.de\/dorstener-tafel\/wordpress\/wp-content\/uploads\/2019\/12\/80490658_2658991820857891_334488737297727488_n.jpg","contentUrl":"https:\/\/www.kvg-dorsten.de\/dorstener-tafel\/wordpress\/wp-content\/uploads\/2019\/12\/80490658_2658991820857891_334488737297727488_n.jpg","width":960,"height":902},{"@type":"BreadcrumbList","@id":"https:\/\/www.dorstener-tafel.de\/?p=1971#breadcrumb","itemListElement":[{"@type":"ListItem","position":1,"name":"Home","item":"https:\/\/www.dorstener-tafel.de\/"},{"@type":"ListItem","position":2,"name":"Volksbank-MitarbeiterInnen packen ein &#8230;"}]},{"@type":"WebSite","@id":"https:\/\/www.dorstener-tafel.de\/#website","url":"https:\/\/www.dorstener-tafel.de\/","name":"Home | Tafel Dorsten","description":"","potentialAction":[{"@type":"SearchAction","target":{"@type":"EntryPoint","urlTemplate":"https:\/\/www.dorstener-tafel.de\/?s={search_term_string}"},"query-input":{"@type":"PropertyValueSpecification","valueRequired":true,"valueName":"search_term_string"}}],"inLanguage":"de"},{"@type":"Person","@id":"https:\/\/www.dorstener-tafel.de\/#\/schema\/person\/c9a6797db5c21dbeb0851056380dcb01","name":"jotw","image":{"@type":"ImageObject","inLanguage":"de","@id":"https:\/\/www.dorstener-tafel.de\/#\/schema\/person\/image\/","url":"https:\/\/secure.gravatar.com\/avatar\/225c6088c3bfecfbb42a2a0d5c9556b6?s=96&d=retro&r=g","contentUrl":"https:\/\/secure.gravatar.com\/avatar\/225c6088c3bfecfbb42a2a0d5c9556b6?s=96&d=retro&r=g","caption":"jotw"},"url":"https:\/\/www.dorstener-tafel.de\/?author=1"}]}},"_links":{"self":[{"href":"https:\/\/www.dorstener-tafel.de\/index.php?rest_route=\/wp\/v2\/posts\/1971","targetHints":{"allow":["GET"]}}],"collection":[{"href":"https:\/\/www.dorstener-tafel.de\/index.php?rest_route=\/wp\/v2\/posts"}],"about":[{"href":"https:\/\/www.dorstener-tafel.de\/index.php?rest_route=\/wp\/v2\/types\/post"}],"author":[{"embeddable":true,"href":"https:\/\/www.dorstener-tafel.de\/index.php?rest_route=\/wp\/v2\/users\/1"}],"replies":[{"embeddable":true,"href":"https:\/\/www.dorstener-tafel.de\/index.php?rest_route=%2Fwp%2Fv2%2Fcomments&post=1971"}],"version-history":[{"count":1,"href":"https:\/\/www.dorstener-tafel.de\/index.php?rest_route=\/wp\/v2\/posts\/1971\/revisions"}],"predecessor-version":[{"id":1975,"href":"https:\/\/www.dorstener-tafel.de\/index.php?rest_route=\/wp\/v2\/posts\/1971\/revisions\/1975"}],"wp:featuredmedia":[{"embeddable":true,"href":"https:\/\/www.dorstener-tafel.de\/index.php?rest_route=\/wp\/v2\/media\/1972"}],"wp:attachment":[{"href":"https:\/\/www.dorstener-tafel.de\/index.php?rest_route=%2Fwp%2Fv2%2Fmedia&parent=1971"}],"wp:term":[{"taxonomy":"category","embeddable":true,"href":"https:\/\/www.dorstener-tafel.de\/index.php?rest_route=%2Fwp%2Fv2%2Fcategories&post=1971"},{"taxonomy":"post_tag","embeddable":true,"href":"https:\/\/www.dorstener-tafel.de\/index.php?rest_route=%2Fwp%2Fv2%2Ftags&post=1971"}],"curies":[{"name":"wp","href":"https:\/\/api.w.org\/{rel}","templated":true}]}}