{"id":1964,"date":"2019-12-13T15:13:33","date_gmt":"2019-12-13T14:13:33","guid":{"rendered":"https:\/\/www.dorstener-tafel.de\/?p=1964"},"modified":"2019-12-13T17:21:25","modified_gmt":"2019-12-13T16:21:25","slug":"e-m-c-direct-spende-fuer-die-tafel-statt-fuer-geschaeftspartner","status":"publish","type":"post","link":"https:\/\/www.dorstener-tafel.de\/?p=1964","title":{"rendered":"E-M-C-direct: Spende f\u00fcr die TAFEL statt Geschenk f\u00fcr Gesch\u00e4ftspartner"},"content":{"rendered":"<p>Heute durfte das Team der E-M-C-direct GmbH &amp; Co. KG. Hedwig Schnatmann und Dieter Seidel von der Dorstener Tafel bei sich willkommen hei\u00dfen, um einen symbolischen Scheck mit einer Spende zu \u00fcberreichen.<\/p>\n<p>Dazu Gesch\u00e4ftsf\u00fchrer Thadd\u00e4us Nagy: \u201cWir haben uns dieses Jahr daf\u00fcr entschieden, auf kleine Aufmerksamkeiten f\u00fcr unsere Gesch\u00e4ftspartner zu verzichten, um stattdessen gemeinsam einen guten Zweck in unserer Region zu unterst\u00fctzen. Wir danken Frau Schnatmann und dem gesamten Team der Dorstener Tafel f\u00fcr ihre herausragende und aufopferungsvolle T\u00e4tigkeit und w\u00fcnschen ihnen f\u00fcr 2020 viel Unterst\u00fctzung in Form von helfenden H\u00e4nden und Spenden.\u201c<\/p>\n<p>Die <strong><a href=\"https:\/\/www.emc-direct.de\/\">E-M-C-direct GmbH &amp; Co. KG<\/a><\/strong> ist seit 18 Jahren in Dorsten beheimatet und z\u00e4hlt mittlerweile zu einem f\u00fchrenden Experten f\u00fcr Kabelschutz und Kabelzubeh\u00f6r im deutschsprachigen Raum. Der Hersteller und H\u00e4ndler vertreibt beispielsweise Kabelbinder, Schrumpfschlauch und Wellrohr und punktet bei seinen Kunden in Industrie und Handwerk durch h\u00f6chste Qualit\u00e4t, individuellen Service und ma\u00dfgeschneiderte L\u00f6sungen.<\/p>\n<p style=\"text-align: right;\"><em>(Text und Foto: E-M-C-direct, Thadd\u00e4us Nagy, Gesch\u00e4ftsleitung)<\/em><\/p>\n","protected":false},"excerpt":{"rendered":"<p>Heute durfte das Team der E-M-C-direct GmbH &amp; Co. KG. Hedwig Schnatmann und Dieter Seidel von der Dorstener Tafel bei [&hellip;]<\/p>\n","protected":false},"author":1,"featured_media":1965,"comment_status":"open","ping_status":"closed","sticky":false,"template":"","format":"standard","meta":{"footnotes":""},"categories":[1],"tags":[],"class_list":["post-1964","post","type-post","status-publish","format-standard","has-post-thumbnail","hentry","category-allgemein"],"yoast_head":"<!-- This site is optimized with the Yoast SEO plugin v26.8 - https:\/\/yoast.com\/product\/yoast-seo-wordpress\/ -->\n<title>E-M-C-direct: Spende f\u00fcr die TAFEL statt Geschenk f\u00fcr Gesch\u00e4ftspartner - Home | Tafel Dorsten<\/title>\n<meta name=\"robots\" content=\"index, follow, max-snippet:-1, max-image-preview:large, max-video-preview:-1\" \/>\n<link rel=\"canonical\" href=\"https:\/\/www.dorstener-tafel.de\/?p=1964\" \/>\n<meta property=\"og:locale\" content=\"de_DE\" \/>\n<meta property=\"og:type\" content=\"article\" \/>\n<meta property=\"og:title\" content=\"E-M-C-direct: Spende f\u00fcr die TAFEL statt Geschenk f\u00fcr Gesch\u00e4ftspartner - Home | Tafel Dorsten\" \/>\n<meta property=\"og:description\" content=\"Heute durfte das Team der E-M-C-direct GmbH &amp; Co. KG. Hedwig Schnatmann und Dieter Seidel von der Dorstener Tafel bei [&hellip;]\" \/>\n<meta property=\"og:url\" content=\"https:\/\/www.dorstener-tafel.de\/?p=1964\" \/>\n<meta property=\"og:site_name\" content=\"Home | Tafel Dorsten\" \/>\n<meta property=\"article:publisher\" content=\"https:\/\/www.facebook.com\/Dorstener-Tafel-eV-710109832448127\/\" \/>\n<meta property=\"article:published_time\" content=\"2019-12-13T14:13:33+00:00\" \/>\n<meta property=\"article:modified_time\" content=\"2019-12-13T16:21:25+00:00\" \/>\n<meta property=\"og:image\" content=\"https:\/\/www.kvg-dorsten.de\/dorstener-tafel\/wordpress\/wp-content\/uploads\/2019\/12\/EMC-Auswahl_final_ausgeschnitten-scaled.jpg\" \/>\n\t<meta property=\"og:image:width\" content=\"2560\" \/>\n\t<meta property=\"og:image:height\" content=\"1979\" \/>\n\t<meta property=\"og:image:type\" content=\"image\/jpeg\" \/>\n<meta name=\"author\" content=\"jotw\" \/>\n<meta name=\"twitter:card\" content=\"summary_large_image\" \/>\n<meta name=\"twitter:label1\" content=\"Verfasst von\" \/>\n\t<meta name=\"twitter:data1\" content=\"jotw\" \/>\n\t<meta name=\"twitter:label2\" content=\"Gesch\u00e4tzte Lesezeit\" \/>\n\t<meta name=\"twitter:data2\" content=\"1\u00a0Minute\" \/>\n<script type=\"application\/ld+json\" class=\"yoast-schema-graph\">{\"@context\":\"https:\/\/schema.org\",\"@graph\":[{\"@type\":\"Article\",\"@id\":\"https:\/\/www.dorstener-tafel.de\/?p=1964#article\",\"isPartOf\":{\"@id\":\"https:\/\/www.dorstener-tafel.de\/?p=1964\"},\"author\":{\"name\":\"jotw\",\"@id\":\"https:\/\/www.dorstener-tafel.de\/#\/schema\/person\/c9a6797db5c21dbeb0851056380dcb01\"},\"headline\":\"E-M-C-direct: Spende f\u00fcr die TAFEL statt Geschenk f\u00fcr Gesch\u00e4ftspartner\",\"datePublished\":\"2019-12-13T14:13:33+00:00\",\"dateModified\":\"2019-12-13T16:21:25+00:00\",\"mainEntityOfPage\":{\"@id\":\"https:\/\/www.dorstener-tafel.de\/?p=1964\"},\"wordCount\":189,\"commentCount\":0,\"image\":{\"@id\":\"https:\/\/www.dorstener-tafel.de\/?p=1964#primaryimage\"},\"thumbnailUrl\":\"https:\/\/www.kvg-dorsten.de\/dorstener-tafel\/wordpress\/wp-content\/uploads\/2019\/12\/EMC-Auswahl_final_ausgeschnitten-scaled.jpg\",\"articleSection\":[\"Aktuelles\"],\"inLanguage\":\"de\",\"potentialAction\":[{\"@type\":\"CommentAction\",\"name\":\"Comment\",\"target\":[\"https:\/\/www.dorstener-tafel.de\/?p=1964#respond\"]}]},{\"@type\":\"WebPage\",\"@id\":\"https:\/\/www.dorstener-tafel.de\/?p=1964\",\"url\":\"https:\/\/www.dorstener-tafel.de\/?p=1964\",\"name\":\"E-M-C-direct: Spende f\u00fcr die TAFEL statt Geschenk f\u00fcr Gesch\u00e4ftspartner - Home | Tafel Dorsten\",\"isPartOf\":{\"@id\":\"https:\/\/www.dorstener-tafel.de\/#website\"},\"primaryImageOfPage\":{\"@id\":\"https:\/\/www.dorstener-tafel.de\/?p=1964#primaryimage\"},\"image\":{\"@id\":\"https:\/\/www.dorstener-tafel.de\/?p=1964#primaryimage\"},\"thumbnailUrl\":\"https:\/\/www.kvg-dorsten.de\/dorstener-tafel\/wordpress\/wp-content\/uploads\/2019\/12\/EMC-Auswahl_final_ausgeschnitten-scaled.jpg\",\"datePublished\":\"2019-12-13T14:13:33+00:00\",\"dateModified\":\"2019-12-13T16:21:25+00:00\",\"author\":{\"@id\":\"https:\/\/www.dorstener-tafel.de\/#\/schema\/person\/c9a6797db5c21dbeb0851056380dcb01\"},\"breadcrumb\":{\"@id\":\"https:\/\/www.dorstener-tafel.de\/?p=1964#breadcrumb\"},\"inLanguage\":\"de\",\"potentialAction\":[{\"@type\":\"ReadAction\",\"target\":[\"https:\/\/www.dorstener-tafel.de\/?p=1964\"]}]},{\"@type\":\"ImageObject\",\"inLanguage\":\"de\",\"@id\":\"https:\/\/www.dorstener-tafel.de\/?p=1964#primaryimage\",\"url\":\"https:\/\/www.kvg-dorsten.de\/dorstener-tafel\/wordpress\/wp-content\/uploads\/2019\/12\/EMC-Auswahl_final_ausgeschnitten-scaled.jpg\",\"contentUrl\":\"https:\/\/www.kvg-dorsten.de\/dorstener-tafel\/wordpress\/wp-content\/uploads\/2019\/12\/EMC-Auswahl_final_ausgeschnitten-scaled.jpg\",\"width\":2560,\"height\":1979,\"caption\":\"V.l.: Stefan J\u00fcde (Lagerleiter), Heike M\u00f6ller (Bestellabwicklung), Hedwig Schnatmann (Dorstener Tafel), Thadd\u00e4us Nagy (Gesch\u00e4ftsf\u00fchrer), Erwin Schmidbauer (Verkaufsleiter), Dieter Seidel (Dorstener Tafel)\"},{\"@type\":\"BreadcrumbList\",\"@id\":\"https:\/\/www.dorstener-tafel.de\/?p=1964#breadcrumb\",\"itemListElement\":[{\"@type\":\"ListItem\",\"position\":1,\"name\":\"Home\",\"item\":\"https:\/\/www.dorstener-tafel.de\/\"},{\"@type\":\"ListItem\",\"position\":2,\"name\":\"E-M-C-direct: Spende f\u00fcr die TAFEL statt Geschenk f\u00fcr Gesch\u00e4ftspartner\"}]},{\"@type\":\"WebSite\",\"@id\":\"https:\/\/www.dorstener-tafel.de\/#website\",\"url\":\"https:\/\/www.dorstener-tafel.de\/\",\"name\":\"Home | Tafel Dorsten\",\"description\":\"\",\"potentialAction\":[{\"@type\":\"SearchAction\",\"target\":{\"@type\":\"EntryPoint\",\"urlTemplate\":\"https:\/\/www.dorstener-tafel.de\/?s={search_term_string}\"},\"query-input\":{\"@type\":\"PropertyValueSpecification\",\"valueRequired\":true,\"valueName\":\"search_term_string\"}}],\"inLanguage\":\"de\"},{\"@type\":\"Person\",\"@id\":\"https:\/\/www.dorstener-tafel.de\/#\/schema\/person\/c9a6797db5c21dbeb0851056380dcb01\",\"name\":\"jotw\",\"image\":{\"@type\":\"ImageObject\",\"inLanguage\":\"de\",\"@id\":\"https:\/\/www.dorstener-tafel.de\/#\/schema\/person\/image\/\",\"url\":\"https:\/\/secure.gravatar.com\/avatar\/225c6088c3bfecfbb42a2a0d5c9556b6?s=96&d=retro&r=g\",\"contentUrl\":\"https:\/\/secure.gravatar.com\/avatar\/225c6088c3bfecfbb42a2a0d5c9556b6?s=96&d=retro&r=g\",\"caption\":\"jotw\"},\"url\":\"https:\/\/www.dorstener-tafel.de\/?author=1\"}]}<\/script>\n<!-- \/ Yoast SEO plugin. -->","yoast_head_json":{"title":"E-M-C-direct: Spende f\u00fcr die TAFEL statt Geschenk f\u00fcr Gesch\u00e4ftspartner - Home | Tafel Dorsten","robots":{"index":"index","follow":"follow","max-snippet":"max-snippet:-1","max-image-preview":"max-image-preview:large","max-video-preview":"max-video-preview:-1"},"canonical":"https:\/\/www.dorstener-tafel.de\/?p=1964","og_locale":"de_DE","og_type":"article","og_title":"E-M-C-direct: Spende f\u00fcr die TAFEL statt Geschenk f\u00fcr Gesch\u00e4ftspartner - Home | Tafel Dorsten","og_description":"Heute durfte das Team der E-M-C-direct GmbH &amp; Co. KG. Hedwig Schnatmann und Dieter Seidel von der Dorstener Tafel bei [&hellip;]","og_url":"https:\/\/www.dorstener-tafel.de\/?p=1964","og_site_name":"Home | Tafel Dorsten","article_publisher":"https:\/\/www.facebook.com\/Dorstener-Tafel-eV-710109832448127\/","article_published_time":"2019-12-13T14:13:33+00:00","article_modified_time":"2019-12-13T16:21:25+00:00","og_image":[{"width":2560,"height":1979,"url":"https:\/\/www.kvg-dorsten.de\/dorstener-tafel\/wordpress\/wp-content\/uploads\/2019\/12\/EMC-Auswahl_final_ausgeschnitten-scaled.jpg","type":"image\/jpeg"}],"author":"jotw","twitter_card":"summary_large_image","twitter_misc":{"Verfasst von":"jotw","Gesch\u00e4tzte Lesezeit":"1\u00a0Minute"},"schema":{"@context":"https:\/\/schema.org","@graph":[{"@type":"Article","@id":"https:\/\/www.dorstener-tafel.de\/?p=1964#article","isPartOf":{"@id":"https:\/\/www.dorstener-tafel.de\/?p=1964"},"author":{"name":"jotw","@id":"https:\/\/www.dorstener-tafel.de\/#\/schema\/person\/c9a6797db5c21dbeb0851056380dcb01"},"headline":"E-M-C-direct: Spende f\u00fcr die TAFEL statt Geschenk f\u00fcr Gesch\u00e4ftspartner","datePublished":"2019-12-13T14:13:33+00:00","dateModified":"2019-12-13T16:21:25+00:00","mainEntityOfPage":{"@id":"https:\/\/www.dorstener-tafel.de\/?p=1964"},"wordCount":189,"commentCount":0,"image":{"@id":"https:\/\/www.dorstener-tafel.de\/?p=1964#primaryimage"},"thumbnailUrl":"https:\/\/www.kvg-dorsten.de\/dorstener-tafel\/wordpress\/wp-content\/uploads\/2019\/12\/EMC-Auswahl_final_ausgeschnitten-scaled.jpg","articleSection":["Aktuelles"],"inLanguage":"de","potentialAction":[{"@type":"CommentAction","name":"Comment","target":["https:\/\/www.dorstener-tafel.de\/?p=1964#respond"]}]},{"@type":"WebPage","@id":"https:\/\/www.dorstener-tafel.de\/?p=1964","url":"https:\/\/www.dorstener-tafel.de\/?p=1964","name":"E-M-C-direct: Spende f\u00fcr die TAFEL statt Geschenk f\u00fcr Gesch\u00e4ftspartner - Home | Tafel Dorsten","isPartOf":{"@id":"https:\/\/www.dorstener-tafel.de\/#website"},"primaryImageOfPage":{"@id":"https:\/\/www.dorstener-tafel.de\/?p=1964#primaryimage"},"image":{"@id":"https:\/\/www.dorstener-tafel.de\/?p=1964#primaryimage"},"thumbnailUrl":"https:\/\/www.kvg-dorsten.de\/dorstener-tafel\/wordpress\/wp-content\/uploads\/2019\/12\/EMC-Auswahl_final_ausgeschnitten-scaled.jpg","datePublished":"2019-12-13T14:13:33+00:00","dateModified":"2019-12-13T16:21:25+00:00","author":{"@id":"https:\/\/www.dorstener-tafel.de\/#\/schema\/person\/c9a6797db5c21dbeb0851056380dcb01"},"breadcrumb":{"@id":"https:\/\/www.dorstener-tafel.de\/?p=1964#breadcrumb"},"inLanguage":"de","potentialAction":[{"@type":"ReadAction","target":["https:\/\/www.dorstener-tafel.de\/?p=1964"]}]},{"@type":"ImageObject","inLanguage":"de","@id":"https:\/\/www.dorstener-tafel.de\/?p=1964#primaryimage","url":"https:\/\/www.kvg-dorsten.de\/dorstener-tafel\/wordpress\/wp-content\/uploads\/2019\/12\/EMC-Auswahl_final_ausgeschnitten-scaled.jpg","contentUrl":"https:\/\/www.kvg-dorsten.de\/dorstener-tafel\/wordpress\/wp-content\/uploads\/2019\/12\/EMC-Auswahl_final_ausgeschnitten-scaled.jpg","width":2560,"height":1979,"caption":"V.l.: Stefan J\u00fcde (Lagerleiter), Heike M\u00f6ller (Bestellabwicklung), Hedwig Schnatmann (Dorstener Tafel), Thadd\u00e4us Nagy (Gesch\u00e4ftsf\u00fchrer), Erwin Schmidbauer (Verkaufsleiter), Dieter Seidel (Dorstener Tafel)"},{"@type":"BreadcrumbList","@id":"https:\/\/www.dorstener-tafel.de\/?p=1964#breadcrumb","itemListElement":[{"@type":"ListItem","position":1,"name":"Home","item":"https:\/\/www.dorstener-tafel.de\/"},{"@type":"ListItem","position":2,"name":"E-M-C-direct: Spende f\u00fcr die TAFEL statt Geschenk f\u00fcr Gesch\u00e4ftspartner"}]},{"@type":"WebSite","@id":"https:\/\/www.dorstener-tafel.de\/#website","url":"https:\/\/www.dorstener-tafel.de\/","name":"Home | Tafel Dorsten","description":"","potentialAction":[{"@type":"SearchAction","target":{"@type":"EntryPoint","urlTemplate":"https:\/\/www.dorstener-tafel.de\/?s={search_term_string}"},"query-input":{"@type":"PropertyValueSpecification","valueRequired":true,"valueName":"search_term_string"}}],"inLanguage":"de"},{"@type":"Person","@id":"https:\/\/www.dorstener-tafel.de\/#\/schema\/person\/c9a6797db5c21dbeb0851056380dcb01","name":"jotw","image":{"@type":"ImageObject","inLanguage":"de","@id":"https:\/\/www.dorstener-tafel.de\/#\/schema\/person\/image\/","url":"https:\/\/secure.gravatar.com\/avatar\/225c6088c3bfecfbb42a2a0d5c9556b6?s=96&d=retro&r=g","contentUrl":"https:\/\/secure.gravatar.com\/avatar\/225c6088c3bfecfbb42a2a0d5c9556b6?s=96&d=retro&r=g","caption":"jotw"},"url":"https:\/\/www.dorstener-tafel.de\/?author=1"}]}},"_links":{"self":[{"href":"https:\/\/www.dorstener-tafel.de\/index.php?rest_route=\/wp\/v2\/posts\/1964","targetHints":{"allow":["GET"]}}],"collection":[{"href":"https:\/\/www.dorstener-tafel.de\/index.php?rest_route=\/wp\/v2\/posts"}],"about":[{"href":"https:\/\/www.dorstener-tafel.de\/index.php?rest_route=\/wp\/v2\/types\/post"}],"author":[{"embeddable":true,"href":"https:\/\/www.dorstener-tafel.de\/index.php?rest_route=\/wp\/v2\/users\/1"}],"replies":[{"embeddable":true,"href":"https:\/\/www.dorstener-tafel.de\/index.php?rest_route=%2Fwp%2Fv2%2Fcomments&post=1964"}],"version-history":[{"count":4,"href":"https:\/\/www.dorstener-tafel.de\/index.php?rest_route=\/wp\/v2\/posts\/1964\/revisions"}],"predecessor-version":[{"id":1970,"href":"https:\/\/www.dorstener-tafel.de\/index.php?rest_route=\/wp\/v2\/posts\/1964\/revisions\/1970"}],"wp:featuredmedia":[{"embeddable":true,"href":"https:\/\/www.dorstener-tafel.de\/index.php?rest_route=\/wp\/v2\/media\/1965"}],"wp:attachment":[{"href":"https:\/\/www.dorstener-tafel.de\/index.php?rest_route=%2Fwp%2Fv2%2Fmedia&parent=1964"}],"wp:term":[{"taxonomy":"category","embeddable":true,"href":"https:\/\/www.dorstener-tafel.de\/index.php?rest_route=%2Fwp%2Fv2%2Fcategories&post=1964"},{"taxonomy":"post_tag","embeddable":true,"href":"https:\/\/www.dorstener-tafel.de\/index.php?rest_route=%2Fwp%2Fv2%2Ftags&post=1964"}],"curies":[{"name":"wp","href":"https:\/\/api.w.org\/{rel}","templated":true}]}}