{"id":1929,"date":"2019-10-10T00:16:09","date_gmt":"2019-10-09T22:16:09","guid":{"rendered":"https:\/\/www.dorstener-tafel.de\/?p=1929"},"modified":"2019-10-10T19:26:13","modified_gmt":"2019-10-10T17:26:13","slug":"neuapostolische-gemeinde-feiert-erntedank-und-spendet","status":"publish","type":"post","link":"https:\/\/www.dorstener-tafel.de\/?p=1929","title":{"rendered":"Neuapostolische Gemeinde feiert Erntedank und spendet"},"content":{"rendered":"<figure id=\"attachment_1931\" aria-describedby=\"caption-attachment-1931\" style=\"width: 2048px\" class=\"wp-caption alignnone\"><a href=\"https:\/\/www.kvg-dorsten.de\/dorstener-tafel\/wordpress\/wp-content\/uploads\/2019\/10\/71954373_2725071634179175_2115547349223735296_o.jpg\"><img loading=\"lazy\" decoding=\"async\" class=\"size-full wp-image-1931\" src=\"https:\/\/www.kvg-dorsten.de\/dorstener-tafel\/wordpress\/wp-content\/uploads\/2019\/10\/71954373_2725071634179175_2115547349223735296_o.jpg\" alt=\"\" width=\"2048\" height=\"1360\" srcset=\"https:\/\/www.kvg-dorsten.de\/dorstener-tafel\/wordpress\/wp-content\/uploads\/2019\/10\/71954373_2725071634179175_2115547349223735296_o.jpg 2048w, https:\/\/www.kvg-dorsten.de\/dorstener-tafel\/wordpress\/wp-content\/uploads\/2019\/10\/71954373_2725071634179175_2115547349223735296_o-300x199.jpg 300w, https:\/\/www.kvg-dorsten.de\/dorstener-tafel\/wordpress\/wp-content\/uploads\/2019\/10\/71954373_2725071634179175_2115547349223735296_o-768x510.jpg 768w, https:\/\/www.kvg-dorsten.de\/dorstener-tafel\/wordpress\/wp-content\/uploads\/2019\/10\/71954373_2725071634179175_2115547349223735296_o-1024x680.jpg 1024w, https:\/\/www.kvg-dorsten.de\/dorstener-tafel\/wordpress\/wp-content\/uploads\/2019\/10\/71954373_2725071634179175_2115547349223735296_o-272x182.jpg 272w\" sizes=\"auto, (max-width: 2048px) 100vw, 2048px\" \/><\/a><figcaption id=\"caption-attachment-1931\" class=\"wp-caption-text\">Ursula Riedel, Schatzmeisterin der Dorstener Tafel (links) und Hedwig Schnatmann, Leiterin des Dorstener Ladens, vor einem Teil der Spenden<\/figcaption><\/figure>\n<p>Die Gemeinde der Neuapostolischen Kirche an der Zeppelinstra\u00dfe hat zum Erntedankfest Lebensmittel f\u00fcr die Dorstener Tafel gesammelt, die nach dem Gottesdienst am Sonntag \u00fcbergeben wurden. Die TAFEL bedankt sich herzlich f\u00fcr diese Gro\u00dfz\u00fcgigkeit! Zum Transport brauchten wir unseren gro\u00dfen Wagen.<\/p>\n<p><a href=\"https:\/\/www.kvg-dorsten.de\/dorstener-tafel\/wordpress\/wp-content\/uploads\/2019\/10\/DT3-002.jpg\"><img loading=\"lazy\" decoding=\"async\" class=\"alignnone size-full wp-image-1933\" src=\"https:\/\/www.kvg-dorsten.de\/dorstener-tafel\/wordpress\/wp-content\/uploads\/2019\/10\/DT3-002.jpg\" alt=\"\" width=\"1844\" height=\"1383\" srcset=\"https:\/\/www.kvg-dorsten.de\/dorstener-tafel\/wordpress\/wp-content\/uploads\/2019\/10\/DT3-002.jpg 1844w, https:\/\/www.kvg-dorsten.de\/dorstener-tafel\/wordpress\/wp-content\/uploads\/2019\/10\/DT3-002-300x225.jpg 300w, https:\/\/www.kvg-dorsten.de\/dorstener-tafel\/wordpress\/wp-content\/uploads\/2019\/10\/DT3-002-768x576.jpg 768w, https:\/\/www.kvg-dorsten.de\/dorstener-tafel\/wordpress\/wp-content\/uploads\/2019\/10\/DT3-002-1024x768.jpg 1024w\" sizes=\"auto, (max-width: 1844px) 100vw, 1844px\" \/><\/a><br \/>\nSolidarit\u00e4t mit den Armen, Bed\u00fcrftigen, Abgeh\u00e4ngten: Wenn Jesus sagt: \u201eLiebe Deinen N\u00e4chsten wie Dich selbst\u201c, k\u00f6nnen das alle gro\u00dfen Religionen unterschreiben, ob sie es nun &#8218;N\u00e4chstenliebe&#8216; nennen wie die Christen, &#8218;Zakat&#8216; und &#8218;Sadaqa&#8216; wie die Muslime oder &#8218;Mitzwa&#8216; wie die Juden: Helfen ist Menschenpflicht.<\/p>\n<p><strong>Herzlichen Dank an die Neuapostolische Gemeinde!<\/strong><\/p>\n","protected":false},"excerpt":{"rendered":"<p>Die Gemeinde der Neuapostolischen Kirche an der Zeppelinstra\u00dfe hat zum Erntedankfest Lebensmittel f\u00fcr die Dorstener Tafel gesammelt, die nach dem [&hellip;]<\/p>\n","protected":false},"author":1,"featured_media":1935,"comment_status":"open","ping_status":"closed","sticky":false,"template":"","format":"standard","meta":{"footnotes":""},"categories":[1],"tags":[],"class_list":["post-1929","post","type-post","status-publish","format-standard","has-post-thumbnail","hentry","category-allgemein"],"yoast_head":"<!-- This site is optimized with the Yoast SEO plugin v26.8 - https:\/\/yoast.com\/product\/yoast-seo-wordpress\/ -->\n<title>Neuapostolische Gemeinde feiert Erntedank und spendet - Home | Tafel Dorsten<\/title>\n<meta name=\"robots\" content=\"index, follow, max-snippet:-1, max-image-preview:large, max-video-preview:-1\" \/>\n<link rel=\"canonical\" href=\"https:\/\/www.dorstener-tafel.de\/?p=1929\" \/>\n<meta property=\"og:locale\" content=\"de_DE\" \/>\n<meta property=\"og:type\" content=\"article\" \/>\n<meta property=\"og:title\" content=\"Neuapostolische Gemeinde feiert Erntedank und spendet - Home | Tafel Dorsten\" \/>\n<meta property=\"og:description\" content=\"Die Gemeinde der Neuapostolischen Kirche an der Zeppelinstra\u00dfe hat zum Erntedankfest Lebensmittel f\u00fcr die Dorstener Tafel gesammelt, die nach dem [&hellip;]\" \/>\n<meta property=\"og:url\" content=\"https:\/\/www.dorstener-tafel.de\/?p=1929\" \/>\n<meta property=\"og:site_name\" content=\"Home | Tafel Dorsten\" \/>\n<meta property=\"article:publisher\" content=\"https:\/\/www.facebook.com\/Dorstener-Tafel-eV-710109832448127\/\" \/>\n<meta property=\"article:published_time\" content=\"2019-10-09T22:16:09+00:00\" \/>\n<meta property=\"article:modified_time\" content=\"2019-10-10T17:26:13+00:00\" \/>\n<meta property=\"og:image\" content=\"https:\/\/www.kvg-dorsten.de\/dorstener-tafel\/wordpress\/wp-content\/uploads\/2019\/10\/01-002.jpg\" \/>\n\t<meta property=\"og:image:width\" content=\"4116\" \/>\n\t<meta property=\"og:image:height\" content=\"2763\" \/>\n\t<meta property=\"og:image:type\" content=\"image\/jpeg\" \/>\n<meta name=\"author\" content=\"jotw\" \/>\n<meta name=\"twitter:card\" content=\"summary_large_image\" \/>\n<meta name=\"twitter:label1\" content=\"Verfasst von\" \/>\n\t<meta name=\"twitter:data1\" content=\"jotw\" \/>\n\t<meta name=\"twitter:label2\" content=\"Gesch\u00e4tzte Lesezeit\" \/>\n\t<meta name=\"twitter:data2\" content=\"1\u00a0Minute\" \/>\n<script type=\"application\/ld+json\" class=\"yoast-schema-graph\">{\"@context\":\"https:\/\/schema.org\",\"@graph\":[{\"@type\":\"Article\",\"@id\":\"https:\/\/www.dorstener-tafel.de\/?p=1929#article\",\"isPartOf\":{\"@id\":\"https:\/\/www.dorstener-tafel.de\/?p=1929\"},\"author\":{\"name\":\"jotw\",\"@id\":\"https:\/\/www.dorstener-tafel.de\/#\/schema\/person\/c9a6797db5c21dbeb0851056380dcb01\"},\"headline\":\"Neuapostolische Gemeinde feiert Erntedank und spendet\",\"datePublished\":\"2019-10-09T22:16:09+00:00\",\"dateModified\":\"2019-10-10T17:26:13+00:00\",\"mainEntityOfPage\":{\"@id\":\"https:\/\/www.dorstener-tafel.de\/?p=1929\"},\"wordCount\":135,\"commentCount\":0,\"image\":{\"@id\":\"https:\/\/www.dorstener-tafel.de\/?p=1929#primaryimage\"},\"thumbnailUrl\":\"https:\/\/www.kvg-dorsten.de\/dorstener-tafel\/wordpress\/wp-content\/uploads\/2019\/10\/01-002.jpg\",\"articleSection\":[\"Aktuelles\"],\"inLanguage\":\"de\",\"potentialAction\":[{\"@type\":\"CommentAction\",\"name\":\"Comment\",\"target\":[\"https:\/\/www.dorstener-tafel.de\/?p=1929#respond\"]}]},{\"@type\":\"WebPage\",\"@id\":\"https:\/\/www.dorstener-tafel.de\/?p=1929\",\"url\":\"https:\/\/www.dorstener-tafel.de\/?p=1929\",\"name\":\"Neuapostolische Gemeinde feiert Erntedank und spendet - Home | Tafel Dorsten\",\"isPartOf\":{\"@id\":\"https:\/\/www.dorstener-tafel.de\/#website\"},\"primaryImageOfPage\":{\"@id\":\"https:\/\/www.dorstener-tafel.de\/?p=1929#primaryimage\"},\"image\":{\"@id\":\"https:\/\/www.dorstener-tafel.de\/?p=1929#primaryimage\"},\"thumbnailUrl\":\"https:\/\/www.kvg-dorsten.de\/dorstener-tafel\/wordpress\/wp-content\/uploads\/2019\/10\/01-002.jpg\",\"datePublished\":\"2019-10-09T22:16:09+00:00\",\"dateModified\":\"2019-10-10T17:26:13+00:00\",\"author\":{\"@id\":\"https:\/\/www.dorstener-tafel.de\/#\/schema\/person\/c9a6797db5c21dbeb0851056380dcb01\"},\"breadcrumb\":{\"@id\":\"https:\/\/www.dorstener-tafel.de\/?p=1929#breadcrumb\"},\"inLanguage\":\"de\",\"potentialAction\":[{\"@type\":\"ReadAction\",\"target\":[\"https:\/\/www.dorstener-tafel.de\/?p=1929\"]}]},{\"@type\":\"ImageObject\",\"inLanguage\":\"de\",\"@id\":\"https:\/\/www.dorstener-tafel.de\/?p=1929#primaryimage\",\"url\":\"https:\/\/www.kvg-dorsten.de\/dorstener-tafel\/wordpress\/wp-content\/uploads\/2019\/10\/01-002.jpg\",\"contentUrl\":\"https:\/\/www.kvg-dorsten.de\/dorstener-tafel\/wordpress\/wp-content\/uploads\/2019\/10\/01-002.jpg\",\"width\":4116,\"height\":2763},{\"@type\":\"BreadcrumbList\",\"@id\":\"https:\/\/www.dorstener-tafel.de\/?p=1929#breadcrumb\",\"itemListElement\":[{\"@type\":\"ListItem\",\"position\":1,\"name\":\"Home\",\"item\":\"https:\/\/www.dorstener-tafel.de\/\"},{\"@type\":\"ListItem\",\"position\":2,\"name\":\"Neuapostolische Gemeinde feiert Erntedank und spendet\"}]},{\"@type\":\"WebSite\",\"@id\":\"https:\/\/www.dorstener-tafel.de\/#website\",\"url\":\"https:\/\/www.dorstener-tafel.de\/\",\"name\":\"Home | Tafel Dorsten\",\"description\":\"\",\"potentialAction\":[{\"@type\":\"SearchAction\",\"target\":{\"@type\":\"EntryPoint\",\"urlTemplate\":\"https:\/\/www.dorstener-tafel.de\/?s={search_term_string}\"},\"query-input\":{\"@type\":\"PropertyValueSpecification\",\"valueRequired\":true,\"valueName\":\"search_term_string\"}}],\"inLanguage\":\"de\"},{\"@type\":\"Person\",\"@id\":\"https:\/\/www.dorstener-tafel.de\/#\/schema\/person\/c9a6797db5c21dbeb0851056380dcb01\",\"name\":\"jotw\",\"image\":{\"@type\":\"ImageObject\",\"inLanguage\":\"de\",\"@id\":\"https:\/\/www.dorstener-tafel.de\/#\/schema\/person\/image\/\",\"url\":\"https:\/\/secure.gravatar.com\/avatar\/225c6088c3bfecfbb42a2a0d5c9556b6?s=96&d=retro&r=g\",\"contentUrl\":\"https:\/\/secure.gravatar.com\/avatar\/225c6088c3bfecfbb42a2a0d5c9556b6?s=96&d=retro&r=g\",\"caption\":\"jotw\"},\"url\":\"https:\/\/www.dorstener-tafel.de\/?author=1\"}]}<\/script>\n<!-- \/ Yoast SEO plugin. -->","yoast_head_json":{"title":"Neuapostolische Gemeinde feiert Erntedank und spendet - Home | Tafel Dorsten","robots":{"index":"index","follow":"follow","max-snippet":"max-snippet:-1","max-image-preview":"max-image-preview:large","max-video-preview":"max-video-preview:-1"},"canonical":"https:\/\/www.dorstener-tafel.de\/?p=1929","og_locale":"de_DE","og_type":"article","og_title":"Neuapostolische Gemeinde feiert Erntedank und spendet - Home | Tafel Dorsten","og_description":"Die Gemeinde der Neuapostolischen Kirche an der Zeppelinstra\u00dfe hat zum Erntedankfest Lebensmittel f\u00fcr die Dorstener Tafel gesammelt, die nach dem [&hellip;]","og_url":"https:\/\/www.dorstener-tafel.de\/?p=1929","og_site_name":"Home | Tafel Dorsten","article_publisher":"https:\/\/www.facebook.com\/Dorstener-Tafel-eV-710109832448127\/","article_published_time":"2019-10-09T22:16:09+00:00","article_modified_time":"2019-10-10T17:26:13+00:00","og_image":[{"width":4116,"height":2763,"url":"https:\/\/www.kvg-dorsten.de\/dorstener-tafel\/wordpress\/wp-content\/uploads\/2019\/10\/01-002.jpg","type":"image\/jpeg"}],"author":"jotw","twitter_card":"summary_large_image","twitter_misc":{"Verfasst von":"jotw","Gesch\u00e4tzte Lesezeit":"1\u00a0Minute"},"schema":{"@context":"https:\/\/schema.org","@graph":[{"@type":"Article","@id":"https:\/\/www.dorstener-tafel.de\/?p=1929#article","isPartOf":{"@id":"https:\/\/www.dorstener-tafel.de\/?p=1929"},"author":{"name":"jotw","@id":"https:\/\/www.dorstener-tafel.de\/#\/schema\/person\/c9a6797db5c21dbeb0851056380dcb01"},"headline":"Neuapostolische Gemeinde feiert Erntedank und spendet","datePublished":"2019-10-09T22:16:09+00:00","dateModified":"2019-10-10T17:26:13+00:00","mainEntityOfPage":{"@id":"https:\/\/www.dorstener-tafel.de\/?p=1929"},"wordCount":135,"commentCount":0,"image":{"@id":"https:\/\/www.dorstener-tafel.de\/?p=1929#primaryimage"},"thumbnailUrl":"https:\/\/www.kvg-dorsten.de\/dorstener-tafel\/wordpress\/wp-content\/uploads\/2019\/10\/01-002.jpg","articleSection":["Aktuelles"],"inLanguage":"de","potentialAction":[{"@type":"CommentAction","name":"Comment","target":["https:\/\/www.dorstener-tafel.de\/?p=1929#respond"]}]},{"@type":"WebPage","@id":"https:\/\/www.dorstener-tafel.de\/?p=1929","url":"https:\/\/www.dorstener-tafel.de\/?p=1929","name":"Neuapostolische Gemeinde feiert Erntedank und spendet - Home | Tafel Dorsten","isPartOf":{"@id":"https:\/\/www.dorstener-tafel.de\/#website"},"primaryImageOfPage":{"@id":"https:\/\/www.dorstener-tafel.de\/?p=1929#primaryimage"},"image":{"@id":"https:\/\/www.dorstener-tafel.de\/?p=1929#primaryimage"},"thumbnailUrl":"https:\/\/www.kvg-dorsten.de\/dorstener-tafel\/wordpress\/wp-content\/uploads\/2019\/10\/01-002.jpg","datePublished":"2019-10-09T22:16:09+00:00","dateModified":"2019-10-10T17:26:13+00:00","author":{"@id":"https:\/\/www.dorstener-tafel.de\/#\/schema\/person\/c9a6797db5c21dbeb0851056380dcb01"},"breadcrumb":{"@id":"https:\/\/www.dorstener-tafel.de\/?p=1929#breadcrumb"},"inLanguage":"de","potentialAction":[{"@type":"ReadAction","target":["https:\/\/www.dorstener-tafel.de\/?p=1929"]}]},{"@type":"ImageObject","inLanguage":"de","@id":"https:\/\/www.dorstener-tafel.de\/?p=1929#primaryimage","url":"https:\/\/www.kvg-dorsten.de\/dorstener-tafel\/wordpress\/wp-content\/uploads\/2019\/10\/01-002.jpg","contentUrl":"https:\/\/www.kvg-dorsten.de\/dorstener-tafel\/wordpress\/wp-content\/uploads\/2019\/10\/01-002.jpg","width":4116,"height":2763},{"@type":"BreadcrumbList","@id":"https:\/\/www.dorstener-tafel.de\/?p=1929#breadcrumb","itemListElement":[{"@type":"ListItem","position":1,"name":"Home","item":"https:\/\/www.dorstener-tafel.de\/"},{"@type":"ListItem","position":2,"name":"Neuapostolische Gemeinde feiert Erntedank und spendet"}]},{"@type":"WebSite","@id":"https:\/\/www.dorstener-tafel.de\/#website","url":"https:\/\/www.dorstener-tafel.de\/","name":"Home | Tafel Dorsten","description":"","potentialAction":[{"@type":"SearchAction","target":{"@type":"EntryPoint","urlTemplate":"https:\/\/www.dorstener-tafel.de\/?s={search_term_string}"},"query-input":{"@type":"PropertyValueSpecification","valueRequired":true,"valueName":"search_term_string"}}],"inLanguage":"de"},{"@type":"Person","@id":"https:\/\/www.dorstener-tafel.de\/#\/schema\/person\/c9a6797db5c21dbeb0851056380dcb01","name":"jotw","image":{"@type":"ImageObject","inLanguage":"de","@id":"https:\/\/www.dorstener-tafel.de\/#\/schema\/person\/image\/","url":"https:\/\/secure.gravatar.com\/avatar\/225c6088c3bfecfbb42a2a0d5c9556b6?s=96&d=retro&r=g","contentUrl":"https:\/\/secure.gravatar.com\/avatar\/225c6088c3bfecfbb42a2a0d5c9556b6?s=96&d=retro&r=g","caption":"jotw"},"url":"https:\/\/www.dorstener-tafel.de\/?author=1"}]}},"_links":{"self":[{"href":"https:\/\/www.dorstener-tafel.de\/index.php?rest_route=\/wp\/v2\/posts\/1929","targetHints":{"allow":["GET"]}}],"collection":[{"href":"https:\/\/www.dorstener-tafel.de\/index.php?rest_route=\/wp\/v2\/posts"}],"about":[{"href":"https:\/\/www.dorstener-tafel.de\/index.php?rest_route=\/wp\/v2\/types\/post"}],"author":[{"embeddable":true,"href":"https:\/\/www.dorstener-tafel.de\/index.php?rest_route=\/wp\/v2\/users\/1"}],"replies":[{"embeddable":true,"href":"https:\/\/www.dorstener-tafel.de\/index.php?rest_route=%2Fwp%2Fv2%2Fcomments&post=1929"}],"version-history":[{"count":3,"href":"https:\/\/www.dorstener-tafel.de\/index.php?rest_route=\/wp\/v2\/posts\/1929\/revisions"}],"predecessor-version":[{"id":1936,"href":"https:\/\/www.dorstener-tafel.de\/index.php?rest_route=\/wp\/v2\/posts\/1929\/revisions\/1936"}],"wp:featuredmedia":[{"embeddable":true,"href":"https:\/\/www.dorstener-tafel.de\/index.php?rest_route=\/wp\/v2\/media\/1935"}],"wp:attachment":[{"href":"https:\/\/www.dorstener-tafel.de\/index.php?rest_route=%2Fwp%2Fv2%2Fmedia&parent=1929"}],"wp:term":[{"taxonomy":"category","embeddable":true,"href":"https:\/\/www.dorstener-tafel.de\/index.php?rest_route=%2Fwp%2Fv2%2Fcategories&post=1929"},{"taxonomy":"post_tag","embeddable":true,"href":"https:\/\/www.dorstener-tafel.de\/index.php?rest_route=%2Fwp%2Fv2%2Ftags&post=1929"}],"curies":[{"name":"wp","href":"https:\/\/api.w.org\/{rel}","templated":true}]}}