{"id":1905,"date":"2019-09-04T13:10:35","date_gmt":"2019-09-04T11:10:35","guid":{"rendered":"https:\/\/www.dorstener-tafel.de\/?p=1905"},"modified":"2019-09-04T22:39:36","modified_gmt":"2019-09-04T20:39:36","slug":"bauenleben-spendet-505-euro","status":"publish","type":"post","link":"https:\/\/www.dorstener-tafel.de\/?p=1905","title":{"rendered":"Bauen+Leben spendet 505 Euro"},"content":{"rendered":"<p>Heute \u00fcberreichte Theo Hasebrink, Niederlassungsleiter des Baustoffzentrums BAUEN+LEBEN an der Baldurstra\u00dfe, den symbolischen Scheck an die DORSTENER TAFEL.<\/p>\n<figure id=\"attachment_1913\" aria-describedby=\"caption-attachment-1913\" style=\"width: 5184px\" class=\"wp-caption alignnone\"><a href=\"https:\/\/www.kvg-dorsten.de\/dorstener-tafel\/wordpress\/wp-content\/uploads\/2019\/09\/DSC00405.jpg\"><img loading=\"lazy\" decoding=\"async\" class=\"wp-image-1913 size-full\" src=\"https:\/\/www.kvg-dorsten.de\/dorstener-tafel\/wordpress\/wp-content\/uploads\/2019\/09\/DSC00405.jpg\" alt=\"\" width=\"5184\" height=\"3888\" srcset=\"https:\/\/www.kvg-dorsten.de\/dorstener-tafel\/wordpress\/wp-content\/uploads\/2019\/09\/DSC00405.jpg 5184w, https:\/\/www.kvg-dorsten.de\/dorstener-tafel\/wordpress\/wp-content\/uploads\/2019\/09\/DSC00405-300x225.jpg 300w, https:\/\/www.kvg-dorsten.de\/dorstener-tafel\/wordpress\/wp-content\/uploads\/2019\/09\/DSC00405-768x576.jpg 768w, https:\/\/www.kvg-dorsten.de\/dorstener-tafel\/wordpress\/wp-content\/uploads\/2019\/09\/DSC00405-1024x768.jpg 1024w\" sizes=\"auto, (max-width: 5184px) 100vw, 5184px\" \/><\/a><figcaption id=\"caption-attachment-1913\" class=\"wp-caption-text\">(v.l. Niederlassungsleiter Theo Hasebrink, Hedwig Schnatmann und Dieter Seidel von der DORSTENER TAFEL; Foto: jotw \/ Dorstener Tafel)<\/figcaption><\/figure>\n<p>Niederlassungsleiterin Yvonne Reinholz: &#8222;Anl\u00e4sslich der Feier zur Neuer\u00f6ffnung nach dem Umbau unseres Baustoffhandels am 2. August konnten wir 505,00 \u20ac Erl\u00f6se aus unserer Tombola und dem Verkauf von Leckereien erzielen. Wir haben uns entschieden, diesen Betrag\u00a0an die Dorstener Tafel zu spenden, um sie damit bei ihrer wichtigen Arbeit ein wenig zu unterst\u00fctzen.&#8220;<\/p>\n<p><strong>Die DORSTENER TAFEL dankt dem Team von BAUEN+LEBEN f\u00fcr diese willkommene Hilfe, gratuliert zu dem gelungenen Umbau und w\u00fcnscht Gl\u00fcck und Erfolg!<\/strong><\/p>\n<p>Zum 1.2.2019 hat\u00a0 <a href=\"http:\/\/www.bauenundleben.de\">BAUEN+LEBEN<\/a> den fr\u00fcheren Baustoffhandel Cirkel \u00fcbernommen. Die Produktpalette wurde erweitert und das Verwaltungsgeb\u00e4ude kernsaniert und grundlegend modernisiert.<\/p>\n","protected":false},"excerpt":{"rendered":"<p>Heute \u00fcberreichte Theo Hasebrink, Niederlassungsleiter des Baustoffzentrums BAUEN+LEBEN an der Baldurstra\u00dfe, den symbolischen Scheck an die DORSTENER TAFEL. Niederlassungsleiterin Yvonne [&hellip;]<\/p>\n","protected":false},"author":1,"featured_media":1906,"comment_status":"open","ping_status":"closed","sticky":false,"template":"","format":"standard","meta":{"footnotes":""},"categories":[1],"tags":[],"class_list":["post-1905","post","type-post","status-publish","format-standard","has-post-thumbnail","hentry","category-allgemein"],"yoast_head":"<!-- This site is optimized with the Yoast SEO plugin v26.8 - https:\/\/yoast.com\/product\/yoast-seo-wordpress\/ -->\n<title>Bauen+Leben spendet 505 Euro - Home | Tafel Dorsten<\/title>\n<meta name=\"robots\" content=\"index, follow, max-snippet:-1, max-image-preview:large, max-video-preview:-1\" \/>\n<link rel=\"canonical\" href=\"https:\/\/www.dorstener-tafel.de\/?p=1905\" \/>\n<meta property=\"og:locale\" content=\"de_DE\" \/>\n<meta property=\"og:type\" content=\"article\" \/>\n<meta property=\"og:title\" content=\"Bauen+Leben spendet 505 Euro - Home | Tafel Dorsten\" \/>\n<meta property=\"og:description\" content=\"Heute \u00fcberreichte Theo Hasebrink, Niederlassungsleiter des Baustoffzentrums BAUEN+LEBEN an der Baldurstra\u00dfe, den symbolischen Scheck an die DORSTENER TAFEL. Niederlassungsleiterin Yvonne [&hellip;]\" \/>\n<meta property=\"og:url\" content=\"https:\/\/www.dorstener-tafel.de\/?p=1905\" \/>\n<meta property=\"og:site_name\" content=\"Home | Tafel Dorsten\" \/>\n<meta property=\"article:publisher\" content=\"https:\/\/www.facebook.com\/Dorstener-Tafel-eV-710109832448127\/\" \/>\n<meta property=\"article:published_time\" content=\"2019-09-04T11:10:35+00:00\" \/>\n<meta property=\"article:modified_time\" content=\"2019-09-04T20:39:36+00:00\" \/>\n<meta property=\"og:image\" content=\"https:\/\/www.kvg-dorsten.de\/dorstener-tafel\/wordpress\/wp-content\/uploads\/2019\/09\/2019-09-04-Spende-DSC00402.jpg\" \/>\n\t<meta property=\"og:image:width\" content=\"5184\" \/>\n\t<meta property=\"og:image:height\" content=\"3390\" \/>\n\t<meta property=\"og:image:type\" content=\"image\/jpeg\" \/>\n<meta name=\"author\" content=\"jotw\" \/>\n<meta name=\"twitter:card\" content=\"summary_large_image\" \/>\n<meta name=\"twitter:label1\" content=\"Verfasst von\" \/>\n\t<meta name=\"twitter:data1\" content=\"jotw\" \/>\n\t<meta name=\"twitter:label2\" content=\"Gesch\u00e4tzte Lesezeit\" \/>\n\t<meta name=\"twitter:data2\" content=\"1\u00a0Minute\" \/>\n<script type=\"application\/ld+json\" class=\"yoast-schema-graph\">{\"@context\":\"https:\/\/schema.org\",\"@graph\":[{\"@type\":\"Article\",\"@id\":\"https:\/\/www.dorstener-tafel.de\/?p=1905#article\",\"isPartOf\":{\"@id\":\"https:\/\/www.dorstener-tafel.de\/?p=1905\"},\"author\":{\"name\":\"jotw\",\"@id\":\"https:\/\/www.dorstener-tafel.de\/#\/schema\/person\/c9a6797db5c21dbeb0851056380dcb01\"},\"headline\":\"Bauen+Leben spendet 505 Euro\",\"datePublished\":\"2019-09-04T11:10:35+00:00\",\"dateModified\":\"2019-09-04T20:39:36+00:00\",\"mainEntityOfPage\":{\"@id\":\"https:\/\/www.dorstener-tafel.de\/?p=1905\"},\"wordCount\":151,\"commentCount\":0,\"image\":{\"@id\":\"https:\/\/www.dorstener-tafel.de\/?p=1905#primaryimage\"},\"thumbnailUrl\":\"https:\/\/www.kvg-dorsten.de\/dorstener-tafel\/wordpress\/wp-content\/uploads\/2019\/09\/2019-09-04-Spende-DSC00402.jpg\",\"articleSection\":[\"Aktuelles\"],\"inLanguage\":\"de\",\"potentialAction\":[{\"@type\":\"CommentAction\",\"name\":\"Comment\",\"target\":[\"https:\/\/www.dorstener-tafel.de\/?p=1905#respond\"]}]},{\"@type\":\"WebPage\",\"@id\":\"https:\/\/www.dorstener-tafel.de\/?p=1905\",\"url\":\"https:\/\/www.dorstener-tafel.de\/?p=1905\",\"name\":\"Bauen+Leben spendet 505 Euro - Home | Tafel Dorsten\",\"isPartOf\":{\"@id\":\"https:\/\/www.dorstener-tafel.de\/#website\"},\"primaryImageOfPage\":{\"@id\":\"https:\/\/www.dorstener-tafel.de\/?p=1905#primaryimage\"},\"image\":{\"@id\":\"https:\/\/www.dorstener-tafel.de\/?p=1905#primaryimage\"},\"thumbnailUrl\":\"https:\/\/www.kvg-dorsten.de\/dorstener-tafel\/wordpress\/wp-content\/uploads\/2019\/09\/2019-09-04-Spende-DSC00402.jpg\",\"datePublished\":\"2019-09-04T11:10:35+00:00\",\"dateModified\":\"2019-09-04T20:39:36+00:00\",\"author\":{\"@id\":\"https:\/\/www.dorstener-tafel.de\/#\/schema\/person\/c9a6797db5c21dbeb0851056380dcb01\"},\"breadcrumb\":{\"@id\":\"https:\/\/www.dorstener-tafel.de\/?p=1905#breadcrumb\"},\"inLanguage\":\"de\",\"potentialAction\":[{\"@type\":\"ReadAction\",\"target\":[\"https:\/\/www.dorstener-tafel.de\/?p=1905\"]}]},{\"@type\":\"ImageObject\",\"inLanguage\":\"de\",\"@id\":\"https:\/\/www.dorstener-tafel.de\/?p=1905#primaryimage\",\"url\":\"https:\/\/www.kvg-dorsten.de\/dorstener-tafel\/wordpress\/wp-content\/uploads\/2019\/09\/2019-09-04-Spende-DSC00402.jpg\",\"contentUrl\":\"https:\/\/www.kvg-dorsten.de\/dorstener-tafel\/wordpress\/wp-content\/uploads\/2019\/09\/2019-09-04-Spende-DSC00402.jpg\",\"width\":5184,\"height\":3390,\"caption\":\"(v.l. Niederlassungsleiter Theo Hasebrink, Hedwig Schnatmann und Dieter Seidel von der DORSTENER TAFEL)\"},{\"@type\":\"BreadcrumbList\",\"@id\":\"https:\/\/www.dorstener-tafel.de\/?p=1905#breadcrumb\",\"itemListElement\":[{\"@type\":\"ListItem\",\"position\":1,\"name\":\"Home\",\"item\":\"https:\/\/www.dorstener-tafel.de\/\"},{\"@type\":\"ListItem\",\"position\":2,\"name\":\"Bauen+Leben spendet 505 Euro\"}]},{\"@type\":\"WebSite\",\"@id\":\"https:\/\/www.dorstener-tafel.de\/#website\",\"url\":\"https:\/\/www.dorstener-tafel.de\/\",\"name\":\"Home | Tafel Dorsten\",\"description\":\"\",\"potentialAction\":[{\"@type\":\"SearchAction\",\"target\":{\"@type\":\"EntryPoint\",\"urlTemplate\":\"https:\/\/www.dorstener-tafel.de\/?s={search_term_string}\"},\"query-input\":{\"@type\":\"PropertyValueSpecification\",\"valueRequired\":true,\"valueName\":\"search_term_string\"}}],\"inLanguage\":\"de\"},{\"@type\":\"Person\",\"@id\":\"https:\/\/www.dorstener-tafel.de\/#\/schema\/person\/c9a6797db5c21dbeb0851056380dcb01\",\"name\":\"jotw\",\"image\":{\"@type\":\"ImageObject\",\"inLanguage\":\"de\",\"@id\":\"https:\/\/www.dorstener-tafel.de\/#\/schema\/person\/image\/\",\"url\":\"https:\/\/secure.gravatar.com\/avatar\/225c6088c3bfecfbb42a2a0d5c9556b6?s=96&d=retro&r=g\",\"contentUrl\":\"https:\/\/secure.gravatar.com\/avatar\/225c6088c3bfecfbb42a2a0d5c9556b6?s=96&d=retro&r=g\",\"caption\":\"jotw\"},\"url\":\"https:\/\/www.dorstener-tafel.de\/?author=1\"}]}<\/script>\n<!-- \/ Yoast SEO plugin. -->","yoast_head_json":{"title":"Bauen+Leben spendet 505 Euro - Home | Tafel Dorsten","robots":{"index":"index","follow":"follow","max-snippet":"max-snippet:-1","max-image-preview":"max-image-preview:large","max-video-preview":"max-video-preview:-1"},"canonical":"https:\/\/www.dorstener-tafel.de\/?p=1905","og_locale":"de_DE","og_type":"article","og_title":"Bauen+Leben spendet 505 Euro - Home | Tafel Dorsten","og_description":"Heute \u00fcberreichte Theo Hasebrink, Niederlassungsleiter des Baustoffzentrums BAUEN+LEBEN an der Baldurstra\u00dfe, den symbolischen Scheck an die DORSTENER TAFEL. Niederlassungsleiterin Yvonne [&hellip;]","og_url":"https:\/\/www.dorstener-tafel.de\/?p=1905","og_site_name":"Home | Tafel Dorsten","article_publisher":"https:\/\/www.facebook.com\/Dorstener-Tafel-eV-710109832448127\/","article_published_time":"2019-09-04T11:10:35+00:00","article_modified_time":"2019-09-04T20:39:36+00:00","og_image":[{"width":5184,"height":3390,"url":"https:\/\/www.kvg-dorsten.de\/dorstener-tafel\/wordpress\/wp-content\/uploads\/2019\/09\/2019-09-04-Spende-DSC00402.jpg","type":"image\/jpeg"}],"author":"jotw","twitter_card":"summary_large_image","twitter_misc":{"Verfasst von":"jotw","Gesch\u00e4tzte Lesezeit":"1\u00a0Minute"},"schema":{"@context":"https:\/\/schema.org","@graph":[{"@type":"Article","@id":"https:\/\/www.dorstener-tafel.de\/?p=1905#article","isPartOf":{"@id":"https:\/\/www.dorstener-tafel.de\/?p=1905"},"author":{"name":"jotw","@id":"https:\/\/www.dorstener-tafel.de\/#\/schema\/person\/c9a6797db5c21dbeb0851056380dcb01"},"headline":"Bauen+Leben spendet 505 Euro","datePublished":"2019-09-04T11:10:35+00:00","dateModified":"2019-09-04T20:39:36+00:00","mainEntityOfPage":{"@id":"https:\/\/www.dorstener-tafel.de\/?p=1905"},"wordCount":151,"commentCount":0,"image":{"@id":"https:\/\/www.dorstener-tafel.de\/?p=1905#primaryimage"},"thumbnailUrl":"https:\/\/www.kvg-dorsten.de\/dorstener-tafel\/wordpress\/wp-content\/uploads\/2019\/09\/2019-09-04-Spende-DSC00402.jpg","articleSection":["Aktuelles"],"inLanguage":"de","potentialAction":[{"@type":"CommentAction","name":"Comment","target":["https:\/\/www.dorstener-tafel.de\/?p=1905#respond"]}]},{"@type":"WebPage","@id":"https:\/\/www.dorstener-tafel.de\/?p=1905","url":"https:\/\/www.dorstener-tafel.de\/?p=1905","name":"Bauen+Leben spendet 505 Euro - Home | Tafel Dorsten","isPartOf":{"@id":"https:\/\/www.dorstener-tafel.de\/#website"},"primaryImageOfPage":{"@id":"https:\/\/www.dorstener-tafel.de\/?p=1905#primaryimage"},"image":{"@id":"https:\/\/www.dorstener-tafel.de\/?p=1905#primaryimage"},"thumbnailUrl":"https:\/\/www.kvg-dorsten.de\/dorstener-tafel\/wordpress\/wp-content\/uploads\/2019\/09\/2019-09-04-Spende-DSC00402.jpg","datePublished":"2019-09-04T11:10:35+00:00","dateModified":"2019-09-04T20:39:36+00:00","author":{"@id":"https:\/\/www.dorstener-tafel.de\/#\/schema\/person\/c9a6797db5c21dbeb0851056380dcb01"},"breadcrumb":{"@id":"https:\/\/www.dorstener-tafel.de\/?p=1905#breadcrumb"},"inLanguage":"de","potentialAction":[{"@type":"ReadAction","target":["https:\/\/www.dorstener-tafel.de\/?p=1905"]}]},{"@type":"ImageObject","inLanguage":"de","@id":"https:\/\/www.dorstener-tafel.de\/?p=1905#primaryimage","url":"https:\/\/www.kvg-dorsten.de\/dorstener-tafel\/wordpress\/wp-content\/uploads\/2019\/09\/2019-09-04-Spende-DSC00402.jpg","contentUrl":"https:\/\/www.kvg-dorsten.de\/dorstener-tafel\/wordpress\/wp-content\/uploads\/2019\/09\/2019-09-04-Spende-DSC00402.jpg","width":5184,"height":3390,"caption":"(v.l. Niederlassungsleiter Theo Hasebrink, Hedwig Schnatmann und Dieter Seidel von der DORSTENER TAFEL)"},{"@type":"BreadcrumbList","@id":"https:\/\/www.dorstener-tafel.de\/?p=1905#breadcrumb","itemListElement":[{"@type":"ListItem","position":1,"name":"Home","item":"https:\/\/www.dorstener-tafel.de\/"},{"@type":"ListItem","position":2,"name":"Bauen+Leben spendet 505 Euro"}]},{"@type":"WebSite","@id":"https:\/\/www.dorstener-tafel.de\/#website","url":"https:\/\/www.dorstener-tafel.de\/","name":"Home | Tafel Dorsten","description":"","potentialAction":[{"@type":"SearchAction","target":{"@type":"EntryPoint","urlTemplate":"https:\/\/www.dorstener-tafel.de\/?s={search_term_string}"},"query-input":{"@type":"PropertyValueSpecification","valueRequired":true,"valueName":"search_term_string"}}],"inLanguage":"de"},{"@type":"Person","@id":"https:\/\/www.dorstener-tafel.de\/#\/schema\/person\/c9a6797db5c21dbeb0851056380dcb01","name":"jotw","image":{"@type":"ImageObject","inLanguage":"de","@id":"https:\/\/www.dorstener-tafel.de\/#\/schema\/person\/image\/","url":"https:\/\/secure.gravatar.com\/avatar\/225c6088c3bfecfbb42a2a0d5c9556b6?s=96&d=retro&r=g","contentUrl":"https:\/\/secure.gravatar.com\/avatar\/225c6088c3bfecfbb42a2a0d5c9556b6?s=96&d=retro&r=g","caption":"jotw"},"url":"https:\/\/www.dorstener-tafel.de\/?author=1"}]}},"_links":{"self":[{"href":"https:\/\/www.dorstener-tafel.de\/index.php?rest_route=\/wp\/v2\/posts\/1905","targetHints":{"allow":["GET"]}}],"collection":[{"href":"https:\/\/www.dorstener-tafel.de\/index.php?rest_route=\/wp\/v2\/posts"}],"about":[{"href":"https:\/\/www.dorstener-tafel.de\/index.php?rest_route=\/wp\/v2\/types\/post"}],"author":[{"embeddable":true,"href":"https:\/\/www.dorstener-tafel.de\/index.php?rest_route=\/wp\/v2\/users\/1"}],"replies":[{"embeddable":true,"href":"https:\/\/www.dorstener-tafel.de\/index.php?rest_route=%2Fwp%2Fv2%2Fcomments&post=1905"}],"version-history":[{"count":6,"href":"https:\/\/www.dorstener-tafel.de\/index.php?rest_route=\/wp\/v2\/posts\/1905\/revisions"}],"predecessor-version":[{"id":1915,"href":"https:\/\/www.dorstener-tafel.de\/index.php?rest_route=\/wp\/v2\/posts\/1905\/revisions\/1915"}],"wp:featuredmedia":[{"embeddable":true,"href":"https:\/\/www.dorstener-tafel.de\/index.php?rest_route=\/wp\/v2\/media\/1906"}],"wp:attachment":[{"href":"https:\/\/www.dorstener-tafel.de\/index.php?rest_route=%2Fwp%2Fv2%2Fmedia&parent=1905"}],"wp:term":[{"taxonomy":"category","embeddable":true,"href":"https:\/\/www.dorstener-tafel.de\/index.php?rest_route=%2Fwp%2Fv2%2Fcategories&post=1905"},{"taxonomy":"post_tag","embeddable":true,"href":"https:\/\/www.dorstener-tafel.de\/index.php?rest_route=%2Fwp%2Fv2%2Ftags&post=1905"}],"curies":[{"name":"wp","href":"https:\/\/api.w.org\/{rel}","templated":true}]}}