{"id":1884,"date":"2019-08-23T23:20:02","date_gmt":"2019-08-23T21:20:02","guid":{"rendered":"https:\/\/www.dorstener-tafel.de\/?p=1884"},"modified":"2019-09-05T00:06:47","modified_gmt":"2019-09-04T22:06:47","slug":"buergermeister-grillen","status":"publish","type":"post","link":"https:\/\/www.dorstener-tafel.de\/?p=1884","title":{"rendered":"B\u00fcrgermeister grillen &#8230;"},"content":{"rendered":"<p><a href=\"https:\/\/www.kvg-dorsten.de\/dorstener-tafel\/wordpress\/wp-content\/uploads\/2019\/08\/TafelMitarbeiterB\u00fcrgermeisterGrillenDo23_08_2019_B.jpg\" target=\"_blank\" rel=\"noopener noreferrer\"><img loading=\"lazy\" decoding=\"async\" class=\"wp-image-1901\" src=\"https:\/\/www.kvg-dorsten.de\/dorstener-tafel\/wordpress\/wp-content\/uploads\/2019\/08\/TafelMitarbeiterB\u00fcrgermeisterGrillenDo23_08_2019_B.jpg\" alt=\"\" width=\"450\" height=\"299\" srcset=\"https:\/\/www.kvg-dorsten.de\/dorstener-tafel\/wordpress\/wp-content\/uploads\/2019\/08\/TafelMitarbeiterB\u00fcrgermeisterGrillenDo23_08_2019_B.jpg 3600w, https:\/\/www.kvg-dorsten.de\/dorstener-tafel\/wordpress\/wp-content\/uploads\/2019\/08\/TafelMitarbeiterB\u00fcrgermeisterGrillenDo23_08_2019_B-300x200.jpg 300w, https:\/\/www.kvg-dorsten.de\/dorstener-tafel\/wordpress\/wp-content\/uploads\/2019\/08\/TafelMitarbeiterB\u00fcrgermeisterGrillenDo23_08_2019_B-768x511.jpg 768w, https:\/\/www.kvg-dorsten.de\/dorstener-tafel\/wordpress\/wp-content\/uploads\/2019\/08\/TafelMitarbeiterB\u00fcrgermeisterGrillenDo23_08_2019_B-1024x681.jpg 1024w, https:\/\/www.kvg-dorsten.de\/dorstener-tafel\/wordpress\/wp-content\/uploads\/2019\/08\/TafelMitarbeiterB\u00fcrgermeisterGrillenDo23_08_2019_B-272x182.jpg 272w\" sizes=\"auto, (max-width: 450px) 100vw, 450px\" \/><\/a><\/p>\n<p>Foto: Bludau &#8211; 23.08.2019 &#8211; v.l. Tobias Stockhoff, Johannes Kr\u00fcmpel, Bodo KlimpelAm Freitagabend war f\u00fcr die DORSTENER und die HALTERNER TAFEL mal einmal die Tafel gedeckt: die beiden B\u00fcrgermeister Bodo Klimpel und Tobias Stockhoff l\u00f6sten ihr <strong><a href=\"https:\/\/www.dorstener-tafel.de\/?p=1755\">spontanes Versprechen vom Neujahrsempfang der Dorstener CDU<\/a> <\/strong>ein und erfreuten die Ehrenamtlichen der beiden Tafeln mit kross Gegrilltem und erfrischend K\u00fchlem. \u201eDie Ehrenamtlichen leisten einen tollen Dienst f\u00fcr unsere jeweiligen Stadtgesellschaften. Daf\u00fcr wollen wir mit dieser Geste ein herzliches Dankesch\u00f6n sagen\u201c, erkl\u00e4rten die beiden Ratschefs bei der Begr\u00fc\u00dfung der gut 60 G\u00e4ste.<br \/>\nSchon damals beim Neujahrsempfang hatte Johannes Kr\u00fcmpel, Vorsitzender des Heimatvereins Wulfen, sich bereit erkl\u00e4rt, das Heimathaus am Rh\u00f6nweg f\u00fcr dieses Grillfest zur Verf\u00fcgung zu stellen, und die Unterst\u00fctzung des Heimatvereins zugesagt. \u201eSowas ist f\u00fcr zwei Leute allein doch gar nicht zu stemmen\u201c, sagte er damals schmunzelnd.<\/p>\n<p>Weitere Unterst\u00fctzung erhielten die beiden B\u00fcrgermeister vom Meisterkoch J\u00f6rg B\u00fccker, der, assistiert von seiner charmanten Frau Jessica Trox (amtierende Sch\u00fctzenk\u00f6nigin der Altstadt), mit seinem K\u00f6nnen daf\u00fcr sorgte, dass W\u00fcrstchen und Steaks &#8218;gut durch&#8216; serviert werden konnten.<\/p>\n<figure id=\"attachment_1886\" aria-describedby=\"caption-attachment-1886\" style=\"width: 450px\" class=\"wp-caption alignleft\"><a href=\"https:\/\/www.kvg-dorsten.de\/dorstener-tafel\/wordpress\/wp-content\/uploads\/2019\/08\/DSC00349.jpg\" target=\"_blank\" rel=\"noopener noreferrer\"><img loading=\"lazy\" decoding=\"async\" class=\"wp-image-1886\" src=\"https:\/\/www.kvg-dorsten.de\/dorstener-tafel\/wordpress\/wp-content\/uploads\/2019\/08\/DSC00349-300x225.jpg\" alt=\"\" width=\"450\" height=\"338\" srcset=\"https:\/\/www.kvg-dorsten.de\/dorstener-tafel\/wordpress\/wp-content\/uploads\/2019\/08\/DSC00349-300x225.jpg 300w, https:\/\/www.kvg-dorsten.de\/dorstener-tafel\/wordpress\/wp-content\/uploads\/2019\/08\/DSC00349-768x576.jpg 768w, https:\/\/www.kvg-dorsten.de\/dorstener-tafel\/wordpress\/wp-content\/uploads\/2019\/08\/DSC00349-1024x768.jpg 1024w\" sizes=\"auto, (max-width: 450px) 100vw, 450px\" \/><\/a><figcaption id=\"caption-attachment-1886\" class=\"wp-caption-text\">Jessica Trox und J\u00f6rg B\u00fccker (Foto: jotw \/ Dorstener Tafel)<\/figcaption><\/figure>\n<p>So konnten die Ehrenamtlichen der beiden Tafeln bei Bier und Bratwurst, Steaks und Sprudel einen unterhaltsamen Abend genie\u00dfen, sich austauschen und sich einmal selbst bedienen lassen.<\/p>\n<p>Von Bodo Klimpel seinerzeit auf die Idee gebracht, hatte Stockhoff im letzten halben Jahr drei Mal Einblick genommen in die Arbeit der DORSTENER TAFEL und richtig mitgearbeitet: <strong><a href=\"https:\/\/www.dorstener-tafel.de\/?p=1845\">als Koch beim TAFEL-Mittagstisch<\/a><\/strong> in der Altstadt (da auch schon unterst\u00fctzt von J\u00f6rg B\u00fccker), beim morgendlichen <strong><a href=\"https:\/\/www.dorstener-tafel.de\/?p=1819\">Sortieren und Packen<\/a><\/strong> der Lebensmittel und beim nachmitt\u00e4glichen Verkauf im DORSTENER LADEN am Handwerkshof in Barkenberg.<\/p>\n<p><strong><em>B\u00fcrgermeister Stockhoff: \u201eEs ist wunderbar, wie spontan und unkompliziert Ehrenamtliche in Dorsten Ideen aufgreifen, konkret machen und sich miteinander vernetzen. Was die Dorstener Tafel leistet, ist mir als ihr Schirmherr nat\u00fcrlich bekannt. Und ganz nebenbei entstehen Verbindungen zwischen Tafel, Altstadtsch\u00fctzen und Heimatverein Wulfen.\u201c<\/em><\/strong><\/p>\n<p>Die Ehrenamtlichen der DORSTENER TAFEL bedanken sich herzlich f\u00fcr diese Einladung und das sch\u00f6ne Fest. Sie freuen sich, dass ihr tagt\u00e4glicher Einsatz f\u00fcr die Bed\u00fcrftigen in dieser Stadt von anderen Ehrenamtlichen, von Vereinen und von &#8218;der Politik&#8216; gesehen, anerkannt und in solch einer angenehmen Form wertgesch\u00e4tzt wird.<br \/>\nDer Dank gilt besonders dem Schirmherrn der DORSTENER TAFEL, B\u00fcrgermeister Tobias Stockhoff, f\u00fcr sein dauerndes Engagement f\u00fcr die TAFEL, dem &#8218;Ideengeber&#8216; und Schirmherr der HALTERNER TAFEL Bodo Klimpel, dem Meisterkoch J\u00f6rg B\u00fccker und vor allem Gastgeber Johannes Kr\u00fcmpel und seinem Team vom Heimatverein Wulfen f\u00fcr die vorz\u00fcgliche Bewirtung!<\/p>\n<figure id=\"attachment_1888\" aria-describedby=\"caption-attachment-1888\" style=\"width: 5184px\" class=\"wp-caption alignnone\"><a href=\"https:\/\/www.kvg-dorsten.de\/dorstener-tafel\/wordpress\/wp-content\/uploads\/2019\/08\/DSC00342.jpg\"><img loading=\"lazy\" decoding=\"async\" class=\"wp-image-1888 size-full\" src=\"https:\/\/www.kvg-dorsten.de\/dorstener-tafel\/wordpress\/wp-content\/uploads\/2019\/08\/DSC00342.jpg\" alt=\"\" width=\"5184\" height=\"3888\" srcset=\"https:\/\/www.kvg-dorsten.de\/dorstener-tafel\/wordpress\/wp-content\/uploads\/2019\/08\/DSC00342.jpg 5184w, https:\/\/www.kvg-dorsten.de\/dorstener-tafel\/wordpress\/wp-content\/uploads\/2019\/08\/DSC00342-300x225.jpg 300w, https:\/\/www.kvg-dorsten.de\/dorstener-tafel\/wordpress\/wp-content\/uploads\/2019\/08\/DSC00342-768x576.jpg 768w, https:\/\/www.kvg-dorsten.de\/dorstener-tafel\/wordpress\/wp-content\/uploads\/2019\/08\/DSC00342-1024x768.jpg 1024w\" sizes=\"auto, (max-width: 5184px) 100vw, 5184px\" \/><\/a><figcaption id=\"caption-attachment-1888\" class=\"wp-caption-text\">(Foto: jotw \/ Dorstener Tafel)<\/figcaption><\/figure>\n<figure id=\"attachment_1889\" aria-describedby=\"caption-attachment-1889\" style=\"width: 5184px\" class=\"wp-caption alignnone\"><a href=\"https:\/\/www.kvg-dorsten.de\/dorstener-tafel\/wordpress\/wp-content\/uploads\/2019\/08\/DSC00351.jpg\"><img loading=\"lazy\" decoding=\"async\" class=\"wp-image-1889 size-full\" src=\"https:\/\/www.kvg-dorsten.de\/dorstener-tafel\/wordpress\/wp-content\/uploads\/2019\/08\/DSC00351.jpg\" alt=\"\" width=\"5184\" height=\"3888\" srcset=\"https:\/\/www.kvg-dorsten.de\/dorstener-tafel\/wordpress\/wp-content\/uploads\/2019\/08\/DSC00351.jpg 5184w, https:\/\/www.kvg-dorsten.de\/dorstener-tafel\/wordpress\/wp-content\/uploads\/2019\/08\/DSC00351-300x225.jpg 300w, https:\/\/www.kvg-dorsten.de\/dorstener-tafel\/wordpress\/wp-content\/uploads\/2019\/08\/DSC00351-768x576.jpg 768w, https:\/\/www.kvg-dorsten.de\/dorstener-tafel\/wordpress\/wp-content\/uploads\/2019\/08\/DSC00351-1024x768.jpg 1024w\" sizes=\"auto, (max-width: 5184px) 100vw, 5184px\" \/><\/a><figcaption id=\"caption-attachment-1889\" class=\"wp-caption-text\">(Foto: jotw \/ Dorstener Tafel)<\/figcaption><\/figure>\n<figure id=\"attachment_1893\" aria-describedby=\"caption-attachment-1893\" style=\"width: 5184px\" class=\"wp-caption alignnone\"><a href=\"https:\/\/www.kvg-dorsten.de\/dorstener-tafel\/wordpress\/wp-content\/uploads\/2019\/08\/DSC00347.jpg\"><img loading=\"lazy\" decoding=\"async\" class=\"wp-image-1893 size-full\" src=\"https:\/\/www.kvg-dorsten.de\/dorstener-tafel\/wordpress\/wp-content\/uploads\/2019\/08\/DSC00347.jpg\" alt=\"\" width=\"5184\" height=\"3888\" srcset=\"https:\/\/www.kvg-dorsten.de\/dorstener-tafel\/wordpress\/wp-content\/uploads\/2019\/08\/DSC00347.jpg 5184w, https:\/\/www.kvg-dorsten.de\/dorstener-tafel\/wordpress\/wp-content\/uploads\/2019\/08\/DSC00347-300x225.jpg 300w, https:\/\/www.kvg-dorsten.de\/dorstener-tafel\/wordpress\/wp-content\/uploads\/2019\/08\/DSC00347-768x576.jpg 768w, https:\/\/www.kvg-dorsten.de\/dorstener-tafel\/wordpress\/wp-content\/uploads\/2019\/08\/DSC00347-1024x768.jpg 1024w\" sizes=\"auto, (max-width: 5184px) 100vw, 5184px\" \/><\/a><figcaption id=\"caption-attachment-1893\" class=\"wp-caption-text\">(Foto: jotw \/ Dorstener Tafel)<\/figcaption><\/figure>\n<figure id=\"attachment_1897\" aria-describedby=\"caption-attachment-1897\" style=\"width: 5184px\" class=\"wp-caption alignnone\"><a href=\"https:\/\/www.kvg-dorsten.de\/dorstener-tafel\/wordpress\/wp-content\/uploads\/2019\/08\/2019-08-23-B\u00fcrgermeisterGrillen-DSC00354.jpg\"><img loading=\"lazy\" decoding=\"async\" class=\"wp-image-1897 size-full\" src=\"https:\/\/www.kvg-dorsten.de\/dorstener-tafel\/wordpress\/wp-content\/uploads\/2019\/08\/2019-08-23-B\u00fcrgermeisterGrillen-DSC00354.jpg\" alt=\"\" width=\"5184\" height=\"3888\" srcset=\"https:\/\/www.kvg-dorsten.de\/dorstener-tafel\/wordpress\/wp-content\/uploads\/2019\/08\/2019-08-23-B\u00fcrgermeisterGrillen-DSC00354.jpg 5184w, https:\/\/www.kvg-dorsten.de\/dorstener-tafel\/wordpress\/wp-content\/uploads\/2019\/08\/2019-08-23-B\u00fcrgermeisterGrillen-DSC00354-300x225.jpg 300w, https:\/\/www.kvg-dorsten.de\/dorstener-tafel\/wordpress\/wp-content\/uploads\/2019\/08\/2019-08-23-B\u00fcrgermeisterGrillen-DSC00354-768x576.jpg 768w, https:\/\/www.kvg-dorsten.de\/dorstener-tafel\/wordpress\/wp-content\/uploads\/2019\/08\/2019-08-23-B\u00fcrgermeisterGrillen-DSC00354-1024x768.jpg 1024w\" sizes=\"auto, (max-width: 5184px) 100vw, 5184px\" \/><\/a><figcaption id=\"caption-attachment-1897\" class=\"wp-caption-text\">(Foto: jotw \/ Dorstener Tafel)<\/figcaption><\/figure>\n<figure id=\"attachment_1896\" aria-describedby=\"caption-attachment-1896\" style=\"width: 3888px\" class=\"wp-caption alignnone\"><a href=\"https:\/\/www.kvg-dorsten.de\/dorstener-tafel\/wordpress\/wp-content\/uploads\/2019\/08\/2019-08-23-B\u00fcrgermeisterGrillen-DSC00355.jpg\"><img loading=\"lazy\" decoding=\"async\" class=\"wp-image-1896 size-full\" src=\"https:\/\/www.kvg-dorsten.de\/dorstener-tafel\/wordpress\/wp-content\/uploads\/2019\/08\/2019-08-23-B\u00fcrgermeisterGrillen-DSC00355.jpg\" alt=\"\" width=\"3888\" height=\"5184\" srcset=\"https:\/\/www.kvg-dorsten.de\/dorstener-tafel\/wordpress\/wp-content\/uploads\/2019\/08\/2019-08-23-B\u00fcrgermeisterGrillen-DSC00355.jpg 3888w, https:\/\/www.kvg-dorsten.de\/dorstener-tafel\/wordpress\/wp-content\/uploads\/2019\/08\/2019-08-23-B\u00fcrgermeisterGrillen-DSC00355-225x300.jpg 225w, https:\/\/www.kvg-dorsten.de\/dorstener-tafel\/wordpress\/wp-content\/uploads\/2019\/08\/2019-08-23-B\u00fcrgermeisterGrillen-DSC00355-768x1024.jpg 768w\" sizes=\"auto, (max-width: 3888px) 100vw, 3888px\" \/><\/a><figcaption id=\"caption-attachment-1896\" class=\"wp-caption-text\">(Foto: jotw \/ Dorstener Tafel)<\/figcaption><\/figure>\n<p><a href=\"https:\/\/www.kvg-dorsten.de\/dorstener-tafel\/wordpress\/wp-content\/uploads\/2019\/08\/2019-08-23-B\u00fcrgermeisterGrillen-DSC00354.jpg\">\u00a0<\/a><\/p>\n<figure id=\"attachment_1902\" aria-describedby=\"caption-attachment-1902\" style=\"width: 3600px\" class=\"wp-caption alignnone\"><a href=\"https:\/\/www.kvg-dorsten.de\/dorstener-tafel\/wordpress\/wp-content\/uploads\/2019\/08\/TafelMitarbeiterB\u00fcrgermeisterGrillenDo23_08_2019_I.jpg\"><img loading=\"lazy\" decoding=\"async\" class=\"wp-image-1902 size-full\" src=\"https:\/\/www.kvg-dorsten.de\/dorstener-tafel\/wordpress\/wp-content\/uploads\/2019\/08\/TafelMitarbeiterB\u00fcrgermeisterGrillenDo23_08_2019_I.jpg\" alt=\"\" width=\"3600\" height=\"2394\" srcset=\"https:\/\/www.kvg-dorsten.de\/dorstener-tafel\/wordpress\/wp-content\/uploads\/2019\/08\/TafelMitarbeiterB\u00fcrgermeisterGrillenDo23_08_2019_I.jpg 3600w, https:\/\/www.kvg-dorsten.de\/dorstener-tafel\/wordpress\/wp-content\/uploads\/2019\/08\/TafelMitarbeiterB\u00fcrgermeisterGrillenDo23_08_2019_I-300x200.jpg 300w, https:\/\/www.kvg-dorsten.de\/dorstener-tafel\/wordpress\/wp-content\/uploads\/2019\/08\/TafelMitarbeiterB\u00fcrgermeisterGrillenDo23_08_2019_I-768x511.jpg 768w, https:\/\/www.kvg-dorsten.de\/dorstener-tafel\/wordpress\/wp-content\/uploads\/2019\/08\/TafelMitarbeiterB\u00fcrgermeisterGrillenDo23_08_2019_I-1024x681.jpg 1024w, https:\/\/www.kvg-dorsten.de\/dorstener-tafel\/wordpress\/wp-content\/uploads\/2019\/08\/TafelMitarbeiterB\u00fcrgermeisterGrillenDo23_08_2019_I-272x182.jpg 272w\" sizes=\"auto, (max-width: 3600px) 100vw, 3600px\" \/><\/a><figcaption id=\"caption-attachment-1902\" class=\"wp-caption-text\">Foto: Guido Bludau &#8211; 23.08.2019<\/figcaption><\/figure>\n","protected":false},"excerpt":{"rendered":"<p>Foto: Bludau &#8211; 23.08.2019 &#8211; v.l. Tobias Stockhoff, Johannes Kr\u00fcmpel, Bodo KlimpelAm Freitagabend war f\u00fcr die DORSTENER und die HALTERNER [&hellip;]<\/p>\n","protected":false},"author":1,"featured_media":1885,"comment_status":"open","ping_status":"closed","sticky":false,"template":"","format":"standard","meta":{"footnotes":""},"categories":[1],"tags":[],"class_list":["post-1884","post","type-post","status-publish","format-standard","has-post-thumbnail","hentry","category-allgemein"],"yoast_head":"<!-- This site is optimized with the Yoast SEO plugin v26.8 - https:\/\/yoast.com\/product\/yoast-seo-wordpress\/ -->\n<title>B\u00fcrgermeister grillen ... - Home | Tafel Dorsten<\/title>\n<meta name=\"robots\" content=\"index, follow, max-snippet:-1, max-image-preview:large, max-video-preview:-1\" \/>\n<link rel=\"canonical\" href=\"https:\/\/www.dorstener-tafel.de\/?p=1884\" \/>\n<meta property=\"og:locale\" content=\"de_DE\" \/>\n<meta property=\"og:type\" content=\"article\" \/>\n<meta property=\"og:title\" content=\"B\u00fcrgermeister grillen ... - Home | Tafel Dorsten\" \/>\n<meta property=\"og:description\" content=\"Foto: Bludau &#8211; 23.08.2019 &#8211; v.l. Tobias Stockhoff, Johannes Kr\u00fcmpel, Bodo KlimpelAm Freitagabend war f\u00fcr die DORSTENER und die HALTERNER [&hellip;]\" \/>\n<meta property=\"og:url\" content=\"https:\/\/www.dorstener-tafel.de\/?p=1884\" \/>\n<meta property=\"og:site_name\" content=\"Home | Tafel Dorsten\" \/>\n<meta property=\"article:publisher\" content=\"https:\/\/www.facebook.com\/Dorstener-Tafel-eV-710109832448127\/\" \/>\n<meta property=\"article:published_time\" content=\"2019-08-23T21:20:02+00:00\" \/>\n<meta property=\"article:modified_time\" content=\"2019-09-04T22:06:47+00:00\" \/>\n<meta property=\"og:image\" content=\"https:\/\/www.kvg-dorsten.de\/dorstener-tafel\/wordpress\/wp-content\/uploads\/2019\/08\/WhatsApp-Image-2019-08-23-at-17.53.48-Bludau.jpeg\" \/>\n\t<meta property=\"og:image:width\" content=\"1600\" \/>\n\t<meta property=\"og:image:height\" content=\"1066\" \/>\n\t<meta property=\"og:image:type\" content=\"image\/jpeg\" \/>\n<meta name=\"author\" content=\"jotw\" \/>\n<meta name=\"twitter:card\" content=\"summary_large_image\" \/>\n<meta name=\"twitter:label1\" content=\"Verfasst von\" \/>\n\t<meta name=\"twitter:data1\" content=\"jotw\" \/>\n\t<meta name=\"twitter:label2\" content=\"Gesch\u00e4tzte Lesezeit\" \/>\n\t<meta name=\"twitter:data2\" content=\"3\u00a0Minuten\" \/>\n<script type=\"application\/ld+json\" class=\"yoast-schema-graph\">{\"@context\":\"https:\/\/schema.org\",\"@graph\":[{\"@type\":\"Article\",\"@id\":\"https:\/\/www.dorstener-tafel.de\/?p=1884#article\",\"isPartOf\":{\"@id\":\"https:\/\/www.dorstener-tafel.de\/?p=1884\"},\"author\":{\"name\":\"jotw\",\"@id\":\"https:\/\/www.dorstener-tafel.de\/#\/schema\/person\/c9a6797db5c21dbeb0851056380dcb01\"},\"headline\":\"B\u00fcrgermeister grillen &#8230;\",\"datePublished\":\"2019-08-23T21:20:02+00:00\",\"dateModified\":\"2019-09-04T22:06:47+00:00\",\"mainEntityOfPage\":{\"@id\":\"https:\/\/www.dorstener-tafel.de\/?p=1884\"},\"wordCount\":528,\"commentCount\":0,\"image\":{\"@id\":\"https:\/\/www.dorstener-tafel.de\/?p=1884#primaryimage\"},\"thumbnailUrl\":\"https:\/\/www.kvg-dorsten.de\/dorstener-tafel\/wordpress\/wp-content\/uploads\/2019\/08\/WhatsApp-Image-2019-08-23-at-17.53.48-Bludau.jpeg\",\"articleSection\":[\"Aktuelles\"],\"inLanguage\":\"de\",\"potentialAction\":[{\"@type\":\"CommentAction\",\"name\":\"Comment\",\"target\":[\"https:\/\/www.dorstener-tafel.de\/?p=1884#respond\"]}]},{\"@type\":\"WebPage\",\"@id\":\"https:\/\/www.dorstener-tafel.de\/?p=1884\",\"url\":\"https:\/\/www.dorstener-tafel.de\/?p=1884\",\"name\":\"B\u00fcrgermeister grillen ... - Home | Tafel Dorsten\",\"isPartOf\":{\"@id\":\"https:\/\/www.dorstener-tafel.de\/#website\"},\"primaryImageOfPage\":{\"@id\":\"https:\/\/www.dorstener-tafel.de\/?p=1884#primaryimage\"},\"image\":{\"@id\":\"https:\/\/www.dorstener-tafel.de\/?p=1884#primaryimage\"},\"thumbnailUrl\":\"https:\/\/www.kvg-dorsten.de\/dorstener-tafel\/wordpress\/wp-content\/uploads\/2019\/08\/WhatsApp-Image-2019-08-23-at-17.53.48-Bludau.jpeg\",\"datePublished\":\"2019-08-23T21:20:02+00:00\",\"dateModified\":\"2019-09-04T22:06:47+00:00\",\"author\":{\"@id\":\"https:\/\/www.dorstener-tafel.de\/#\/schema\/person\/c9a6797db5c21dbeb0851056380dcb01\"},\"breadcrumb\":{\"@id\":\"https:\/\/www.dorstener-tafel.de\/?p=1884#breadcrumb\"},\"inLanguage\":\"de\",\"potentialAction\":[{\"@type\":\"ReadAction\",\"target\":[\"https:\/\/www.dorstener-tafel.de\/?p=1884\"]}]},{\"@type\":\"ImageObject\",\"inLanguage\":\"de\",\"@id\":\"https:\/\/www.dorstener-tafel.de\/?p=1884#primaryimage\",\"url\":\"https:\/\/www.kvg-dorsten.de\/dorstener-tafel\/wordpress\/wp-content\/uploads\/2019\/08\/WhatsApp-Image-2019-08-23-at-17.53.48-Bludau.jpeg\",\"contentUrl\":\"https:\/\/www.kvg-dorsten.de\/dorstener-tafel\/wordpress\/wp-content\/uploads\/2019\/08\/WhatsApp-Image-2019-08-23-at-17.53.48-Bludau.jpeg\",\"width\":1600,\"height\":1066,\"caption\":\"(Foto: Guido Bludau 23.08.2019)\"},{\"@type\":\"BreadcrumbList\",\"@id\":\"https:\/\/www.dorstener-tafel.de\/?p=1884#breadcrumb\",\"itemListElement\":[{\"@type\":\"ListItem\",\"position\":1,\"name\":\"Home\",\"item\":\"https:\/\/www.dorstener-tafel.de\/\"},{\"@type\":\"ListItem\",\"position\":2,\"name\":\"B\u00fcrgermeister grillen &#8230;\"}]},{\"@type\":\"WebSite\",\"@id\":\"https:\/\/www.dorstener-tafel.de\/#website\",\"url\":\"https:\/\/www.dorstener-tafel.de\/\",\"name\":\"Home | Tafel Dorsten\",\"description\":\"\",\"potentialAction\":[{\"@type\":\"SearchAction\",\"target\":{\"@type\":\"EntryPoint\",\"urlTemplate\":\"https:\/\/www.dorstener-tafel.de\/?s={search_term_string}\"},\"query-input\":{\"@type\":\"PropertyValueSpecification\",\"valueRequired\":true,\"valueName\":\"search_term_string\"}}],\"inLanguage\":\"de\"},{\"@type\":\"Person\",\"@id\":\"https:\/\/www.dorstener-tafel.de\/#\/schema\/person\/c9a6797db5c21dbeb0851056380dcb01\",\"name\":\"jotw\",\"image\":{\"@type\":\"ImageObject\",\"inLanguage\":\"de\",\"@id\":\"https:\/\/www.dorstener-tafel.de\/#\/schema\/person\/image\/\",\"url\":\"https:\/\/secure.gravatar.com\/avatar\/225c6088c3bfecfbb42a2a0d5c9556b6?s=96&d=retro&r=g\",\"contentUrl\":\"https:\/\/secure.gravatar.com\/avatar\/225c6088c3bfecfbb42a2a0d5c9556b6?s=96&d=retro&r=g\",\"caption\":\"jotw\"},\"url\":\"https:\/\/www.dorstener-tafel.de\/?author=1\"}]}<\/script>\n<!-- \/ Yoast SEO plugin. -->","yoast_head_json":{"title":"B\u00fcrgermeister grillen ... - Home | Tafel Dorsten","robots":{"index":"index","follow":"follow","max-snippet":"max-snippet:-1","max-image-preview":"max-image-preview:large","max-video-preview":"max-video-preview:-1"},"canonical":"https:\/\/www.dorstener-tafel.de\/?p=1884","og_locale":"de_DE","og_type":"article","og_title":"B\u00fcrgermeister grillen ... - Home | Tafel Dorsten","og_description":"Foto: Bludau &#8211; 23.08.2019 &#8211; v.l. Tobias Stockhoff, Johannes Kr\u00fcmpel, Bodo KlimpelAm Freitagabend war f\u00fcr die DORSTENER und die HALTERNER [&hellip;]","og_url":"https:\/\/www.dorstener-tafel.de\/?p=1884","og_site_name":"Home | Tafel Dorsten","article_publisher":"https:\/\/www.facebook.com\/Dorstener-Tafel-eV-710109832448127\/","article_published_time":"2019-08-23T21:20:02+00:00","article_modified_time":"2019-09-04T22:06:47+00:00","og_image":[{"width":1600,"height":1066,"url":"https:\/\/www.kvg-dorsten.de\/dorstener-tafel\/wordpress\/wp-content\/uploads\/2019\/08\/WhatsApp-Image-2019-08-23-at-17.53.48-Bludau.jpeg","type":"image\/jpeg"}],"author":"jotw","twitter_card":"summary_large_image","twitter_misc":{"Verfasst von":"jotw","Gesch\u00e4tzte Lesezeit":"3\u00a0Minuten"},"schema":{"@context":"https:\/\/schema.org","@graph":[{"@type":"Article","@id":"https:\/\/www.dorstener-tafel.de\/?p=1884#article","isPartOf":{"@id":"https:\/\/www.dorstener-tafel.de\/?p=1884"},"author":{"name":"jotw","@id":"https:\/\/www.dorstener-tafel.de\/#\/schema\/person\/c9a6797db5c21dbeb0851056380dcb01"},"headline":"B\u00fcrgermeister grillen &#8230;","datePublished":"2019-08-23T21:20:02+00:00","dateModified":"2019-09-04T22:06:47+00:00","mainEntityOfPage":{"@id":"https:\/\/www.dorstener-tafel.de\/?p=1884"},"wordCount":528,"commentCount":0,"image":{"@id":"https:\/\/www.dorstener-tafel.de\/?p=1884#primaryimage"},"thumbnailUrl":"https:\/\/www.kvg-dorsten.de\/dorstener-tafel\/wordpress\/wp-content\/uploads\/2019\/08\/WhatsApp-Image-2019-08-23-at-17.53.48-Bludau.jpeg","articleSection":["Aktuelles"],"inLanguage":"de","potentialAction":[{"@type":"CommentAction","name":"Comment","target":["https:\/\/www.dorstener-tafel.de\/?p=1884#respond"]}]},{"@type":"WebPage","@id":"https:\/\/www.dorstener-tafel.de\/?p=1884","url":"https:\/\/www.dorstener-tafel.de\/?p=1884","name":"B\u00fcrgermeister grillen ... - Home | Tafel Dorsten","isPartOf":{"@id":"https:\/\/www.dorstener-tafel.de\/#website"},"primaryImageOfPage":{"@id":"https:\/\/www.dorstener-tafel.de\/?p=1884#primaryimage"},"image":{"@id":"https:\/\/www.dorstener-tafel.de\/?p=1884#primaryimage"},"thumbnailUrl":"https:\/\/www.kvg-dorsten.de\/dorstener-tafel\/wordpress\/wp-content\/uploads\/2019\/08\/WhatsApp-Image-2019-08-23-at-17.53.48-Bludau.jpeg","datePublished":"2019-08-23T21:20:02+00:00","dateModified":"2019-09-04T22:06:47+00:00","author":{"@id":"https:\/\/www.dorstener-tafel.de\/#\/schema\/person\/c9a6797db5c21dbeb0851056380dcb01"},"breadcrumb":{"@id":"https:\/\/www.dorstener-tafel.de\/?p=1884#breadcrumb"},"inLanguage":"de","potentialAction":[{"@type":"ReadAction","target":["https:\/\/www.dorstener-tafel.de\/?p=1884"]}]},{"@type":"ImageObject","inLanguage":"de","@id":"https:\/\/www.dorstener-tafel.de\/?p=1884#primaryimage","url":"https:\/\/www.kvg-dorsten.de\/dorstener-tafel\/wordpress\/wp-content\/uploads\/2019\/08\/WhatsApp-Image-2019-08-23-at-17.53.48-Bludau.jpeg","contentUrl":"https:\/\/www.kvg-dorsten.de\/dorstener-tafel\/wordpress\/wp-content\/uploads\/2019\/08\/WhatsApp-Image-2019-08-23-at-17.53.48-Bludau.jpeg","width":1600,"height":1066,"caption":"(Foto: Guido Bludau 23.08.2019)"},{"@type":"BreadcrumbList","@id":"https:\/\/www.dorstener-tafel.de\/?p=1884#breadcrumb","itemListElement":[{"@type":"ListItem","position":1,"name":"Home","item":"https:\/\/www.dorstener-tafel.de\/"},{"@type":"ListItem","position":2,"name":"B\u00fcrgermeister grillen &#8230;"}]},{"@type":"WebSite","@id":"https:\/\/www.dorstener-tafel.de\/#website","url":"https:\/\/www.dorstener-tafel.de\/","name":"Home | Tafel Dorsten","description":"","potentialAction":[{"@type":"SearchAction","target":{"@type":"EntryPoint","urlTemplate":"https:\/\/www.dorstener-tafel.de\/?s={search_term_string}"},"query-input":{"@type":"PropertyValueSpecification","valueRequired":true,"valueName":"search_term_string"}}],"inLanguage":"de"},{"@type":"Person","@id":"https:\/\/www.dorstener-tafel.de\/#\/schema\/person\/c9a6797db5c21dbeb0851056380dcb01","name":"jotw","image":{"@type":"ImageObject","inLanguage":"de","@id":"https:\/\/www.dorstener-tafel.de\/#\/schema\/person\/image\/","url":"https:\/\/secure.gravatar.com\/avatar\/225c6088c3bfecfbb42a2a0d5c9556b6?s=96&d=retro&r=g","contentUrl":"https:\/\/secure.gravatar.com\/avatar\/225c6088c3bfecfbb42a2a0d5c9556b6?s=96&d=retro&r=g","caption":"jotw"},"url":"https:\/\/www.dorstener-tafel.de\/?author=1"}]}},"_links":{"self":[{"href":"https:\/\/www.dorstener-tafel.de\/index.php?rest_route=\/wp\/v2\/posts\/1884","targetHints":{"allow":["GET"]}}],"collection":[{"href":"https:\/\/www.dorstener-tafel.de\/index.php?rest_route=\/wp\/v2\/posts"}],"about":[{"href":"https:\/\/www.dorstener-tafel.de\/index.php?rest_route=\/wp\/v2\/types\/post"}],"author":[{"embeddable":true,"href":"https:\/\/www.dorstener-tafel.de\/index.php?rest_route=\/wp\/v2\/users\/1"}],"replies":[{"embeddable":true,"href":"https:\/\/www.dorstener-tafel.de\/index.php?rest_route=%2Fwp%2Fv2%2Fcomments&post=1884"}],"version-history":[{"count":8,"href":"https:\/\/www.dorstener-tafel.de\/index.php?rest_route=\/wp\/v2\/posts\/1884\/revisions"}],"predecessor-version":[{"id":1916,"href":"https:\/\/www.dorstener-tafel.de\/index.php?rest_route=\/wp\/v2\/posts\/1884\/revisions\/1916"}],"wp:featuredmedia":[{"embeddable":true,"href":"https:\/\/www.dorstener-tafel.de\/index.php?rest_route=\/wp\/v2\/media\/1885"}],"wp:attachment":[{"href":"https:\/\/www.dorstener-tafel.de\/index.php?rest_route=%2Fwp%2Fv2%2Fmedia&parent=1884"}],"wp:term":[{"taxonomy":"category","embeddable":true,"href":"https:\/\/www.dorstener-tafel.de\/index.php?rest_route=%2Fwp%2Fv2%2Fcategories&post=1884"},{"taxonomy":"post_tag","embeddable":true,"href":"https:\/\/www.dorstener-tafel.de\/index.php?rest_route=%2Fwp%2Fv2%2Ftags&post=1884"}],"curies":[{"name":"wp","href":"https:\/\/api.w.org\/{rel}","templated":true}]}}