{"id":1875,"date":"2019-08-17T02:55:03","date_gmt":"2019-08-17T00:55:03","guid":{"rendered":"https:\/\/www.dorstener-tafel.de\/?p=1875"},"modified":"2019-09-05T00:08:16","modified_gmt":"2019-09-04T22:08:16","slug":"freikarten-fuer-die-brings","status":"publish","type":"post","link":"https:\/\/www.dorstener-tafel.de\/?p=1875","title":{"rendered":"Freikarten f\u00fcr die BRINGS!"},"content":{"rendered":"<p>Als beim Neujahrsempfang 2019 der CDU Dorsten sowohl die Sch\u00fctzen der Altstadt als auch die Dorstener Tafel f\u00fcr ihren jeweiligen ehrenamtlichen Einsatz mit einer Geldspende bedacht wurden, entschlossen sich die anwesenden Mitglieder des B\u00fcrgersch\u00fctzenvereins Altstadt spontan, dieses Preisgeld umzum\u00fcnzen in Freikarten f\u00fcr den &#8218;K\u00f6lschen Abend&#8216; mit den BRINGS anl\u00e4sslich des Sch\u00fctzenfestes der Altstadtsch\u00fctzen. In Absprache mit der TAFEL sollten diese einigen der MitarbeiterInnen der TAFEL zugutekommen.<\/p>\n<p>Die Sch\u00fctzen packen nun noch einiges drauf: Sie verdoppeln die Freikartenanzahl auf nunmehr 16 Karten inkl. Sitzplatzreservierung und stellen noch ein Fass Bier auf den TAFEL-Tisch. Oliver Jahnich, noch amtierender Sch\u00fctzenk\u00f6nig: &#8222;Dies soll unsere Wertsch\u00e4tzung zeigen f\u00fcr die jahrelang geleistete tolle ehrenamtliche Arbeit bei der DORSTENER TAFEL&#8220;.<\/p>\n<p>Super Sache, prima Idee! Die Mitarbeiterinnen und Mitarbeiter der DORSTENER TAFEL bedanken sich herzlich!<\/p>\n<p>Das Foto zeigt (v.l.) Christian Herberhold (1. Vors. der Altstadtsch\u00fctzen), Florian Schultz (2. Gesch\u00e4ftsf\u00fchrer der Altstadtsch\u00fctzen), Herbert Rentmeister (1. Vors. der DORSTENER TAFEL), Oliver Jahnich (amt. Sch\u00fctzenk\u00f6nig der Altstadtsch\u00fctzen) bei der \u00dcbergabe der Karten anl\u00e4sslich der Er\u00f6ffnung der 10. Dorstener Bierb\u00f6rse, passend zum K\u00f6lschen Abend am 30. August am Fr\u00fch-K\u00f6lsch-Stand von Peter Abel. Foto: Oliver Jahnich 08\/2019<\/p>\n<p>&nbsp;<\/p>\n","protected":false},"excerpt":{"rendered":"<p>Als beim Neujahrsempfang 2019 der CDU Dorsten sowohl die Sch\u00fctzen der Altstadt als auch die Dorstener Tafel f\u00fcr ihren jeweiligen [&hellip;]<\/p>\n","protected":false},"author":1,"featured_media":1876,"comment_status":"open","ping_status":"closed","sticky":false,"template":"","format":"standard","meta":{"footnotes":""},"categories":[1],"tags":[],"class_list":["post-1875","post","type-post","status-publish","format-standard","has-post-thumbnail","hentry","category-allgemein"],"yoast_head":"<!-- This site is optimized with the Yoast SEO plugin v26.8 - https:\/\/yoast.com\/product\/yoast-seo-wordpress\/ -->\n<title>Freikarten f\u00fcr die BRINGS! - Home | Tafel Dorsten<\/title>\n<meta name=\"robots\" content=\"index, follow, max-snippet:-1, max-image-preview:large, max-video-preview:-1\" \/>\n<link rel=\"canonical\" href=\"https:\/\/www.dorstener-tafel.de\/?p=1875\" \/>\n<meta property=\"og:locale\" content=\"de_DE\" \/>\n<meta property=\"og:type\" content=\"article\" \/>\n<meta property=\"og:title\" content=\"Freikarten f\u00fcr die BRINGS! - Home | Tafel Dorsten\" \/>\n<meta property=\"og:description\" content=\"Als beim Neujahrsempfang 2019 der CDU Dorsten sowohl die Sch\u00fctzen der Altstadt als auch die Dorstener Tafel f\u00fcr ihren jeweiligen [&hellip;]\" \/>\n<meta property=\"og:url\" content=\"https:\/\/www.dorstener-tafel.de\/?p=1875\" \/>\n<meta property=\"og:site_name\" content=\"Home | Tafel Dorsten\" \/>\n<meta property=\"article:publisher\" content=\"https:\/\/www.facebook.com\/Dorstener-Tafel-eV-710109832448127\/\" \/>\n<meta property=\"article:published_time\" content=\"2019-08-17T00:55:03+00:00\" \/>\n<meta property=\"article:modified_time\" content=\"2019-09-04T22:08:16+00:00\" \/>\n<meta property=\"og:image\" content=\"https:\/\/www.kvg-dorsten.de\/dorstener-tafel\/wordpress\/wp-content\/uploads\/2019\/08\/2019-08-17-Freikarten-Brings-68648126_2775510155809630_559334458541473792_n.jpg\" \/>\n\t<meta property=\"og:image:width\" content=\"960\" \/>\n\t<meta property=\"og:image:height\" content=\"960\" \/>\n\t<meta property=\"og:image:type\" content=\"image\/jpeg\" \/>\n<meta name=\"author\" content=\"jotw\" \/>\n<meta name=\"twitter:card\" content=\"summary_large_image\" \/>\n<meta name=\"twitter:label1\" content=\"Verfasst von\" \/>\n\t<meta name=\"twitter:data1\" content=\"jotw\" \/>\n\t<meta name=\"twitter:label2\" content=\"Gesch\u00e4tzte Lesezeit\" \/>\n\t<meta name=\"twitter:data2\" content=\"1\u00a0Minute\" \/>\n<script type=\"application\/ld+json\" class=\"yoast-schema-graph\">{\"@context\":\"https:\/\/schema.org\",\"@graph\":[{\"@type\":\"Article\",\"@id\":\"https:\/\/www.dorstener-tafel.de\/?p=1875#article\",\"isPartOf\":{\"@id\":\"https:\/\/www.dorstener-tafel.de\/?p=1875\"},\"author\":{\"name\":\"jotw\",\"@id\":\"https:\/\/www.dorstener-tafel.de\/#\/schema\/person\/c9a6797db5c21dbeb0851056380dcb01\"},\"headline\":\"Freikarten f\u00fcr die BRINGS!\",\"datePublished\":\"2019-08-17T00:55:03+00:00\",\"dateModified\":\"2019-09-04T22:08:16+00:00\",\"mainEntityOfPage\":{\"@id\":\"https:\/\/www.dorstener-tafel.de\/?p=1875\"},\"wordCount\":211,\"commentCount\":0,\"image\":{\"@id\":\"https:\/\/www.dorstener-tafel.de\/?p=1875#primaryimage\"},\"thumbnailUrl\":\"https:\/\/www.kvg-dorsten.de\/dorstener-tafel\/wordpress\/wp-content\/uploads\/2019\/08\/2019-08-17-Freikarten-Brings-68648126_2775510155809630_559334458541473792_n.jpg\",\"articleSection\":[\"Aktuelles\"],\"inLanguage\":\"de\",\"potentialAction\":[{\"@type\":\"CommentAction\",\"name\":\"Comment\",\"target\":[\"https:\/\/www.dorstener-tafel.de\/?p=1875#respond\"]}]},{\"@type\":\"WebPage\",\"@id\":\"https:\/\/www.dorstener-tafel.de\/?p=1875\",\"url\":\"https:\/\/www.dorstener-tafel.de\/?p=1875\",\"name\":\"Freikarten f\u00fcr die BRINGS! - Home | Tafel Dorsten\",\"isPartOf\":{\"@id\":\"https:\/\/www.dorstener-tafel.de\/#website\"},\"primaryImageOfPage\":{\"@id\":\"https:\/\/www.dorstener-tafel.de\/?p=1875#primaryimage\"},\"image\":{\"@id\":\"https:\/\/www.dorstener-tafel.de\/?p=1875#primaryimage\"},\"thumbnailUrl\":\"https:\/\/www.kvg-dorsten.de\/dorstener-tafel\/wordpress\/wp-content\/uploads\/2019\/08\/2019-08-17-Freikarten-Brings-68648126_2775510155809630_559334458541473792_n.jpg\",\"datePublished\":\"2019-08-17T00:55:03+00:00\",\"dateModified\":\"2019-09-04T22:08:16+00:00\",\"author\":{\"@id\":\"https:\/\/www.dorstener-tafel.de\/#\/schema\/person\/c9a6797db5c21dbeb0851056380dcb01\"},\"breadcrumb\":{\"@id\":\"https:\/\/www.dorstener-tafel.de\/?p=1875#breadcrumb\"},\"inLanguage\":\"de\",\"potentialAction\":[{\"@type\":\"ReadAction\",\"target\":[\"https:\/\/www.dorstener-tafel.de\/?p=1875\"]}]},{\"@type\":\"ImageObject\",\"inLanguage\":\"de\",\"@id\":\"https:\/\/www.dorstener-tafel.de\/?p=1875#primaryimage\",\"url\":\"https:\/\/www.kvg-dorsten.de\/dorstener-tafel\/wordpress\/wp-content\/uploads\/2019\/08\/2019-08-17-Freikarten-Brings-68648126_2775510155809630_559334458541473792_n.jpg\",\"contentUrl\":\"https:\/\/www.kvg-dorsten.de\/dorstener-tafel\/wordpress\/wp-content\/uploads\/2019\/08\/2019-08-17-Freikarten-Brings-68648126_2775510155809630_559334458541473792_n.jpg\",\"width\":960,\"height\":960,\"caption\":\"Foto: Oliver Jahnich 08\/2019\"},{\"@type\":\"BreadcrumbList\",\"@id\":\"https:\/\/www.dorstener-tafel.de\/?p=1875#breadcrumb\",\"itemListElement\":[{\"@type\":\"ListItem\",\"position\":1,\"name\":\"Home\",\"item\":\"https:\/\/www.dorstener-tafel.de\/\"},{\"@type\":\"ListItem\",\"position\":2,\"name\":\"Freikarten f\u00fcr die BRINGS!\"}]},{\"@type\":\"WebSite\",\"@id\":\"https:\/\/www.dorstener-tafel.de\/#website\",\"url\":\"https:\/\/www.dorstener-tafel.de\/\",\"name\":\"Home | Tafel Dorsten\",\"description\":\"\",\"potentialAction\":[{\"@type\":\"SearchAction\",\"target\":{\"@type\":\"EntryPoint\",\"urlTemplate\":\"https:\/\/www.dorstener-tafel.de\/?s={search_term_string}\"},\"query-input\":{\"@type\":\"PropertyValueSpecification\",\"valueRequired\":true,\"valueName\":\"search_term_string\"}}],\"inLanguage\":\"de\"},{\"@type\":\"Person\",\"@id\":\"https:\/\/www.dorstener-tafel.de\/#\/schema\/person\/c9a6797db5c21dbeb0851056380dcb01\",\"name\":\"jotw\",\"image\":{\"@type\":\"ImageObject\",\"inLanguage\":\"de\",\"@id\":\"https:\/\/www.dorstener-tafel.de\/#\/schema\/person\/image\/\",\"url\":\"https:\/\/secure.gravatar.com\/avatar\/225c6088c3bfecfbb42a2a0d5c9556b6?s=96&d=retro&r=g\",\"contentUrl\":\"https:\/\/secure.gravatar.com\/avatar\/225c6088c3bfecfbb42a2a0d5c9556b6?s=96&d=retro&r=g\",\"caption\":\"jotw\"},\"url\":\"https:\/\/www.dorstener-tafel.de\/?author=1\"}]}<\/script>\n<!-- \/ Yoast SEO plugin. -->","yoast_head_json":{"title":"Freikarten f\u00fcr die BRINGS! - Home | Tafel Dorsten","robots":{"index":"index","follow":"follow","max-snippet":"max-snippet:-1","max-image-preview":"max-image-preview:large","max-video-preview":"max-video-preview:-1"},"canonical":"https:\/\/www.dorstener-tafel.de\/?p=1875","og_locale":"de_DE","og_type":"article","og_title":"Freikarten f\u00fcr die BRINGS! - Home | Tafel Dorsten","og_description":"Als beim Neujahrsempfang 2019 der CDU Dorsten sowohl die Sch\u00fctzen der Altstadt als auch die Dorstener Tafel f\u00fcr ihren jeweiligen [&hellip;]","og_url":"https:\/\/www.dorstener-tafel.de\/?p=1875","og_site_name":"Home | Tafel Dorsten","article_publisher":"https:\/\/www.facebook.com\/Dorstener-Tafel-eV-710109832448127\/","article_published_time":"2019-08-17T00:55:03+00:00","article_modified_time":"2019-09-04T22:08:16+00:00","og_image":[{"width":960,"height":960,"url":"https:\/\/www.kvg-dorsten.de\/dorstener-tafel\/wordpress\/wp-content\/uploads\/2019\/08\/2019-08-17-Freikarten-Brings-68648126_2775510155809630_559334458541473792_n.jpg","type":"image\/jpeg"}],"author":"jotw","twitter_card":"summary_large_image","twitter_misc":{"Verfasst von":"jotw","Gesch\u00e4tzte Lesezeit":"1\u00a0Minute"},"schema":{"@context":"https:\/\/schema.org","@graph":[{"@type":"Article","@id":"https:\/\/www.dorstener-tafel.de\/?p=1875#article","isPartOf":{"@id":"https:\/\/www.dorstener-tafel.de\/?p=1875"},"author":{"name":"jotw","@id":"https:\/\/www.dorstener-tafel.de\/#\/schema\/person\/c9a6797db5c21dbeb0851056380dcb01"},"headline":"Freikarten f\u00fcr die BRINGS!","datePublished":"2019-08-17T00:55:03+00:00","dateModified":"2019-09-04T22:08:16+00:00","mainEntityOfPage":{"@id":"https:\/\/www.dorstener-tafel.de\/?p=1875"},"wordCount":211,"commentCount":0,"image":{"@id":"https:\/\/www.dorstener-tafel.de\/?p=1875#primaryimage"},"thumbnailUrl":"https:\/\/www.kvg-dorsten.de\/dorstener-tafel\/wordpress\/wp-content\/uploads\/2019\/08\/2019-08-17-Freikarten-Brings-68648126_2775510155809630_559334458541473792_n.jpg","articleSection":["Aktuelles"],"inLanguage":"de","potentialAction":[{"@type":"CommentAction","name":"Comment","target":["https:\/\/www.dorstener-tafel.de\/?p=1875#respond"]}]},{"@type":"WebPage","@id":"https:\/\/www.dorstener-tafel.de\/?p=1875","url":"https:\/\/www.dorstener-tafel.de\/?p=1875","name":"Freikarten f\u00fcr die BRINGS! - Home | Tafel Dorsten","isPartOf":{"@id":"https:\/\/www.dorstener-tafel.de\/#website"},"primaryImageOfPage":{"@id":"https:\/\/www.dorstener-tafel.de\/?p=1875#primaryimage"},"image":{"@id":"https:\/\/www.dorstener-tafel.de\/?p=1875#primaryimage"},"thumbnailUrl":"https:\/\/www.kvg-dorsten.de\/dorstener-tafel\/wordpress\/wp-content\/uploads\/2019\/08\/2019-08-17-Freikarten-Brings-68648126_2775510155809630_559334458541473792_n.jpg","datePublished":"2019-08-17T00:55:03+00:00","dateModified":"2019-09-04T22:08:16+00:00","author":{"@id":"https:\/\/www.dorstener-tafel.de\/#\/schema\/person\/c9a6797db5c21dbeb0851056380dcb01"},"breadcrumb":{"@id":"https:\/\/www.dorstener-tafel.de\/?p=1875#breadcrumb"},"inLanguage":"de","potentialAction":[{"@type":"ReadAction","target":["https:\/\/www.dorstener-tafel.de\/?p=1875"]}]},{"@type":"ImageObject","inLanguage":"de","@id":"https:\/\/www.dorstener-tafel.de\/?p=1875#primaryimage","url":"https:\/\/www.kvg-dorsten.de\/dorstener-tafel\/wordpress\/wp-content\/uploads\/2019\/08\/2019-08-17-Freikarten-Brings-68648126_2775510155809630_559334458541473792_n.jpg","contentUrl":"https:\/\/www.kvg-dorsten.de\/dorstener-tafel\/wordpress\/wp-content\/uploads\/2019\/08\/2019-08-17-Freikarten-Brings-68648126_2775510155809630_559334458541473792_n.jpg","width":960,"height":960,"caption":"Foto: Oliver Jahnich 08\/2019"},{"@type":"BreadcrumbList","@id":"https:\/\/www.dorstener-tafel.de\/?p=1875#breadcrumb","itemListElement":[{"@type":"ListItem","position":1,"name":"Home","item":"https:\/\/www.dorstener-tafel.de\/"},{"@type":"ListItem","position":2,"name":"Freikarten f\u00fcr die BRINGS!"}]},{"@type":"WebSite","@id":"https:\/\/www.dorstener-tafel.de\/#website","url":"https:\/\/www.dorstener-tafel.de\/","name":"Home | Tafel Dorsten","description":"","potentialAction":[{"@type":"SearchAction","target":{"@type":"EntryPoint","urlTemplate":"https:\/\/www.dorstener-tafel.de\/?s={search_term_string}"},"query-input":{"@type":"PropertyValueSpecification","valueRequired":true,"valueName":"search_term_string"}}],"inLanguage":"de"},{"@type":"Person","@id":"https:\/\/www.dorstener-tafel.de\/#\/schema\/person\/c9a6797db5c21dbeb0851056380dcb01","name":"jotw","image":{"@type":"ImageObject","inLanguage":"de","@id":"https:\/\/www.dorstener-tafel.de\/#\/schema\/person\/image\/","url":"https:\/\/secure.gravatar.com\/avatar\/225c6088c3bfecfbb42a2a0d5c9556b6?s=96&d=retro&r=g","contentUrl":"https:\/\/secure.gravatar.com\/avatar\/225c6088c3bfecfbb42a2a0d5c9556b6?s=96&d=retro&r=g","caption":"jotw"},"url":"https:\/\/www.dorstener-tafel.de\/?author=1"}]}},"_links":{"self":[{"href":"https:\/\/www.dorstener-tafel.de\/index.php?rest_route=\/wp\/v2\/posts\/1875","targetHints":{"allow":["GET"]}}],"collection":[{"href":"https:\/\/www.dorstener-tafel.de\/index.php?rest_route=\/wp\/v2\/posts"}],"about":[{"href":"https:\/\/www.dorstener-tafel.de\/index.php?rest_route=\/wp\/v2\/types\/post"}],"author":[{"embeddable":true,"href":"https:\/\/www.dorstener-tafel.de\/index.php?rest_route=\/wp\/v2\/users\/1"}],"replies":[{"embeddable":true,"href":"https:\/\/www.dorstener-tafel.de\/index.php?rest_route=%2Fwp%2Fv2%2Fcomments&post=1875"}],"version-history":[{"count":7,"href":"https:\/\/www.dorstener-tafel.de\/index.php?rest_route=\/wp\/v2\/posts\/1875\/revisions"}],"predecessor-version":[{"id":1883,"href":"https:\/\/www.dorstener-tafel.de\/index.php?rest_route=\/wp\/v2\/posts\/1875\/revisions\/1883"}],"wp:featuredmedia":[{"embeddable":true,"href":"https:\/\/www.dorstener-tafel.de\/index.php?rest_route=\/wp\/v2\/media\/1876"}],"wp:attachment":[{"href":"https:\/\/www.dorstener-tafel.de\/index.php?rest_route=%2Fwp%2Fv2%2Fmedia&parent=1875"}],"wp:term":[{"taxonomy":"category","embeddable":true,"href":"https:\/\/www.dorstener-tafel.de\/index.php?rest_route=%2Fwp%2Fv2%2Fcategories&post=1875"},{"taxonomy":"post_tag","embeddable":true,"href":"https:\/\/www.dorstener-tafel.de\/index.php?rest_route=%2Fwp%2Fv2%2Ftags&post=1875"}],"curies":[{"name":"wp","href":"https:\/\/api.w.org\/{rel}","templated":true}]}}